{"id":5650,"date":"2020-02-01T15:37:00","date_gmt":"2020-02-01T14:37:00","guid":{"rendered":"https:\/\/www.apymeco.info\/?p=5650"},"modified":"2020-02-01T15:37:00","modified_gmt":"2020-02-01T14:37:00","slug":"jorge-almarcha-asume-la-presidencia-de-asociacion-de-comerciantes-de-torrevieja","status":"publish","type":"post","link":"https:\/\/apymeco.netrotec.com\/en\/jorge-almarcha-asume-la-presidencia-de-asociacion-de-comerciantes-de-torrevieja\/","title":{"rendered":"Jorge Almarcha asume la presidencia de Asociaci\u00f3n de Comerciantes de Torrevieja"},"content":{"rendered":"<p>La sede de la\u00a0<strong>Asociaci\u00f3n de Peque\u00f1os y Medianos Comerciantes (Apymeco) de Torrevieja<\/strong>\u00a0acogi\u00f3 su asamblea electoral para elegir la junta directiva para los tres pr\u00f3ximos a\u00f1os, seg\u00fan marcan los estatutos. David S\u00e1nchez, presidente saliente certific\u00f3 que solo se hab\u00eda presentado una candidatura, por lo que se procedi\u00f3 a su proclamaci\u00f3n.<\/p>\n<ul>\n<li>Presidente: Jorge Almarcha Vicente<\/li>\n<li>Vicepresidente: Pedro Andr\u00e9s Garc\u00eda Mart\u00ednez.<\/li>\n<li>Secretario y portavoz: Fernando Guardiola Molina<\/li>\n<li>Tesorero: Luis Ismael Canto Mula<\/li>\n<li>Vocal \u00abJoven Comercio\u00bb: Pablo Moreno Soriano<\/li>\n<li>Vocal de Extranjeros (sic): Nicoletta Predassi<\/li>\n<li>Vocal: Jos\u00e9 Ros Lucas<\/li>\n<\/ul>\n<p>El presidente agradeci\u00f3 la gesti\u00f3n de la anterior junta directiva su trabajo y dedicaci\u00f3n, as\u00ed como su disposici\u00f3n, tanto el c\u00f3mo su anterior Junta, para ayudar a la nueva directiva.<\/p>\n<p>El secretario anim\u00f3 a todos los presentes \u00aba mantener el esp\u00edritu de trabajo y entusiasmo que la nueva Junta Directiva quiere imprimir al comercio de la ciudad\u00bb. En breves fechas se convocar\u00e1 una Asamblea General para dar a conocer a todos los socios de Apymeco a los componentes de la Junta Directiva y o\u00edr las opiniones y propuestas de la masa social.<\/p>","protected":false},"excerpt":{"rendered":"<p>La sede de la\u00a0Asociaci\u00f3n de Peque\u00f1os y Medianos Comerciantes (Apymeco) de Torrevieja\u00a0acogi\u00f3 su asamblea electoral para elegir la junta directiva [&hellip;]<\/p>\n","protected":false},"author":2,"featured_media":5651,"comment_status":"open","ping_status":"open","sticky":false,"template":"","format":"standard","meta":{"site-sidebar-layout":"default","site-content-layout":"","ast-site-content-layout":"default","site-content-style":"default","site-sidebar-style":"default","ast-global-header-display":"","ast-banner-title-visibility":"","ast-main-header-display":"","ast-hfb-above-header-display":"","ast-hfb-below-header-display":"","ast-hfb-mobile-header-display":"","site-post-title":"","ast-breadcrumbs-content":"","ast-featured-img":"","footer-sml-layout":"","ast-disable-related-posts":"","theme-transparent-header-meta":"","adv-header-id-meta":"","stick-header-meta":"","header-above-stick-meta":"","header-main-stick-meta":"","header-below-stick-meta":"","astra-migrate-meta-layouts":"default","ast-page-background-enabled":"default","ast-page-background-meta":{"desktop":{"background-color":"var(--ast-global-color-5)","background-image":"","background-repeat":"repeat","background-position":"center center","background-size":"auto","background-attachment":"scroll","background-type":"","background-media":"","overlay-type":"","overlay-color":"","overlay-opacity":"","overlay-gradient":""},"tablet":{"background-color":"","background-image":"","background-repeat":"repeat","background-position":"center center","background-size":"auto","background-attachment":"scroll","background-type":"","background-media":"","overlay-type":"","overlay-color":"","overlay-opacity":"","overlay-gradient":""},"mobile":{"background-color":"","background-image":"","background-repeat":"repeat","background-position":"center center","background-size":"auto","background-attachment":"scroll","background-type":"","background-media":"","overlay-type":"","overlay-color":"","overlay-opacity":"","overlay-gradient":""}},"ast-content-background-meta":{"desktop":{"background-color":"var(--ast-global-color-4)","background-image":"","background-repeat":"repeat","background-position":"center center","background-size":"auto","background-attachment":"scroll","background-type":"","background-media":"","overlay-type":"","overlay-color":"","overlay-opacity":"","overlay-gradient":""},"tablet":{"background-color":"var(--ast-global-color-4)","background-image":"","background-repeat":"repeat","background-position":"center center","background-size":"auto","background-attachment":"scroll","background-type":"","background-media":"","overlay-type":"","overlay-color":"","overlay-opacity":"","overlay-gradient":""},"mobile":{"background-color":"var(--ast-global-color-4)","background-image":"","background-repeat":"repeat","background-position":"center center","background-size":"auto","background-attachment":"scroll","background-type":"","background-media":"","overlay-type":"","overlay-color":"","overlay-opacity":"","overlay-gradient":""}},"footnotes":""},"categories":[521],"tags":[519,520,522,523],"class_list":["post-5650","post","type-post","status-publish","format-standard","has-post-thumbnail","hentry","category-junta-directiva","tag-apymeco","tag-junta-directiva","tag-presidencia","tag-torrevieja"],"yoast_head":"<!-- This site is optimized with the Yoast SEO Premium plugin v27.7 (Yoast SEO v27.8) - https:\/\/yoast.com\/product\/yoast-seo-premium-wordpress\/ -->\n<title>Jorge Almarcha asume la presidencia de Asociaci\u00f3n de Comerciantes de Torrevieja - APYMECO Torrevieja<\/title>\n<meta name=\"robots\" content=\"index, follow, max-snippet:-1, max-image-preview:large, max-video-preview:-1\" \/>\n<link rel=\"canonical\" href=\"https:\/\/apymeco.netrotec.com\/en\/jorge-almarcha-asume-la-presidencia-de-asociacion-de-comerciantes-de-torrevieja\/\" \/>\n<meta property=\"og:locale\" content=\"en_GB\" \/>\n<meta property=\"og:type\" content=\"article\" \/>\n<meta property=\"og:title\" content=\"Jorge Almarcha asume la presidencia de Asociaci\u00f3n de Comerciantes de Torrevieja\" \/>\n<meta property=\"og:description\" content=\"La sede de la\u00a0Asociaci\u00f3n de Peque\u00f1os y Medianos Comerciantes (Apymeco) de Torrevieja\u00a0acogi\u00f3 su asamblea electoral para elegir la junta directiva [&hellip;]\" \/>\n<meta property=\"og:url\" content=\"https:\/\/apymeco.netrotec.com\/en\/jorge-almarcha-asume-la-presidencia-de-asociacion-de-comerciantes-de-torrevieja\/\" \/>\n<meta property=\"og:site_name\" content=\"APYMECO Torrevieja\" \/>\n<meta property=\"article:published_time\" content=\"2020-02-01T14:37:00+00:00\" \/>\n<meta property=\"og:image\" content=\"https:\/\/apymeco.netrotec.com\/wp-content\/uploads\/2020\/02\/1.jpeg\" \/>\n\t<meta property=\"og:image:width\" content=\"690\" \/>\n\t<meta property=\"og:image:height\" content=\"309\" \/>\n\t<meta property=\"og:image:type\" content=\"image\/jpeg\" \/>\n<meta name=\"author\" content=\"Apymeco\" \/>\n<meta name=\"twitter:card\" content=\"summary_large_image\" \/>\n<meta name=\"twitter:label1\" content=\"Written by\" \/>\n\t<meta name=\"twitter:data1\" content=\"Apymeco\" \/>\n\t<meta name=\"twitter:label2\" content=\"Estimated reading time\" \/>\n\t<meta name=\"twitter:data2\" content=\"1 minute\" \/>\n<script type=\"application\/ld+json\" class=\"yoast-schema-graph\">{\"@context\":\"https:\\\/\\\/schema.org\",\"@graph\":[{\"@type\":\"Article\",\"@id\":\"https:\\\/\\\/apymeco.netrotec.com\\\/jorge-almarcha-asume-la-presidencia-de-asociacion-de-comerciantes-de-torrevieja\\\/#article\",\"isPartOf\":{\"@id\":\"https:\\\/\\\/apymeco.netrotec.com\\\/jorge-almarcha-asume-la-presidencia-de-asociacion-de-comerciantes-de-torrevieja\\\/\"},\"author\":{\"name\":\"Apymeco\",\"@id\":\"https:\\\/\\\/apymeco.netrotec.com\\\/#\\\/schema\\\/person\\\/58f3bb0f5e04e2b6067d17d05470d2dd\"},\"headline\":\"Jorge Almarcha asume la presidencia de Asociaci\u00f3n de Comerciantes de Torrevieja\",\"datePublished\":\"2020-02-01T14:37:00+00:00\",\"mainEntityOfPage\":{\"@id\":\"https:\\\/\\\/apymeco.netrotec.com\\\/jorge-almarcha-asume-la-presidencia-de-asociacion-de-comerciantes-de-torrevieja\\\/\"},\"wordCount\":208,\"commentCount\":0,\"publisher\":{\"@id\":\"https:\\\/\\\/apymeco.netrotec.com\\\/#organization\"},\"image\":{\"@id\":\"https:\\\/\\\/apymeco.netrotec.com\\\/jorge-almarcha-asume-la-presidencia-de-asociacion-de-comerciantes-de-torrevieja\\\/#primaryimage\"},\"thumbnailUrl\":\"https:\\\/\\\/apymeco.netrotec.com\\\/wp-content\\\/uploads\\\/2020\\\/02\\\/1.jpeg\",\"keywords\":[\"apymeco\",\"junta directiva\",\"presidencia\",\"torrevieja\"],\"articleSection\":[\"Junta directiva\"],\"inLanguage\":\"en-GB\",\"potentialAction\":[{\"@type\":\"CommentAction\",\"name\":\"Comment\",\"target\":[\"https:\\\/\\\/apymeco.netrotec.com\\\/jorge-almarcha-asume-la-presidencia-de-asociacion-de-comerciantes-de-torrevieja\\\/#respond\"]}]},{\"@type\":\"WebPage\",\"@id\":\"https:\\\/\\\/apymeco.netrotec.com\\\/jorge-almarcha-asume-la-presidencia-de-asociacion-de-comerciantes-de-torrevieja\\\/\",\"url\":\"https:\\\/\\\/apymeco.netrotec.com\\\/jorge-almarcha-asume-la-presidencia-de-asociacion-de-comerciantes-de-torrevieja\\\/\",\"name\":\"Jorge Almarcha asume la presidencia de Asociaci\u00f3n de Comerciantes de Torrevieja - APYMECO Torrevieja\",\"isPartOf\":{\"@id\":\"https:\\\/\\\/apymeco.netrotec.com\\\/#website\"},\"primaryImageOfPage\":{\"@id\":\"https:\\\/\\\/apymeco.netrotec.com\\\/jorge-almarcha-asume-la-presidencia-de-asociacion-de-comerciantes-de-torrevieja\\\/#primaryimage\"},\"image\":{\"@id\":\"https:\\\/\\\/apymeco.netrotec.com\\\/jorge-almarcha-asume-la-presidencia-de-asociacion-de-comerciantes-de-torrevieja\\\/#primaryimage\"},\"thumbnailUrl\":\"https:\\\/\\\/apymeco.netrotec.com\\\/wp-content\\\/uploads\\\/2020\\\/02\\\/1.jpeg\",\"datePublished\":\"2020-02-01T14:37:00+00:00\",\"breadcrumb\":{\"@id\":\"https:\\\/\\\/apymeco.netrotec.com\\\/jorge-almarcha-asume-la-presidencia-de-asociacion-de-comerciantes-de-torrevieja\\\/#breadcrumb\"},\"inLanguage\":\"en-GB\",\"potentialAction\":[{\"@type\":\"ReadAction\",\"target\":[\"https:\\\/\\\/apymeco.netrotec.com\\\/jorge-almarcha-asume-la-presidencia-de-asociacion-de-comerciantes-de-torrevieja\\\/\"]}]},{\"@type\":\"ImageObject\",\"inLanguage\":\"en-GB\",\"@id\":\"https:\\\/\\\/apymeco.netrotec.com\\\/jorge-almarcha-asume-la-presidencia-de-asociacion-de-comerciantes-de-torrevieja\\\/#primaryimage\",\"url\":\"https:\\\/\\\/apymeco.netrotec.com\\\/wp-content\\\/uploads\\\/2020\\\/02\\\/1.jpeg\",\"contentUrl\":\"https:\\\/\\\/apymeco.netrotec.com\\\/wp-content\\\/uploads\\\/2020\\\/02\\\/1.jpeg\",\"width\":690,\"height\":309},{\"@type\":\"BreadcrumbList\",\"@id\":\"https:\\\/\\\/apymeco.netrotec.com\\\/jorge-almarcha-asume-la-presidencia-de-asociacion-de-comerciantes-de-torrevieja\\\/#breadcrumb\",\"itemListElement\":[{\"@type\":\"ListItem\",\"position\":1,\"name\":\"Portada\",\"item\":\"https:\\\/\\\/apymeco.netrotec.com\\\/\"},{\"@type\":\"ListItem\",\"position\":2,\"name\":\"Jorge Almarcha asume la presidencia de Asociaci\u00f3n de Comerciantes de Torrevieja\"}]},{\"@type\":\"WebSite\",\"@id\":\"https:\\\/\\\/apymeco.netrotec.com\\\/#website\",\"url\":\"https:\\\/\\\/apymeco.netrotec.com\\\/\",\"name\":\"APYMECO Torrevieja\",\"description\":\"\",\"publisher\":{\"@id\":\"https:\\\/\\\/apymeco.netrotec.com\\\/#organization\"},\"potentialAction\":[{\"@type\":\"SearchAction\",\"target\":{\"@type\":\"EntryPoint\",\"urlTemplate\":\"https:\\\/\\\/apymeco.netrotec.com\\\/?s={search_term_string}\"},\"query-input\":{\"@type\":\"PropertyValueSpecification\",\"valueRequired\":true,\"valueName\":\"search_term_string\"}}],\"inLanguage\":\"en-GB\"},{\"@type\":\"Organization\",\"@id\":\"https:\\\/\\\/apymeco.netrotec.com\\\/#organization\",\"name\":\"APYMECO Torrevieja\",\"url\":\"https:\\\/\\\/apymeco.netrotec.com\\\/\",\"logo\":{\"@type\":\"ImageObject\",\"inLanguage\":\"en-GB\",\"@id\":\"https:\\\/\\\/apymeco.netrotec.com\\\/#\\\/schema\\\/logo\\\/image\\\/\",\"url\":\"https:\\\/\\\/apymeco.netrotec.com\\\/wp-content\\\/uploads\\\/2026\\\/06\\\/logo-blanco.png\",\"contentUrl\":\"https:\\\/\\\/apymeco.netrotec.com\\\/wp-content\\\/uploads\\\/2026\\\/06\\\/logo-blanco.png\",\"width\":1107,\"height\":444,\"caption\":\"APYMECO Torrevieja\"},\"image\":{\"@id\":\"https:\\\/\\\/apymeco.netrotec.com\\\/#\\\/schema\\\/logo\\\/image\\\/\"}},{\"@type\":\"Person\",\"@id\":\"https:\\\/\\\/apymeco.netrotec.com\\\/#\\\/schema\\\/person\\\/58f3bb0f5e04e2b6067d17d05470d2dd\",\"name\":\"Apymeco\",\"url\":\"https:\\\/\\\/apymeco.netrotec.com\\\/en\\\/author\\\/apymeco\\\/\"}]}<\/script>\n<!-- \/ Yoast SEO Premium plugin. -->","yoast_head_json":{"title":"Jorge Almarcha asume la presidencia de Asociaci\u00f3n de Comerciantes de Torrevieja - APYMECO Torrevieja","robots":{"index":"index","follow":"follow","max-snippet":"max-snippet:-1","max-image-preview":"max-image-preview:large","max-video-preview":"max-video-preview:-1"},"canonical":"https:\/\/apymeco.netrotec.com\/en\/jorge-almarcha-asume-la-presidencia-de-asociacion-de-comerciantes-de-torrevieja\/","og_locale":"en_GB","og_type":"article","og_title":"Jorge Almarcha asume la presidencia de Asociaci\u00f3n de Comerciantes de Torrevieja","og_description":"La sede de la\u00a0Asociaci\u00f3n de Peque\u00f1os y Medianos Comerciantes (Apymeco) de Torrevieja\u00a0acogi\u00f3 su asamblea electoral para elegir la junta directiva [&hellip;]","og_url":"https:\/\/apymeco.netrotec.com\/en\/jorge-almarcha-asume-la-presidencia-de-asociacion-de-comerciantes-de-torrevieja\/","og_site_name":"APYMECO Torrevieja","article_published_time":"2020-02-01T14:37:00+00:00","og_image":[{"width":690,"height":309,"url":"https:\/\/apymeco.netrotec.com\/wp-content\/uploads\/2020\/02\/1.jpeg","type":"image\/jpeg"}],"author":"Apymeco","twitter_card":"summary_large_image","twitter_misc":{"Written by":"Apymeco","Estimated reading time":"1 minute"},"schema":{"@context":"https:\/\/schema.org","@graph":[{"@type":"Article","@id":"https:\/\/apymeco.netrotec.com\/jorge-almarcha-asume-la-presidencia-de-asociacion-de-comerciantes-de-torrevieja\/#article","isPartOf":{"@id":"https:\/\/apymeco.netrotec.com\/jorge-almarcha-asume-la-presidencia-de-asociacion-de-comerciantes-de-torrevieja\/"},"author":{"name":"Apymeco","@id":"https:\/\/apymeco.netrotec.com\/#\/schema\/person\/58f3bb0f5e04e2b6067d17d05470d2dd"},"headline":"Jorge Almarcha asume la presidencia de Asociaci\u00f3n de Comerciantes de Torrevieja","datePublished":"2020-02-01T14:37:00+00:00","mainEntityOfPage":{"@id":"https:\/\/apymeco.netrotec.com\/jorge-almarcha-asume-la-presidencia-de-asociacion-de-comerciantes-de-torrevieja\/"},"wordCount":208,"commentCount":0,"publisher":{"@id":"https:\/\/apymeco.netrotec.com\/#organization"},"image":{"@id":"https:\/\/apymeco.netrotec.com\/jorge-almarcha-asume-la-presidencia-de-asociacion-de-comerciantes-de-torrevieja\/#primaryimage"},"thumbnailUrl":"https:\/\/apymeco.netrotec.com\/wp-content\/uploads\/2020\/02\/1.jpeg","keywords":["apymeco","junta directiva","presidencia","torrevieja"],"articleSection":["Junta directiva"],"inLanguage":"en-GB","potentialAction":[{"@type":"CommentAction","name":"Comment","target":["https:\/\/apymeco.netrotec.com\/jorge-almarcha-asume-la-presidencia-de-asociacion-de-comerciantes-de-torrevieja\/#respond"]}]},{"@type":"WebPage","@id":"https:\/\/apymeco.netrotec.com\/jorge-almarcha-asume-la-presidencia-de-asociacion-de-comerciantes-de-torrevieja\/","url":"https:\/\/apymeco.netrotec.com\/jorge-almarcha-asume-la-presidencia-de-asociacion-de-comerciantes-de-torrevieja\/","name":"Jorge Almarcha asume la presidencia de Asociaci\u00f3n de Comerciantes de Torrevieja - APYMECO Torrevieja","isPartOf":{"@id":"https:\/\/apymeco.netrotec.com\/#website"},"primaryImageOfPage":{"@id":"https:\/\/apymeco.netrotec.com\/jorge-almarcha-asume-la-presidencia-de-asociacion-de-comerciantes-de-torrevieja\/#primaryimage"},"image":{"@id":"https:\/\/apymeco.netrotec.com\/jorge-almarcha-asume-la-presidencia-de-asociacion-de-comerciantes-de-torrevieja\/#primaryimage"},"thumbnailUrl":"https:\/\/apymeco.netrotec.com\/wp-content\/uploads\/2020\/02\/1.jpeg","datePublished":"2020-02-01T14:37:00+00:00","breadcrumb":{"@id":"https:\/\/apymeco.netrotec.com\/jorge-almarcha-asume-la-presidencia-de-asociacion-de-comerciantes-de-torrevieja\/#breadcrumb"},"inLanguage":"en-GB","potentialAction":[{"@type":"ReadAction","target":["https:\/\/apymeco.netrotec.com\/jorge-almarcha-asume-la-presidencia-de-asociacion-de-comerciantes-de-torrevieja\/"]}]},{"@type":"ImageObject","inLanguage":"en-GB","@id":"https:\/\/apymeco.netrotec.com\/jorge-almarcha-asume-la-presidencia-de-asociacion-de-comerciantes-de-torrevieja\/#primaryimage","url":"https:\/\/apymeco.netrotec.com\/wp-content\/uploads\/2020\/02\/1.jpeg","contentUrl":"https:\/\/apymeco.netrotec.com\/wp-content\/uploads\/2020\/02\/1.jpeg","width":690,"height":309},{"@type":"BreadcrumbList","@id":"https:\/\/apymeco.netrotec.com\/jorge-almarcha-asume-la-presidencia-de-asociacion-de-comerciantes-de-torrevieja\/#breadcrumb","itemListElement":[{"@type":"ListItem","position":1,"name":"Portada","item":"https:\/\/apymeco.netrotec.com\/"},{"@type":"ListItem","position":2,"name":"Jorge Almarcha asume la presidencia de Asociaci\u00f3n de Comerciantes de Torrevieja"}]},{"@type":"WebSite","@id":"https:\/\/apymeco.netrotec.com\/#website","url":"https:\/\/apymeco.netrotec.com\/","name":"APYMECO Torrevieja","description":"","publisher":{"@id":"https:\/\/apymeco.netrotec.com\/#organization"},"potentialAction":[{"@type":"SearchAction","target":{"@type":"EntryPoint","urlTemplate":"https:\/\/apymeco.netrotec.com\/?s={search_term_string}"},"query-input":{"@type":"PropertyValueSpecification","valueRequired":true,"valueName":"search_term_string"}}],"inLanguage":"en-GB"},{"@type":"Organization","@id":"https:\/\/apymeco.netrotec.com\/#organization","name":"APYMECO Torrevieja","url":"https:\/\/apymeco.netrotec.com\/","logo":{"@type":"ImageObject","inLanguage":"en-GB","@id":"https:\/\/apymeco.netrotec.com\/#\/schema\/logo\/image\/","url":"https:\/\/apymeco.netrotec.com\/wp-content\/uploads\/2026\/06\/logo-blanco.png","contentUrl":"https:\/\/apymeco.netrotec.com\/wp-content\/uploads\/2026\/06\/logo-blanco.png","width":1107,"height":444,"caption":"APYMECO Torrevieja"},"image":{"@id":"https:\/\/apymeco.netrotec.com\/#\/schema\/logo\/image\/"}},{"@type":"Person","@id":"https:\/\/apymeco.netrotec.com\/#\/schema\/person\/58f3bb0f5e04e2b6067d17d05470d2dd","name":"Apymeco","url":"https:\/\/apymeco.netrotec.com\/en\/author\/apymeco\/"}]}},"_links":{"self":[{"href":"https:\/\/apymeco.netrotec.com\/en\/wp-json\/wp\/v2\/posts\/5650","targetHints":{"allow":["GET"]}}],"collection":[{"href":"https:\/\/apymeco.netrotec.com\/en\/wp-json\/wp\/v2\/posts"}],"about":[{"href":"https:\/\/apymeco.netrotec.com\/en\/wp-json\/wp\/v2\/types\/post"}],"author":[{"embeddable":true,"href":"https:\/\/apymeco.netrotec.com\/en\/wp-json\/wp\/v2\/users\/2"}],"replies":[{"embeddable":true,"href":"https:\/\/apymeco.netrotec.com\/en\/wp-json\/wp\/v2\/comments?post=5650"}],"version-history":[{"count":0,"href":"https:\/\/apymeco.netrotec.com\/en\/wp-json\/wp\/v2\/posts\/5650\/revisions"}],"wp:featuredmedia":[{"embeddable":true,"href":"https:\/\/apymeco.netrotec.com\/en\/wp-json\/wp\/v2\/media\/5651"}],"wp:attachment":[{"href":"https:\/\/apymeco.netrotec.com\/en\/wp-json\/wp\/v2\/media?parent=5650"}],"wp:term":[{"taxonomy":"category","embeddable":true,"href":"https:\/\/apymeco.netrotec.com\/en\/wp-json\/wp\/v2\/categories?post=5650"},{"taxonomy":"post_tag","embeddable":true,"href":"https:\/\/apymeco.netrotec.com\/en\/wp-json\/wp\/v2\/tags?post=5650"}],"curies":[{"name":"wp","href":"https:\/\/api.w.org\/{rel}","templated":true}]}}