{"id":5788,"date":"2020-03-09T13:59:03","date_gmt":"2020-03-09T12:59:03","guid":{"rendered":"https:\/\/www.apymeco.info\/?p=5788"},"modified":"2020-03-09T13:59:03","modified_gmt":"2020-03-09T12:59:03","slug":"la-concejalia-de-comercio-y-apymeco-se-unen-en-la-campana-un-selfie-por-tu-padredisfrutando-con-papa","status":"publish","type":"post","link":"https:\/\/apymeco.netrotec.com\/en\/la-concejalia-de-comercio-y-apymeco-se-unen-en-la-campana-un-selfie-por-tu-padredisfrutando-con-papa\/","title":{"rendered":"LA CONCEJAL\u00cdA DE COMERCIO Y APYMECO SE UNEN EN LA CAMPA\u00d1A \u00a1UN SELFIE POR TU PADRE,\u2026DISFRUTANDO CON PAP\u00c1!"},"content":{"rendered":"<p><strong>LA CONCEJAL\u00cdA DE COMERCIO Y APYMECO SE UNEN EN LA CAMPA\u00d1A <em>\u00a1UN SELFIE POR TU PADRE,\u2026DISFRUTANDO CON PAP\u00c1!<\/em><\/strong><\/p>\n<p><strong>\u00a0<\/strong><\/p>\n<p><strong>TORREVIEJA (09-03-20).<\/strong> La sede de la Asociaci\u00f3n de Peque\u00f1os y Medianos Comerciantes (APYMECO) de Torrevieja, ha acogido en la ma\u00f1ana de hoy una rueda de prensa para presentar las campa\u00f1as que con motivo del D\u00eda del Padre se han organizado para dinamizar el comercio de la localidad, bajo el lema \u00a1Un selfie por tu padre,\u2026disfrutando con pap\u00e1! En la misma han estado presentes la concejal de Comercio del Ayuntamiento de Torrevieja, Rosario Mart\u00ednez Chazarra, y el presidente de APYMECO, Jorge Almarcha Vicente, acompa\u00f1ado de parte de su junta directiva.<\/p>\n<p>&nbsp;<\/p>\n<p><strong>CONCURSO DE SELFIES<\/strong><\/p>\n<p>En este concurso de selfies, que estar\u00e1 vigente desde hoy lunes 9 al 19 de marzo, podr\u00e1n participar todas las personas mayores de 16 a\u00f1os y que adquieran sus art\u00edculos en cualquiera de los establecimientos asociados a Apymeco. Para participar debe remitir un \u201cSelfie\u201d, en el que aparezca el o la participante, teniendo como fondo el cartel identificativo de Apymeco y que pueda identificarse el establecimiento. Dicha foto deber\u00e1 enviarse a Instagram <em>ApymecoTorrevieja,<\/em>con el\u00a0 hashtag <em>#selfiepadre<\/em> incluyendo nombre apellidos y tel\u00e9fono.<\/p>\n<p>El viernes 20 de marzo, el jurado elegir\u00e1 las seis fotos m\u00e1s simp\u00e1ticas y graciosas de todas las que se hayan presentado. Los premios consistir\u00e1n en seis bonos de compra de 50 euros v\u00e1lidos en la red de establecimientos de Apymeco Torrevieja, y para\u00a0 retirar el premio, los ganadores deber\u00e1n presentar el ticket de compra del comercio donde se hizo el selfie. Cada persona puede participar un m\u00e1ximo de cinco veces en distintos establecimientos.<\/p>\n<p>&nbsp;<\/p>\n<p><strong>CAMPA\u00d1A DE DINAMIZACI\u00d3N COMERCIAL<\/strong><\/p>\n<p>El s\u00e1bado 14, el lunes 16 y el martes 17 de marzo, se han organizado tres actividades de dinamizaci\u00f3n comercial con motivo del D\u00eda del Padre.<\/p>\n<p>&nbsp;<\/p>\n<p>El s\u00e1bado, 14 de marzo, de 11:00 a 14:00 horas, en la Plaza de la Constituci\u00f3n, se ha organizado la <strong>\u201cFiesta de la Primavera\u201d. <\/strong>A una semana del equinoccio de primavera y a unos d\u00edas del D\u00eda del Padre, que mejor idea que celebrar el amor y la vida con una fiesta de flores, colores, y diversi\u00f3n. Se decorar\u00e1 la Plaza de la Constituci\u00f3n de forma tem\u00e1tica y se organizar\u00e1n una seria de juegos y actividades para todos los p\u00fablicos.<\/p>\n<p>&nbsp;<\/p>\n<p>El lunes, 16 de marzo, de 18:00 a 20:00 horas, en las calles peatonales del centro urbano (Concepci\u00f3n, Fot\u00f3grafos Darblade y Can\u00f3nigo Torres) se celebrar\u00e1 una <strong>\u201cFiesta Pirata\u201d<\/strong>. Para divertir a los m\u00e1s j\u00f3venes de la forma m\u00e1s improvisada y divertida, nada como una invasi\u00f3n pirata con juegos, retos y tesoros ocultos, donde ni\u00f1os, j\u00f3venes y adultos acabaran colaborando en toda la actividad.<\/p>\n<p>&nbsp;<\/p>\n<p>El martes, 17 de marzo, de 18:00 a 21:00 horas, en la Plaza de la Constituci\u00f3n habr\u00e1 una <strong>\u201cFiesta Circense\u201d<\/strong>. Este d\u00eda despediremos las actividades de dinamizaci\u00f3n comercial, con la atenci\u00f3n de todo el p\u00fablico con un show teatral de Malabares de Fuego, contando con juegos y actividades circenses, zancudos, malabaristas,\u2026para todos los p\u00fablicos. A \u00faltima hora de la tarde comenzar\u00e1 el plato fuerte a modo de despedida, en donde nadie quedar\u00e1 impasible.<\/p>\n<p>&nbsp;<\/p>\n<p>&nbsp;<\/p>\n<p><strong><u>BASES DEL CONCURSO DE SELFIES<\/u><\/strong><\/p>\n<p>1.- Podr\u00e1n participar en este concurso, todas las personas, mayores de 16 a\u00f1os y que adquieran sus art\u00edculos en cualquiera de los establecimientos asociados a Apymeco Torrevieja.<\/p>\n<p>2.- Para participar debe remitir un \u201cSelfie\u201d, en el que aparezca el o la participante, teniendo como fondo el cartel identificativo de Apymeco y que pueda identificarse el establecimiento.<\/p>\n<p>3.- Enviar dicha foto a Instagram <em>ApymecoTorrevieja,<\/em> con el\u00a0 hashtag <em>#selfiepadre<\/em> incluyendo nombre apellidos y tel\u00e9fono<\/p>\n<p>4.- La campa\u00f1a estar\u00e1 vigente desde el d\u00eda 9 al 19 de marzo de 2020<\/p>\n<p>5.-\u00a0 El d\u00eda 20 el jurado elegir\u00e1 las seis fotos m\u00e1s simp\u00e1ticas y graciosas.<\/p>\n<p>6.- Los premios consistir\u00e1n en seis bonos de compra de 50 euros v\u00e1lidos en la red de establecimientos de Apymeco Torrevieja. Para\u00a0 retirar el premio, los ganadores deber\u00e1n presentar el ticket de compra del comercio donde se hizo el selfie.<\/p>\n<p>7.- Cada persona puede participar un m\u00e1ximo de cinco veces en distintos establecimientos.<\/p>\n<p>8.- En este concurso no pueden participar familiares en primer grado (padres, c\u00f3nyuge o hijos) de la Junta Directiva organizadora del concurso.<\/p>\n<p>&nbsp;<\/p>","protected":false},"excerpt":{"rendered":"<p>LA CONCEJAL\u00cdA DE COMERCIO Y APYMECO SE UNEN EN LA CAMPA\u00d1A \u00a1UN SELFIE POR TU PADRE,\u2026DISFRUTANDO CON PAP\u00c1! \u00a0 TORREVIEJA [&hellip;]<\/p>\n","protected":false},"author":2,"featured_media":5789,"comment_status":"open","ping_status":"open","sticky":false,"template":"","format":"standard","meta":{"site-sidebar-layout":"default","site-content-layout":"","ast-site-content-layout":"default","site-content-style":"default","site-sidebar-style":"default","ast-global-header-display":"","ast-banner-title-visibility":"","ast-main-header-display":"","ast-hfb-above-header-display":"","ast-hfb-below-header-display":"","ast-hfb-mobile-header-display":"","site-post-title":"","ast-breadcrumbs-content":"","ast-featured-img":"","footer-sml-layout":"","ast-disable-related-posts":"","theme-transparent-header-meta":"","adv-header-id-meta":"","stick-header-meta":"","header-above-stick-meta":"","header-main-stick-meta":"","header-below-stick-meta":"","astra-migrate-meta-layouts":"default","ast-page-background-enabled":"default","ast-page-background-meta":{"desktop":{"background-color":"var(--ast-global-color-5)","background-image":"","background-repeat":"repeat","background-position":"center center","background-size":"auto","background-attachment":"scroll","background-type":"","background-media":"","overlay-type":"","overlay-color":"","overlay-opacity":"","overlay-gradient":""},"tablet":{"background-color":"","background-image":"","background-repeat":"repeat","background-position":"center center","background-size":"auto","background-attachment":"scroll","background-type":"","background-media":"","overlay-type":"","overlay-color":"","overlay-opacity":"","overlay-gradient":""},"mobile":{"background-color":"","background-image":"","background-repeat":"repeat","background-position":"center center","background-size":"auto","background-attachment":"scroll","background-type":"","background-media":"","overlay-type":"","overlay-color":"","overlay-opacity":"","overlay-gradient":""}},"ast-content-background-meta":{"desktop":{"background-color":"var(--ast-global-color-4)","background-image":"","background-repeat":"repeat","background-position":"center center","background-size":"auto","background-attachment":"scroll","background-type":"","background-media":"","overlay-type":"","overlay-color":"","overlay-opacity":"","overlay-gradient":""},"tablet":{"background-color":"var(--ast-global-color-4)","background-image":"","background-repeat":"repeat","background-position":"center center","background-size":"auto","background-attachment":"scroll","background-type":"","background-media":"","overlay-type":"","overlay-color":"","overlay-opacity":"","overlay-gradient":""},"mobile":{"background-color":"var(--ast-global-color-4)","background-image":"","background-repeat":"repeat","background-position":"center center","background-size":"auto","background-attachment":"scroll","background-type":"","background-media":"","overlay-type":"","overlay-color":"","overlay-opacity":"","overlay-gradient":""}},"footnotes":""},"categories":[524],"tags":[],"class_list":["post-5788","post","type-post","status-publish","format-standard","has-post-thumbnail","hentry","category-campanas"],"yoast_head":"<!-- This site is optimized with the Yoast SEO Premium plugin v27.7 (Yoast SEO v27.8) - https:\/\/yoast.com\/product\/yoast-seo-premium-wordpress\/ -->\n<title>LA CONCEJAL\u00cdA DE COMERCIO Y APYMECO SE UNEN EN LA CAMPA\u00d1A \u00a1UN SELFIE POR TU PADRE,\u2026DISFRUTANDO CON PAP\u00c1! - APYMECO Torrevieja<\/title>\n<meta name=\"robots\" content=\"index, follow, max-snippet:-1, max-image-preview:large, max-video-preview:-1\" \/>\n<link rel=\"canonical\" href=\"https:\/\/apymeco.netrotec.com\/en\/la-concejalia-de-comercio-y-apymeco-se-unen-en-la-campana-un-selfie-por-tu-padredisfrutando-con-papa\/\" \/>\n<meta property=\"og:locale\" content=\"en_GB\" \/>\n<meta property=\"og:type\" content=\"article\" \/>\n<meta property=\"og:title\" content=\"LA CONCEJAL\u00cdA DE COMERCIO Y APYMECO SE UNEN EN LA CAMPA\u00d1A \u00a1UN SELFIE POR TU PADRE,\u2026DISFRUTANDO CON PAP\u00c1!\" \/>\n<meta property=\"og:description\" content=\"LA CONCEJAL\u00cdA DE COMERCIO Y APYMECO SE UNEN EN LA CAMPA\u00d1A \u00a1UN SELFIE POR TU PADRE,\u2026DISFRUTANDO CON PAP\u00c1! \u00a0 TORREVIEJA [&hellip;]\" \/>\n<meta property=\"og:url\" content=\"https:\/\/apymeco.netrotec.com\/en\/la-concejalia-de-comercio-y-apymeco-se-unen-en-la-campana-un-selfie-por-tu-padredisfrutando-con-papa\/\" \/>\n<meta property=\"og:site_name\" content=\"APYMECO Torrevieja\" \/>\n<meta property=\"article:published_time\" content=\"2020-03-09T12:59:03+00:00\" \/>\n<meta property=\"og:image\" content=\"https:\/\/apymeco.netrotec.com\/wp-content\/uploads\/2020\/03\/PHOTO-2020-03-09-13-39-02.jpg\" \/>\n\t<meta property=\"og:image:width\" content=\"1599\" \/>\n\t<meta property=\"og:image:height\" content=\"1066\" \/>\n\t<meta property=\"og:image:type\" content=\"image\/jpeg\" \/>\n<meta name=\"author\" content=\"Apymeco\" \/>\n<meta name=\"twitter:card\" content=\"summary_large_image\" \/>\n<meta name=\"twitter:label1\" content=\"Written by\" \/>\n\t<meta name=\"twitter:data1\" content=\"Apymeco\" \/>\n\t<meta name=\"twitter:label2\" content=\"Estimated reading time\" \/>\n\t<meta name=\"twitter:data2\" content=\"4 minutes\" \/>\n<script type=\"application\/ld+json\" class=\"yoast-schema-graph\">{\"@context\":\"https:\\\/\\\/schema.org\",\"@graph\":[{\"@type\":\"Article\",\"@id\":\"https:\\\/\\\/apymeco.netrotec.com\\\/la-concejalia-de-comercio-y-apymeco-se-unen-en-la-campana-un-selfie-por-tu-padredisfrutando-con-papa\\\/#article\",\"isPartOf\":{\"@id\":\"https:\\\/\\\/apymeco.netrotec.com\\\/la-concejalia-de-comercio-y-apymeco-se-unen-en-la-campana-un-selfie-por-tu-padredisfrutando-con-papa\\\/\"},\"author\":{\"name\":\"Apymeco\",\"@id\":\"https:\\\/\\\/apymeco.netrotec.com\\\/#\\\/schema\\\/person\\\/58f3bb0f5e04e2b6067d17d05470d2dd\"},\"headline\":\"LA CONCEJAL\u00cdA DE COMERCIO Y APYMECO SE UNEN EN LA CAMPA\u00d1A \u00a1UN SELFIE POR TU PADRE,\u2026DISFRUTANDO CON PAP\u00c1!\",\"datePublished\":\"2020-03-09T12:59:03+00:00\",\"mainEntityOfPage\":{\"@id\":\"https:\\\/\\\/apymeco.netrotec.com\\\/la-concejalia-de-comercio-y-apymeco-se-unen-en-la-campana-un-selfie-por-tu-padredisfrutando-con-papa\\\/\"},\"wordCount\":765,\"commentCount\":0,\"publisher\":{\"@id\":\"https:\\\/\\\/apymeco.netrotec.com\\\/#organization\"},\"image\":{\"@id\":\"https:\\\/\\\/apymeco.netrotec.com\\\/la-concejalia-de-comercio-y-apymeco-se-unen-en-la-campana-un-selfie-por-tu-padredisfrutando-con-papa\\\/#primaryimage\"},\"thumbnailUrl\":\"https:\\\/\\\/apymeco.netrotec.com\\\/wp-content\\\/uploads\\\/2020\\\/03\\\/PHOTO-2020-03-09-13-39-02.jpg\",\"articleSection\":[\"Campa\u00f1as\"],\"inLanguage\":\"en-GB\",\"potentialAction\":[{\"@type\":\"CommentAction\",\"name\":\"Comment\",\"target\":[\"https:\\\/\\\/apymeco.netrotec.com\\\/la-concejalia-de-comercio-y-apymeco-se-unen-en-la-campana-un-selfie-por-tu-padredisfrutando-con-papa\\\/#respond\"]}]},{\"@type\":\"WebPage\",\"@id\":\"https:\\\/\\\/apymeco.netrotec.com\\\/la-concejalia-de-comercio-y-apymeco-se-unen-en-la-campana-un-selfie-por-tu-padredisfrutando-con-papa\\\/\",\"url\":\"https:\\\/\\\/apymeco.netrotec.com\\\/la-concejalia-de-comercio-y-apymeco-se-unen-en-la-campana-un-selfie-por-tu-padredisfrutando-con-papa\\\/\",\"name\":\"LA CONCEJAL\u00cdA DE COMERCIO Y APYMECO SE UNEN EN LA CAMPA\u00d1A \u00a1UN SELFIE POR TU PADRE,\u2026DISFRUTANDO CON PAP\u00c1! - APYMECO Torrevieja\",\"isPartOf\":{\"@id\":\"https:\\\/\\\/apymeco.netrotec.com\\\/#website\"},\"primaryImageOfPage\":{\"@id\":\"https:\\\/\\\/apymeco.netrotec.com\\\/la-concejalia-de-comercio-y-apymeco-se-unen-en-la-campana-un-selfie-por-tu-padredisfrutando-con-papa\\\/#primaryimage\"},\"image\":{\"@id\":\"https:\\\/\\\/apymeco.netrotec.com\\\/la-concejalia-de-comercio-y-apymeco-se-unen-en-la-campana-un-selfie-por-tu-padredisfrutando-con-papa\\\/#primaryimage\"},\"thumbnailUrl\":\"https:\\\/\\\/apymeco.netrotec.com\\\/wp-content\\\/uploads\\\/2020\\\/03\\\/PHOTO-2020-03-09-13-39-02.jpg\",\"datePublished\":\"2020-03-09T12:59:03+00:00\",\"breadcrumb\":{\"@id\":\"https:\\\/\\\/apymeco.netrotec.com\\\/la-concejalia-de-comercio-y-apymeco-se-unen-en-la-campana-un-selfie-por-tu-padredisfrutando-con-papa\\\/#breadcrumb\"},\"inLanguage\":\"en-GB\",\"potentialAction\":[{\"@type\":\"ReadAction\",\"target\":[\"https:\\\/\\\/apymeco.netrotec.com\\\/la-concejalia-de-comercio-y-apymeco-se-unen-en-la-campana-un-selfie-por-tu-padredisfrutando-con-papa\\\/\"]}]},{\"@type\":\"ImageObject\",\"inLanguage\":\"en-GB\",\"@id\":\"https:\\\/\\\/apymeco.netrotec.com\\\/la-concejalia-de-comercio-y-apymeco-se-unen-en-la-campana-un-selfie-por-tu-padredisfrutando-con-papa\\\/#primaryimage\",\"url\":\"https:\\\/\\\/apymeco.netrotec.com\\\/wp-content\\\/uploads\\\/2020\\\/03\\\/PHOTO-2020-03-09-13-39-02.jpg\",\"contentUrl\":\"https:\\\/\\\/apymeco.netrotec.com\\\/wp-content\\\/uploads\\\/2020\\\/03\\\/PHOTO-2020-03-09-13-39-02.jpg\",\"width\":1599,\"height\":1066},{\"@type\":\"BreadcrumbList\",\"@id\":\"https:\\\/\\\/apymeco.netrotec.com\\\/la-concejalia-de-comercio-y-apymeco-se-unen-en-la-campana-un-selfie-por-tu-padredisfrutando-con-papa\\\/#breadcrumb\",\"itemListElement\":[{\"@type\":\"ListItem\",\"position\":1,\"name\":\"Portada\",\"item\":\"https:\\\/\\\/apymeco.netrotec.com\\\/\"},{\"@type\":\"ListItem\",\"position\":2,\"name\":\"LA CONCEJAL\u00cdA DE COMERCIO Y APYMECO SE UNEN EN LA CAMPA\u00d1A \u00a1UN SELFIE POR TU PADRE,\u2026DISFRUTANDO CON PAP\u00c1!\"}]},{\"@type\":\"WebSite\",\"@id\":\"https:\\\/\\\/apymeco.netrotec.com\\\/#website\",\"url\":\"https:\\\/\\\/apymeco.netrotec.com\\\/\",\"name\":\"APYMECO Torrevieja\",\"description\":\"\",\"publisher\":{\"@id\":\"https:\\\/\\\/apymeco.netrotec.com\\\/#organization\"},\"potentialAction\":[{\"@type\":\"SearchAction\",\"target\":{\"@type\":\"EntryPoint\",\"urlTemplate\":\"https:\\\/\\\/apymeco.netrotec.com\\\/?s={search_term_string}\"},\"query-input\":{\"@type\":\"PropertyValueSpecification\",\"valueRequired\":true,\"valueName\":\"search_term_string\"}}],\"inLanguage\":\"en-GB\"},{\"@type\":\"Organization\",\"@id\":\"https:\\\/\\\/apymeco.netrotec.com\\\/#organization\",\"name\":\"APYMECO Torrevieja\",\"url\":\"https:\\\/\\\/apymeco.netrotec.com\\\/\",\"logo\":{\"@type\":\"ImageObject\",\"inLanguage\":\"en-GB\",\"@id\":\"https:\\\/\\\/apymeco.netrotec.com\\\/#\\\/schema\\\/logo\\\/image\\\/\",\"url\":\"https:\\\/\\\/apymeco.netrotec.com\\\/wp-content\\\/uploads\\\/2026\\\/06\\\/logo-blanco.png\",\"contentUrl\":\"https:\\\/\\\/apymeco.netrotec.com\\\/wp-content\\\/uploads\\\/2026\\\/06\\\/logo-blanco.png\",\"width\":1107,\"height\":444,\"caption\":\"APYMECO Torrevieja\"},\"image\":{\"@id\":\"https:\\\/\\\/apymeco.netrotec.com\\\/#\\\/schema\\\/logo\\\/image\\\/\"}},{\"@type\":\"Person\",\"@id\":\"https:\\\/\\\/apymeco.netrotec.com\\\/#\\\/schema\\\/person\\\/58f3bb0f5e04e2b6067d17d05470d2dd\",\"name\":\"Apymeco\",\"url\":\"https:\\\/\\\/apymeco.netrotec.com\\\/en\\\/author\\\/apymeco\\\/\"}]}<\/script>\n<!-- \/ Yoast SEO Premium plugin. -->","yoast_head_json":{"title":"LA CONCEJAL\u00cdA DE COMERCIO Y APYMECO SE UNEN EN LA CAMPA\u00d1A \u00a1UN SELFIE POR TU PADRE,\u2026DISFRUTANDO CON PAP\u00c1! - APYMECO Torrevieja","robots":{"index":"index","follow":"follow","max-snippet":"max-snippet:-1","max-image-preview":"max-image-preview:large","max-video-preview":"max-video-preview:-1"},"canonical":"https:\/\/apymeco.netrotec.com\/en\/la-concejalia-de-comercio-y-apymeco-se-unen-en-la-campana-un-selfie-por-tu-padredisfrutando-con-papa\/","og_locale":"en_GB","og_type":"article","og_title":"LA CONCEJAL\u00cdA DE COMERCIO Y APYMECO SE UNEN EN LA CAMPA\u00d1A \u00a1UN SELFIE POR TU PADRE,\u2026DISFRUTANDO CON PAP\u00c1!","og_description":"LA CONCEJAL\u00cdA DE COMERCIO Y APYMECO SE UNEN EN LA CAMPA\u00d1A \u00a1UN SELFIE POR TU PADRE,\u2026DISFRUTANDO CON PAP\u00c1! \u00a0 TORREVIEJA [&hellip;]","og_url":"https:\/\/apymeco.netrotec.com\/en\/la-concejalia-de-comercio-y-apymeco-se-unen-en-la-campana-un-selfie-por-tu-padredisfrutando-con-papa\/","og_site_name":"APYMECO Torrevieja","article_published_time":"2020-03-09T12:59:03+00:00","og_image":[{"width":1599,"height":1066,"url":"https:\/\/apymeco.netrotec.com\/wp-content\/uploads\/2020\/03\/PHOTO-2020-03-09-13-39-02.jpg","type":"image\/jpeg"}],"author":"Apymeco","twitter_card":"summary_large_image","twitter_misc":{"Written by":"Apymeco","Estimated reading time":"4 minutes"},"schema":{"@context":"https:\/\/schema.org","@graph":[{"@type":"Article","@id":"https:\/\/apymeco.netrotec.com\/la-concejalia-de-comercio-y-apymeco-se-unen-en-la-campana-un-selfie-por-tu-padredisfrutando-con-papa\/#article","isPartOf":{"@id":"https:\/\/apymeco.netrotec.com\/la-concejalia-de-comercio-y-apymeco-se-unen-en-la-campana-un-selfie-por-tu-padredisfrutando-con-papa\/"},"author":{"name":"Apymeco","@id":"https:\/\/apymeco.netrotec.com\/#\/schema\/person\/58f3bb0f5e04e2b6067d17d05470d2dd"},"headline":"LA CONCEJAL\u00cdA DE COMERCIO Y APYMECO SE UNEN EN LA CAMPA\u00d1A \u00a1UN SELFIE POR TU PADRE,\u2026DISFRUTANDO CON PAP\u00c1!","datePublished":"2020-03-09T12:59:03+00:00","mainEntityOfPage":{"@id":"https:\/\/apymeco.netrotec.com\/la-concejalia-de-comercio-y-apymeco-se-unen-en-la-campana-un-selfie-por-tu-padredisfrutando-con-papa\/"},"wordCount":765,"commentCount":0,"publisher":{"@id":"https:\/\/apymeco.netrotec.com\/#organization"},"image":{"@id":"https:\/\/apymeco.netrotec.com\/la-concejalia-de-comercio-y-apymeco-se-unen-en-la-campana-un-selfie-por-tu-padredisfrutando-con-papa\/#primaryimage"},"thumbnailUrl":"https:\/\/apymeco.netrotec.com\/wp-content\/uploads\/2020\/03\/PHOTO-2020-03-09-13-39-02.jpg","articleSection":["Campa\u00f1as"],"inLanguage":"en-GB","potentialAction":[{"@type":"CommentAction","name":"Comment","target":["https:\/\/apymeco.netrotec.com\/la-concejalia-de-comercio-y-apymeco-se-unen-en-la-campana-un-selfie-por-tu-padredisfrutando-con-papa\/#respond"]}]},{"@type":"WebPage","@id":"https:\/\/apymeco.netrotec.com\/la-concejalia-de-comercio-y-apymeco-se-unen-en-la-campana-un-selfie-por-tu-padredisfrutando-con-papa\/","url":"https:\/\/apymeco.netrotec.com\/la-concejalia-de-comercio-y-apymeco-se-unen-en-la-campana-un-selfie-por-tu-padredisfrutando-con-papa\/","name":"LA CONCEJAL\u00cdA DE COMERCIO Y APYMECO SE UNEN EN LA CAMPA\u00d1A \u00a1UN SELFIE POR TU PADRE,\u2026DISFRUTANDO CON PAP\u00c1! - APYMECO Torrevieja","isPartOf":{"@id":"https:\/\/apymeco.netrotec.com\/#website"},"primaryImageOfPage":{"@id":"https:\/\/apymeco.netrotec.com\/la-concejalia-de-comercio-y-apymeco-se-unen-en-la-campana-un-selfie-por-tu-padredisfrutando-con-papa\/#primaryimage"},"image":{"@id":"https:\/\/apymeco.netrotec.com\/la-concejalia-de-comercio-y-apymeco-se-unen-en-la-campana-un-selfie-por-tu-padredisfrutando-con-papa\/#primaryimage"},"thumbnailUrl":"https:\/\/apymeco.netrotec.com\/wp-content\/uploads\/2020\/03\/PHOTO-2020-03-09-13-39-02.jpg","datePublished":"2020-03-09T12:59:03+00:00","breadcrumb":{"@id":"https:\/\/apymeco.netrotec.com\/la-concejalia-de-comercio-y-apymeco-se-unen-en-la-campana-un-selfie-por-tu-padredisfrutando-con-papa\/#breadcrumb"},"inLanguage":"en-GB","potentialAction":[{"@type":"ReadAction","target":["https:\/\/apymeco.netrotec.com\/la-concejalia-de-comercio-y-apymeco-se-unen-en-la-campana-un-selfie-por-tu-padredisfrutando-con-papa\/"]}]},{"@type":"ImageObject","inLanguage":"en-GB","@id":"https:\/\/apymeco.netrotec.com\/la-concejalia-de-comercio-y-apymeco-se-unen-en-la-campana-un-selfie-por-tu-padredisfrutando-con-papa\/#primaryimage","url":"https:\/\/apymeco.netrotec.com\/wp-content\/uploads\/2020\/03\/PHOTO-2020-03-09-13-39-02.jpg","contentUrl":"https:\/\/apymeco.netrotec.com\/wp-content\/uploads\/2020\/03\/PHOTO-2020-03-09-13-39-02.jpg","width":1599,"height":1066},{"@type":"BreadcrumbList","@id":"https:\/\/apymeco.netrotec.com\/la-concejalia-de-comercio-y-apymeco-se-unen-en-la-campana-un-selfie-por-tu-padredisfrutando-con-papa\/#breadcrumb","itemListElement":[{"@type":"ListItem","position":1,"name":"Portada","item":"https:\/\/apymeco.netrotec.com\/"},{"@type":"ListItem","position":2,"name":"LA CONCEJAL\u00cdA DE COMERCIO Y APYMECO SE UNEN EN LA CAMPA\u00d1A \u00a1UN SELFIE POR TU PADRE,\u2026DISFRUTANDO CON PAP\u00c1!"}]},{"@type":"WebSite","@id":"https:\/\/apymeco.netrotec.com\/#website","url":"https:\/\/apymeco.netrotec.com\/","name":"APYMECO Torrevieja","description":"","publisher":{"@id":"https:\/\/apymeco.netrotec.com\/#organization"},"potentialAction":[{"@type":"SearchAction","target":{"@type":"EntryPoint","urlTemplate":"https:\/\/apymeco.netrotec.com\/?s={search_term_string}"},"query-input":{"@type":"PropertyValueSpecification","valueRequired":true,"valueName":"search_term_string"}}],"inLanguage":"en-GB"},{"@type":"Organization","@id":"https:\/\/apymeco.netrotec.com\/#organization","name":"APYMECO Torrevieja","url":"https:\/\/apymeco.netrotec.com\/","logo":{"@type":"ImageObject","inLanguage":"en-GB","@id":"https:\/\/apymeco.netrotec.com\/#\/schema\/logo\/image\/","url":"https:\/\/apymeco.netrotec.com\/wp-content\/uploads\/2026\/06\/logo-blanco.png","contentUrl":"https:\/\/apymeco.netrotec.com\/wp-content\/uploads\/2026\/06\/logo-blanco.png","width":1107,"height":444,"caption":"APYMECO Torrevieja"},"image":{"@id":"https:\/\/apymeco.netrotec.com\/#\/schema\/logo\/image\/"}},{"@type":"Person","@id":"https:\/\/apymeco.netrotec.com\/#\/schema\/person\/58f3bb0f5e04e2b6067d17d05470d2dd","name":"Apymeco","url":"https:\/\/apymeco.netrotec.com\/en\/author\/apymeco\/"}]}},"_links":{"self":[{"href":"https:\/\/apymeco.netrotec.com\/en\/wp-json\/wp\/v2\/posts\/5788","targetHints":{"allow":["GET"]}}],"collection":[{"href":"https:\/\/apymeco.netrotec.com\/en\/wp-json\/wp\/v2\/posts"}],"about":[{"href":"https:\/\/apymeco.netrotec.com\/en\/wp-json\/wp\/v2\/types\/post"}],"author":[{"embeddable":true,"href":"https:\/\/apymeco.netrotec.com\/en\/wp-json\/wp\/v2\/users\/2"}],"replies":[{"embeddable":true,"href":"https:\/\/apymeco.netrotec.com\/en\/wp-json\/wp\/v2\/comments?post=5788"}],"version-history":[{"count":0,"href":"https:\/\/apymeco.netrotec.com\/en\/wp-json\/wp\/v2\/posts\/5788\/revisions"}],"wp:featuredmedia":[{"embeddable":true,"href":"https:\/\/apymeco.netrotec.com\/en\/wp-json\/wp\/v2\/media\/5789"}],"wp:attachment":[{"href":"https:\/\/apymeco.netrotec.com\/en\/wp-json\/wp\/v2\/media?parent=5788"}],"wp:term":[{"taxonomy":"category","embeddable":true,"href":"https:\/\/apymeco.netrotec.com\/en\/wp-json\/wp\/v2\/categories?post=5788"},{"taxonomy":"post_tag","embeddable":true,"href":"https:\/\/apymeco.netrotec.com\/en\/wp-json\/wp\/v2\/tags?post=5788"}],"curies":[{"name":"wp","href":"https:\/\/api.w.org\/{rel}","templated":true}]}}