{"id":5819,"date":"2020-03-19T14:28:17","date_gmt":"2020-03-19T13:28:17","guid":{"rendered":"https:\/\/www.apymeco.info\/?p=5819"},"modified":"2020-03-19T14:28:17","modified_gmt":"2020-03-19T13:28:17","slug":"nota-resumen-conferencia-sectorial-de-comercio-interior","status":"publish","type":"post","link":"https:\/\/apymeco.netrotec.com\/en\/nota-resumen-conferencia-sectorial-de-comercio-interior\/","title":{"rendered":"NOTA RESUMEN &#8211; CONFERENCIA SECTORIAL DE COMERCIO INTERIOR"},"content":{"rendered":"<p>18\/03\/2020<br \/>\nNOTA RESUMEN &#8211; CONFERENCIA SECTORIAL DE COMERCIO INTERIOR<br \/>\nINTRODUCCI\u00d3N DE LA MINISTRA DE INDUSTRIA, COMERCIO Y TURISMO<br \/>\n\u2022 La gu\u00eda de buenas pr\u00e1cticas para los establecimientos comerciales se publicar\u00e1 hoy.<br \/>\n\u2022 La Ministra aclara que el RD de alarma restringe la movilidad de personas, pero no de mercanc\u00edas. Ni dentro del territorio espa\u00f1ol, ni fuera de \u00e9l (de hecho, se est\u00e1 trabajando por facilitarlo). Hay que garantizar la cadena de abastecimiento.<br \/>\n\u2022 Respecto a las medidas del RD-Ley anunciado ayer, caben destacar las siguientes:<br \/>\no Flexibilizar los ERTES \u2013 para dar m\u00e1s flexibilidad a las empresas en estos momentos. Se reducir\u00e1n los plazos a 7 d\u00edas.<br \/>\no Exoneraci\u00f3n a las empresas de los pagos de la SS. Para las empresas de menos de 50, se les exonerar\u00e1 el 100% de las cotizaciones, las empresas de m\u00e1s de 50, el 75%.<br \/>\no Medidas extraordinarias de protecci\u00f3n de desempleo \u2013 incluso para aquellos que en circunstancias normales no hubiesen acumulado suficiente tiempo trabajando para cobrar el paro. Asimismo, esta prestaci\u00f3n extraordinaria no computar\u00e1 como prestaci\u00f3n cobrada de paro.<br \/>\no Medidas de liquidez. Est\u00e1n trabajando con el sector financiero, para que en estos momentos sigan concediendo cr\u00e9ditos a las empresas, para evitar un problema de liquidez. Asimismo, CESCE ha lanzado una nueva l\u00ednea de emergencia de 2.000 M\u20ac para garantizar la liquidez en la exportaci\u00f3n.<br \/>\n<span style=\"color: #ff0000;\"><strong><span style=\"color: #000000;\">\u2022 El Gobierno tambi\u00e9n est\u00e1 trabajando en dotar a nuestros comercios de una mayor capacidad de digitalizaci\u00f3n. Hemos aprobado un Plan Acelera con 250 M\u20ac para acelerar la transici\u00f3n digital.<\/span><\/strong><\/span><br \/>\n<span style=\"color: #000000;\"><strong>\u2022 La Ministra aclara que el servicio a domicilio est\u00e1 permitido. En estos momentos, cualquier comercio que pueda dar servicio a domicilio, puede abrir, lo que no puede hacer es recibir a personas (si no vende art\u00edculos de primera necesidad). Cualquier comercio que pueda prestar ese servicio, puede abrirlo (v\u00eda internet, telef\u00f3nica, correspondencia). Siempre tienen que estar cerrado al p\u00fablico. No est\u00e1 permitida la recogida de mercanc\u00edas. Es decir, no podemos ir a retirar una prenda, pero lo que si podemos hacer es que nos la lleven a casa. Permitiendo el servicio a domicilio, van a poder abrir comercios que ahora est\u00e1n cerrados.<\/strong><\/span><br \/>\n<span style=\"color: #000000;\"><strong>\u2022 Antes de ceder la palabra a la SE de Comercio y a las CCAA, la Ministra apunta que se va a facilitar un buz\u00f3n (cuya direcci\u00f3n se facilitar\u00e1 por correo electr\u00f3nico) para que las CCAA puedan realizar consultas.<\/strong><\/span><br \/>\n<span style=\"color: #000000;\"><strong>2<\/strong><\/span><br \/>\nDUDAS DE LAS CCAA Y RESPUESTAS DE LA SECRETARIA DE ESTADO DE COMERCIO<br \/>\n\u2022 Comercios de rango mixto (es decir, que tienen algunos productos de primera necesidad y otros que no lo son). La SEC aclara que pueden abrir al p\u00fablico, pero delimitando las zonas (dejar comprar productos de primera necesidad, pero no los dem\u00e1s).<br \/>\n\u2022 Actividad interna de los comercios. La SEC aclara que los comercios que no sean de primera necesidad, aunque no puedan abrir al p\u00fablico, si pueden hacerlo para su actividad interna (inventario etc.). Tambi\u00e9n tiene cabida en el RD el desplazamiento de todos los que sean necesarios para el buen mantenimiento de los mismos (residuos\/reparaci\u00f3n etc.)<br \/>\n\u2022 Certificados. Las CCAA comentan que es necesario instrucciones claras y precisas sobre qu\u00e9 informaci\u00f3n y documentos debe llevar el transportista para poder acceder a las tiendas y circular con seguridad. La SEC sugiere que, de momento, el empleador deber\u00eda hacer ese tipo de certificado, como salvoconducto. El Ministerio de Trabajo est\u00e1 trabajando en algo m\u00e1s oficial, pero lo oficial est\u00e1 re\u00f1ido con lo \u00e1gil. Puede ser que tarde un tiempo.<br \/>\n\u2022 Electrodom\u00e9sticos. Las CCAA preguntan si los electrodom\u00e9sticos se consideran un bien de primera necesidad. La SEC aclara que los productos electr\u00f3nicos y tecnol\u00f3gicos no tienen encaje en art\u00edculo 10. Las tiendas de electrodom\u00e9sticos no pueden abrir al p\u00fablico. No obstante, si est\u00e1 permitida la reparaci\u00f3n. Si la reparaci\u00f3n no fuese posible, se puede comprar uno nuevo online, pero no en un centro abierto al p\u00fablico. Otras CCAA comentan en este punto, que el problema con la entrega online es el plazo de entrega. Por ejemplo, podr\u00eda darse el caso de una persona dependiente que necesite de inmediato un aparato electr\u00f3nico. La SEC comenta que van a analizar esta preocupaci\u00f3n para ver como proceder en este tipo de caso.<br \/>\n\u2022 Droguer\u00edas y ferreter\u00edas. Algunas CCAA preguntan si los productos que estas tiendas venden se consideran de primera necesidad (ya que en droguer\u00edas, por ejemplo, se venden productos de limpieza). La SEC comenta que en principio no, no obstante, tambi\u00e9n lo van a analizar.<br \/>\n\u2022 CNAEs. Varias CCAA comentan que hay una disparidad de criterios respecto a que interpretan como productos de primera necesidad, esto es, distintas CCAA lo interpretan de manera diferente. Por ello, proponen que el art\u00edculo 10 del RD-Ley venga acompa\u00f1ado por un protocolo \u00fanico de actuaci\u00f3n, establecido por CNAEs, que defina claramente que es un producto de primera necesidad y que no. Asimismo, las CCAA consideran importante trasladar esta informaci\u00f3n a las fuerzas y cuerpos de seguridad del estado. La SEC explica que los CNAEs tampoco son una soluci\u00f3n perfecta, ya que hay CNAEs que son un caj\u00f3n desastre, y empresas a veces tienen distintos CNAEs. No obstante, solicita a las CCAA un listado de los CNAEs que est\u00e1n utilizando para determinar cu\u00e1les son los productos de primera necesidad, para intentar unificar criterios y ver si existe una disparidad interpretativa importante. Si as\u00ed fuese, se podr\u00eda plantear una modificaci\u00f3n del RD-Ley, pero esta no debe ser la primera opci\u00f3n.<br \/>\n3<br \/>\n\u2022 Venta Ambulante. CCAA con mucha poblaci\u00f3n rural explican que el comercio ambulante e itinerante es una fuente de abastecimiento crucial para las zonas rurales. Por ello, solicitan que se permita este tipo de comercio en esas zonas. La SEC comenta que una opci\u00f3n podr\u00eda ser el servicio a domicilio por parte de este tipo de comerciantes. No cree que el Ministerio de Sanidad vaya a permitir mercadillos. No obstante, solicita a las CCAA que proporcionen datos del n\u00famero de municipios y personas que dependen de este tipo de comercio para poder hacer una excepci\u00f3n para estas zonas en caso de que fuese necesario.<br \/>\n\u2022 Nuevo protocolo de higiene para la venta a domicilio. En relaci\u00f3n a la informaci\u00f3n proporcionada por la Ministra y SEC de que la venta a domicilio se va a permitir en todos los casos, varias CCAA proponen la creaci\u00f3n de un protocolo de higiene para el servicio a domicilio. Seg\u00fan comentan, en algunos de los territorios, no se est\u00e1n llevando a cabo las debidas precauciones. La SEC comenta que ya se est\u00e1 trabajando en dicho protocolo.<br \/>\n\u2022 Equipos de Protecci\u00f3n (EPIs). Algunas CCAA apuntan que el sector de la distribuci\u00f3n se le deber\u00eda considerar un sector esencial, y por tanto tener prioridad en cuanto a la recepci\u00f3n de mascarillas, geles y guantes. La SEC comenta que, tal como ya hab\u00eda apuntado la Ministra, la alimentaci\u00f3n es un sector prioritario, al igual que lo es la sanidad y el agr\u00edcola. Ya se ha hablado este tema con el Ministerio de Sanidad. El sector de la distribuci\u00f3n alimentaria ser\u00e1 uno de los primeros en obtener los EPIs.<br \/>\n\u2022 Apoyo al consumo. Finalmente, algunas CCAA tambi\u00e9n solicitan medidas para fomentar el consumo en el momento de la reapertura. La SEC explica que reactivar el consumo es algo que se ver\u00e1 en el momento de la salida, de momento la prioridad deber ser \u201chibernar\u201d la econom\u00eda, y trasladar a las empresas que lo m\u00e1s importante es evitar la p\u00e9rdida de puestos de trabajo durante este periodo, para que la recuperaci\u00f3n pueda ser m\u00e1s r\u00e1pida una vez las medidas de distanciamiento social ya no sean necesarias.<\/p>\n<p><a href=\"https:\/\/apymeco.netrotec.com\/wp-content\/uploads\/20200318-Resumen-conferencia-sectorial-de-comercio.docx.pdf..pdf.pdf.pdf.pdf\">20200318 Resumen conferencia sectorial de comercio.docx.pdf..pdf.pdf.pdf<\/a><\/p>","protected":false},"excerpt":{"rendered":"<p>18\/03\/2020 NOTA RESUMEN &#8211; CONFERENCIA SECTORIAL DE COMERCIO INTERIOR INTRODUCCI\u00d3N DE LA MINISTRA DE INDUSTRIA, COMERCIO Y TURISMO \u2022 La [&hellip;]<\/p>\n","protected":false},"author":2,"featured_media":5816,"comment_status":"open","ping_status":"open","sticky":false,"template":"","format":"standard","meta":{"site-sidebar-layout":"default","site-content-layout":"","ast-site-content-layout":"default","site-content-style":"default","site-sidebar-style":"default","ast-global-header-display":"","ast-banner-title-visibility":"","ast-main-header-display":"","ast-hfb-above-header-display":"","ast-hfb-below-header-display":"","ast-hfb-mobile-header-display":"","site-post-title":"","ast-breadcrumbs-content":"","ast-featured-img":"","footer-sml-layout":"","ast-disable-related-posts":"","theme-transparent-header-meta":"","adv-header-id-meta":"","stick-header-meta":"","header-above-stick-meta":"","header-main-stick-meta":"","header-below-stick-meta":"","astra-migrate-meta-layouts":"default","ast-page-background-enabled":"default","ast-page-background-meta":{"desktop":{"background-color":"var(--ast-global-color-5)","background-image":"","background-repeat":"repeat","background-position":"center center","background-size":"auto","background-attachment":"scroll","background-type":"","background-media":"","overlay-type":"","overlay-color":"","overlay-opacity":"","overlay-gradient":""},"tablet":{"background-color":"","background-image":"","background-repeat":"repeat","background-position":"center center","background-size":"auto","background-attachment":"scroll","background-type":"","background-media":"","overlay-type":"","overlay-color":"","overlay-opacity":"","overlay-gradient":""},"mobile":{"background-color":"","background-image":"","background-repeat":"repeat","background-position":"center center","background-size":"auto","background-attachment":"scroll","background-type":"","background-media":"","overlay-type":"","overlay-color":"","overlay-opacity":"","overlay-gradient":""}},"ast-content-background-meta":{"desktop":{"background-color":"var(--ast-global-color-4)","background-image":"","background-repeat":"repeat","background-position":"center center","background-size":"auto","background-attachment":"scroll","background-type":"","background-media":"","overlay-type":"","overlay-color":"","overlay-opacity":"","overlay-gradient":""},"tablet":{"background-color":"var(--ast-global-color-4)","background-image":"","background-repeat":"repeat","background-position":"center center","background-size":"auto","background-attachment":"scroll","background-type":"","background-media":"","overlay-type":"","overlay-color":"","overlay-opacity":"","overlay-gradient":""},"mobile":{"background-color":"var(--ast-global-color-4)","background-image":"","background-repeat":"repeat","background-position":"center center","background-size":"auto","background-attachment":"scroll","background-type":"","background-media":"","overlay-type":"","overlay-color":"","overlay-opacity":"","overlay-gradient":""}},"footnotes":""},"categories":[537],"tags":[],"class_list":["post-5819","post","type-post","status-publish","format-standard","has-post-thumbnail","hentry","category-estado-de-alarma"],"yoast_head":"<!-- This site is optimized with the Yoast SEO Premium plugin v27.7 (Yoast SEO v27.8) - https:\/\/yoast.com\/product\/yoast-seo-premium-wordpress\/ -->\n<title>NOTA RESUMEN - CONFERENCIA SECTORIAL DE COMERCIO INTERIOR - APYMECO Torrevieja<\/title>\n<meta name=\"robots\" content=\"index, follow, max-snippet:-1, max-image-preview:large, max-video-preview:-1\" \/>\n<link rel=\"canonical\" href=\"https:\/\/apymeco.netrotec.com\/en\/nota-resumen-conferencia-sectorial-de-comercio-interior\/\" \/>\n<meta property=\"og:locale\" content=\"en_GB\" \/>\n<meta property=\"og:type\" content=\"article\" \/>\n<meta property=\"og:title\" content=\"NOTA RESUMEN - CONFERENCIA SECTORIAL DE COMERCIO INTERIOR\" \/>\n<meta property=\"og:description\" content=\"18\/03\/2020 NOTA RESUMEN &#8211; CONFERENCIA SECTORIAL DE COMERCIO INTERIOR INTRODUCCI\u00d3N DE LA MINISTRA DE INDUSTRIA, COMERCIO Y TURISMO \u2022 La [&hellip;]\" \/>\n<meta property=\"og:url\" content=\"https:\/\/apymeco.netrotec.com\/en\/nota-resumen-conferencia-sectorial-de-comercio-interior\/\" \/>\n<meta property=\"og:site_name\" content=\"APYMECO Torrevieja\" \/>\n<meta property=\"article:published_time\" content=\"2020-03-19T13:28:17+00:00\" \/>\n<meta property=\"og:image\" content=\"https:\/\/apymeco.netrotec.com\/wp-content\/uploads\/2020\/03\/comercio.jpg\" \/>\n\t<meta property=\"og:image:width\" content=\"1186\" \/>\n\t<meta property=\"og:image:height\" content=\"946\" \/>\n\t<meta property=\"og:image:type\" content=\"image\/jpeg\" \/>\n<meta name=\"author\" content=\"Apymeco\" \/>\n<meta name=\"twitter:card\" content=\"summary_large_image\" \/>\n<meta name=\"twitter:label1\" content=\"Written by\" \/>\n\t<meta name=\"twitter:data1\" content=\"Apymeco\" \/>\n\t<meta name=\"twitter:label2\" content=\"Estimated reading time\" \/>\n\t<meta name=\"twitter:data2\" content=\"7 minutes\" \/>\n<script type=\"application\/ld+json\" class=\"yoast-schema-graph\">{\"@context\":\"https:\\\/\\\/schema.org\",\"@graph\":[{\"@type\":\"Article\",\"@id\":\"https:\\\/\\\/apymeco.netrotec.com\\\/nota-resumen-conferencia-sectorial-de-comercio-interior\\\/#article\",\"isPartOf\":{\"@id\":\"https:\\\/\\\/apymeco.netrotec.com\\\/nota-resumen-conferencia-sectorial-de-comercio-interior\\\/\"},\"author\":{\"name\":\"Apymeco\",\"@id\":\"https:\\\/\\\/apymeco.netrotec.com\\\/#\\\/schema\\\/person\\\/58f3bb0f5e04e2b6067d17d05470d2dd\"},\"headline\":\"NOTA RESUMEN &#8211; CONFERENCIA SECTORIAL DE COMERCIO INTERIOR\",\"datePublished\":\"2020-03-19T13:28:17+00:00\",\"mainEntityOfPage\":{\"@id\":\"https:\\\/\\\/apymeco.netrotec.com\\\/nota-resumen-conferencia-sectorial-de-comercio-interior\\\/\"},\"wordCount\":1337,\"commentCount\":0,\"publisher\":{\"@id\":\"https:\\\/\\\/apymeco.netrotec.com\\\/#organization\"},\"image\":{\"@id\":\"https:\\\/\\\/apymeco.netrotec.com\\\/nota-resumen-conferencia-sectorial-de-comercio-interior\\\/#primaryimage\"},\"thumbnailUrl\":\"https:\\\/\\\/apymeco.netrotec.com\\\/wp-content\\\/uploads\\\/2020\\\/03\\\/comercio.jpg\",\"articleSection\":[\"Estado de Alarma\"],\"inLanguage\":\"en-GB\",\"potentialAction\":[{\"@type\":\"CommentAction\",\"name\":\"Comment\",\"target\":[\"https:\\\/\\\/apymeco.netrotec.com\\\/nota-resumen-conferencia-sectorial-de-comercio-interior\\\/#respond\"]}]},{\"@type\":\"WebPage\",\"@id\":\"https:\\\/\\\/apymeco.netrotec.com\\\/nota-resumen-conferencia-sectorial-de-comercio-interior\\\/\",\"url\":\"https:\\\/\\\/apymeco.netrotec.com\\\/nota-resumen-conferencia-sectorial-de-comercio-interior\\\/\",\"name\":\"NOTA RESUMEN - CONFERENCIA SECTORIAL DE COMERCIO INTERIOR - APYMECO Torrevieja\",\"isPartOf\":{\"@id\":\"https:\\\/\\\/apymeco.netrotec.com\\\/#website\"},\"primaryImageOfPage\":{\"@id\":\"https:\\\/\\\/apymeco.netrotec.com\\\/nota-resumen-conferencia-sectorial-de-comercio-interior\\\/#primaryimage\"},\"image\":{\"@id\":\"https:\\\/\\\/apymeco.netrotec.com\\\/nota-resumen-conferencia-sectorial-de-comercio-interior\\\/#primaryimage\"},\"thumbnailUrl\":\"https:\\\/\\\/apymeco.netrotec.com\\\/wp-content\\\/uploads\\\/2020\\\/03\\\/comercio.jpg\",\"datePublished\":\"2020-03-19T13:28:17+00:00\",\"breadcrumb\":{\"@id\":\"https:\\\/\\\/apymeco.netrotec.com\\\/nota-resumen-conferencia-sectorial-de-comercio-interior\\\/#breadcrumb\"},\"inLanguage\":\"en-GB\",\"potentialAction\":[{\"@type\":\"ReadAction\",\"target\":[\"https:\\\/\\\/apymeco.netrotec.com\\\/nota-resumen-conferencia-sectorial-de-comercio-interior\\\/\"]}]},{\"@type\":\"ImageObject\",\"inLanguage\":\"en-GB\",\"@id\":\"https:\\\/\\\/apymeco.netrotec.com\\\/nota-resumen-conferencia-sectorial-de-comercio-interior\\\/#primaryimage\",\"url\":\"https:\\\/\\\/apymeco.netrotec.com\\\/wp-content\\\/uploads\\\/2020\\\/03\\\/comercio.jpg\",\"contentUrl\":\"https:\\\/\\\/apymeco.netrotec.com\\\/wp-content\\\/uploads\\\/2020\\\/03\\\/comercio.jpg\",\"width\":1186,\"height\":946},{\"@type\":\"BreadcrumbList\",\"@id\":\"https:\\\/\\\/apymeco.netrotec.com\\\/nota-resumen-conferencia-sectorial-de-comercio-interior\\\/#breadcrumb\",\"itemListElement\":[{\"@type\":\"ListItem\",\"position\":1,\"name\":\"Portada\",\"item\":\"https:\\\/\\\/apymeco.netrotec.com\\\/\"},{\"@type\":\"ListItem\",\"position\":2,\"name\":\"NOTA RESUMEN &#8211; CONFERENCIA SECTORIAL DE COMERCIO INTERIOR\"}]},{\"@type\":\"WebSite\",\"@id\":\"https:\\\/\\\/apymeco.netrotec.com\\\/#website\",\"url\":\"https:\\\/\\\/apymeco.netrotec.com\\\/\",\"name\":\"APYMECO Torrevieja\",\"description\":\"\",\"publisher\":{\"@id\":\"https:\\\/\\\/apymeco.netrotec.com\\\/#organization\"},\"potentialAction\":[{\"@type\":\"SearchAction\",\"target\":{\"@type\":\"EntryPoint\",\"urlTemplate\":\"https:\\\/\\\/apymeco.netrotec.com\\\/?s={search_term_string}\"},\"query-input\":{\"@type\":\"PropertyValueSpecification\",\"valueRequired\":true,\"valueName\":\"search_term_string\"}}],\"inLanguage\":\"en-GB\"},{\"@type\":\"Organization\",\"@id\":\"https:\\\/\\\/apymeco.netrotec.com\\\/#organization\",\"name\":\"APYMECO Torrevieja\",\"url\":\"https:\\\/\\\/apymeco.netrotec.com\\\/\",\"logo\":{\"@type\":\"ImageObject\",\"inLanguage\":\"en-GB\",\"@id\":\"https:\\\/\\\/apymeco.netrotec.com\\\/#\\\/schema\\\/logo\\\/image\\\/\",\"url\":\"https:\\\/\\\/apymeco.netrotec.com\\\/wp-content\\\/uploads\\\/2026\\\/06\\\/logo-blanco.png\",\"contentUrl\":\"https:\\\/\\\/apymeco.netrotec.com\\\/wp-content\\\/uploads\\\/2026\\\/06\\\/logo-blanco.png\",\"width\":1107,\"height\":444,\"caption\":\"APYMECO Torrevieja\"},\"image\":{\"@id\":\"https:\\\/\\\/apymeco.netrotec.com\\\/#\\\/schema\\\/logo\\\/image\\\/\"}},{\"@type\":\"Person\",\"@id\":\"https:\\\/\\\/apymeco.netrotec.com\\\/#\\\/schema\\\/person\\\/58f3bb0f5e04e2b6067d17d05470d2dd\",\"name\":\"Apymeco\",\"url\":\"https:\\\/\\\/apymeco.netrotec.com\\\/en\\\/author\\\/apymeco\\\/\"}]}<\/script>\n<!-- \/ Yoast SEO Premium plugin. -->","yoast_head_json":{"title":"NOTA RESUMEN - CONFERENCIA SECTORIAL DE COMERCIO INTERIOR - APYMECO Torrevieja","robots":{"index":"index","follow":"follow","max-snippet":"max-snippet:-1","max-image-preview":"max-image-preview:large","max-video-preview":"max-video-preview:-1"},"canonical":"https:\/\/apymeco.netrotec.com\/en\/nota-resumen-conferencia-sectorial-de-comercio-interior\/","og_locale":"en_GB","og_type":"article","og_title":"NOTA RESUMEN - CONFERENCIA SECTORIAL DE COMERCIO INTERIOR","og_description":"18\/03\/2020 NOTA RESUMEN &#8211; CONFERENCIA SECTORIAL DE COMERCIO INTERIOR INTRODUCCI\u00d3N DE LA MINISTRA DE INDUSTRIA, COMERCIO Y TURISMO \u2022 La [&hellip;]","og_url":"https:\/\/apymeco.netrotec.com\/en\/nota-resumen-conferencia-sectorial-de-comercio-interior\/","og_site_name":"APYMECO Torrevieja","article_published_time":"2020-03-19T13:28:17+00:00","og_image":[{"width":1186,"height":946,"url":"https:\/\/apymeco.netrotec.com\/wp-content\/uploads\/2020\/03\/comercio.jpg","type":"image\/jpeg"}],"author":"Apymeco","twitter_card":"summary_large_image","twitter_misc":{"Written by":"Apymeco","Estimated reading time":"7 minutes"},"schema":{"@context":"https:\/\/schema.org","@graph":[{"@type":"Article","@id":"https:\/\/apymeco.netrotec.com\/nota-resumen-conferencia-sectorial-de-comercio-interior\/#article","isPartOf":{"@id":"https:\/\/apymeco.netrotec.com\/nota-resumen-conferencia-sectorial-de-comercio-interior\/"},"author":{"name":"Apymeco","@id":"https:\/\/apymeco.netrotec.com\/#\/schema\/person\/58f3bb0f5e04e2b6067d17d05470d2dd"},"headline":"NOTA RESUMEN &#8211; CONFERENCIA SECTORIAL DE COMERCIO INTERIOR","datePublished":"2020-03-19T13:28:17+00:00","mainEntityOfPage":{"@id":"https:\/\/apymeco.netrotec.com\/nota-resumen-conferencia-sectorial-de-comercio-interior\/"},"wordCount":1337,"commentCount":0,"publisher":{"@id":"https:\/\/apymeco.netrotec.com\/#organization"},"image":{"@id":"https:\/\/apymeco.netrotec.com\/nota-resumen-conferencia-sectorial-de-comercio-interior\/#primaryimage"},"thumbnailUrl":"https:\/\/apymeco.netrotec.com\/wp-content\/uploads\/2020\/03\/comercio.jpg","articleSection":["Estado de Alarma"],"inLanguage":"en-GB","potentialAction":[{"@type":"CommentAction","name":"Comment","target":["https:\/\/apymeco.netrotec.com\/nota-resumen-conferencia-sectorial-de-comercio-interior\/#respond"]}]},{"@type":"WebPage","@id":"https:\/\/apymeco.netrotec.com\/nota-resumen-conferencia-sectorial-de-comercio-interior\/","url":"https:\/\/apymeco.netrotec.com\/nota-resumen-conferencia-sectorial-de-comercio-interior\/","name":"NOTA RESUMEN - CONFERENCIA SECTORIAL DE COMERCIO INTERIOR - APYMECO Torrevieja","isPartOf":{"@id":"https:\/\/apymeco.netrotec.com\/#website"},"primaryImageOfPage":{"@id":"https:\/\/apymeco.netrotec.com\/nota-resumen-conferencia-sectorial-de-comercio-interior\/#primaryimage"},"image":{"@id":"https:\/\/apymeco.netrotec.com\/nota-resumen-conferencia-sectorial-de-comercio-interior\/#primaryimage"},"thumbnailUrl":"https:\/\/apymeco.netrotec.com\/wp-content\/uploads\/2020\/03\/comercio.jpg","datePublished":"2020-03-19T13:28:17+00:00","breadcrumb":{"@id":"https:\/\/apymeco.netrotec.com\/nota-resumen-conferencia-sectorial-de-comercio-interior\/#breadcrumb"},"inLanguage":"en-GB","potentialAction":[{"@type":"ReadAction","target":["https:\/\/apymeco.netrotec.com\/nota-resumen-conferencia-sectorial-de-comercio-interior\/"]}]},{"@type":"ImageObject","inLanguage":"en-GB","@id":"https:\/\/apymeco.netrotec.com\/nota-resumen-conferencia-sectorial-de-comercio-interior\/#primaryimage","url":"https:\/\/apymeco.netrotec.com\/wp-content\/uploads\/2020\/03\/comercio.jpg","contentUrl":"https:\/\/apymeco.netrotec.com\/wp-content\/uploads\/2020\/03\/comercio.jpg","width":1186,"height":946},{"@type":"BreadcrumbList","@id":"https:\/\/apymeco.netrotec.com\/nota-resumen-conferencia-sectorial-de-comercio-interior\/#breadcrumb","itemListElement":[{"@type":"ListItem","position":1,"name":"Portada","item":"https:\/\/apymeco.netrotec.com\/"},{"@type":"ListItem","position":2,"name":"NOTA RESUMEN &#8211; CONFERENCIA SECTORIAL DE COMERCIO INTERIOR"}]},{"@type":"WebSite","@id":"https:\/\/apymeco.netrotec.com\/#website","url":"https:\/\/apymeco.netrotec.com\/","name":"APYMECO Torrevieja","description":"","publisher":{"@id":"https:\/\/apymeco.netrotec.com\/#organization"},"potentialAction":[{"@type":"SearchAction","target":{"@type":"EntryPoint","urlTemplate":"https:\/\/apymeco.netrotec.com\/?s={search_term_string}"},"query-input":{"@type":"PropertyValueSpecification","valueRequired":true,"valueName":"search_term_string"}}],"inLanguage":"en-GB"},{"@type":"Organization","@id":"https:\/\/apymeco.netrotec.com\/#organization","name":"APYMECO Torrevieja","url":"https:\/\/apymeco.netrotec.com\/","logo":{"@type":"ImageObject","inLanguage":"en-GB","@id":"https:\/\/apymeco.netrotec.com\/#\/schema\/logo\/image\/","url":"https:\/\/apymeco.netrotec.com\/wp-content\/uploads\/2026\/06\/logo-blanco.png","contentUrl":"https:\/\/apymeco.netrotec.com\/wp-content\/uploads\/2026\/06\/logo-blanco.png","width":1107,"height":444,"caption":"APYMECO Torrevieja"},"image":{"@id":"https:\/\/apymeco.netrotec.com\/#\/schema\/logo\/image\/"}},{"@type":"Person","@id":"https:\/\/apymeco.netrotec.com\/#\/schema\/person\/58f3bb0f5e04e2b6067d17d05470d2dd","name":"Apymeco","url":"https:\/\/apymeco.netrotec.com\/en\/author\/apymeco\/"}]}},"_links":{"self":[{"href":"https:\/\/apymeco.netrotec.com\/en\/wp-json\/wp\/v2\/posts\/5819","targetHints":{"allow":["GET"]}}],"collection":[{"href":"https:\/\/apymeco.netrotec.com\/en\/wp-json\/wp\/v2\/posts"}],"about":[{"href":"https:\/\/apymeco.netrotec.com\/en\/wp-json\/wp\/v2\/types\/post"}],"author":[{"embeddable":true,"href":"https:\/\/apymeco.netrotec.com\/en\/wp-json\/wp\/v2\/users\/2"}],"replies":[{"embeddable":true,"href":"https:\/\/apymeco.netrotec.com\/en\/wp-json\/wp\/v2\/comments?post=5819"}],"version-history":[{"count":0,"href":"https:\/\/apymeco.netrotec.com\/en\/wp-json\/wp\/v2\/posts\/5819\/revisions"}],"wp:featuredmedia":[{"embeddable":true,"href":"https:\/\/apymeco.netrotec.com\/en\/wp-json\/wp\/v2\/media\/5816"}],"wp:attachment":[{"href":"https:\/\/apymeco.netrotec.com\/en\/wp-json\/wp\/v2\/media?parent=5819"}],"wp:term":[{"taxonomy":"category","embeddable":true,"href":"https:\/\/apymeco.netrotec.com\/en\/wp-json\/wp\/v2\/categories?post=5819"},{"taxonomy":"post_tag","embeddable":true,"href":"https:\/\/apymeco.netrotec.com\/en\/wp-json\/wp\/v2\/tags?post=5819"}],"curies":[{"name":"wp","href":"https:\/\/api.w.org\/{rel}","templated":true}]}}