{"id":6339,"date":"2020-07-14T21:07:48","date_gmt":"2020-07-14T19:07:48","guid":{"rendered":"https:\/\/www.apymeco.info\/?p=6339"},"modified":"2020-07-14T21:07:48","modified_gmt":"2020-07-14T19:07:48","slug":"campana-verano-2020-ganas-de-comercio","status":"publish","type":"post","link":"https:\/\/apymeco.netrotec.com\/en\/campana-verano-2020-ganas-de-comercio\/","title":{"rendered":"CAMPA\u00d1A VERANO 2020 GANAS DE COMERCIO"},"content":{"rendered":"<p><strong>MA\u00d1ANA SE INICIA UNA CAMPA\u00d1A EN LAS PLAYAS DE TORREVIEJA PARA INCENTIVAR EL COMERCIO LOCAL<\/strong><\/p>\n<p><strong>Contar\u00e1 con cinco carpas de informaci\u00f3n en las cuatro principales playas de Torrevieja: dos en la playa de La Mata, una en la playa de los Locos, El Cura, y Los N\u00e1ufragos.<\/strong><\/p>\n<p><strong>TORREVIEJA (14-07-20).<\/strong> La concejal de Comercio del Ayuntamiento de Torrevieja, Rosario Mart\u00ednez Chazarra, junto al coordinador de la Concejal\u00eda, Jos\u00e9 Rubio, y el presidente de Apymeco, Jorge Almarcha, han presentado en la plaza de la Constituci\u00f3n la campa\u00f1a de incentivaci\u00f3n e informaci\u00f3n comercial y tur\u00edstica se pone en marcha ma\u00f1ana mi\u00e9rcoles, 15 de julio, en las cuatro principales playas de Torrevieja.<\/p>\n<p>Rosario Mart\u00ednez ha informado que el objetivo de esta campa\u00f1a es ayudar al comercio local, tras el par\u00f3n por el Estado de Alarma provocado por el COVID-19, mostrando a los visitantes de la ciudad que el comercio torrevejense, adem\u00e1s de ser un comercio seguro, es un comercio de proximidad y cercan\u00eda, donde cada cliente es \u00fanico y especial.<\/p>\n<p>La campa\u00f1a consiste en cinco puntos de informaci\u00f3n ubicados en las cuatro playas de mayor relevancia de Torrevieja, dos puntos de informaci\u00f3n en la playa de La Mata (un punto junto a la Plaza del Embarcadero y otro punto frente al Restaurante Vela Beach), y un punto en la playa de Los Locos, El Cura y Los N\u00e1ufragos.<\/p>\n<p>Estos puntos de informaci\u00f3n son carpas con las se\u00f1as de identidad del Ayuntamiento, en los que dos informadores proporcionar\u00e1n a los usuarios toda la informaci\u00f3n sobre Torrevieja a nivel comercial, hostelero, tur\u00edstico, deportivo y cultural, adem\u00e1s de informaci\u00f3n en tiempo real de las playas y de su ocupaci\u00f3n. En lo referente al punto de la playa del Cura, \u00e9ste se encontrar\u00e1 ubicado en el stand de Turismo que se encuentra en dicha playa, y que contar\u00e1 con el mismo personal y material informativo que el resto de puntos.<\/p>\n<p>Complementario a la campa\u00f1a f\u00edsica, se llevar\u00e1 a cabo un plan de Social Media a trav\u00e9s de los perfiles sociales de la Concejal\u00eda de Comercio, proporcionando no solo informaci\u00f3n comercial, sino tambi\u00e9n actividades deportivas y culturales que interese al p\u00fablico general. La imagen tur\u00edstica de la ciudad tambi\u00e9n se ha visto mejorada con la renovaci\u00f3n de vinilos en los principales mupis de la ciudad.<\/p>\n<p>Por \u00faltimo, cabe destacar que Apymeco pondr\u00e1 en marcha un concurso fotogr\u00e1fico\u00a0 consistente en realizar instant\u00e1neas en las diferentes carpas informativas y que repartir\u00e1 1.000 euros en premios (10 premios de 100 euros cada uno). Las bases se publicaran en la web oficial de Apymeco, www.<em>apymeco.info<\/em> y en las redes sociales.<\/p>\n<p>&nbsp;<\/p>\n<p><img fetchpriority=\"high\" decoding=\"async\" class=\"size-medium wp-image-6342 alignleft\" src=\"https:\/\/apymeco.netrotec.com\/wp-content\/uploads\/WhatsApp-Image-2020-07-14-at-20.52.42-1-300x225.jpeg\" alt=\"\" width=\"300\" height=\"225\" \/><img decoding=\"async\" class=\"aligncenter size-medium wp-image-6343\" src=\"https:\/\/apymeco.netrotec.com\/wp-content\/uploads\/WhatsApp-Image-2020-07-14-at-20.52.41-2-300x225.jpeg\" alt=\"\" width=\"300\" height=\"225\" \/><\/p>","protected":false},"excerpt":{"rendered":"<p>MA\u00d1ANA SE INICIA UNA CAMPA\u00d1A EN LAS PLAYAS DE TORREVIEJA PARA INCENTIVAR EL COMERCIO LOCAL Contar\u00e1 con cinco carpas de [&hellip;]<\/p>\n","protected":false},"author":2,"featured_media":6340,"comment_status":"open","ping_status":"open","sticky":false,"template":"","format":"standard","meta":{"site-sidebar-layout":"default","site-content-layout":"","ast-site-content-layout":"default","site-content-style":"default","site-sidebar-style":"default","ast-global-header-display":"","ast-banner-title-visibility":"","ast-main-header-display":"","ast-hfb-above-header-display":"","ast-hfb-below-header-display":"","ast-hfb-mobile-header-display":"","site-post-title":"","ast-breadcrumbs-content":"","ast-featured-img":"","footer-sml-layout":"","ast-disable-related-posts":"","theme-transparent-header-meta":"","adv-header-id-meta":"","stick-header-meta":"","header-above-stick-meta":"","header-main-stick-meta":"","header-below-stick-meta":"","astra-migrate-meta-layouts":"default","ast-page-background-enabled":"default","ast-page-background-meta":{"desktop":{"background-color":"var(--ast-global-color-5)","background-image":"","background-repeat":"repeat","background-position":"center center","background-size":"auto","background-attachment":"scroll","background-type":"","background-media":"","overlay-type":"","overlay-color":"","overlay-opacity":"","overlay-gradient":""},"tablet":{"background-color":"","background-image":"","background-repeat":"repeat","background-position":"center center","background-size":"auto","background-attachment":"scroll","background-type":"","background-media":"","overlay-type":"","overlay-color":"","overlay-opacity":"","overlay-gradient":""},"mobile":{"background-color":"","background-image":"","background-repeat":"repeat","background-position":"center center","background-size":"auto","background-attachment":"scroll","background-type":"","background-media":"","overlay-type":"","overlay-color":"","overlay-opacity":"","overlay-gradient":""}},"ast-content-background-meta":{"desktop":{"background-color":"var(--ast-global-color-4)","background-image":"","background-repeat":"repeat","background-position":"center center","background-size":"auto","background-attachment":"scroll","background-type":"","background-media":"","overlay-type":"","overlay-color":"","overlay-opacity":"","overlay-gradient":""},"tablet":{"background-color":"var(--ast-global-color-4)","background-image":"","background-repeat":"repeat","background-position":"center center","background-size":"auto","background-attachment":"scroll","background-type":"","background-media":"","overlay-type":"","overlay-color":"","overlay-opacity":"","overlay-gradient":""},"mobile":{"background-color":"var(--ast-global-color-4)","background-image":"","background-repeat":"repeat","background-position":"center center","background-size":"auto","background-attachment":"scroll","background-type":"","background-media":"","overlay-type":"","overlay-color":"","overlay-opacity":"","overlay-gradient":""}},"footnotes":""},"categories":[524],"tags":[],"class_list":["post-6339","post","type-post","status-publish","format-standard","has-post-thumbnail","hentry","category-campanas"],"yoast_head":"<!-- This site is optimized with the Yoast SEO Premium plugin v27.7 (Yoast SEO v27.8) - https:\/\/yoast.com\/product\/yoast-seo-premium-wordpress\/ -->\n<title>CAMPA\u00d1A VERANO 2020 GANAS DE COMERCIO - APYMECO Torrevieja<\/title>\n<meta name=\"robots\" content=\"index, follow, max-snippet:-1, max-image-preview:large, max-video-preview:-1\" \/>\n<link rel=\"canonical\" href=\"https:\/\/apymeco.netrotec.com\/en\/campana-verano-2020-ganas-de-comercio\/\" \/>\n<meta property=\"og:locale\" content=\"en_GB\" \/>\n<meta property=\"og:type\" content=\"article\" \/>\n<meta property=\"og:title\" content=\"CAMPA\u00d1A VERANO 2020 GANAS DE COMERCIO\" \/>\n<meta property=\"og:description\" content=\"MA\u00d1ANA SE INICIA UNA CAMPA\u00d1A EN LAS PLAYAS DE TORREVIEJA PARA INCENTIVAR EL COMERCIO LOCAL Contar\u00e1 con cinco carpas de [&hellip;]\" \/>\n<meta property=\"og:url\" content=\"https:\/\/apymeco.netrotec.com\/en\/campana-verano-2020-ganas-de-comercio\/\" \/>\n<meta property=\"og:site_name\" content=\"APYMECO Torrevieja\" \/>\n<meta property=\"article:published_time\" content=\"2020-07-14T19:07:48+00:00\" \/>\n<meta property=\"og:image\" content=\"https:\/\/apymeco.netrotec.com\/wp-content\/uploads\/2020\/07\/WhatsApp-Image-2020-07-14-at-13.13.25.jpeg\" \/>\n\t<meta property=\"og:image:width\" content=\"1600\" \/>\n\t<meta property=\"og:image:height\" content=\"1066\" \/>\n\t<meta property=\"og:image:type\" content=\"image\/jpeg\" \/>\n<meta name=\"author\" content=\"Apymeco\" \/>\n<meta name=\"twitter:card\" content=\"summary_large_image\" \/>\n<meta name=\"twitter:label1\" content=\"Written by\" \/>\n\t<meta name=\"twitter:data1\" content=\"Apymeco\" \/>\n\t<meta name=\"twitter:label2\" content=\"Estimated reading time\" \/>\n\t<meta name=\"twitter:data2\" content=\"2 minutes\" \/>\n<script type=\"application\/ld+json\" class=\"yoast-schema-graph\">{\"@context\":\"https:\\\/\\\/schema.org\",\"@graph\":[{\"@type\":\"Article\",\"@id\":\"https:\\\/\\\/apymeco.netrotec.com\\\/campana-verano-2020-ganas-de-comercio\\\/#article\",\"isPartOf\":{\"@id\":\"https:\\\/\\\/apymeco.netrotec.com\\\/campana-verano-2020-ganas-de-comercio\\\/\"},\"author\":{\"name\":\"Apymeco\",\"@id\":\"https:\\\/\\\/apymeco.netrotec.com\\\/#\\\/schema\\\/person\\\/58f3bb0f5e04e2b6067d17d05470d2dd\"},\"headline\":\"CAMPA\u00d1A VERANO 2020 GANAS DE COMERCIO\",\"datePublished\":\"2020-07-14T19:07:48+00:00\",\"mainEntityOfPage\":{\"@id\":\"https:\\\/\\\/apymeco.netrotec.com\\\/campana-verano-2020-ganas-de-comercio\\\/\"},\"wordCount\":475,\"commentCount\":0,\"publisher\":{\"@id\":\"https:\\\/\\\/apymeco.netrotec.com\\\/#organization\"},\"image\":{\"@id\":\"https:\\\/\\\/apymeco.netrotec.com\\\/campana-verano-2020-ganas-de-comercio\\\/#primaryimage\"},\"thumbnailUrl\":\"https:\\\/\\\/apymeco.netrotec.com\\\/wp-content\\\/uploads\\\/2020\\\/07\\\/WhatsApp-Image-2020-07-14-at-13.13.25.jpeg\",\"articleSection\":[\"Campa\u00f1as\"],\"inLanguage\":\"en-GB\",\"potentialAction\":[{\"@type\":\"CommentAction\",\"name\":\"Comment\",\"target\":[\"https:\\\/\\\/apymeco.netrotec.com\\\/campana-verano-2020-ganas-de-comercio\\\/#respond\"]}]},{\"@type\":\"WebPage\",\"@id\":\"https:\\\/\\\/apymeco.netrotec.com\\\/campana-verano-2020-ganas-de-comercio\\\/\",\"url\":\"https:\\\/\\\/apymeco.netrotec.com\\\/campana-verano-2020-ganas-de-comercio\\\/\",\"name\":\"CAMPA\u00d1A VERANO 2020 GANAS DE COMERCIO - APYMECO Torrevieja\",\"isPartOf\":{\"@id\":\"https:\\\/\\\/apymeco.netrotec.com\\\/#website\"},\"primaryImageOfPage\":{\"@id\":\"https:\\\/\\\/apymeco.netrotec.com\\\/campana-verano-2020-ganas-de-comercio\\\/#primaryimage\"},\"image\":{\"@id\":\"https:\\\/\\\/apymeco.netrotec.com\\\/campana-verano-2020-ganas-de-comercio\\\/#primaryimage\"},\"thumbnailUrl\":\"https:\\\/\\\/apymeco.netrotec.com\\\/wp-content\\\/uploads\\\/2020\\\/07\\\/WhatsApp-Image-2020-07-14-at-13.13.25.jpeg\",\"datePublished\":\"2020-07-14T19:07:48+00:00\",\"breadcrumb\":{\"@id\":\"https:\\\/\\\/apymeco.netrotec.com\\\/campana-verano-2020-ganas-de-comercio\\\/#breadcrumb\"},\"inLanguage\":\"en-GB\",\"potentialAction\":[{\"@type\":\"ReadAction\",\"target\":[\"https:\\\/\\\/apymeco.netrotec.com\\\/campana-verano-2020-ganas-de-comercio\\\/\"]}]},{\"@type\":\"ImageObject\",\"inLanguage\":\"en-GB\",\"@id\":\"https:\\\/\\\/apymeco.netrotec.com\\\/campana-verano-2020-ganas-de-comercio\\\/#primaryimage\",\"url\":\"https:\\\/\\\/apymeco.netrotec.com\\\/wp-content\\\/uploads\\\/2020\\\/07\\\/WhatsApp-Image-2020-07-14-at-13.13.25.jpeg\",\"contentUrl\":\"https:\\\/\\\/apymeco.netrotec.com\\\/wp-content\\\/uploads\\\/2020\\\/07\\\/WhatsApp-Image-2020-07-14-at-13.13.25.jpeg\",\"width\":1600,\"height\":1066},{\"@type\":\"BreadcrumbList\",\"@id\":\"https:\\\/\\\/apymeco.netrotec.com\\\/campana-verano-2020-ganas-de-comercio\\\/#breadcrumb\",\"itemListElement\":[{\"@type\":\"ListItem\",\"position\":1,\"name\":\"Portada\",\"item\":\"https:\\\/\\\/apymeco.netrotec.com\\\/\"},{\"@type\":\"ListItem\",\"position\":2,\"name\":\"CAMPA\u00d1A VERANO 2020 GANAS DE COMERCIO\"}]},{\"@type\":\"WebSite\",\"@id\":\"https:\\\/\\\/apymeco.netrotec.com\\\/#website\",\"url\":\"https:\\\/\\\/apymeco.netrotec.com\\\/\",\"name\":\"APYMECO Torrevieja\",\"description\":\"\",\"publisher\":{\"@id\":\"https:\\\/\\\/apymeco.netrotec.com\\\/#organization\"},\"potentialAction\":[{\"@type\":\"SearchAction\",\"target\":{\"@type\":\"EntryPoint\",\"urlTemplate\":\"https:\\\/\\\/apymeco.netrotec.com\\\/?s={search_term_string}\"},\"query-input\":{\"@type\":\"PropertyValueSpecification\",\"valueRequired\":true,\"valueName\":\"search_term_string\"}}],\"inLanguage\":\"en-GB\"},{\"@type\":\"Organization\",\"@id\":\"https:\\\/\\\/apymeco.netrotec.com\\\/#organization\",\"name\":\"APYMECO Torrevieja\",\"url\":\"https:\\\/\\\/apymeco.netrotec.com\\\/\",\"logo\":{\"@type\":\"ImageObject\",\"inLanguage\":\"en-GB\",\"@id\":\"https:\\\/\\\/apymeco.netrotec.com\\\/#\\\/schema\\\/logo\\\/image\\\/\",\"url\":\"https:\\\/\\\/apymeco.netrotec.com\\\/wp-content\\\/uploads\\\/2026\\\/06\\\/logo-blanco.png\",\"contentUrl\":\"https:\\\/\\\/apymeco.netrotec.com\\\/wp-content\\\/uploads\\\/2026\\\/06\\\/logo-blanco.png\",\"width\":1107,\"height\":444,\"caption\":\"APYMECO Torrevieja\"},\"image\":{\"@id\":\"https:\\\/\\\/apymeco.netrotec.com\\\/#\\\/schema\\\/logo\\\/image\\\/\"}},{\"@type\":\"Person\",\"@id\":\"https:\\\/\\\/apymeco.netrotec.com\\\/#\\\/schema\\\/person\\\/58f3bb0f5e04e2b6067d17d05470d2dd\",\"name\":\"Apymeco\",\"url\":\"https:\\\/\\\/apymeco.netrotec.com\\\/en\\\/author\\\/apymeco\\\/\"}]}<\/script>\n<!-- \/ Yoast SEO Premium plugin. -->","yoast_head_json":{"title":"CAMPA\u00d1A VERANO 2020 GANAS DE COMERCIO - APYMECO Torrevieja","robots":{"index":"index","follow":"follow","max-snippet":"max-snippet:-1","max-image-preview":"max-image-preview:large","max-video-preview":"max-video-preview:-1"},"canonical":"https:\/\/apymeco.netrotec.com\/en\/campana-verano-2020-ganas-de-comercio\/","og_locale":"en_GB","og_type":"article","og_title":"CAMPA\u00d1A VERANO 2020 GANAS DE COMERCIO","og_description":"MA\u00d1ANA SE INICIA UNA CAMPA\u00d1A EN LAS PLAYAS DE TORREVIEJA PARA INCENTIVAR EL COMERCIO LOCAL Contar\u00e1 con cinco carpas de [&hellip;]","og_url":"https:\/\/apymeco.netrotec.com\/en\/campana-verano-2020-ganas-de-comercio\/","og_site_name":"APYMECO Torrevieja","article_published_time":"2020-07-14T19:07:48+00:00","og_image":[{"width":1600,"height":1066,"url":"https:\/\/apymeco.netrotec.com\/wp-content\/uploads\/2020\/07\/WhatsApp-Image-2020-07-14-at-13.13.25.jpeg","type":"image\/jpeg"}],"author":"Apymeco","twitter_card":"summary_large_image","twitter_misc":{"Written by":"Apymeco","Estimated reading time":"2 minutes"},"schema":{"@context":"https:\/\/schema.org","@graph":[{"@type":"Article","@id":"https:\/\/apymeco.netrotec.com\/campana-verano-2020-ganas-de-comercio\/#article","isPartOf":{"@id":"https:\/\/apymeco.netrotec.com\/campana-verano-2020-ganas-de-comercio\/"},"author":{"name":"Apymeco","@id":"https:\/\/apymeco.netrotec.com\/#\/schema\/person\/58f3bb0f5e04e2b6067d17d05470d2dd"},"headline":"CAMPA\u00d1A VERANO 2020 GANAS DE COMERCIO","datePublished":"2020-07-14T19:07:48+00:00","mainEntityOfPage":{"@id":"https:\/\/apymeco.netrotec.com\/campana-verano-2020-ganas-de-comercio\/"},"wordCount":475,"commentCount":0,"publisher":{"@id":"https:\/\/apymeco.netrotec.com\/#organization"},"image":{"@id":"https:\/\/apymeco.netrotec.com\/campana-verano-2020-ganas-de-comercio\/#primaryimage"},"thumbnailUrl":"https:\/\/apymeco.netrotec.com\/wp-content\/uploads\/2020\/07\/WhatsApp-Image-2020-07-14-at-13.13.25.jpeg","articleSection":["Campa\u00f1as"],"inLanguage":"en-GB","potentialAction":[{"@type":"CommentAction","name":"Comment","target":["https:\/\/apymeco.netrotec.com\/campana-verano-2020-ganas-de-comercio\/#respond"]}]},{"@type":"WebPage","@id":"https:\/\/apymeco.netrotec.com\/campana-verano-2020-ganas-de-comercio\/","url":"https:\/\/apymeco.netrotec.com\/campana-verano-2020-ganas-de-comercio\/","name":"CAMPA\u00d1A VERANO 2020 GANAS DE COMERCIO - APYMECO Torrevieja","isPartOf":{"@id":"https:\/\/apymeco.netrotec.com\/#website"},"primaryImageOfPage":{"@id":"https:\/\/apymeco.netrotec.com\/campana-verano-2020-ganas-de-comercio\/#primaryimage"},"image":{"@id":"https:\/\/apymeco.netrotec.com\/campana-verano-2020-ganas-de-comercio\/#primaryimage"},"thumbnailUrl":"https:\/\/apymeco.netrotec.com\/wp-content\/uploads\/2020\/07\/WhatsApp-Image-2020-07-14-at-13.13.25.jpeg","datePublished":"2020-07-14T19:07:48+00:00","breadcrumb":{"@id":"https:\/\/apymeco.netrotec.com\/campana-verano-2020-ganas-de-comercio\/#breadcrumb"},"inLanguage":"en-GB","potentialAction":[{"@type":"ReadAction","target":["https:\/\/apymeco.netrotec.com\/campana-verano-2020-ganas-de-comercio\/"]}]},{"@type":"ImageObject","inLanguage":"en-GB","@id":"https:\/\/apymeco.netrotec.com\/campana-verano-2020-ganas-de-comercio\/#primaryimage","url":"https:\/\/apymeco.netrotec.com\/wp-content\/uploads\/2020\/07\/WhatsApp-Image-2020-07-14-at-13.13.25.jpeg","contentUrl":"https:\/\/apymeco.netrotec.com\/wp-content\/uploads\/2020\/07\/WhatsApp-Image-2020-07-14-at-13.13.25.jpeg","width":1600,"height":1066},{"@type":"BreadcrumbList","@id":"https:\/\/apymeco.netrotec.com\/campana-verano-2020-ganas-de-comercio\/#breadcrumb","itemListElement":[{"@type":"ListItem","position":1,"name":"Portada","item":"https:\/\/apymeco.netrotec.com\/"},{"@type":"ListItem","position":2,"name":"CAMPA\u00d1A VERANO 2020 GANAS DE COMERCIO"}]},{"@type":"WebSite","@id":"https:\/\/apymeco.netrotec.com\/#website","url":"https:\/\/apymeco.netrotec.com\/","name":"APYMECO Torrevieja","description":"","publisher":{"@id":"https:\/\/apymeco.netrotec.com\/#organization"},"potentialAction":[{"@type":"SearchAction","target":{"@type":"EntryPoint","urlTemplate":"https:\/\/apymeco.netrotec.com\/?s={search_term_string}"},"query-input":{"@type":"PropertyValueSpecification","valueRequired":true,"valueName":"search_term_string"}}],"inLanguage":"en-GB"},{"@type":"Organization","@id":"https:\/\/apymeco.netrotec.com\/#organization","name":"APYMECO Torrevieja","url":"https:\/\/apymeco.netrotec.com\/","logo":{"@type":"ImageObject","inLanguage":"en-GB","@id":"https:\/\/apymeco.netrotec.com\/#\/schema\/logo\/image\/","url":"https:\/\/apymeco.netrotec.com\/wp-content\/uploads\/2026\/06\/logo-blanco.png","contentUrl":"https:\/\/apymeco.netrotec.com\/wp-content\/uploads\/2026\/06\/logo-blanco.png","width":1107,"height":444,"caption":"APYMECO Torrevieja"},"image":{"@id":"https:\/\/apymeco.netrotec.com\/#\/schema\/logo\/image\/"}},{"@type":"Person","@id":"https:\/\/apymeco.netrotec.com\/#\/schema\/person\/58f3bb0f5e04e2b6067d17d05470d2dd","name":"Apymeco","url":"https:\/\/apymeco.netrotec.com\/en\/author\/apymeco\/"}]}},"_links":{"self":[{"href":"https:\/\/apymeco.netrotec.com\/en\/wp-json\/wp\/v2\/posts\/6339","targetHints":{"allow":["GET"]}}],"collection":[{"href":"https:\/\/apymeco.netrotec.com\/en\/wp-json\/wp\/v2\/posts"}],"about":[{"href":"https:\/\/apymeco.netrotec.com\/en\/wp-json\/wp\/v2\/types\/post"}],"author":[{"embeddable":true,"href":"https:\/\/apymeco.netrotec.com\/en\/wp-json\/wp\/v2\/users\/2"}],"replies":[{"embeddable":true,"href":"https:\/\/apymeco.netrotec.com\/en\/wp-json\/wp\/v2\/comments?post=6339"}],"version-history":[{"count":0,"href":"https:\/\/apymeco.netrotec.com\/en\/wp-json\/wp\/v2\/posts\/6339\/revisions"}],"wp:featuredmedia":[{"embeddable":true,"href":"https:\/\/apymeco.netrotec.com\/en\/wp-json\/wp\/v2\/media\/6340"}],"wp:attachment":[{"href":"https:\/\/apymeco.netrotec.com\/en\/wp-json\/wp\/v2\/media?parent=6339"}],"wp:term":[{"taxonomy":"category","embeddable":true,"href":"https:\/\/apymeco.netrotec.com\/en\/wp-json\/wp\/v2\/categories?post=6339"},{"taxonomy":"post_tag","embeddable":true,"href":"https:\/\/apymeco.netrotec.com\/en\/wp-json\/wp\/v2\/tags?post=6339"}],"curies":[{"name":"wp","href":"https:\/\/api.w.org\/{rel}","templated":true}]}}