{"id":6513,"date":"2020-07-18T18:45:13","date_gmt":"2020-07-18T16:45:13","guid":{"rendered":"https:\/\/www.apymeco.info\/?p=6513"},"modified":"2020-07-18T18:45:13","modified_gmt":"2020-07-18T16:45:13","slug":"la-campana-ganas-de-comercio-llega-a-la-playa-del-cura","status":"publish","type":"post","link":"https:\/\/apymeco.netrotec.com\/en\/la-campana-ganas-de-comercio-llega-a-la-playa-del-cura\/","title":{"rendered":"LA CAMPA\u00d1A GANAS DE COMERCIO LLEGA A LA PLAYA DEL CURA"},"content":{"rendered":"<h1 style=\"text-align: center;\"><strong>\u00a0APYMECO JUNTO CON LA CONCEJAL\u00cdA DE COMERCIO \u00a0DISTRIBUYEN M\u00c1S DE CIEN SOMBRILLAS EN LA PLAYA DE CURA<\/strong><\/h1>\n<p>La c\u00e9ntrica playa del Cura ha sido la elegida el pasado s\u00e1bado 18 de Julio para comenzar la segunda actuaci\u00f3n de la Campa\u00f1a de Incentivaci\u00f3n Comercial y Tur\u00edstica de Verano, tras la puesta en marcha de las carpas informativas distribuidas en las principales playas de la Ciudad, que la <span style=\"color: #333333;\"><strong>C<\/strong><strong><span style=\"color: #333333;\">o<\/span>ncejal\u00eda de Comercio del Ayuntamiento de Torrevieja<\/strong> <\/span>y la <span style=\"color: #333333;\"><strong>Asociaci\u00f3n de Peque\u00f1os y Medianos Comerciantes (APYMECO)<\/strong><\/span>, est\u00e1n realizando conjuntamente.<\/p>\n<p><img fetchpriority=\"high\" decoding=\"async\" class=\"size-medium wp-image-6519 alignright\" src=\"https:\/\/apymeco.netrotec.com\/wp-content\/uploads\/sombrillas-18-jul-2020-12-300x197.jpeg\" alt=\"\" width=\"300\" height=\"197\" \/><\/p>\n<p>Esta ma\u00f1ana, antes del horario oficial de apertura de la playa del Cura, fueron colocadas sobre la arena m\u00e1s de cien sombrillas blancas, con los anagramas del Ayuntamiento, APYMECO y el lema de la campa\u00f1a \u201c<em>Ganas de comercio<\/em>\u201d, ante la agradable sorpresa de los ba\u00f1istas m\u00e1s madrugadores, al comprobar que una vez acabada su jornada de ba\u00f1o, podr\u00edan retirar la sombrilla instalada dentro de su \u00e1rea de seguridad y llev\u00e1rsela a casa.<\/p>\n<p>La concejal de Comercio del Ayuntamiento de Torrevieja, Rosario Mart\u00ednez, junto al coordinador de la Concejal\u00eda, Jos\u00e9 Rubio, y el presidente de APYMECO, Jorge Almarcha, junto a los miembros de su Junta Directiva, estuvieron presentes y colaboraron activamente en la preparaci\u00f3n de esta actividad, que a la vez que original, conlleva un mensaje de cercan\u00eda del comercio de la ciudad a pie de playa.<\/p>\n<p>Rosario Mart\u00ednez inform\u00f3 que todas las playas se ver\u00e1n beneficias de este singular evento, Los N\u00e1ufragos, Los Locos y La Mata, en fechas a\u00fan por determinar, con la intenci\u00f3n de agradecer a todos los veraneantes su fidelidad por continuar visitando Torrevieja en estos dif\u00edciles y complicados tiempos que estamos viviendo.<\/p>\n<p>&nbsp;<\/p>\n<p><img decoding=\"async\" class=\"size-medium wp-image-6518 alignleft\" src=\"https:\/\/apymeco.netrotec.com\/wp-content\/uploads\/campa%C3%B1a-verano-2020-ganasdecomercio-300x300.png\" alt=\"\" width=\"300\" height=\"300\" \/><\/p>\n<p>&nbsp;<\/p>\n<p>&nbsp;<\/p>\n<p>&nbsp;<\/p>","protected":false},"excerpt":{"rendered":"<p>\u00a0APYMECO JUNTO CON LA CONCEJAL\u00cdA DE COMERCIO \u00a0DISTRIBUYEN M\u00c1S DE CIEN SOMBRILLAS EN LA PLAYA DE CURA La c\u00e9ntrica playa [&hellip;]<\/p>\n","protected":false},"author":2,"featured_media":6521,"comment_status":"open","ping_status":"open","sticky":false,"template":"","format":"standard","meta":{"site-sidebar-layout":"default","site-content-layout":"","ast-site-content-layout":"default","site-content-style":"default","site-sidebar-style":"default","ast-global-header-display":"","ast-banner-title-visibility":"","ast-main-header-display":"","ast-hfb-above-header-display":"","ast-hfb-below-header-display":"","ast-hfb-mobile-header-display":"","site-post-title":"","ast-breadcrumbs-content":"","ast-featured-img":"","footer-sml-layout":"","ast-disable-related-posts":"","theme-transparent-header-meta":"","adv-header-id-meta":"","stick-header-meta":"","header-above-stick-meta":"","header-main-stick-meta":"","header-below-stick-meta":"","astra-migrate-meta-layouts":"default","ast-page-background-enabled":"default","ast-page-background-meta":{"desktop":{"background-color":"var(--ast-global-color-5)","background-image":"","background-repeat":"repeat","background-position":"center center","background-size":"auto","background-attachment":"scroll","background-type":"","background-media":"","overlay-type":"","overlay-color":"","overlay-opacity":"","overlay-gradient":""},"tablet":{"background-color":"","background-image":"","background-repeat":"repeat","background-position":"center center","background-size":"auto","background-attachment":"scroll","background-type":"","background-media":"","overlay-type":"","overlay-color":"","overlay-opacity":"","overlay-gradient":""},"mobile":{"background-color":"","background-image":"","background-repeat":"repeat","background-position":"center center","background-size":"auto","background-attachment":"scroll","background-type":"","background-media":"","overlay-type":"","overlay-color":"","overlay-opacity":"","overlay-gradient":""}},"ast-content-background-meta":{"desktop":{"background-color":"var(--ast-global-color-4)","background-image":"","background-repeat":"repeat","background-position":"center center","background-size":"auto","background-attachment":"scroll","background-type":"","background-media":"","overlay-type":"","overlay-color":"","overlay-opacity":"","overlay-gradient":""},"tablet":{"background-color":"var(--ast-global-color-4)","background-image":"","background-repeat":"repeat","background-position":"center center","background-size":"auto","background-attachment":"scroll","background-type":"","background-media":"","overlay-type":"","overlay-color":"","overlay-opacity":"","overlay-gradient":""},"mobile":{"background-color":"var(--ast-global-color-4)","background-image":"","background-repeat":"repeat","background-position":"center center","background-size":"auto","background-attachment":"scroll","background-type":"","background-media":"","overlay-type":"","overlay-color":"","overlay-opacity":"","overlay-gradient":""}},"footnotes":""},"categories":[524,526],"tags":[532,545,546,547],"class_list":["post-6513","post","type-post","status-publish","format-standard","has-post-thumbnail","hentry","category-campanas","category-eventos","tag-campana","tag-ganasdecomercio","tag-verano","tag-veranoapymeco2020"],"yoast_head":"<!-- This site is optimized with the Yoast SEO Premium plugin v27.7 (Yoast SEO v27.8) - https:\/\/yoast.com\/product\/yoast-seo-premium-wordpress\/ -->\n<title>LA CAMPA\u00d1A GANAS DE COMERCIO LLEGA A LA PLAYA DEL CURA - APYMECO Torrevieja<\/title>\n<meta name=\"robots\" content=\"index, follow, max-snippet:-1, max-image-preview:large, max-video-preview:-1\" \/>\n<link rel=\"canonical\" href=\"https:\/\/apymeco.netrotec.com\/en\/la-campana-ganas-de-comercio-llega-a-la-playa-del-cura\/\" \/>\n<meta property=\"og:locale\" content=\"en_GB\" \/>\n<meta property=\"og:type\" content=\"article\" \/>\n<meta property=\"og:title\" content=\"LA CAMPA\u00d1A GANAS DE COMERCIO LLEGA A LA PLAYA DEL CURA\" \/>\n<meta property=\"og:description\" content=\"\u00a0APYMECO JUNTO CON LA CONCEJAL\u00cdA DE COMERCIO \u00a0DISTRIBUYEN M\u00c1S DE CIEN SOMBRILLAS EN LA PLAYA DE CURA La c\u00e9ntrica playa [&hellip;]\" \/>\n<meta property=\"og:url\" content=\"https:\/\/apymeco.netrotec.com\/en\/la-campana-ganas-de-comercio-llega-a-la-playa-del-cura\/\" \/>\n<meta property=\"og:site_name\" content=\"APYMECO Torrevieja\" \/>\n<meta property=\"article:published_time\" content=\"2020-07-18T16:45:13+00:00\" \/>\n<meta property=\"og:image\" content=\"https:\/\/apymeco.netrotec.com\/wp-content\/uploads\/2020\/07\/sombrillas-18-jul-2020-10.jpeg\" \/>\n\t<meta property=\"og:image:width\" content=\"1600\" \/>\n\t<meta property=\"og:image:height\" content=\"1066\" \/>\n\t<meta property=\"og:image:type\" content=\"image\/jpeg\" \/>\n<meta name=\"author\" content=\"Apymeco\" \/>\n<meta name=\"twitter:card\" content=\"summary_large_image\" \/>\n<meta name=\"twitter:label1\" content=\"Written by\" \/>\n\t<meta name=\"twitter:data1\" content=\"Apymeco\" \/>\n\t<meta name=\"twitter:label2\" content=\"Estimated reading time\" \/>\n\t<meta name=\"twitter:data2\" content=\"2 minutes\" \/>\n<script type=\"application\/ld+json\" class=\"yoast-schema-graph\">{\"@context\":\"https:\\\/\\\/schema.org\",\"@graph\":[{\"@type\":\"Article\",\"@id\":\"https:\\\/\\\/apymeco.netrotec.com\\\/la-campana-ganas-de-comercio-llega-a-la-playa-del-cura\\\/#article\",\"isPartOf\":{\"@id\":\"https:\\\/\\\/apymeco.netrotec.com\\\/la-campana-ganas-de-comercio-llega-a-la-playa-del-cura\\\/\"},\"author\":{\"name\":\"Apymeco\",\"@id\":\"https:\\\/\\\/apymeco.netrotec.com\\\/#\\\/schema\\\/person\\\/58f3bb0f5e04e2b6067d17d05470d2dd\"},\"headline\":\"LA CAMPA\u00d1A GANAS DE COMERCIO LLEGA A LA PLAYA DEL CURA\",\"datePublished\":\"2020-07-18T16:45:13+00:00\",\"mainEntityOfPage\":{\"@id\":\"https:\\\/\\\/apymeco.netrotec.com\\\/la-campana-ganas-de-comercio-llega-a-la-playa-del-cura\\\/\"},\"wordCount\":317,\"commentCount\":0,\"publisher\":{\"@id\":\"https:\\\/\\\/apymeco.netrotec.com\\\/#organization\"},\"image\":{\"@id\":\"https:\\\/\\\/apymeco.netrotec.com\\\/la-campana-ganas-de-comercio-llega-a-la-playa-del-cura\\\/#primaryimage\"},\"thumbnailUrl\":\"https:\\\/\\\/apymeco.netrotec.com\\\/wp-content\\\/uploads\\\/2020\\\/07\\\/sombrillas-18-jul-2020-10.jpeg\",\"keywords\":[\"campa\u00f1a\",\"ganasdecomercio\",\"verano\",\"veranoapymeco2020\"],\"articleSection\":[\"Campa\u00f1as\",\"Eventos\"],\"inLanguage\":\"en-GB\",\"potentialAction\":[{\"@type\":\"CommentAction\",\"name\":\"Comment\",\"target\":[\"https:\\\/\\\/apymeco.netrotec.com\\\/la-campana-ganas-de-comercio-llega-a-la-playa-del-cura\\\/#respond\"]}]},{\"@type\":\"WebPage\",\"@id\":\"https:\\\/\\\/apymeco.netrotec.com\\\/la-campana-ganas-de-comercio-llega-a-la-playa-del-cura\\\/\",\"url\":\"https:\\\/\\\/apymeco.netrotec.com\\\/la-campana-ganas-de-comercio-llega-a-la-playa-del-cura\\\/\",\"name\":\"LA CAMPA\u00d1A GANAS DE COMERCIO LLEGA A LA PLAYA DEL CURA - APYMECO Torrevieja\",\"isPartOf\":{\"@id\":\"https:\\\/\\\/apymeco.netrotec.com\\\/#website\"},\"primaryImageOfPage\":{\"@id\":\"https:\\\/\\\/apymeco.netrotec.com\\\/la-campana-ganas-de-comercio-llega-a-la-playa-del-cura\\\/#primaryimage\"},\"image\":{\"@id\":\"https:\\\/\\\/apymeco.netrotec.com\\\/la-campana-ganas-de-comercio-llega-a-la-playa-del-cura\\\/#primaryimage\"},\"thumbnailUrl\":\"https:\\\/\\\/apymeco.netrotec.com\\\/wp-content\\\/uploads\\\/2020\\\/07\\\/sombrillas-18-jul-2020-10.jpeg\",\"datePublished\":\"2020-07-18T16:45:13+00:00\",\"breadcrumb\":{\"@id\":\"https:\\\/\\\/apymeco.netrotec.com\\\/la-campana-ganas-de-comercio-llega-a-la-playa-del-cura\\\/#breadcrumb\"},\"inLanguage\":\"en-GB\",\"potentialAction\":[{\"@type\":\"ReadAction\",\"target\":[\"https:\\\/\\\/apymeco.netrotec.com\\\/la-campana-ganas-de-comercio-llega-a-la-playa-del-cura\\\/\"]}]},{\"@type\":\"ImageObject\",\"inLanguage\":\"en-GB\",\"@id\":\"https:\\\/\\\/apymeco.netrotec.com\\\/la-campana-ganas-de-comercio-llega-a-la-playa-del-cura\\\/#primaryimage\",\"url\":\"https:\\\/\\\/apymeco.netrotec.com\\\/wp-content\\\/uploads\\\/2020\\\/07\\\/sombrillas-18-jul-2020-10.jpeg\",\"contentUrl\":\"https:\\\/\\\/apymeco.netrotec.com\\\/wp-content\\\/uploads\\\/2020\\\/07\\\/sombrillas-18-jul-2020-10.jpeg\",\"width\":1600,\"height\":1066},{\"@type\":\"BreadcrumbList\",\"@id\":\"https:\\\/\\\/apymeco.netrotec.com\\\/la-campana-ganas-de-comercio-llega-a-la-playa-del-cura\\\/#breadcrumb\",\"itemListElement\":[{\"@type\":\"ListItem\",\"position\":1,\"name\":\"Portada\",\"item\":\"https:\\\/\\\/apymeco.netrotec.com\\\/\"},{\"@type\":\"ListItem\",\"position\":2,\"name\":\"LA CAMPA\u00d1A GANAS DE COMERCIO LLEGA A LA PLAYA DEL CURA\"}]},{\"@type\":\"WebSite\",\"@id\":\"https:\\\/\\\/apymeco.netrotec.com\\\/#website\",\"url\":\"https:\\\/\\\/apymeco.netrotec.com\\\/\",\"name\":\"APYMECO Torrevieja\",\"description\":\"\",\"publisher\":{\"@id\":\"https:\\\/\\\/apymeco.netrotec.com\\\/#organization\"},\"potentialAction\":[{\"@type\":\"SearchAction\",\"target\":{\"@type\":\"EntryPoint\",\"urlTemplate\":\"https:\\\/\\\/apymeco.netrotec.com\\\/?s={search_term_string}\"},\"query-input\":{\"@type\":\"PropertyValueSpecification\",\"valueRequired\":true,\"valueName\":\"search_term_string\"}}],\"inLanguage\":\"en-GB\"},{\"@type\":\"Organization\",\"@id\":\"https:\\\/\\\/apymeco.netrotec.com\\\/#organization\",\"name\":\"APYMECO Torrevieja\",\"url\":\"https:\\\/\\\/apymeco.netrotec.com\\\/\",\"logo\":{\"@type\":\"ImageObject\",\"inLanguage\":\"en-GB\",\"@id\":\"https:\\\/\\\/apymeco.netrotec.com\\\/#\\\/schema\\\/logo\\\/image\\\/\",\"url\":\"https:\\\/\\\/apymeco.netrotec.com\\\/wp-content\\\/uploads\\\/2026\\\/06\\\/logo-blanco.png\",\"contentUrl\":\"https:\\\/\\\/apymeco.netrotec.com\\\/wp-content\\\/uploads\\\/2026\\\/06\\\/logo-blanco.png\",\"width\":1107,\"height\":444,\"caption\":\"APYMECO Torrevieja\"},\"image\":{\"@id\":\"https:\\\/\\\/apymeco.netrotec.com\\\/#\\\/schema\\\/logo\\\/image\\\/\"}},{\"@type\":\"Person\",\"@id\":\"https:\\\/\\\/apymeco.netrotec.com\\\/#\\\/schema\\\/person\\\/58f3bb0f5e04e2b6067d17d05470d2dd\",\"name\":\"Apymeco\",\"url\":\"https:\\\/\\\/apymeco.netrotec.com\\\/en\\\/author\\\/apymeco\\\/\"}]}<\/script>\n<!-- \/ Yoast SEO Premium plugin. -->","yoast_head_json":{"title":"LA CAMPA\u00d1A GANAS DE COMERCIO LLEGA A LA PLAYA DEL CURA - APYMECO Torrevieja","robots":{"index":"index","follow":"follow","max-snippet":"max-snippet:-1","max-image-preview":"max-image-preview:large","max-video-preview":"max-video-preview:-1"},"canonical":"https:\/\/apymeco.netrotec.com\/en\/la-campana-ganas-de-comercio-llega-a-la-playa-del-cura\/","og_locale":"en_GB","og_type":"article","og_title":"LA CAMPA\u00d1A GANAS DE COMERCIO LLEGA A LA PLAYA DEL CURA","og_description":"\u00a0APYMECO JUNTO CON LA CONCEJAL\u00cdA DE COMERCIO \u00a0DISTRIBUYEN M\u00c1S DE CIEN SOMBRILLAS EN LA PLAYA DE CURA La c\u00e9ntrica playa [&hellip;]","og_url":"https:\/\/apymeco.netrotec.com\/en\/la-campana-ganas-de-comercio-llega-a-la-playa-del-cura\/","og_site_name":"APYMECO Torrevieja","article_published_time":"2020-07-18T16:45:13+00:00","og_image":[{"width":1600,"height":1066,"url":"https:\/\/apymeco.netrotec.com\/wp-content\/uploads\/2020\/07\/sombrillas-18-jul-2020-10.jpeg","type":"image\/jpeg"}],"author":"Apymeco","twitter_card":"summary_large_image","twitter_misc":{"Written by":"Apymeco","Estimated reading time":"2 minutes"},"schema":{"@context":"https:\/\/schema.org","@graph":[{"@type":"Article","@id":"https:\/\/apymeco.netrotec.com\/la-campana-ganas-de-comercio-llega-a-la-playa-del-cura\/#article","isPartOf":{"@id":"https:\/\/apymeco.netrotec.com\/la-campana-ganas-de-comercio-llega-a-la-playa-del-cura\/"},"author":{"name":"Apymeco","@id":"https:\/\/apymeco.netrotec.com\/#\/schema\/person\/58f3bb0f5e04e2b6067d17d05470d2dd"},"headline":"LA CAMPA\u00d1A GANAS DE COMERCIO LLEGA A LA PLAYA DEL CURA","datePublished":"2020-07-18T16:45:13+00:00","mainEntityOfPage":{"@id":"https:\/\/apymeco.netrotec.com\/la-campana-ganas-de-comercio-llega-a-la-playa-del-cura\/"},"wordCount":317,"commentCount":0,"publisher":{"@id":"https:\/\/apymeco.netrotec.com\/#organization"},"image":{"@id":"https:\/\/apymeco.netrotec.com\/la-campana-ganas-de-comercio-llega-a-la-playa-del-cura\/#primaryimage"},"thumbnailUrl":"https:\/\/apymeco.netrotec.com\/wp-content\/uploads\/2020\/07\/sombrillas-18-jul-2020-10.jpeg","keywords":["campa\u00f1a","ganasdecomercio","verano","veranoapymeco2020"],"articleSection":["Campa\u00f1as","Eventos"],"inLanguage":"en-GB","potentialAction":[{"@type":"CommentAction","name":"Comment","target":["https:\/\/apymeco.netrotec.com\/la-campana-ganas-de-comercio-llega-a-la-playa-del-cura\/#respond"]}]},{"@type":"WebPage","@id":"https:\/\/apymeco.netrotec.com\/la-campana-ganas-de-comercio-llega-a-la-playa-del-cura\/","url":"https:\/\/apymeco.netrotec.com\/la-campana-ganas-de-comercio-llega-a-la-playa-del-cura\/","name":"LA CAMPA\u00d1A GANAS DE COMERCIO LLEGA A LA PLAYA DEL CURA - APYMECO Torrevieja","isPartOf":{"@id":"https:\/\/apymeco.netrotec.com\/#website"},"primaryImageOfPage":{"@id":"https:\/\/apymeco.netrotec.com\/la-campana-ganas-de-comercio-llega-a-la-playa-del-cura\/#primaryimage"},"image":{"@id":"https:\/\/apymeco.netrotec.com\/la-campana-ganas-de-comercio-llega-a-la-playa-del-cura\/#primaryimage"},"thumbnailUrl":"https:\/\/apymeco.netrotec.com\/wp-content\/uploads\/2020\/07\/sombrillas-18-jul-2020-10.jpeg","datePublished":"2020-07-18T16:45:13+00:00","breadcrumb":{"@id":"https:\/\/apymeco.netrotec.com\/la-campana-ganas-de-comercio-llega-a-la-playa-del-cura\/#breadcrumb"},"inLanguage":"en-GB","potentialAction":[{"@type":"ReadAction","target":["https:\/\/apymeco.netrotec.com\/la-campana-ganas-de-comercio-llega-a-la-playa-del-cura\/"]}]},{"@type":"ImageObject","inLanguage":"en-GB","@id":"https:\/\/apymeco.netrotec.com\/la-campana-ganas-de-comercio-llega-a-la-playa-del-cura\/#primaryimage","url":"https:\/\/apymeco.netrotec.com\/wp-content\/uploads\/2020\/07\/sombrillas-18-jul-2020-10.jpeg","contentUrl":"https:\/\/apymeco.netrotec.com\/wp-content\/uploads\/2020\/07\/sombrillas-18-jul-2020-10.jpeg","width":1600,"height":1066},{"@type":"BreadcrumbList","@id":"https:\/\/apymeco.netrotec.com\/la-campana-ganas-de-comercio-llega-a-la-playa-del-cura\/#breadcrumb","itemListElement":[{"@type":"ListItem","position":1,"name":"Portada","item":"https:\/\/apymeco.netrotec.com\/"},{"@type":"ListItem","position":2,"name":"LA CAMPA\u00d1A GANAS DE COMERCIO LLEGA A LA PLAYA DEL CURA"}]},{"@type":"WebSite","@id":"https:\/\/apymeco.netrotec.com\/#website","url":"https:\/\/apymeco.netrotec.com\/","name":"APYMECO Torrevieja","description":"","publisher":{"@id":"https:\/\/apymeco.netrotec.com\/#organization"},"potentialAction":[{"@type":"SearchAction","target":{"@type":"EntryPoint","urlTemplate":"https:\/\/apymeco.netrotec.com\/?s={search_term_string}"},"query-input":{"@type":"PropertyValueSpecification","valueRequired":true,"valueName":"search_term_string"}}],"inLanguage":"en-GB"},{"@type":"Organization","@id":"https:\/\/apymeco.netrotec.com\/#organization","name":"APYMECO Torrevieja","url":"https:\/\/apymeco.netrotec.com\/","logo":{"@type":"ImageObject","inLanguage":"en-GB","@id":"https:\/\/apymeco.netrotec.com\/#\/schema\/logo\/image\/","url":"https:\/\/apymeco.netrotec.com\/wp-content\/uploads\/2026\/06\/logo-blanco.png","contentUrl":"https:\/\/apymeco.netrotec.com\/wp-content\/uploads\/2026\/06\/logo-blanco.png","width":1107,"height":444,"caption":"APYMECO Torrevieja"},"image":{"@id":"https:\/\/apymeco.netrotec.com\/#\/schema\/logo\/image\/"}},{"@type":"Person","@id":"https:\/\/apymeco.netrotec.com\/#\/schema\/person\/58f3bb0f5e04e2b6067d17d05470d2dd","name":"Apymeco","url":"https:\/\/apymeco.netrotec.com\/en\/author\/apymeco\/"}]}},"_links":{"self":[{"href":"https:\/\/apymeco.netrotec.com\/en\/wp-json\/wp\/v2\/posts\/6513","targetHints":{"allow":["GET"]}}],"collection":[{"href":"https:\/\/apymeco.netrotec.com\/en\/wp-json\/wp\/v2\/posts"}],"about":[{"href":"https:\/\/apymeco.netrotec.com\/en\/wp-json\/wp\/v2\/types\/post"}],"author":[{"embeddable":true,"href":"https:\/\/apymeco.netrotec.com\/en\/wp-json\/wp\/v2\/users\/2"}],"replies":[{"embeddable":true,"href":"https:\/\/apymeco.netrotec.com\/en\/wp-json\/wp\/v2\/comments?post=6513"}],"version-history":[{"count":0,"href":"https:\/\/apymeco.netrotec.com\/en\/wp-json\/wp\/v2\/posts\/6513\/revisions"}],"wp:featuredmedia":[{"embeddable":true,"href":"https:\/\/apymeco.netrotec.com\/en\/wp-json\/wp\/v2\/media\/6521"}],"wp:attachment":[{"href":"https:\/\/apymeco.netrotec.com\/en\/wp-json\/wp\/v2\/media?parent=6513"}],"wp:term":[{"taxonomy":"category","embeddable":true,"href":"https:\/\/apymeco.netrotec.com\/en\/wp-json\/wp\/v2\/categories?post=6513"},{"taxonomy":"post_tag","embeddable":true,"href":"https:\/\/apymeco.netrotec.com\/en\/wp-json\/wp\/v2\/tags?post=6513"}],"curies":[{"name":"wp","href":"https:\/\/api.w.org\/{rel}","templated":true}]}}