{"id":6609,"date":"2020-08-14T14:07:03","date_gmt":"2020-08-14T12:07:03","guid":{"rendered":"https:\/\/www.apymeco.info\/?p=6609"},"modified":"2020-08-14T14:07:03","modified_gmt":"2020-08-14T12:07:03","slug":"amanecer-entre-sombrillas","status":"publish","type":"post","link":"https:\/\/apymeco.netrotec.com\/en\/amanecer-entre-sombrillas\/","title":{"rendered":"AMANECER ENTRE SOMBRILLAS"},"content":{"rendered":"<h2 style=\"text-align: center;\"><strong><u>AMANECER\u00a0 A LA SOMBRA EN LA PLAYA DE LOS LOCOS<\/u><\/strong><\/h2>\n<p><strong>\u00a0<\/strong><\/p>\n<p><strong>La Concejal\u00eda de Comercio, junto con APYMECO, contin\u00faa la campa\u00f1a de potenciaci\u00f3n comercial que arranc\u00f3 el pasado mes de julio con la colocaci\u00f3n de m\u00e1s de medio centenar de sombrillas en la Playa de Los Locos<\/strong><\/p>\n<p><strong>\u00a0<\/strong><\/p>\n<p><strong>TORREVIEJA (14-08-20).<\/strong> La Playa de Los Locos, en su tramo oriental, junto el puesto de Salvamento, ha sido esta ma\u00f1ana la tercera playa de Torrevieja que amanece con una sorpresa para sus usuarios, con las sombrillas que ha preparado la Concejal\u00eda de Comercio del Ayuntamiento de Torrevieja, y que arranc\u00f3 en la playa del Cura el pasado mes de julio y que concluir\u00e1 en la Playa de Los N\u00e1ufragos a finales de este mes de agosto.<\/p>\n<p>&nbsp;<\/p>\n<p>Esta actuaci\u00f3n forma parte de la campa\u00f1a de potenciaci\u00f3n comercial que puso en marcha el Ayuntamiento junto con la asociaci\u00f3n APYMECO con la instalaci\u00f3n en las principales playas de la localidad de carpas informativas para que, todo aquel que visite nuestras playas, pueda conocer la oferta tur\u00edstica, comercial, gastron\u00f3mica, deportiva y cultural que tiene la ciudad. La instalaci\u00f3n de estos parasoles con el emblema de la Concejal\u00eda comenz\u00f3 el pasado 18 de julio, en la playa del Cura, para sorpresa de todos sus usuarios.<\/p>\n<p>&nbsp;<\/p>\n<p>Antes de la apertura oficial de la Playa de Los Locos, han sido colocadas sobre la arena, m\u00e1s de medio centenar de sombrillas azules, con los escudos del Ayuntamiento, APYMECO y el eslogan de la campa\u00f1a \u201cGanas de comercio\u201d. Los ba\u00f1istas m\u00e1s madrugadores, algunos de los cuales ya conoc\u00edan la campa\u00f1a, se sorprendieron al saber\u00a0 que una vez acabada su jornada de ba\u00f1o, podr\u00edan retirar la sombrilla instalada dentro de la parcela que ocupaban y llev\u00e1rsela a casa.<\/p>\n<p>&nbsp;<\/p>\n<p>La concejal de Comercio, Rosario Mart\u00ednez, junto al coordinador de la Concejal\u00eda, Jos\u00e9 Rubio, y el presidente de APYMECO, Jorge Almarcha con su Junta Directiva, han participado activamente en la preparaci\u00f3n de esta actividad, que a la vez que original, conlleva un mensaje de cercan\u00eda del comercio de la ciudad a pie de playa.<\/p>\n<p>&nbsp;<\/p>\n<p>Rosario Mart\u00ednez declar\u00f3 que \u00a0con esta original promoci\u00f3n que realiza con la intenci\u00f3n de agradecer a todos los veraneantes su fidelidad por continuar visitando Torrevieja en estos dif\u00edciles y complicados tiempos que estamos viviendo.<\/p>\n<p><strong>\u00a0<\/strong><\/p>\n<p><img fetchpriority=\"high\" decoding=\"async\" class=\"wp-image-6610 alignleft\" src=\"https:\/\/apymeco.netrotec.com\/wp-content\/uploads\/LOS-LOCOS-2020-08-14-at-07.46-18-300x225.jpeg\" alt=\"\" width=\"303\" height=\"227\" \/><\/p>\n<p>&nbsp;<\/p>\n<p><img decoding=\"async\" class=\"wp-image-6616 aligncenter\" src=\"https:\/\/apymeco.netrotec.com\/wp-content\/uploads\/LOS-LOCOS-2020-08-14-at-07.46-7-300x169.jpeg\" alt=\"\" width=\"364\" height=\"205\" \/><\/p>\n<p><img decoding=\"async\" class=\"wp-image-6620 alignright\" src=\"https:\/\/apymeco.netrotec.com\/wp-content\/uploads\/LOS-LOCOS-2020-08-14-at-07.46-11-300x225.jpeg\" alt=\"\" width=\"334\" height=\"250\" \/><img loading=\"lazy\" decoding=\"async\" class=\"wp-image-6611 alignleft\" src=\"https:\/\/apymeco.netrotec.com\/wp-content\/uploads\/LOS-LOCOS-2020-08-14-at-07.46-1-300x225.jpeg\" alt=\"\" width=\"342\" height=\"257\" \/><\/p>\n<p>&nbsp;<\/p>","protected":false},"excerpt":{"rendered":"<p>AMANECER\u00a0 A LA SOMBRA EN LA PLAYA DE LOS LOCOS \u00a0 La Concejal\u00eda de Comercio, junto con APYMECO, contin\u00faa la [&hellip;]<\/p>\n","protected":false},"author":2,"featured_media":6614,"comment_status":"open","ping_status":"open","sticky":false,"template":"","format":"standard","meta":{"site-sidebar-layout":"default","site-content-layout":"","ast-site-content-layout":"default","site-content-style":"default","site-sidebar-style":"default","ast-global-header-display":"","ast-banner-title-visibility":"","ast-main-header-display":"","ast-hfb-above-header-display":"","ast-hfb-below-header-display":"","ast-hfb-mobile-header-display":"","site-post-title":"","ast-breadcrumbs-content":"","ast-featured-img":"","footer-sml-layout":"","ast-disable-related-posts":"","theme-transparent-header-meta":"","adv-header-id-meta":"","stick-header-meta":"","header-above-stick-meta":"","header-main-stick-meta":"","header-below-stick-meta":"","astra-migrate-meta-layouts":"default","ast-page-background-enabled":"default","ast-page-background-meta":{"desktop":{"background-color":"var(--ast-global-color-5)","background-image":"","background-repeat":"repeat","background-position":"center center","background-size":"auto","background-attachment":"scroll","background-type":"","background-media":"","overlay-type":"","overlay-color":"","overlay-opacity":"","overlay-gradient":""},"tablet":{"background-color":"","background-image":"","background-repeat":"repeat","background-position":"center center","background-size":"auto","background-attachment":"scroll","background-type":"","background-media":"","overlay-type":"","overlay-color":"","overlay-opacity":"","overlay-gradient":""},"mobile":{"background-color":"","background-image":"","background-repeat":"repeat","background-position":"center center","background-size":"auto","background-attachment":"scroll","background-type":"","background-media":"","overlay-type":"","overlay-color":"","overlay-opacity":"","overlay-gradient":""}},"ast-content-background-meta":{"desktop":{"background-color":"var(--ast-global-color-4)","background-image":"","background-repeat":"repeat","background-position":"center center","background-size":"auto","background-attachment":"scroll","background-type":"","background-media":"","overlay-type":"","overlay-color":"","overlay-opacity":"","overlay-gradient":""},"tablet":{"background-color":"var(--ast-global-color-4)","background-image":"","background-repeat":"repeat","background-position":"center center","background-size":"auto","background-attachment":"scroll","background-type":"","background-media":"","overlay-type":"","overlay-color":"","overlay-opacity":"","overlay-gradient":""},"mobile":{"background-color":"var(--ast-global-color-4)","background-image":"","background-repeat":"repeat","background-position":"center center","background-size":"auto","background-attachment":"scroll","background-type":"","background-media":"","overlay-type":"","overlay-color":"","overlay-opacity":"","overlay-gradient":""}},"footnotes":""},"categories":[524,526],"tags":[560,519,552,545,561,547],"class_list":["post-6609","post","type-post","status-publish","format-standard","has-post-thumbnail","hentry","category-campanas","category-eventos","tag-amanecer-entre-sombrillas","tag-apymeco","tag-apymecotorrevieja","tag-ganasdecomercio","tag-playa-los-locos","tag-veranoapymeco2020"],"yoast_head":"<!-- This site is optimized with the Yoast SEO Premium plugin v27.7 (Yoast SEO v27.8) - https:\/\/yoast.com\/product\/yoast-seo-premium-wordpress\/ -->\n<title>AMANECER ENTRE SOMBRILLAS - APYMECO Torrevieja<\/title>\n<meta name=\"robots\" content=\"index, follow, max-snippet:-1, max-image-preview:large, max-video-preview:-1\" \/>\n<link rel=\"canonical\" href=\"https:\/\/apymeco.netrotec.com\/en\/amanecer-entre-sombrillas\/\" \/>\n<meta property=\"og:locale\" content=\"en_GB\" \/>\n<meta property=\"og:type\" content=\"article\" \/>\n<meta property=\"og:title\" content=\"AMANECER ENTRE SOMBRILLAS\" \/>\n<meta property=\"og:description\" content=\"AMANECER\u00a0 A LA SOMBRA EN LA PLAYA DE LOS LOCOS \u00a0 La Concejal\u00eda de Comercio, junto con APYMECO, contin\u00faa la [&hellip;]\" \/>\n<meta property=\"og:url\" content=\"https:\/\/apymeco.netrotec.com\/en\/amanecer-entre-sombrillas\/\" \/>\n<meta property=\"og:site_name\" content=\"APYMECO Torrevieja\" \/>\n<meta property=\"article:published_time\" content=\"2020-08-14T12:07:03+00:00\" \/>\n<meta property=\"og:image\" content=\"https:\/\/apymeco.netrotec.com\/wp-content\/uploads\/2020\/08\/LOS-LOCOS-2020-08-14-at-07.46-5.jpeg\" \/>\n\t<meta property=\"og:image:width\" content=\"2016\" \/>\n\t<meta property=\"og:image:height\" content=\"1134\" \/>\n\t<meta property=\"og:image:type\" content=\"image\/jpeg\" \/>\n<meta name=\"author\" content=\"Apymeco\" \/>\n<meta name=\"twitter:card\" content=\"summary_large_image\" \/>\n<meta name=\"twitter:label1\" content=\"Written by\" \/>\n\t<meta name=\"twitter:data1\" content=\"Apymeco\" \/>\n\t<meta name=\"twitter:label2\" content=\"Estimated reading time\" \/>\n\t<meta name=\"twitter:data2\" content=\"2 minutes\" \/>\n<script type=\"application\/ld+json\" class=\"yoast-schema-graph\">{\"@context\":\"https:\\\/\\\/schema.org\",\"@graph\":[{\"@type\":\"Article\",\"@id\":\"https:\\\/\\\/apymeco.netrotec.com\\\/amanecer-entre-sombrillas\\\/#article\",\"isPartOf\":{\"@id\":\"https:\\\/\\\/apymeco.netrotec.com\\\/amanecer-entre-sombrillas\\\/\"},\"author\":{\"name\":\"Apymeco\",\"@id\":\"https:\\\/\\\/apymeco.netrotec.com\\\/#\\\/schema\\\/person\\\/58f3bb0f5e04e2b6067d17d05470d2dd\"},\"headline\":\"AMANECER ENTRE SOMBRILLAS\",\"datePublished\":\"2020-08-14T12:07:03+00:00\",\"mainEntityOfPage\":{\"@id\":\"https:\\\/\\\/apymeco.netrotec.com\\\/amanecer-entre-sombrillas\\\/\"},\"wordCount\":416,\"commentCount\":0,\"publisher\":{\"@id\":\"https:\\\/\\\/apymeco.netrotec.com\\\/#organization\"},\"image\":{\"@id\":\"https:\\\/\\\/apymeco.netrotec.com\\\/amanecer-entre-sombrillas\\\/#primaryimage\"},\"thumbnailUrl\":\"https:\\\/\\\/apymeco.netrotec.com\\\/wp-content\\\/uploads\\\/2020\\\/08\\\/LOS-LOCOS-2020-08-14-at-07.46-5.jpeg\",\"keywords\":[\"AMANECER ENTRE SOMBRILLAS\",\"apymeco\",\"APYMECOTORREVIEJA\",\"ganasdecomercio\",\"PLAYA LOS LOCOS\",\"veranoapymeco2020\"],\"articleSection\":[\"Campa\u00f1as\",\"Eventos\"],\"inLanguage\":\"en-GB\",\"potentialAction\":[{\"@type\":\"CommentAction\",\"name\":\"Comment\",\"target\":[\"https:\\\/\\\/apymeco.netrotec.com\\\/amanecer-entre-sombrillas\\\/#respond\"]}]},{\"@type\":\"WebPage\",\"@id\":\"https:\\\/\\\/apymeco.netrotec.com\\\/amanecer-entre-sombrillas\\\/\",\"url\":\"https:\\\/\\\/apymeco.netrotec.com\\\/amanecer-entre-sombrillas\\\/\",\"name\":\"AMANECER ENTRE SOMBRILLAS - APYMECO Torrevieja\",\"isPartOf\":{\"@id\":\"https:\\\/\\\/apymeco.netrotec.com\\\/#website\"},\"primaryImageOfPage\":{\"@id\":\"https:\\\/\\\/apymeco.netrotec.com\\\/amanecer-entre-sombrillas\\\/#primaryimage\"},\"image\":{\"@id\":\"https:\\\/\\\/apymeco.netrotec.com\\\/amanecer-entre-sombrillas\\\/#primaryimage\"},\"thumbnailUrl\":\"https:\\\/\\\/apymeco.netrotec.com\\\/wp-content\\\/uploads\\\/2020\\\/08\\\/LOS-LOCOS-2020-08-14-at-07.46-5.jpeg\",\"datePublished\":\"2020-08-14T12:07:03+00:00\",\"breadcrumb\":{\"@id\":\"https:\\\/\\\/apymeco.netrotec.com\\\/amanecer-entre-sombrillas\\\/#breadcrumb\"},\"inLanguage\":\"en-GB\",\"potentialAction\":[{\"@type\":\"ReadAction\",\"target\":[\"https:\\\/\\\/apymeco.netrotec.com\\\/amanecer-entre-sombrillas\\\/\"]}]},{\"@type\":\"ImageObject\",\"inLanguage\":\"en-GB\",\"@id\":\"https:\\\/\\\/apymeco.netrotec.com\\\/amanecer-entre-sombrillas\\\/#primaryimage\",\"url\":\"https:\\\/\\\/apymeco.netrotec.com\\\/wp-content\\\/uploads\\\/2020\\\/08\\\/LOS-LOCOS-2020-08-14-at-07.46-5.jpeg\",\"contentUrl\":\"https:\\\/\\\/apymeco.netrotec.com\\\/wp-content\\\/uploads\\\/2020\\\/08\\\/LOS-LOCOS-2020-08-14-at-07.46-5.jpeg\",\"width\":2016,\"height\":1134},{\"@type\":\"BreadcrumbList\",\"@id\":\"https:\\\/\\\/apymeco.netrotec.com\\\/amanecer-entre-sombrillas\\\/#breadcrumb\",\"itemListElement\":[{\"@type\":\"ListItem\",\"position\":1,\"name\":\"Portada\",\"item\":\"https:\\\/\\\/apymeco.netrotec.com\\\/\"},{\"@type\":\"ListItem\",\"position\":2,\"name\":\"AMANECER ENTRE SOMBRILLAS\"}]},{\"@type\":\"WebSite\",\"@id\":\"https:\\\/\\\/apymeco.netrotec.com\\\/#website\",\"url\":\"https:\\\/\\\/apymeco.netrotec.com\\\/\",\"name\":\"APYMECO Torrevieja\",\"description\":\"\",\"publisher\":{\"@id\":\"https:\\\/\\\/apymeco.netrotec.com\\\/#organization\"},\"potentialAction\":[{\"@type\":\"SearchAction\",\"target\":{\"@type\":\"EntryPoint\",\"urlTemplate\":\"https:\\\/\\\/apymeco.netrotec.com\\\/?s={search_term_string}\"},\"query-input\":{\"@type\":\"PropertyValueSpecification\",\"valueRequired\":true,\"valueName\":\"search_term_string\"}}],\"inLanguage\":\"en-GB\"},{\"@type\":\"Organization\",\"@id\":\"https:\\\/\\\/apymeco.netrotec.com\\\/#organization\",\"name\":\"APYMECO Torrevieja\",\"url\":\"https:\\\/\\\/apymeco.netrotec.com\\\/\",\"logo\":{\"@type\":\"ImageObject\",\"inLanguage\":\"en-GB\",\"@id\":\"https:\\\/\\\/apymeco.netrotec.com\\\/#\\\/schema\\\/logo\\\/image\\\/\",\"url\":\"https:\\\/\\\/apymeco.netrotec.com\\\/wp-content\\\/uploads\\\/2026\\\/06\\\/logo-blanco.png\",\"contentUrl\":\"https:\\\/\\\/apymeco.netrotec.com\\\/wp-content\\\/uploads\\\/2026\\\/06\\\/logo-blanco.png\",\"width\":1107,\"height\":444,\"caption\":\"APYMECO Torrevieja\"},\"image\":{\"@id\":\"https:\\\/\\\/apymeco.netrotec.com\\\/#\\\/schema\\\/logo\\\/image\\\/\"}},{\"@type\":\"Person\",\"@id\":\"https:\\\/\\\/apymeco.netrotec.com\\\/#\\\/schema\\\/person\\\/58f3bb0f5e04e2b6067d17d05470d2dd\",\"name\":\"Apymeco\",\"url\":\"https:\\\/\\\/apymeco.netrotec.com\\\/en\\\/author\\\/apymeco\\\/\"}]}<\/script>\n<!-- \/ Yoast SEO Premium plugin. -->","yoast_head_json":{"title":"AMANECER ENTRE SOMBRILLAS - APYMECO Torrevieja","robots":{"index":"index","follow":"follow","max-snippet":"max-snippet:-1","max-image-preview":"max-image-preview:large","max-video-preview":"max-video-preview:-1"},"canonical":"https:\/\/apymeco.netrotec.com\/en\/amanecer-entre-sombrillas\/","og_locale":"en_GB","og_type":"article","og_title":"AMANECER ENTRE SOMBRILLAS","og_description":"AMANECER\u00a0 A LA SOMBRA EN LA PLAYA DE LOS LOCOS \u00a0 La Concejal\u00eda de Comercio, junto con APYMECO, contin\u00faa la [&hellip;]","og_url":"https:\/\/apymeco.netrotec.com\/en\/amanecer-entre-sombrillas\/","og_site_name":"APYMECO Torrevieja","article_published_time":"2020-08-14T12:07:03+00:00","og_image":[{"width":2016,"height":1134,"url":"https:\/\/apymeco.netrotec.com\/wp-content\/uploads\/2020\/08\/LOS-LOCOS-2020-08-14-at-07.46-5.jpeg","type":"image\/jpeg"}],"author":"Apymeco","twitter_card":"summary_large_image","twitter_misc":{"Written by":"Apymeco","Estimated reading time":"2 minutes"},"schema":{"@context":"https:\/\/schema.org","@graph":[{"@type":"Article","@id":"https:\/\/apymeco.netrotec.com\/amanecer-entre-sombrillas\/#article","isPartOf":{"@id":"https:\/\/apymeco.netrotec.com\/amanecer-entre-sombrillas\/"},"author":{"name":"Apymeco","@id":"https:\/\/apymeco.netrotec.com\/#\/schema\/person\/58f3bb0f5e04e2b6067d17d05470d2dd"},"headline":"AMANECER ENTRE SOMBRILLAS","datePublished":"2020-08-14T12:07:03+00:00","mainEntityOfPage":{"@id":"https:\/\/apymeco.netrotec.com\/amanecer-entre-sombrillas\/"},"wordCount":416,"commentCount":0,"publisher":{"@id":"https:\/\/apymeco.netrotec.com\/#organization"},"image":{"@id":"https:\/\/apymeco.netrotec.com\/amanecer-entre-sombrillas\/#primaryimage"},"thumbnailUrl":"https:\/\/apymeco.netrotec.com\/wp-content\/uploads\/2020\/08\/LOS-LOCOS-2020-08-14-at-07.46-5.jpeg","keywords":["AMANECER ENTRE SOMBRILLAS","apymeco","APYMECOTORREVIEJA","ganasdecomercio","PLAYA LOS LOCOS","veranoapymeco2020"],"articleSection":["Campa\u00f1as","Eventos"],"inLanguage":"en-GB","potentialAction":[{"@type":"CommentAction","name":"Comment","target":["https:\/\/apymeco.netrotec.com\/amanecer-entre-sombrillas\/#respond"]}]},{"@type":"WebPage","@id":"https:\/\/apymeco.netrotec.com\/amanecer-entre-sombrillas\/","url":"https:\/\/apymeco.netrotec.com\/amanecer-entre-sombrillas\/","name":"AMANECER ENTRE SOMBRILLAS - APYMECO Torrevieja","isPartOf":{"@id":"https:\/\/apymeco.netrotec.com\/#website"},"primaryImageOfPage":{"@id":"https:\/\/apymeco.netrotec.com\/amanecer-entre-sombrillas\/#primaryimage"},"image":{"@id":"https:\/\/apymeco.netrotec.com\/amanecer-entre-sombrillas\/#primaryimage"},"thumbnailUrl":"https:\/\/apymeco.netrotec.com\/wp-content\/uploads\/2020\/08\/LOS-LOCOS-2020-08-14-at-07.46-5.jpeg","datePublished":"2020-08-14T12:07:03+00:00","breadcrumb":{"@id":"https:\/\/apymeco.netrotec.com\/amanecer-entre-sombrillas\/#breadcrumb"},"inLanguage":"en-GB","potentialAction":[{"@type":"ReadAction","target":["https:\/\/apymeco.netrotec.com\/amanecer-entre-sombrillas\/"]}]},{"@type":"ImageObject","inLanguage":"en-GB","@id":"https:\/\/apymeco.netrotec.com\/amanecer-entre-sombrillas\/#primaryimage","url":"https:\/\/apymeco.netrotec.com\/wp-content\/uploads\/2020\/08\/LOS-LOCOS-2020-08-14-at-07.46-5.jpeg","contentUrl":"https:\/\/apymeco.netrotec.com\/wp-content\/uploads\/2020\/08\/LOS-LOCOS-2020-08-14-at-07.46-5.jpeg","width":2016,"height":1134},{"@type":"BreadcrumbList","@id":"https:\/\/apymeco.netrotec.com\/amanecer-entre-sombrillas\/#breadcrumb","itemListElement":[{"@type":"ListItem","position":1,"name":"Portada","item":"https:\/\/apymeco.netrotec.com\/"},{"@type":"ListItem","position":2,"name":"AMANECER ENTRE SOMBRILLAS"}]},{"@type":"WebSite","@id":"https:\/\/apymeco.netrotec.com\/#website","url":"https:\/\/apymeco.netrotec.com\/","name":"APYMECO Torrevieja","description":"","publisher":{"@id":"https:\/\/apymeco.netrotec.com\/#organization"},"potentialAction":[{"@type":"SearchAction","target":{"@type":"EntryPoint","urlTemplate":"https:\/\/apymeco.netrotec.com\/?s={search_term_string}"},"query-input":{"@type":"PropertyValueSpecification","valueRequired":true,"valueName":"search_term_string"}}],"inLanguage":"en-GB"},{"@type":"Organization","@id":"https:\/\/apymeco.netrotec.com\/#organization","name":"APYMECO Torrevieja","url":"https:\/\/apymeco.netrotec.com\/","logo":{"@type":"ImageObject","inLanguage":"en-GB","@id":"https:\/\/apymeco.netrotec.com\/#\/schema\/logo\/image\/","url":"https:\/\/apymeco.netrotec.com\/wp-content\/uploads\/2026\/06\/logo-blanco.png","contentUrl":"https:\/\/apymeco.netrotec.com\/wp-content\/uploads\/2026\/06\/logo-blanco.png","width":1107,"height":444,"caption":"APYMECO Torrevieja"},"image":{"@id":"https:\/\/apymeco.netrotec.com\/#\/schema\/logo\/image\/"}},{"@type":"Person","@id":"https:\/\/apymeco.netrotec.com\/#\/schema\/person\/58f3bb0f5e04e2b6067d17d05470d2dd","name":"Apymeco","url":"https:\/\/apymeco.netrotec.com\/en\/author\/apymeco\/"}]}},"_links":{"self":[{"href":"https:\/\/apymeco.netrotec.com\/en\/wp-json\/wp\/v2\/posts\/6609","targetHints":{"allow":["GET"]}}],"collection":[{"href":"https:\/\/apymeco.netrotec.com\/en\/wp-json\/wp\/v2\/posts"}],"about":[{"href":"https:\/\/apymeco.netrotec.com\/en\/wp-json\/wp\/v2\/types\/post"}],"author":[{"embeddable":true,"href":"https:\/\/apymeco.netrotec.com\/en\/wp-json\/wp\/v2\/users\/2"}],"replies":[{"embeddable":true,"href":"https:\/\/apymeco.netrotec.com\/en\/wp-json\/wp\/v2\/comments?post=6609"}],"version-history":[{"count":0,"href":"https:\/\/apymeco.netrotec.com\/en\/wp-json\/wp\/v2\/posts\/6609\/revisions"}],"wp:featuredmedia":[{"embeddable":true,"href":"https:\/\/apymeco.netrotec.com\/en\/wp-json\/wp\/v2\/media\/6614"}],"wp:attachment":[{"href":"https:\/\/apymeco.netrotec.com\/en\/wp-json\/wp\/v2\/media?parent=6609"}],"wp:term":[{"taxonomy":"category","embeddable":true,"href":"https:\/\/apymeco.netrotec.com\/en\/wp-json\/wp\/v2\/categories?post=6609"},{"taxonomy":"post_tag","embeddable":true,"href":"https:\/\/apymeco.netrotec.com\/en\/wp-json\/wp\/v2\/tags?post=6609"}],"curies":[{"name":"wp","href":"https:\/\/api.w.org\/{rel}","templated":true}]}}