{"id":6848,"date":"2020-11-17T10:20:57","date_gmt":"2020-11-17T08:20:57","guid":{"rendered":"https:\/\/www.apymeco.info\/?p=6848"},"modified":"2020-11-17T10:20:57","modified_gmt":"2020-11-17T08:20:57","slug":"la-concejalia-de-comercio-de-torrevieja-apymeco-y-confecomerc-lanzan-sus-campanas-para-black-friday-2020","status":"publish","type":"post","link":"https:\/\/apymeco.netrotec.com\/en\/la-concejalia-de-comercio-de-torrevieja-apymeco-y-confecomerc-lanzan-sus-campanas-para-black-friday-2020\/","title":{"rendered":"LA CONCEJALIA DE COMERCIO DE TORREVIEJA,\u00a0 APYMECO Y CONFECOMERC LANZAN SUS CAMPA\u00d1AS PARA\u00a0 \u201cBLACK FRIDAY 2020\u201d"},"content":{"rendered":"<h2 style=\"text-align: center;\"><strong>LA CONCEJALIA DE COMERCIO DE TORREVIEJA Y APYMECO LANZAN SUS CAMPA\u00d1AS PROMOCIONALES CON MOTIVO DEL \u201cBLACK FRIDAY\u201d<\/strong><\/h2>\n<p><strong>Las campa\u00f1as contar\u00e1n de dos promociones, una para el propio d\u00eda con productos altamente rebajados y\u00a0 partir de hoy la campa\u00f1a en colaboraci\u00f3n con Confecomer\u00e7 CV \u201cUn futuro menos black\u201d<\/strong><\/p>\n<p><strong><em>(Torrevieja 16 de Noviembre de 2020).-<\/em><\/strong> La concejal\u00eda de Comercio del Ayuntamiento de Torrevieja y la Asociaci\u00f3n de Peque\u00f1os y Medianos Comerciantes de Torrevieja Apymeco, promocionar\u00e1n una campa\u00f1a de dinamizaci\u00f3n comercial y publicitaria con todo el comercio de la ciudad, por el que cada uno de los mismos que lo desee, podr\u00e1 promocionar tres <strong><em>\u00abproductos estrella<\/em><\/strong>\u00ab, de cara al viernes d\u00eda 27 de noviembre, en que se celebra el Black Friday. Los comerciantes que lo deseen podr\u00e1n prorrogar estos d\u00edas, en funci\u00f3n de la misma por un m\u00e1ximo de tres d\u00edas. Adicionalmente se realizar\u00e1\u00a0 la campa\u00f1a en colaboraci\u00f3n con Confecomer\u00e7 CV \u201c#UnFuturoMenosBlack\u201d<\/p>\n<p>La concejal\u00eda y el Ayuntamiento realizar\u00e1n una promoci\u00f3n especial a trav\u00e9s de redes sociales y medios de comunicaci\u00f3n para promocionas estar ofertas.<\/p>\n<p>Tanto la concejal de Comercio, Rosario Mart\u00ednez Chazarra, como el presidente de Apymeco, Jorge Almarcha,\u00a0 han se\u00f1alado que \u201ccon estas originales\u00a0 campa\u00f1as queremos acercarnos a nuestros vecinos y clientes con unas propuestas creativas, que ponen de relieve que comprar en el peque\u00f1o comercio es apostar por un futuro menos black, promoviendo una compra sostenible y cercana, con el fin de poner nuestro granito de arena, como siempre hace el comercio de proximidad, ayudando a las personas, haciendo m\u00e1s amable esta actual situaci\u00f3n, contribuyendo as\u00ed a favorecer a nuestros vecinos.<\/p>\n<p>&nbsp;<\/p>\n<p><img fetchpriority=\"high\" decoding=\"async\" class=\"aligncenter wp-image-6851\" src=\"https:\/\/apymeco.netrotec.com\/wp-content\/uploads\/BLACK-FRIDAY-2020_CARTEL-02-213x300.jpg\" alt=\"\" width=\"243\" height=\"342\" \/><\/p>\n<p>&nbsp;<\/p>\n<h2 style=\"text-align: center;\"><strong>LA CONCEJALIA DE COMERCIO DE TORREVIEJA Y LA ASOCIACION DE PEQUE\u00d1OS Y MEDIANOS COMERCIANTES DE\u00a0 TORREVIEJA &#8211; APYMECO IMPULSA JUNTO A CONFECOMER\u00c7 CV LA CAMPA\u00d1A \u201cUN FUTURO MENOS BLACK\u201d<\/strong><\/h2>\n<p><strong>Por la compra m\u00ednima de 10 euros, los clientes de Torrevieja y la Mata podr\u00e1n participar en un sorteo a nivel provincial de 1 vale de 1.000 euros y 20 de 200 euros a canjear en compras en el comercio local.<\/strong><\/p>\n<p>Apymeco, miembro de Confederaci\u00f3 d\u00b4Empresaris del comer\u00e7, servicis i\u00a0\u00a0 aut\u00f2noms de la Comunitat Valenciana (Confecomer\u00e7 CV) promueve la campa\u00f1a <strong>#UnFuturoMenosBlack<\/strong>, siguiendo la l\u00ednea de la iniciativa <strong>\u201cPeque\u00f1o Comercio. El Futuro que Compras\u201d<\/strong>, en la que se brinda la oportunidad de participar en el sorteo de 1 vale de 1.000 euros y 20 vales de 200 euros para toda la provincia. La iniciativa cuenta con la colaboraci\u00f3n de C\u00e1mara de Alicante, Consejo de C\u00e1maras de la Comunitat Valenciana, incluida en el Programa de Comercio Minorista 2020, financiado por Feder y por el Ministerio de Industria, Comercio y Turismo.<\/p>\n<p>La acci\u00f3n se ha impulsado con el fin de ayudar a nuestros clientes y vecinos en estas fechas a la hora de realizar sus compras en el comercio local y premiarles por su fidelidad por lo que se prev\u00e9 una activa participaci\u00f3n durante las fechas de la campa\u00f1a en los establecimientos asociados.<\/p>\n<p>El sistema de participaci\u00f3n para los clientes es sencillo: hacer una compra m\u00ednima de 10 euros en alguno de los comercios participantes durante el per\u00edodo de la campa\u00f1a,\u00a0 realizar una foto del ticket de compra o bien guardar el ticket si es electr\u00f3nico, entrar en la plataforma del sorteo https:\/\/comerciopromos.es\/, rellenar los datos solicitados\u00a0 (nombre, apellidos, tel\u00e9fono, mail, comercio y ciudad donde se ha efectuado la compra) y por \u00faltimo, subir el ticket de compra.<\/p>\n<p>El 30 de noviembre se celebrar\u00e1 el sorteo. La informaci\u00f3n se publicar\u00e1 en la web de Confecomer\u00e7 CV donde se podr\u00e1n consultar las bases de esta acci\u00f3n, as\u00ed como en la p\u00e1gina de la asociaci\u00f3n <a href=\"https:\/\/apymeco.netrotec.com\/en\/\">apymeco.netrotec.com\/<\/a>.<\/p>\n<p>El ganador deber\u00e1 mostrar el ticket de compra, previamente a la obtenci\u00f3n del premio del vale, que deber\u00e1 gastar en los comercios asociados que se hayan sumado a la iniciativa en el per\u00edodo comprendido del 1 al 5 de diciembre de 2020. \u00a0Desde aqu\u00ed invitamos a todos los comercios y clientes a que compartan la informaci\u00f3n en sus redes para que les llegue a todos los\u00a0 Torrevejenses y puedan participar en el sorteo el mayor n\u00famero de vecinos y clientes de Torrevieja.<\/p>\n<p><img decoding=\"async\" class=\"size-medium wp-image-6854 alignleft\" src=\"https:\/\/apymeco.netrotec.com\/wp-content\/uploads\/FOLLETO-Alicante-CAST_page-0001-218x300.jpg\" alt=\"\" width=\"218\" height=\"300\" \/> <img decoding=\"async\" class=\"size-medium wp-image-6855 alignright\" src=\"https:\/\/apymeco.netrotec.com\/wp-content\/uploads\/FOLLETO-Alicante-CAST_page-0002-240x300.jpg\" alt=\"\" width=\"240\" height=\"300\" \/><\/p>\n<p>&nbsp;<\/p>","protected":false},"excerpt":{"rendered":"<p>LA CONCEJALIA DE COMERCIO DE TORREVIEJA Y APYMECO LANZAN SUS CAMPA\u00d1AS PROMOCIONALES CON MOTIVO DEL \u201cBLACK FRIDAY\u201d Las campa\u00f1as contar\u00e1n [&hellip;]<\/p>\n","protected":false},"author":2,"featured_media":0,"comment_status":"open","ping_status":"open","sticky":false,"template":"","format":"standard","meta":{"site-sidebar-layout":"default","site-content-layout":"","ast-site-content-layout":"default","site-content-style":"default","site-sidebar-style":"default","ast-global-header-display":"","ast-banner-title-visibility":"","ast-main-header-display":"","ast-hfb-above-header-display":"","ast-hfb-below-header-display":"","ast-hfb-mobile-header-display":"","site-post-title":"","ast-breadcrumbs-content":"","ast-featured-img":"","footer-sml-layout":"","ast-disable-related-posts":"","theme-transparent-header-meta":"","adv-header-id-meta":"","stick-header-meta":"","header-above-stick-meta":"","header-main-stick-meta":"","header-below-stick-meta":"","astra-migrate-meta-layouts":"default","ast-page-background-enabled":"default","ast-page-background-meta":{"desktop":{"background-color":"var(--ast-global-color-5)","background-image":"","background-repeat":"repeat","background-position":"center center","background-size":"auto","background-attachment":"scroll","background-type":"","background-media":"","overlay-type":"","overlay-color":"","overlay-opacity":"","overlay-gradient":""},"tablet":{"background-color":"","background-image":"","background-repeat":"repeat","background-position":"center center","background-size":"auto","background-attachment":"scroll","background-type":"","background-media":"","overlay-type":"","overlay-color":"","overlay-opacity":"","overlay-gradient":""},"mobile":{"background-color":"","background-image":"","background-repeat":"repeat","background-position":"center center","background-size":"auto","background-attachment":"scroll","background-type":"","background-media":"","overlay-type":"","overlay-color":"","overlay-opacity":"","overlay-gradient":""}},"ast-content-background-meta":{"desktop":{"background-color":"var(--ast-global-color-4)","background-image":"","background-repeat":"repeat","background-position":"center center","background-size":"auto","background-attachment":"scroll","background-type":"","background-media":"","overlay-type":"","overlay-color":"","overlay-opacity":"","overlay-gradient":""},"tablet":{"background-color":"var(--ast-global-color-4)","background-image":"","background-repeat":"repeat","background-position":"center center","background-size":"auto","background-attachment":"scroll","background-type":"","background-media":"","overlay-type":"","overlay-color":"","overlay-opacity":"","overlay-gradient":""},"mobile":{"background-color":"var(--ast-global-color-4)","background-image":"","background-repeat":"repeat","background-position":"center center","background-size":"auto","background-attachment":"scroll","background-type":"","background-media":"","overlay-type":"","overlay-color":"","overlay-opacity":"","overlay-gradient":""}},"footnotes":""},"categories":[524],"tags":[],"class_list":["post-6848","post","type-post","status-publish","format-standard","hentry","category-campanas"],"yoast_head":"<!-- This site is optimized with the Yoast SEO Premium plugin v27.7 (Yoast SEO v27.8) - https:\/\/yoast.com\/product\/yoast-seo-premium-wordpress\/ -->\n<title>LA CONCEJALIA DE COMERCIO DE TORREVIEJA,\u00a0 APYMECO Y CONFECOMERC LANZAN SUS CAMPA\u00d1AS PARA\u00a0 \u201cBLACK FRIDAY 2020\u201d - APYMECO Torrevieja<\/title>\n<meta name=\"robots\" content=\"index, follow, max-snippet:-1, max-image-preview:large, max-video-preview:-1\" \/>\n<link rel=\"canonical\" href=\"https:\/\/apymeco.netrotec.com\/en\/la-concejalia-de-comercio-de-torrevieja-apymeco-y-confecomerc-lanzan-sus-campanas-para-black-friday-2020\/\" \/>\n<meta property=\"og:locale\" content=\"en_GB\" \/>\n<meta property=\"og:type\" content=\"article\" \/>\n<meta property=\"og:title\" content=\"LA CONCEJALIA DE COMERCIO DE TORREVIEJA,\u00a0 APYMECO Y CONFECOMERC LANZAN SUS CAMPA\u00d1AS PARA\u00a0 \u201cBLACK FRIDAY 2020\u201d\" \/>\n<meta property=\"og:description\" content=\"LA CONCEJALIA DE COMERCIO DE TORREVIEJA Y APYMECO LANZAN SUS CAMPA\u00d1AS PROMOCIONALES CON MOTIVO DEL \u201cBLACK FRIDAY\u201d Las campa\u00f1as contar\u00e1n [&hellip;]\" \/>\n<meta property=\"og:url\" content=\"https:\/\/apymeco.netrotec.com\/en\/la-concejalia-de-comercio-de-torrevieja-apymeco-y-confecomerc-lanzan-sus-campanas-para-black-friday-2020\/\" \/>\n<meta property=\"og:site_name\" content=\"APYMECO Torrevieja\" \/>\n<meta property=\"article:published_time\" content=\"2020-11-17T08:20:57+00:00\" \/>\n<meta property=\"og:image\" content=\"https:\/\/apymeco.netrotec.com\/wp-content\/uploads\/2020\/11\/BLACK-FRIDAY-2020_CARTEL-02-scaled-1.jpg\" \/>\n\t<meta property=\"og:image:width\" content=\"1817\" \/>\n\t<meta property=\"og:image:height\" content=\"2560\" \/>\n\t<meta property=\"og:image:type\" content=\"image\/jpeg\" \/>\n<meta name=\"author\" content=\"Apymeco\" \/>\n<meta name=\"twitter:card\" content=\"summary_large_image\" \/>\n<meta name=\"twitter:label1\" content=\"Written by\" \/>\n\t<meta name=\"twitter:data1\" content=\"Apymeco\" \/>\n\t<meta name=\"twitter:label2\" content=\"Estimated reading time\" \/>\n\t<meta name=\"twitter:data2\" content=\"4 minutes\" \/>\n<script type=\"application\/ld+json\" class=\"yoast-schema-graph\">{\"@context\":\"https:\\\/\\\/schema.org\",\"@graph\":[{\"@type\":\"Article\",\"@id\":\"https:\\\/\\\/apymeco.netrotec.com\\\/la-concejalia-de-comercio-de-torrevieja-apymeco-y-confecomerc-lanzan-sus-campanas-para-black-friday-2020\\\/#article\",\"isPartOf\":{\"@id\":\"https:\\\/\\\/apymeco.netrotec.com\\\/la-concejalia-de-comercio-de-torrevieja-apymeco-y-confecomerc-lanzan-sus-campanas-para-black-friday-2020\\\/\"},\"author\":{\"name\":\"Apymeco\",\"@id\":\"https:\\\/\\\/apymeco.netrotec.com\\\/#\\\/schema\\\/person\\\/58f3bb0f5e04e2b6067d17d05470d2dd\"},\"headline\":\"LA CONCEJALIA DE COMERCIO DE TORREVIEJA,\u00a0 APYMECO Y CONFECOMERC LANZAN SUS CAMPA\u00d1AS PARA\u00a0 \u201cBLACK FRIDAY 2020\u201d\",\"datePublished\":\"2020-11-17T08:20:57+00:00\",\"mainEntityOfPage\":{\"@id\":\"https:\\\/\\\/apymeco.netrotec.com\\\/la-concejalia-de-comercio-de-torrevieja-apymeco-y-confecomerc-lanzan-sus-campanas-para-black-friday-2020\\\/\"},\"wordCount\":739,\"commentCount\":0,\"publisher\":{\"@id\":\"https:\\\/\\\/apymeco.netrotec.com\\\/#organization\"},\"image\":{\"@id\":\"https:\\\/\\\/apymeco.netrotec.com\\\/la-concejalia-de-comercio-de-torrevieja-apymeco-y-confecomerc-lanzan-sus-campanas-para-black-friday-2020\\\/#primaryimage\"},\"thumbnailUrl\":\"https:\\\/\\\/apymeco.netrotec.com\\\/wp-content\\\/uploads\\\/BLACK-FRIDAY-2020_CARTEL-02-213x300.jpg\",\"articleSection\":[\"Campa\u00f1as\"],\"inLanguage\":\"en-GB\",\"potentialAction\":[{\"@type\":\"CommentAction\",\"name\":\"Comment\",\"target\":[\"https:\\\/\\\/apymeco.netrotec.com\\\/la-concejalia-de-comercio-de-torrevieja-apymeco-y-confecomerc-lanzan-sus-campanas-para-black-friday-2020\\\/#respond\"]}]},{\"@type\":\"WebPage\",\"@id\":\"https:\\\/\\\/apymeco.netrotec.com\\\/la-concejalia-de-comercio-de-torrevieja-apymeco-y-confecomerc-lanzan-sus-campanas-para-black-friday-2020\\\/\",\"url\":\"https:\\\/\\\/apymeco.netrotec.com\\\/la-concejalia-de-comercio-de-torrevieja-apymeco-y-confecomerc-lanzan-sus-campanas-para-black-friday-2020\\\/\",\"name\":\"LA CONCEJALIA DE COMERCIO DE TORREVIEJA,\u00a0 APYMECO Y CONFECOMERC LANZAN SUS CAMPA\u00d1AS PARA\u00a0 \u201cBLACK FRIDAY 2020\u201d - APYMECO Torrevieja\",\"isPartOf\":{\"@id\":\"https:\\\/\\\/apymeco.netrotec.com\\\/#website\"},\"primaryImageOfPage\":{\"@id\":\"https:\\\/\\\/apymeco.netrotec.com\\\/la-concejalia-de-comercio-de-torrevieja-apymeco-y-confecomerc-lanzan-sus-campanas-para-black-friday-2020\\\/#primaryimage\"},\"image\":{\"@id\":\"https:\\\/\\\/apymeco.netrotec.com\\\/la-concejalia-de-comercio-de-torrevieja-apymeco-y-confecomerc-lanzan-sus-campanas-para-black-friday-2020\\\/#primaryimage\"},\"thumbnailUrl\":\"https:\\\/\\\/apymeco.netrotec.com\\\/wp-content\\\/uploads\\\/BLACK-FRIDAY-2020_CARTEL-02-213x300.jpg\",\"datePublished\":\"2020-11-17T08:20:57+00:00\",\"breadcrumb\":{\"@id\":\"https:\\\/\\\/apymeco.netrotec.com\\\/la-concejalia-de-comercio-de-torrevieja-apymeco-y-confecomerc-lanzan-sus-campanas-para-black-friday-2020\\\/#breadcrumb\"},\"inLanguage\":\"en-GB\",\"potentialAction\":[{\"@type\":\"ReadAction\",\"target\":[\"https:\\\/\\\/apymeco.netrotec.com\\\/la-concejalia-de-comercio-de-torrevieja-apymeco-y-confecomerc-lanzan-sus-campanas-para-black-friday-2020\\\/\"]}]},{\"@type\":\"ImageObject\",\"inLanguage\":\"en-GB\",\"@id\":\"https:\\\/\\\/apymeco.netrotec.com\\\/la-concejalia-de-comercio-de-torrevieja-apymeco-y-confecomerc-lanzan-sus-campanas-para-black-friday-2020\\\/#primaryimage\",\"url\":\"https:\\\/\\\/apymeco.netrotec.com\\\/wp-content\\\/uploads\\\/BLACK-FRIDAY-2020_CARTEL-02-213x300.jpg\",\"contentUrl\":\"https:\\\/\\\/apymeco.netrotec.com\\\/wp-content\\\/uploads\\\/BLACK-FRIDAY-2020_CARTEL-02-213x300.jpg\"},{\"@type\":\"BreadcrumbList\",\"@id\":\"https:\\\/\\\/apymeco.netrotec.com\\\/la-concejalia-de-comercio-de-torrevieja-apymeco-y-confecomerc-lanzan-sus-campanas-para-black-friday-2020\\\/#breadcrumb\",\"itemListElement\":[{\"@type\":\"ListItem\",\"position\":1,\"name\":\"Portada\",\"item\":\"https:\\\/\\\/apymeco.netrotec.com\\\/\"},{\"@type\":\"ListItem\",\"position\":2,\"name\":\"LA CONCEJALIA DE COMERCIO DE TORREVIEJA,\u00a0 APYMECO Y CONFECOMERC LANZAN SUS CAMPA\u00d1AS PARA\u00a0 \u201cBLACK FRIDAY 2020\u201d\"}]},{\"@type\":\"WebSite\",\"@id\":\"https:\\\/\\\/apymeco.netrotec.com\\\/#website\",\"url\":\"https:\\\/\\\/apymeco.netrotec.com\\\/\",\"name\":\"APYMECO Torrevieja\",\"description\":\"\",\"publisher\":{\"@id\":\"https:\\\/\\\/apymeco.netrotec.com\\\/#organization\"},\"potentialAction\":[{\"@type\":\"SearchAction\",\"target\":{\"@type\":\"EntryPoint\",\"urlTemplate\":\"https:\\\/\\\/apymeco.netrotec.com\\\/?s={search_term_string}\"},\"query-input\":{\"@type\":\"PropertyValueSpecification\",\"valueRequired\":true,\"valueName\":\"search_term_string\"}}],\"inLanguage\":\"en-GB\"},{\"@type\":\"Organization\",\"@id\":\"https:\\\/\\\/apymeco.netrotec.com\\\/#organization\",\"name\":\"APYMECO Torrevieja\",\"url\":\"https:\\\/\\\/apymeco.netrotec.com\\\/\",\"logo\":{\"@type\":\"ImageObject\",\"inLanguage\":\"en-GB\",\"@id\":\"https:\\\/\\\/apymeco.netrotec.com\\\/#\\\/schema\\\/logo\\\/image\\\/\",\"url\":\"https:\\\/\\\/apymeco.netrotec.com\\\/wp-content\\\/uploads\\\/2026\\\/06\\\/logo-blanco.png\",\"contentUrl\":\"https:\\\/\\\/apymeco.netrotec.com\\\/wp-content\\\/uploads\\\/2026\\\/06\\\/logo-blanco.png\",\"width\":1107,\"height\":444,\"caption\":\"APYMECO Torrevieja\"},\"image\":{\"@id\":\"https:\\\/\\\/apymeco.netrotec.com\\\/#\\\/schema\\\/logo\\\/image\\\/\"}},{\"@type\":\"Person\",\"@id\":\"https:\\\/\\\/apymeco.netrotec.com\\\/#\\\/schema\\\/person\\\/58f3bb0f5e04e2b6067d17d05470d2dd\",\"name\":\"Apymeco\",\"url\":\"https:\\\/\\\/apymeco.netrotec.com\\\/en\\\/author\\\/apymeco\\\/\"}]}<\/script>\n<!-- \/ Yoast SEO Premium plugin. -->","yoast_head_json":{"title":"LA CONCEJALIA DE COMERCIO DE TORREVIEJA,\u00a0 APYMECO Y CONFECOMERC LANZAN SUS CAMPA\u00d1AS PARA\u00a0 \u201cBLACK FRIDAY 2020\u201d - APYMECO Torrevieja","robots":{"index":"index","follow":"follow","max-snippet":"max-snippet:-1","max-image-preview":"max-image-preview:large","max-video-preview":"max-video-preview:-1"},"canonical":"https:\/\/apymeco.netrotec.com\/en\/la-concejalia-de-comercio-de-torrevieja-apymeco-y-confecomerc-lanzan-sus-campanas-para-black-friday-2020\/","og_locale":"en_GB","og_type":"article","og_title":"LA CONCEJALIA DE COMERCIO DE TORREVIEJA,\u00a0 APYMECO Y CONFECOMERC LANZAN SUS CAMPA\u00d1AS PARA\u00a0 \u201cBLACK FRIDAY 2020\u201d","og_description":"LA CONCEJALIA DE COMERCIO DE TORREVIEJA Y APYMECO LANZAN SUS CAMPA\u00d1AS PROMOCIONALES CON MOTIVO DEL \u201cBLACK FRIDAY\u201d Las campa\u00f1as contar\u00e1n [&hellip;]","og_url":"https:\/\/apymeco.netrotec.com\/en\/la-concejalia-de-comercio-de-torrevieja-apymeco-y-confecomerc-lanzan-sus-campanas-para-black-friday-2020\/","og_site_name":"APYMECO Torrevieja","article_published_time":"2020-11-17T08:20:57+00:00","og_image":[{"width":1817,"height":2560,"url":"https:\/\/apymeco.netrotec.com\/wp-content\/uploads\/2020\/11\/BLACK-FRIDAY-2020_CARTEL-02-scaled-1.jpg","type":"image\/jpeg"}],"author":"Apymeco","twitter_card":"summary_large_image","twitter_misc":{"Written by":"Apymeco","Estimated reading time":"4 minutes"},"schema":{"@context":"https:\/\/schema.org","@graph":[{"@type":"Article","@id":"https:\/\/apymeco.netrotec.com\/la-concejalia-de-comercio-de-torrevieja-apymeco-y-confecomerc-lanzan-sus-campanas-para-black-friday-2020\/#article","isPartOf":{"@id":"https:\/\/apymeco.netrotec.com\/la-concejalia-de-comercio-de-torrevieja-apymeco-y-confecomerc-lanzan-sus-campanas-para-black-friday-2020\/"},"author":{"name":"Apymeco","@id":"https:\/\/apymeco.netrotec.com\/#\/schema\/person\/58f3bb0f5e04e2b6067d17d05470d2dd"},"headline":"LA CONCEJALIA DE COMERCIO DE TORREVIEJA,\u00a0 APYMECO Y CONFECOMERC LANZAN SUS CAMPA\u00d1AS PARA\u00a0 \u201cBLACK FRIDAY 2020\u201d","datePublished":"2020-11-17T08:20:57+00:00","mainEntityOfPage":{"@id":"https:\/\/apymeco.netrotec.com\/la-concejalia-de-comercio-de-torrevieja-apymeco-y-confecomerc-lanzan-sus-campanas-para-black-friday-2020\/"},"wordCount":739,"commentCount":0,"publisher":{"@id":"https:\/\/apymeco.netrotec.com\/#organization"},"image":{"@id":"https:\/\/apymeco.netrotec.com\/la-concejalia-de-comercio-de-torrevieja-apymeco-y-confecomerc-lanzan-sus-campanas-para-black-friday-2020\/#primaryimage"},"thumbnailUrl":"https:\/\/apymeco.netrotec.com\/wp-content\/uploads\/BLACK-FRIDAY-2020_CARTEL-02-213x300.jpg","articleSection":["Campa\u00f1as"],"inLanguage":"en-GB","potentialAction":[{"@type":"CommentAction","name":"Comment","target":["https:\/\/apymeco.netrotec.com\/la-concejalia-de-comercio-de-torrevieja-apymeco-y-confecomerc-lanzan-sus-campanas-para-black-friday-2020\/#respond"]}]},{"@type":"WebPage","@id":"https:\/\/apymeco.netrotec.com\/la-concejalia-de-comercio-de-torrevieja-apymeco-y-confecomerc-lanzan-sus-campanas-para-black-friday-2020\/","url":"https:\/\/apymeco.netrotec.com\/la-concejalia-de-comercio-de-torrevieja-apymeco-y-confecomerc-lanzan-sus-campanas-para-black-friday-2020\/","name":"LA CONCEJALIA DE COMERCIO DE TORREVIEJA,\u00a0 APYMECO Y CONFECOMERC LANZAN SUS CAMPA\u00d1AS PARA\u00a0 \u201cBLACK FRIDAY 2020\u201d - APYMECO Torrevieja","isPartOf":{"@id":"https:\/\/apymeco.netrotec.com\/#website"},"primaryImageOfPage":{"@id":"https:\/\/apymeco.netrotec.com\/la-concejalia-de-comercio-de-torrevieja-apymeco-y-confecomerc-lanzan-sus-campanas-para-black-friday-2020\/#primaryimage"},"image":{"@id":"https:\/\/apymeco.netrotec.com\/la-concejalia-de-comercio-de-torrevieja-apymeco-y-confecomerc-lanzan-sus-campanas-para-black-friday-2020\/#primaryimage"},"thumbnailUrl":"https:\/\/apymeco.netrotec.com\/wp-content\/uploads\/BLACK-FRIDAY-2020_CARTEL-02-213x300.jpg","datePublished":"2020-11-17T08:20:57+00:00","breadcrumb":{"@id":"https:\/\/apymeco.netrotec.com\/la-concejalia-de-comercio-de-torrevieja-apymeco-y-confecomerc-lanzan-sus-campanas-para-black-friday-2020\/#breadcrumb"},"inLanguage":"en-GB","potentialAction":[{"@type":"ReadAction","target":["https:\/\/apymeco.netrotec.com\/la-concejalia-de-comercio-de-torrevieja-apymeco-y-confecomerc-lanzan-sus-campanas-para-black-friday-2020\/"]}]},{"@type":"ImageObject","inLanguage":"en-GB","@id":"https:\/\/apymeco.netrotec.com\/la-concejalia-de-comercio-de-torrevieja-apymeco-y-confecomerc-lanzan-sus-campanas-para-black-friday-2020\/#primaryimage","url":"https:\/\/apymeco.netrotec.com\/wp-content\/uploads\/BLACK-FRIDAY-2020_CARTEL-02-213x300.jpg","contentUrl":"https:\/\/apymeco.netrotec.com\/wp-content\/uploads\/BLACK-FRIDAY-2020_CARTEL-02-213x300.jpg"},{"@type":"BreadcrumbList","@id":"https:\/\/apymeco.netrotec.com\/la-concejalia-de-comercio-de-torrevieja-apymeco-y-confecomerc-lanzan-sus-campanas-para-black-friday-2020\/#breadcrumb","itemListElement":[{"@type":"ListItem","position":1,"name":"Portada","item":"https:\/\/apymeco.netrotec.com\/"},{"@type":"ListItem","position":2,"name":"LA CONCEJALIA DE COMERCIO DE TORREVIEJA,\u00a0 APYMECO Y CONFECOMERC LANZAN SUS CAMPA\u00d1AS PARA\u00a0 \u201cBLACK FRIDAY 2020\u201d"}]},{"@type":"WebSite","@id":"https:\/\/apymeco.netrotec.com\/#website","url":"https:\/\/apymeco.netrotec.com\/","name":"APYMECO Torrevieja","description":"","publisher":{"@id":"https:\/\/apymeco.netrotec.com\/#organization"},"potentialAction":[{"@type":"SearchAction","target":{"@type":"EntryPoint","urlTemplate":"https:\/\/apymeco.netrotec.com\/?s={search_term_string}"},"query-input":{"@type":"PropertyValueSpecification","valueRequired":true,"valueName":"search_term_string"}}],"inLanguage":"en-GB"},{"@type":"Organization","@id":"https:\/\/apymeco.netrotec.com\/#organization","name":"APYMECO Torrevieja","url":"https:\/\/apymeco.netrotec.com\/","logo":{"@type":"ImageObject","inLanguage":"en-GB","@id":"https:\/\/apymeco.netrotec.com\/#\/schema\/logo\/image\/","url":"https:\/\/apymeco.netrotec.com\/wp-content\/uploads\/2026\/06\/logo-blanco.png","contentUrl":"https:\/\/apymeco.netrotec.com\/wp-content\/uploads\/2026\/06\/logo-blanco.png","width":1107,"height":444,"caption":"APYMECO Torrevieja"},"image":{"@id":"https:\/\/apymeco.netrotec.com\/#\/schema\/logo\/image\/"}},{"@type":"Person","@id":"https:\/\/apymeco.netrotec.com\/#\/schema\/person\/58f3bb0f5e04e2b6067d17d05470d2dd","name":"Apymeco","url":"https:\/\/apymeco.netrotec.com\/en\/author\/apymeco\/"}]}},"_links":{"self":[{"href":"https:\/\/apymeco.netrotec.com\/en\/wp-json\/wp\/v2\/posts\/6848","targetHints":{"allow":["GET"]}}],"collection":[{"href":"https:\/\/apymeco.netrotec.com\/en\/wp-json\/wp\/v2\/posts"}],"about":[{"href":"https:\/\/apymeco.netrotec.com\/en\/wp-json\/wp\/v2\/types\/post"}],"author":[{"embeddable":true,"href":"https:\/\/apymeco.netrotec.com\/en\/wp-json\/wp\/v2\/users\/2"}],"replies":[{"embeddable":true,"href":"https:\/\/apymeco.netrotec.com\/en\/wp-json\/wp\/v2\/comments?post=6848"}],"version-history":[{"count":0,"href":"https:\/\/apymeco.netrotec.com\/en\/wp-json\/wp\/v2\/posts\/6848\/revisions"}],"wp:attachment":[{"href":"https:\/\/apymeco.netrotec.com\/en\/wp-json\/wp\/v2\/media?parent=6848"}],"wp:term":[{"taxonomy":"category","embeddable":true,"href":"https:\/\/apymeco.netrotec.com\/en\/wp-json\/wp\/v2\/categories?post=6848"},{"taxonomy":"post_tag","embeddable":true,"href":"https:\/\/apymeco.netrotec.com\/en\/wp-json\/wp\/v2\/tags?post=6848"}],"curies":[{"name":"wp","href":"https:\/\/api.w.org\/{rel}","templated":true}]}}