{"id":7024,"date":"2021-03-12T00:13:08","date_gmt":"2021-03-11T22:13:08","guid":{"rendered":"https:\/\/www.apymeco.info\/?p=7024"},"modified":"2021-03-12T00:13:08","modified_gmt":"2021-03-11T22:13:08","slug":"mi-padre-es-la-cana","status":"publish","type":"post","link":"https:\/\/apymeco.netrotec.com\/en\/mi-padre-es-la-cana\/","title":{"rendered":"MI PADRE ES LA CA\u00d1A"},"content":{"rendered":"<p>&nbsp;<\/p>\n<p><img fetchpriority=\"high\" decoding=\"async\" class=\"size-medium wp-image-7027 alignleft\" src=\"https:\/\/apymeco.netrotec.com\/wp-content\/uploads\/WhatsApp-Image-2021-03-11-at-17.30.46-1-211x300.jpeg\" alt=\"\" width=\"211\" height=\"300\" \/><\/p>\n<p>La Concejal\u00eda de Comercio,\u00a0 junto a la Asociaci\u00f3n de Peque\u00f1os y Medianos Comerciantes de Torrevieja \u201cApymeco\u201d y la colaboraci\u00f3n de Agamed, \u00a0pone en marcha a partir del viernes 12 de marzo la campa\u00f1a <strong>\u201cMi padre e<\/strong><strong>s la ca\u00f1a\u201d<\/strong>, \u00a0para celebrar el <strong>\u201cD\u00eda del Padre\u201d<\/strong>, \u00a0cuya fiesta es el viernes 19 de marzo.<\/p>\n<p>La campa\u00f1a tendr\u00e1 una duraci\u00f3n de diez d\u00edas, desde el 12 hasta el d\u00eda 21 de marzo y consistir\u00e1 en una promoci\u00f3n por la cual en los establecimientos adheridos a la campa\u00f1a,\u00a0 por una compra m\u00ednima,\u00a0 entregar\u00e1n un ticket valido por una ca\u00f1a o refresco a consumir en los bares y restaurantes que se han sumado a la promoci\u00f3n.<\/p>\n<p>&nbsp;<\/p>\n<p>&nbsp;<\/p>\n<p><strong>\u00bfCu\u00e1les son los establecimientos d\u00f3nde pueden hacer sus compras y obtener los vales?\u00a0\u00a0<\/strong><\/p>\n<ul>\n<li>Alimentaci\u00f3n Victoria<\/li>\n<li>Andr\u00e9s Gourmet<\/li>\n<li>Centro Auditivo Guill<\/li>\n<li>Cl\u00ednica Dental Dr. German Sandoval<\/li>\n<li>Doctor Computers<\/li>\n<li>Estanco N\u00ba5 \u2013 calle Orihuela<\/li>\n<li>Ferreter\u00eda Conesa<\/li>\n<li>Ferreter\u00eda La Mata<\/li>\n<li>Grupo Rubio Motor<\/li>\n<li>Guarder\u00eda Piol\u00edn<\/li>\n<li>Herbolario Aloe\u2019s<\/li>\n<li>Hipershoes<\/li>\n<li>Ib\u00e9rica Shop<\/li>\n<li>IconTech<\/li>\n<li>Ja Bonita Fabrica<\/li>\n<li>Joyer\u00eda Hern\u00e1ndez<\/li>\n<li>Movilsystem<\/li>\n<li>Muebles Viuda<\/li>\n<li>Odisea Diving<\/li>\n<li>\u00d3ptica Chantal<\/li>\n<li>\u00d3ptica Mar<\/li>\n<li>Panader\u00eda Miguel Hern\u00e1ndez \u2013 La Mata<\/li>\n<li>Papeler\u00eda Alzabaran<\/li>\n<li>Parafarmacia Farmafamilia<\/li>\n<li>Partyworld<\/li>\n<li>TONER &amp;Co<\/li>\n<li>Viajes Maskmundo<\/li>\n<li>Carnicer\u00eda Noelia &#8211; La Mata<\/li>\n<li>Farmacia Fragata 36<\/li>\n<\/ul>\n<p>&nbsp;<\/p>\n<p><strong>\u00bfD\u00f3nde Canjear tus vales?\u00a0<\/strong><\/p>\n<p><img decoding=\"async\" class=\"wp-image-7029 alignright\" src=\"https:\/\/apymeco.netrotec.com\/wp-content\/uploads\/WhatsApp-Image-2021-03-11-at-17.41.00-212x300.jpeg\" alt=\"\" width=\"261\" height=\"369\" \/><\/p>\n<ul>\n<li>Alma-Drava (Centro Comercial Carrefour)<\/li>\n<li>Caf\u00e9 Plaza<\/li>\n<li>Cafeter\u00eda Mediod\u00eda 23<\/li>\n<li><u>El Andaluz <\/u><\/li>\n<li><u>Hostal \u2013 Restaurant Alba<\/u><\/li>\n<li>L\u2019almadrava (Hiperber)<\/li>\n<li>La Pizza Nostra<\/li>\n<li>Las Flores <u>Playa <\/u><\/li>\n<li><u>Las Flores Plaza<\/u><\/li>\n<li>Paseo Beach<\/li>\n<li>Restaurante Bah\u00eda<\/li>\n<li>Restaurante La Encina<\/li>\n<li><u>Restaurante La Mata Felisa<\/u><\/li>\n<li>Restaurante Martini<\/li>\n<\/ul>","protected":false},"excerpt":{"rendered":"<p>&nbsp; La Concejal\u00eda de Comercio,\u00a0 junto a la Asociaci\u00f3n de Peque\u00f1os y Medianos Comerciantes de Torrevieja \u201cApymeco\u201d y la colaboraci\u00f3n [&hellip;]<\/p>\n","protected":false},"author":2,"featured_media":7027,"comment_status":"open","ping_status":"open","sticky":false,"template":"","format":"standard","meta":{"site-sidebar-layout":"default","site-content-layout":"","ast-site-content-layout":"default","site-content-style":"default","site-sidebar-style":"default","ast-global-header-display":"","ast-banner-title-visibility":"","ast-main-header-display":"","ast-hfb-above-header-display":"","ast-hfb-below-header-display":"","ast-hfb-mobile-header-display":"","site-post-title":"","ast-breadcrumbs-content":"","ast-featured-img":"","footer-sml-layout":"","ast-disable-related-posts":"","theme-transparent-header-meta":"","adv-header-id-meta":"","stick-header-meta":"","header-above-stick-meta":"","header-main-stick-meta":"","header-below-stick-meta":"","astra-migrate-meta-layouts":"default","ast-page-background-enabled":"default","ast-page-background-meta":{"desktop":{"background-color":"var(--ast-global-color-5)","background-image":"","background-repeat":"repeat","background-position":"center center","background-size":"auto","background-attachment":"scroll","background-type":"","background-media":"","overlay-type":"","overlay-color":"","overlay-opacity":"","overlay-gradient":""},"tablet":{"background-color":"","background-image":"","background-repeat":"repeat","background-position":"center center","background-size":"auto","background-attachment":"scroll","background-type":"","background-media":"","overlay-type":"","overlay-color":"","overlay-opacity":"","overlay-gradient":""},"mobile":{"background-color":"","background-image":"","background-repeat":"repeat","background-position":"center center","background-size":"auto","background-attachment":"scroll","background-type":"","background-media":"","overlay-type":"","overlay-color":"","overlay-opacity":"","overlay-gradient":""}},"ast-content-background-meta":{"desktop":{"background-color":"var(--ast-global-color-4)","background-image":"","background-repeat":"repeat","background-position":"center center","background-size":"auto","background-attachment":"scroll","background-type":"","background-media":"","overlay-type":"","overlay-color":"","overlay-opacity":"","overlay-gradient":""},"tablet":{"background-color":"var(--ast-global-color-4)","background-image":"","background-repeat":"repeat","background-position":"center center","background-size":"auto","background-attachment":"scroll","background-type":"","background-media":"","overlay-type":"","overlay-color":"","overlay-opacity":"","overlay-gradient":""},"mobile":{"background-color":"var(--ast-global-color-4)","background-image":"","background-repeat":"repeat","background-position":"center center","background-size":"auto","background-attachment":"scroll","background-type":"","background-media":"","overlay-type":"","overlay-color":"","overlay-opacity":"","overlay-gradient":""}},"footnotes":""},"categories":[524],"tags":[552,580,581,582],"class_list":["post-7024","post","type-post","status-publish","format-standard","has-post-thumbnail","hentry","category-campanas","tag-apymecotorrevieja","tag-dia-del-padre-2021","tag-dia-del-padre-en-torrevieja","tag-mi-padre-es-la-cana"],"yoast_head":"<!-- This site is optimized with the Yoast SEO Premium plugin v27.7 (Yoast SEO v27.8) - https:\/\/yoast.com\/product\/yoast-seo-premium-wordpress\/ -->\n<title>MI PADRE ES LA CA\u00d1A - APYMECO Torrevieja<\/title>\n<meta name=\"robots\" content=\"index, follow, max-snippet:-1, max-image-preview:large, max-video-preview:-1\" \/>\n<link rel=\"canonical\" href=\"https:\/\/apymeco.netrotec.com\/en\/mi-padre-es-la-cana\/\" \/>\n<meta property=\"og:locale\" content=\"en_GB\" \/>\n<meta property=\"og:type\" content=\"article\" \/>\n<meta property=\"og:title\" content=\"MI PADRE ES LA CA\u00d1A\" \/>\n<meta property=\"og:description\" content=\"&nbsp; La Concejal\u00eda de Comercio,\u00a0 junto a la Asociaci\u00f3n de Peque\u00f1os y Medianos Comerciantes de Torrevieja \u201cApymeco\u201d y la colaboraci\u00f3n [&hellip;]\" \/>\n<meta property=\"og:url\" content=\"https:\/\/apymeco.netrotec.com\/en\/mi-padre-es-la-cana\/\" \/>\n<meta property=\"og:site_name\" content=\"APYMECO Torrevieja\" \/>\n<meta property=\"article:published_time\" content=\"2021-03-11T22:13:08+00:00\" \/>\n<meta property=\"og:image\" content=\"https:\/\/apymeco.netrotec.com\/wp-content\/uploads\/2021\/03\/WhatsApp-Image-2021-03-11-at-17.30.46-1.jpeg\" \/>\n\t<meta property=\"og:image:width\" content=\"627\" \/>\n\t<meta property=\"og:image:height\" content=\"890\" \/>\n\t<meta property=\"og:image:type\" content=\"image\/jpeg\" \/>\n<meta name=\"author\" content=\"Apymeco\" \/>\n<meta name=\"twitter:card\" content=\"summary_large_image\" \/>\n<meta name=\"twitter:label1\" content=\"Written by\" \/>\n\t<meta name=\"twitter:data1\" content=\"Apymeco\" \/>\n\t<meta name=\"twitter:label2\" content=\"Estimated reading time\" \/>\n\t<meta name=\"twitter:data2\" content=\"2 minutes\" \/>\n<script type=\"application\/ld+json\" class=\"yoast-schema-graph\">{\"@context\":\"https:\\\/\\\/schema.org\",\"@graph\":[{\"@type\":\"Article\",\"@id\":\"https:\\\/\\\/apymeco.netrotec.com\\\/mi-padre-es-la-cana\\\/#article\",\"isPartOf\":{\"@id\":\"https:\\\/\\\/apymeco.netrotec.com\\\/mi-padre-es-la-cana\\\/\"},\"author\":{\"name\":\"Apymeco\",\"@id\":\"https:\\\/\\\/apymeco.netrotec.com\\\/#\\\/schema\\\/person\\\/58f3bb0f5e04e2b6067d17d05470d2dd\"},\"headline\":\"MI PADRE ES LA CA\u00d1A\",\"datePublished\":\"2021-03-11T22:13:08+00:00\",\"mainEntityOfPage\":{\"@id\":\"https:\\\/\\\/apymeco.netrotec.com\\\/mi-padre-es-la-cana\\\/\"},\"wordCount\":281,\"commentCount\":0,\"publisher\":{\"@id\":\"https:\\\/\\\/apymeco.netrotec.com\\\/#organization\"},\"image\":{\"@id\":\"https:\\\/\\\/apymeco.netrotec.com\\\/mi-padre-es-la-cana\\\/#primaryimage\"},\"thumbnailUrl\":\"https:\\\/\\\/apymeco.netrotec.com\\\/wp-content\\\/uploads\\\/2021\\\/03\\\/WhatsApp-Image-2021-03-11-at-17.30.46-1.jpeg\",\"keywords\":[\"APYMECOTORREVIEJA\",\"dia del padre 2021\",\"dia del padre en torrevieja\",\"mi padre es la ca\u00f1a\"],\"articleSection\":[\"Campa\u00f1as\"],\"inLanguage\":\"en-GB\",\"potentialAction\":[{\"@type\":\"CommentAction\",\"name\":\"Comment\",\"target\":[\"https:\\\/\\\/apymeco.netrotec.com\\\/mi-padre-es-la-cana\\\/#respond\"]}]},{\"@type\":\"WebPage\",\"@id\":\"https:\\\/\\\/apymeco.netrotec.com\\\/mi-padre-es-la-cana\\\/\",\"url\":\"https:\\\/\\\/apymeco.netrotec.com\\\/mi-padre-es-la-cana\\\/\",\"name\":\"MI PADRE ES LA CA\u00d1A - APYMECO Torrevieja\",\"isPartOf\":{\"@id\":\"https:\\\/\\\/apymeco.netrotec.com\\\/#website\"},\"primaryImageOfPage\":{\"@id\":\"https:\\\/\\\/apymeco.netrotec.com\\\/mi-padre-es-la-cana\\\/#primaryimage\"},\"image\":{\"@id\":\"https:\\\/\\\/apymeco.netrotec.com\\\/mi-padre-es-la-cana\\\/#primaryimage\"},\"thumbnailUrl\":\"https:\\\/\\\/apymeco.netrotec.com\\\/wp-content\\\/uploads\\\/2021\\\/03\\\/WhatsApp-Image-2021-03-11-at-17.30.46-1.jpeg\",\"datePublished\":\"2021-03-11T22:13:08+00:00\",\"breadcrumb\":{\"@id\":\"https:\\\/\\\/apymeco.netrotec.com\\\/mi-padre-es-la-cana\\\/#breadcrumb\"},\"inLanguage\":\"en-GB\",\"potentialAction\":[{\"@type\":\"ReadAction\",\"target\":[\"https:\\\/\\\/apymeco.netrotec.com\\\/mi-padre-es-la-cana\\\/\"]}]},{\"@type\":\"ImageObject\",\"inLanguage\":\"en-GB\",\"@id\":\"https:\\\/\\\/apymeco.netrotec.com\\\/mi-padre-es-la-cana\\\/#primaryimage\",\"url\":\"https:\\\/\\\/apymeco.netrotec.com\\\/wp-content\\\/uploads\\\/2021\\\/03\\\/WhatsApp-Image-2021-03-11-at-17.30.46-1.jpeg\",\"contentUrl\":\"https:\\\/\\\/apymeco.netrotec.com\\\/wp-content\\\/uploads\\\/2021\\\/03\\\/WhatsApp-Image-2021-03-11-at-17.30.46-1.jpeg\",\"width\":627,\"height\":890},{\"@type\":\"BreadcrumbList\",\"@id\":\"https:\\\/\\\/apymeco.netrotec.com\\\/mi-padre-es-la-cana\\\/#breadcrumb\",\"itemListElement\":[{\"@type\":\"ListItem\",\"position\":1,\"name\":\"Portada\",\"item\":\"https:\\\/\\\/apymeco.netrotec.com\\\/\"},{\"@type\":\"ListItem\",\"position\":2,\"name\":\"MI PADRE ES LA CA\u00d1A\"}]},{\"@type\":\"WebSite\",\"@id\":\"https:\\\/\\\/apymeco.netrotec.com\\\/#website\",\"url\":\"https:\\\/\\\/apymeco.netrotec.com\\\/\",\"name\":\"APYMECO Torrevieja\",\"description\":\"\",\"publisher\":{\"@id\":\"https:\\\/\\\/apymeco.netrotec.com\\\/#organization\"},\"potentialAction\":[{\"@type\":\"SearchAction\",\"target\":{\"@type\":\"EntryPoint\",\"urlTemplate\":\"https:\\\/\\\/apymeco.netrotec.com\\\/?s={search_term_string}\"},\"query-input\":{\"@type\":\"PropertyValueSpecification\",\"valueRequired\":true,\"valueName\":\"search_term_string\"}}],\"inLanguage\":\"en-GB\"},{\"@type\":\"Organization\",\"@id\":\"https:\\\/\\\/apymeco.netrotec.com\\\/#organization\",\"name\":\"APYMECO Torrevieja\",\"url\":\"https:\\\/\\\/apymeco.netrotec.com\\\/\",\"logo\":{\"@type\":\"ImageObject\",\"inLanguage\":\"en-GB\",\"@id\":\"https:\\\/\\\/apymeco.netrotec.com\\\/#\\\/schema\\\/logo\\\/image\\\/\",\"url\":\"https:\\\/\\\/apymeco.netrotec.com\\\/wp-content\\\/uploads\\\/2026\\\/06\\\/logo-blanco.png\",\"contentUrl\":\"https:\\\/\\\/apymeco.netrotec.com\\\/wp-content\\\/uploads\\\/2026\\\/06\\\/logo-blanco.png\",\"width\":1107,\"height\":444,\"caption\":\"APYMECO Torrevieja\"},\"image\":{\"@id\":\"https:\\\/\\\/apymeco.netrotec.com\\\/#\\\/schema\\\/logo\\\/image\\\/\"}},{\"@type\":\"Person\",\"@id\":\"https:\\\/\\\/apymeco.netrotec.com\\\/#\\\/schema\\\/person\\\/58f3bb0f5e04e2b6067d17d05470d2dd\",\"name\":\"Apymeco\",\"url\":\"https:\\\/\\\/apymeco.netrotec.com\\\/en\\\/author\\\/apymeco\\\/\"}]}<\/script>\n<!-- \/ Yoast SEO Premium plugin. -->","yoast_head_json":{"title":"MI PADRE ES LA CA\u00d1A - APYMECO Torrevieja","robots":{"index":"index","follow":"follow","max-snippet":"max-snippet:-1","max-image-preview":"max-image-preview:large","max-video-preview":"max-video-preview:-1"},"canonical":"https:\/\/apymeco.netrotec.com\/en\/mi-padre-es-la-cana\/","og_locale":"en_GB","og_type":"article","og_title":"MI PADRE ES LA CA\u00d1A","og_description":"&nbsp; La Concejal\u00eda de Comercio,\u00a0 junto a la Asociaci\u00f3n de Peque\u00f1os y Medianos Comerciantes de Torrevieja \u201cApymeco\u201d y la colaboraci\u00f3n [&hellip;]","og_url":"https:\/\/apymeco.netrotec.com\/en\/mi-padre-es-la-cana\/","og_site_name":"APYMECO Torrevieja","article_published_time":"2021-03-11T22:13:08+00:00","og_image":[{"width":627,"height":890,"url":"https:\/\/apymeco.netrotec.com\/wp-content\/uploads\/2021\/03\/WhatsApp-Image-2021-03-11-at-17.30.46-1.jpeg","type":"image\/jpeg"}],"author":"Apymeco","twitter_card":"summary_large_image","twitter_misc":{"Written by":"Apymeco","Estimated reading time":"2 minutes"},"schema":{"@context":"https:\/\/schema.org","@graph":[{"@type":"Article","@id":"https:\/\/apymeco.netrotec.com\/mi-padre-es-la-cana\/#article","isPartOf":{"@id":"https:\/\/apymeco.netrotec.com\/mi-padre-es-la-cana\/"},"author":{"name":"Apymeco","@id":"https:\/\/apymeco.netrotec.com\/#\/schema\/person\/58f3bb0f5e04e2b6067d17d05470d2dd"},"headline":"MI PADRE ES LA CA\u00d1A","datePublished":"2021-03-11T22:13:08+00:00","mainEntityOfPage":{"@id":"https:\/\/apymeco.netrotec.com\/mi-padre-es-la-cana\/"},"wordCount":281,"commentCount":0,"publisher":{"@id":"https:\/\/apymeco.netrotec.com\/#organization"},"image":{"@id":"https:\/\/apymeco.netrotec.com\/mi-padre-es-la-cana\/#primaryimage"},"thumbnailUrl":"https:\/\/apymeco.netrotec.com\/wp-content\/uploads\/2021\/03\/WhatsApp-Image-2021-03-11-at-17.30.46-1.jpeg","keywords":["APYMECOTORREVIEJA","dia del padre 2021","dia del padre en torrevieja","mi padre es la ca\u00f1a"],"articleSection":["Campa\u00f1as"],"inLanguage":"en-GB","potentialAction":[{"@type":"CommentAction","name":"Comment","target":["https:\/\/apymeco.netrotec.com\/mi-padre-es-la-cana\/#respond"]}]},{"@type":"WebPage","@id":"https:\/\/apymeco.netrotec.com\/mi-padre-es-la-cana\/","url":"https:\/\/apymeco.netrotec.com\/mi-padre-es-la-cana\/","name":"MI PADRE ES LA CA\u00d1A - APYMECO Torrevieja","isPartOf":{"@id":"https:\/\/apymeco.netrotec.com\/#website"},"primaryImageOfPage":{"@id":"https:\/\/apymeco.netrotec.com\/mi-padre-es-la-cana\/#primaryimage"},"image":{"@id":"https:\/\/apymeco.netrotec.com\/mi-padre-es-la-cana\/#primaryimage"},"thumbnailUrl":"https:\/\/apymeco.netrotec.com\/wp-content\/uploads\/2021\/03\/WhatsApp-Image-2021-03-11-at-17.30.46-1.jpeg","datePublished":"2021-03-11T22:13:08+00:00","breadcrumb":{"@id":"https:\/\/apymeco.netrotec.com\/mi-padre-es-la-cana\/#breadcrumb"},"inLanguage":"en-GB","potentialAction":[{"@type":"ReadAction","target":["https:\/\/apymeco.netrotec.com\/mi-padre-es-la-cana\/"]}]},{"@type":"ImageObject","inLanguage":"en-GB","@id":"https:\/\/apymeco.netrotec.com\/mi-padre-es-la-cana\/#primaryimage","url":"https:\/\/apymeco.netrotec.com\/wp-content\/uploads\/2021\/03\/WhatsApp-Image-2021-03-11-at-17.30.46-1.jpeg","contentUrl":"https:\/\/apymeco.netrotec.com\/wp-content\/uploads\/2021\/03\/WhatsApp-Image-2021-03-11-at-17.30.46-1.jpeg","width":627,"height":890},{"@type":"BreadcrumbList","@id":"https:\/\/apymeco.netrotec.com\/mi-padre-es-la-cana\/#breadcrumb","itemListElement":[{"@type":"ListItem","position":1,"name":"Portada","item":"https:\/\/apymeco.netrotec.com\/"},{"@type":"ListItem","position":2,"name":"MI PADRE ES LA CA\u00d1A"}]},{"@type":"WebSite","@id":"https:\/\/apymeco.netrotec.com\/#website","url":"https:\/\/apymeco.netrotec.com\/","name":"APYMECO Torrevieja","description":"","publisher":{"@id":"https:\/\/apymeco.netrotec.com\/#organization"},"potentialAction":[{"@type":"SearchAction","target":{"@type":"EntryPoint","urlTemplate":"https:\/\/apymeco.netrotec.com\/?s={search_term_string}"},"query-input":{"@type":"PropertyValueSpecification","valueRequired":true,"valueName":"search_term_string"}}],"inLanguage":"en-GB"},{"@type":"Organization","@id":"https:\/\/apymeco.netrotec.com\/#organization","name":"APYMECO Torrevieja","url":"https:\/\/apymeco.netrotec.com\/","logo":{"@type":"ImageObject","inLanguage":"en-GB","@id":"https:\/\/apymeco.netrotec.com\/#\/schema\/logo\/image\/","url":"https:\/\/apymeco.netrotec.com\/wp-content\/uploads\/2026\/06\/logo-blanco.png","contentUrl":"https:\/\/apymeco.netrotec.com\/wp-content\/uploads\/2026\/06\/logo-blanco.png","width":1107,"height":444,"caption":"APYMECO Torrevieja"},"image":{"@id":"https:\/\/apymeco.netrotec.com\/#\/schema\/logo\/image\/"}},{"@type":"Person","@id":"https:\/\/apymeco.netrotec.com\/#\/schema\/person\/58f3bb0f5e04e2b6067d17d05470d2dd","name":"Apymeco","url":"https:\/\/apymeco.netrotec.com\/en\/author\/apymeco\/"}]}},"_links":{"self":[{"href":"https:\/\/apymeco.netrotec.com\/en\/wp-json\/wp\/v2\/posts\/7024","targetHints":{"allow":["GET"]}}],"collection":[{"href":"https:\/\/apymeco.netrotec.com\/en\/wp-json\/wp\/v2\/posts"}],"about":[{"href":"https:\/\/apymeco.netrotec.com\/en\/wp-json\/wp\/v2\/types\/post"}],"author":[{"embeddable":true,"href":"https:\/\/apymeco.netrotec.com\/en\/wp-json\/wp\/v2\/users\/2"}],"replies":[{"embeddable":true,"href":"https:\/\/apymeco.netrotec.com\/en\/wp-json\/wp\/v2\/comments?post=7024"}],"version-history":[{"count":0,"href":"https:\/\/apymeco.netrotec.com\/en\/wp-json\/wp\/v2\/posts\/7024\/revisions"}],"wp:featuredmedia":[{"embeddable":true,"href":"https:\/\/apymeco.netrotec.com\/en\/wp-json\/wp\/v2\/media\/7027"}],"wp:attachment":[{"href":"https:\/\/apymeco.netrotec.com\/en\/wp-json\/wp\/v2\/media?parent=7024"}],"wp:term":[{"taxonomy":"category","embeddable":true,"href":"https:\/\/apymeco.netrotec.com\/en\/wp-json\/wp\/v2\/categories?post=7024"},{"taxonomy":"post_tag","embeddable":true,"href":"https:\/\/apymeco.netrotec.com\/en\/wp-json\/wp\/v2\/tags?post=7024"}],"curies":[{"name":"wp","href":"https:\/\/api.w.org\/{rel}","templated":true}]}}