{"id":7035,"date":"2021-03-13T21:13:20","date_gmt":"2021-03-13T19:13:20","guid":{"rendered":"https:\/\/www.apymeco.info\/?p=7035"},"modified":"2021-03-13T21:13:20","modified_gmt":"2021-03-13T19:13:20","slug":"pedro-andres-garcia-vicepresidente-de-apymeco-elegido-miembro-de-la-junta-directiva-de-facpyme","status":"publish","type":"post","link":"https:\/\/apymeco.netrotec.com\/en\/pedro-andres-garcia-vicepresidente-de-apymeco-elegido-miembro-de-la-junta-directiva-de-facpyme\/","title":{"rendered":"Pedro Andr\u00e9s Garc\u00eda, Vicepresidente de Apymeco, elegido miembro de la Junta Directiva de FacPyme"},"content":{"rendered":"<h4><strong>En la Federaci\u00f3n Alicantina de Comercio se integran 40 asociaciones de Comerciantes de la provincia de Alicante<\/strong><\/h4>\n<p><strong>\u00a0<\/strong>El pasado jueves tuvo lugar en el ADDA de Alicante, la toma de posesi\u00f3n del nuevo presidente de FacPyme -Federaci\u00f3n Alicantina de Comercio-, Carlos Ba\u00f1o, que asume el relevo del anterior responsable, Antonio S\u00e1ez, tras siete a\u00f1os al frente de la entidad, asistiendo a acto el presidente de la Diputaci\u00f3n de Alicante, Carlos Maz\u00f3n.\u00a0En su Junta directiva se incluy\u00f3 al actual Vicepresidente de la Asociaci\u00f3n de Peque\u00f1os y Medianos Empresarios de Torrevieja -Apymeco-, Pedro Andr\u00e9s Garc\u00eda Mart\u00ednez.<\/p>\n<p>La nueva Junta Directiva Presidida por Carlos Ba\u00f1o, cuenta con<\/p>\n<ul>\n<li>Pepa Garri &#8211; Vicepresidenta primera<\/li>\n<li>Vicente Armengol &#8211; Vicepresidente segundo<\/li>\n<li>Enrique Laura &#8211; Vicepresidente tercero<\/li>\n<li>Rosario Tom\u00e1s &#8211; Tesorera.<\/li>\n<\/ul>\n<p>Los vocales son Pedro Andr\u00e9s Garc\u00eda, de Torrevieja; Jos\u00e9 M. Gonz\u00e1lez, de Mutxamel; Juan Utrera, de Alicante; Rafael P\u00e9rez, de Alcoi; Jos\u00e9 Vicente Gilabert, de Calpe; Bel\u00e9n Puig, de Biar; Manuel Romero, de Elche; Jos\u00e9 A. L\u00f3pez Vizca\u00edno, del Gremio de Libreros de Alicante; Ra\u00fal Parra, de Benidorm; y Ascencio P\u00e9rez, de Orihuela.<\/p>\n<p><img fetchpriority=\"high\" decoding=\"async\" class=\"aligncenter  wp-image-7036\" src=\"https:\/\/apymeco.netrotec.com\/wp-content\/uploads\/159469938_5117618941641835_2039080250535833376_o-2-300x138.jpg\" alt=\"\" width=\"411\" height=\"189\" \/><\/p>\n<p>&nbsp;<\/p>\n<p>FacPyme es una organizaci\u00f3n empresarial en la que se integran m\u00e1s de 40 asociaciones de comerciantes de \u00e1mbito sectorial, local y zonal de la provincia. Sus objetivos son defender, promover y coordinar la actividad comercial de todas ellas, as\u00ed como estimular su competitividad. Estar en esta nueva Junta Directiva representados, permite que nuestro comercio tenga un nexo de uni\u00f3n con el resto de Asociaciones de Comercio, con la que poder compartir ideas y propuestas en cuantos a ideas, subvenciones y otras reivindicaciones tan necear\u00edas en estos momentos.<\/p>\n<p>&nbsp;<\/p>\n<p>&nbsp;<\/p>\n<p>&nbsp;<\/p>\n<p>&nbsp;<\/p>","protected":false},"excerpt":{"rendered":"<p>En la Federaci\u00f3n Alicantina de Comercio se integran 40 asociaciones de Comerciantes de la provincia de Alicante \u00a0El pasado jueves [&hellip;]<\/p>\n","protected":false},"author":2,"featured_media":7038,"comment_status":"open","ping_status":"open","sticky":false,"template":"","format":"standard","meta":{"site-sidebar-layout":"default","site-content-layout":"","ast-site-content-layout":"default","site-content-style":"default","site-sidebar-style":"default","ast-global-header-display":"","ast-banner-title-visibility":"","ast-main-header-display":"","ast-hfb-above-header-display":"","ast-hfb-below-header-display":"","ast-hfb-mobile-header-display":"","site-post-title":"","ast-breadcrumbs-content":"","ast-featured-img":"","footer-sml-layout":"","ast-disable-related-posts":"","theme-transparent-header-meta":"","adv-header-id-meta":"","stick-header-meta":"","header-above-stick-meta":"","header-main-stick-meta":"","header-below-stick-meta":"","astra-migrate-meta-layouts":"default","ast-page-background-enabled":"default","ast-page-background-meta":{"desktop":{"background-color":"var(--ast-global-color-5)","background-image":"","background-repeat":"repeat","background-position":"center center","background-size":"auto","background-attachment":"scroll","background-type":"","background-media":"","overlay-type":"","overlay-color":"","overlay-opacity":"","overlay-gradient":""},"tablet":{"background-color":"","background-image":"","background-repeat":"repeat","background-position":"center center","background-size":"auto","background-attachment":"scroll","background-type":"","background-media":"","overlay-type":"","overlay-color":"","overlay-opacity":"","overlay-gradient":""},"mobile":{"background-color":"","background-image":"","background-repeat":"repeat","background-position":"center center","background-size":"auto","background-attachment":"scroll","background-type":"","background-media":"","overlay-type":"","overlay-color":"","overlay-opacity":"","overlay-gradient":""}},"ast-content-background-meta":{"desktop":{"background-color":"var(--ast-global-color-4)","background-image":"","background-repeat":"repeat","background-position":"center center","background-size":"auto","background-attachment":"scroll","background-type":"","background-media":"","overlay-type":"","overlay-color":"","overlay-opacity":"","overlay-gradient":""},"tablet":{"background-color":"var(--ast-global-color-4)","background-image":"","background-repeat":"repeat","background-position":"center center","background-size":"auto","background-attachment":"scroll","background-type":"","background-media":"","overlay-type":"","overlay-color":"","overlay-opacity":"","overlay-gradient":""},"mobile":{"background-color":"var(--ast-global-color-4)","background-image":"","background-repeat":"repeat","background-position":"center center","background-size":"auto","background-attachment":"scroll","background-type":"","background-media":"","overlay-type":"","overlay-color":"","overlay-opacity":"","overlay-gradient":""}},"footnotes":""},"categories":[521,585],"tags":[583,584,586],"class_list":["post-7035","post","type-post","status-publish","format-standard","has-post-thumbnail","hentry","category-junta-directiva","category-notas-de-prensa","tag-apymeco-en-facpyme","tag-elecciones-facpyme","tag-pedro-andres-garcia"],"yoast_head":"<!-- This site is optimized with the Yoast SEO Premium plugin v27.7 (Yoast SEO v27.8) - https:\/\/yoast.com\/product\/yoast-seo-premium-wordpress\/ -->\n<title>Pedro Andr\u00e9s Garc\u00eda, Vicepresidente de Apymeco, elegido miembro de la Junta Directiva de FacPyme - APYMECO Torrevieja<\/title>\n<meta name=\"robots\" content=\"index, follow, max-snippet:-1, max-image-preview:large, max-video-preview:-1\" \/>\n<link rel=\"canonical\" href=\"https:\/\/apymeco.netrotec.com\/en\/pedro-andres-garcia-vicepresidente-de-apymeco-elegido-miembro-de-la-junta-directiva-de-facpyme\/\" \/>\n<meta property=\"og:locale\" content=\"en_GB\" \/>\n<meta property=\"og:type\" content=\"article\" \/>\n<meta property=\"og:title\" content=\"Pedro Andr\u00e9s Garc\u00eda, Vicepresidente de Apymeco, elegido miembro de la Junta Directiva de FacPyme\" \/>\n<meta property=\"og:description\" content=\"En la Federaci\u00f3n Alicantina de Comercio se integran 40 asociaciones de Comerciantes de la provincia de Alicante \u00a0El pasado jueves [&hellip;]\" \/>\n<meta property=\"og:url\" content=\"https:\/\/apymeco.netrotec.com\/en\/pedro-andres-garcia-vicepresidente-de-apymeco-elegido-miembro-de-la-junta-directiva-de-facpyme\/\" \/>\n<meta property=\"og:site_name\" content=\"APYMECO Torrevieja\" \/>\n<meta property=\"article:published_time\" content=\"2021-03-13T19:13:20+00:00\" \/>\n<meta property=\"og:image\" content=\"https:\/\/apymeco.netrotec.com\/wp-content\/uploads\/2021\/03\/20210311_152703.jpg\" \/>\n\t<meta property=\"og:image:width\" content=\"600\" \/>\n\t<meta property=\"og:image:height\" content=\"287\" \/>\n\t<meta property=\"og:image:type\" content=\"image\/jpeg\" \/>\n<meta name=\"author\" content=\"Apymeco\" \/>\n<meta name=\"twitter:card\" content=\"summary_large_image\" \/>\n<meta name=\"twitter:label1\" content=\"Written by\" \/>\n\t<meta name=\"twitter:data1\" content=\"Apymeco\" \/>\n\t<meta name=\"twitter:label2\" content=\"Estimated reading time\" \/>\n\t<meta name=\"twitter:data2\" content=\"2 minutes\" \/>\n<script type=\"application\/ld+json\" class=\"yoast-schema-graph\">{\"@context\":\"https:\\\/\\\/schema.org\",\"@graph\":[{\"@type\":\"Article\",\"@id\":\"https:\\\/\\\/apymeco.netrotec.com\\\/pedro-andres-garcia-vicepresidente-de-apymeco-elegido-miembro-de-la-junta-directiva-de-facpyme\\\/#article\",\"isPartOf\":{\"@id\":\"https:\\\/\\\/apymeco.netrotec.com\\\/pedro-andres-garcia-vicepresidente-de-apymeco-elegido-miembro-de-la-junta-directiva-de-facpyme\\\/\"},\"author\":{\"name\":\"Apymeco\",\"@id\":\"https:\\\/\\\/apymeco.netrotec.com\\\/#\\\/schema\\\/person\\\/58f3bb0f5e04e2b6067d17d05470d2dd\"},\"headline\":\"Pedro Andr\u00e9s Garc\u00eda, Vicepresidente de Apymeco, elegido miembro de la Junta Directiva de FacPyme\",\"datePublished\":\"2021-03-13T19:13:20+00:00\",\"mainEntityOfPage\":{\"@id\":\"https:\\\/\\\/apymeco.netrotec.com\\\/pedro-andres-garcia-vicepresidente-de-apymeco-elegido-miembro-de-la-junta-directiva-de-facpyme\\\/\"},\"wordCount\":311,\"commentCount\":0,\"publisher\":{\"@id\":\"https:\\\/\\\/apymeco.netrotec.com\\\/#organization\"},\"image\":{\"@id\":\"https:\\\/\\\/apymeco.netrotec.com\\\/pedro-andres-garcia-vicepresidente-de-apymeco-elegido-miembro-de-la-junta-directiva-de-facpyme\\\/#primaryimage\"},\"thumbnailUrl\":\"https:\\\/\\\/apymeco.netrotec.com\\\/wp-content\\\/uploads\\\/2021\\\/03\\\/20210311_152703.jpg\",\"keywords\":[\"apymeco en facpyme\",\"elecciones facpyme\",\"pedro andres garcia\"],\"articleSection\":[\"Junta directiva\",\"Notas de Prensa\"],\"inLanguage\":\"en-GB\",\"potentialAction\":[{\"@type\":\"CommentAction\",\"name\":\"Comment\",\"target\":[\"https:\\\/\\\/apymeco.netrotec.com\\\/pedro-andres-garcia-vicepresidente-de-apymeco-elegido-miembro-de-la-junta-directiva-de-facpyme\\\/#respond\"]}]},{\"@type\":\"WebPage\",\"@id\":\"https:\\\/\\\/apymeco.netrotec.com\\\/pedro-andres-garcia-vicepresidente-de-apymeco-elegido-miembro-de-la-junta-directiva-de-facpyme\\\/\",\"url\":\"https:\\\/\\\/apymeco.netrotec.com\\\/pedro-andres-garcia-vicepresidente-de-apymeco-elegido-miembro-de-la-junta-directiva-de-facpyme\\\/\",\"name\":\"Pedro Andr\u00e9s Garc\u00eda, Vicepresidente de Apymeco, elegido miembro de la Junta Directiva de FacPyme - APYMECO Torrevieja\",\"isPartOf\":{\"@id\":\"https:\\\/\\\/apymeco.netrotec.com\\\/#website\"},\"primaryImageOfPage\":{\"@id\":\"https:\\\/\\\/apymeco.netrotec.com\\\/pedro-andres-garcia-vicepresidente-de-apymeco-elegido-miembro-de-la-junta-directiva-de-facpyme\\\/#primaryimage\"},\"image\":{\"@id\":\"https:\\\/\\\/apymeco.netrotec.com\\\/pedro-andres-garcia-vicepresidente-de-apymeco-elegido-miembro-de-la-junta-directiva-de-facpyme\\\/#primaryimage\"},\"thumbnailUrl\":\"https:\\\/\\\/apymeco.netrotec.com\\\/wp-content\\\/uploads\\\/2021\\\/03\\\/20210311_152703.jpg\",\"datePublished\":\"2021-03-13T19:13:20+00:00\",\"breadcrumb\":{\"@id\":\"https:\\\/\\\/apymeco.netrotec.com\\\/pedro-andres-garcia-vicepresidente-de-apymeco-elegido-miembro-de-la-junta-directiva-de-facpyme\\\/#breadcrumb\"},\"inLanguage\":\"en-GB\",\"potentialAction\":[{\"@type\":\"ReadAction\",\"target\":[\"https:\\\/\\\/apymeco.netrotec.com\\\/pedro-andres-garcia-vicepresidente-de-apymeco-elegido-miembro-de-la-junta-directiva-de-facpyme\\\/\"]}]},{\"@type\":\"ImageObject\",\"inLanguage\":\"en-GB\",\"@id\":\"https:\\\/\\\/apymeco.netrotec.com\\\/pedro-andres-garcia-vicepresidente-de-apymeco-elegido-miembro-de-la-junta-directiva-de-facpyme\\\/#primaryimage\",\"url\":\"https:\\\/\\\/apymeco.netrotec.com\\\/wp-content\\\/uploads\\\/2021\\\/03\\\/20210311_152703.jpg\",\"contentUrl\":\"https:\\\/\\\/apymeco.netrotec.com\\\/wp-content\\\/uploads\\\/2021\\\/03\\\/20210311_152703.jpg\",\"width\":600,\"height\":287},{\"@type\":\"BreadcrumbList\",\"@id\":\"https:\\\/\\\/apymeco.netrotec.com\\\/pedro-andres-garcia-vicepresidente-de-apymeco-elegido-miembro-de-la-junta-directiva-de-facpyme\\\/#breadcrumb\",\"itemListElement\":[{\"@type\":\"ListItem\",\"position\":1,\"name\":\"Portada\",\"item\":\"https:\\\/\\\/apymeco.netrotec.com\\\/\"},{\"@type\":\"ListItem\",\"position\":2,\"name\":\"Pedro Andr\u00e9s Garc\u00eda, Vicepresidente de Apymeco, elegido miembro de la Junta Directiva de FacPyme\"}]},{\"@type\":\"WebSite\",\"@id\":\"https:\\\/\\\/apymeco.netrotec.com\\\/#website\",\"url\":\"https:\\\/\\\/apymeco.netrotec.com\\\/\",\"name\":\"APYMECO Torrevieja\",\"description\":\"\",\"publisher\":{\"@id\":\"https:\\\/\\\/apymeco.netrotec.com\\\/#organization\"},\"potentialAction\":[{\"@type\":\"SearchAction\",\"target\":{\"@type\":\"EntryPoint\",\"urlTemplate\":\"https:\\\/\\\/apymeco.netrotec.com\\\/?s={search_term_string}\"},\"query-input\":{\"@type\":\"PropertyValueSpecification\",\"valueRequired\":true,\"valueName\":\"search_term_string\"}}],\"inLanguage\":\"en-GB\"},{\"@type\":\"Organization\",\"@id\":\"https:\\\/\\\/apymeco.netrotec.com\\\/#organization\",\"name\":\"APYMECO Torrevieja\",\"url\":\"https:\\\/\\\/apymeco.netrotec.com\\\/\",\"logo\":{\"@type\":\"ImageObject\",\"inLanguage\":\"en-GB\",\"@id\":\"https:\\\/\\\/apymeco.netrotec.com\\\/#\\\/schema\\\/logo\\\/image\\\/\",\"url\":\"https:\\\/\\\/apymeco.netrotec.com\\\/wp-content\\\/uploads\\\/2026\\\/06\\\/logo-blanco.png\",\"contentUrl\":\"https:\\\/\\\/apymeco.netrotec.com\\\/wp-content\\\/uploads\\\/2026\\\/06\\\/logo-blanco.png\",\"width\":1107,\"height\":444,\"caption\":\"APYMECO Torrevieja\"},\"image\":{\"@id\":\"https:\\\/\\\/apymeco.netrotec.com\\\/#\\\/schema\\\/logo\\\/image\\\/\"}},{\"@type\":\"Person\",\"@id\":\"https:\\\/\\\/apymeco.netrotec.com\\\/#\\\/schema\\\/person\\\/58f3bb0f5e04e2b6067d17d05470d2dd\",\"name\":\"Apymeco\",\"url\":\"https:\\\/\\\/apymeco.netrotec.com\\\/en\\\/author\\\/apymeco\\\/\"}]}<\/script>\n<!-- \/ Yoast SEO Premium plugin. -->","yoast_head_json":{"title":"Pedro Andr\u00e9s Garc\u00eda, Vicepresidente de Apymeco, elegido miembro de la Junta Directiva de FacPyme - APYMECO Torrevieja","robots":{"index":"index","follow":"follow","max-snippet":"max-snippet:-1","max-image-preview":"max-image-preview:large","max-video-preview":"max-video-preview:-1"},"canonical":"https:\/\/apymeco.netrotec.com\/en\/pedro-andres-garcia-vicepresidente-de-apymeco-elegido-miembro-de-la-junta-directiva-de-facpyme\/","og_locale":"en_GB","og_type":"article","og_title":"Pedro Andr\u00e9s Garc\u00eda, Vicepresidente de Apymeco, elegido miembro de la Junta Directiva de FacPyme","og_description":"En la Federaci\u00f3n Alicantina de Comercio se integran 40 asociaciones de Comerciantes de la provincia de Alicante \u00a0El pasado jueves [&hellip;]","og_url":"https:\/\/apymeco.netrotec.com\/en\/pedro-andres-garcia-vicepresidente-de-apymeco-elegido-miembro-de-la-junta-directiva-de-facpyme\/","og_site_name":"APYMECO Torrevieja","article_published_time":"2021-03-13T19:13:20+00:00","og_image":[{"width":600,"height":287,"url":"https:\/\/apymeco.netrotec.com\/wp-content\/uploads\/2021\/03\/20210311_152703.jpg","type":"image\/jpeg"}],"author":"Apymeco","twitter_card":"summary_large_image","twitter_misc":{"Written by":"Apymeco","Estimated reading time":"2 minutes"},"schema":{"@context":"https:\/\/schema.org","@graph":[{"@type":"Article","@id":"https:\/\/apymeco.netrotec.com\/pedro-andres-garcia-vicepresidente-de-apymeco-elegido-miembro-de-la-junta-directiva-de-facpyme\/#article","isPartOf":{"@id":"https:\/\/apymeco.netrotec.com\/pedro-andres-garcia-vicepresidente-de-apymeco-elegido-miembro-de-la-junta-directiva-de-facpyme\/"},"author":{"name":"Apymeco","@id":"https:\/\/apymeco.netrotec.com\/#\/schema\/person\/58f3bb0f5e04e2b6067d17d05470d2dd"},"headline":"Pedro Andr\u00e9s Garc\u00eda, Vicepresidente de Apymeco, elegido miembro de la Junta Directiva de FacPyme","datePublished":"2021-03-13T19:13:20+00:00","mainEntityOfPage":{"@id":"https:\/\/apymeco.netrotec.com\/pedro-andres-garcia-vicepresidente-de-apymeco-elegido-miembro-de-la-junta-directiva-de-facpyme\/"},"wordCount":311,"commentCount":0,"publisher":{"@id":"https:\/\/apymeco.netrotec.com\/#organization"},"image":{"@id":"https:\/\/apymeco.netrotec.com\/pedro-andres-garcia-vicepresidente-de-apymeco-elegido-miembro-de-la-junta-directiva-de-facpyme\/#primaryimage"},"thumbnailUrl":"https:\/\/apymeco.netrotec.com\/wp-content\/uploads\/2021\/03\/20210311_152703.jpg","keywords":["apymeco en facpyme","elecciones facpyme","pedro andres garcia"],"articleSection":["Junta directiva","Notas de Prensa"],"inLanguage":"en-GB","potentialAction":[{"@type":"CommentAction","name":"Comment","target":["https:\/\/apymeco.netrotec.com\/pedro-andres-garcia-vicepresidente-de-apymeco-elegido-miembro-de-la-junta-directiva-de-facpyme\/#respond"]}]},{"@type":"WebPage","@id":"https:\/\/apymeco.netrotec.com\/pedro-andres-garcia-vicepresidente-de-apymeco-elegido-miembro-de-la-junta-directiva-de-facpyme\/","url":"https:\/\/apymeco.netrotec.com\/pedro-andres-garcia-vicepresidente-de-apymeco-elegido-miembro-de-la-junta-directiva-de-facpyme\/","name":"Pedro Andr\u00e9s Garc\u00eda, Vicepresidente de Apymeco, elegido miembro de la Junta Directiva de FacPyme - APYMECO Torrevieja","isPartOf":{"@id":"https:\/\/apymeco.netrotec.com\/#website"},"primaryImageOfPage":{"@id":"https:\/\/apymeco.netrotec.com\/pedro-andres-garcia-vicepresidente-de-apymeco-elegido-miembro-de-la-junta-directiva-de-facpyme\/#primaryimage"},"image":{"@id":"https:\/\/apymeco.netrotec.com\/pedro-andres-garcia-vicepresidente-de-apymeco-elegido-miembro-de-la-junta-directiva-de-facpyme\/#primaryimage"},"thumbnailUrl":"https:\/\/apymeco.netrotec.com\/wp-content\/uploads\/2021\/03\/20210311_152703.jpg","datePublished":"2021-03-13T19:13:20+00:00","breadcrumb":{"@id":"https:\/\/apymeco.netrotec.com\/pedro-andres-garcia-vicepresidente-de-apymeco-elegido-miembro-de-la-junta-directiva-de-facpyme\/#breadcrumb"},"inLanguage":"en-GB","potentialAction":[{"@type":"ReadAction","target":["https:\/\/apymeco.netrotec.com\/pedro-andres-garcia-vicepresidente-de-apymeco-elegido-miembro-de-la-junta-directiva-de-facpyme\/"]}]},{"@type":"ImageObject","inLanguage":"en-GB","@id":"https:\/\/apymeco.netrotec.com\/pedro-andres-garcia-vicepresidente-de-apymeco-elegido-miembro-de-la-junta-directiva-de-facpyme\/#primaryimage","url":"https:\/\/apymeco.netrotec.com\/wp-content\/uploads\/2021\/03\/20210311_152703.jpg","contentUrl":"https:\/\/apymeco.netrotec.com\/wp-content\/uploads\/2021\/03\/20210311_152703.jpg","width":600,"height":287},{"@type":"BreadcrumbList","@id":"https:\/\/apymeco.netrotec.com\/pedro-andres-garcia-vicepresidente-de-apymeco-elegido-miembro-de-la-junta-directiva-de-facpyme\/#breadcrumb","itemListElement":[{"@type":"ListItem","position":1,"name":"Portada","item":"https:\/\/apymeco.netrotec.com\/"},{"@type":"ListItem","position":2,"name":"Pedro Andr\u00e9s Garc\u00eda, Vicepresidente de Apymeco, elegido miembro de la Junta Directiva de FacPyme"}]},{"@type":"WebSite","@id":"https:\/\/apymeco.netrotec.com\/#website","url":"https:\/\/apymeco.netrotec.com\/","name":"APYMECO Torrevieja","description":"","publisher":{"@id":"https:\/\/apymeco.netrotec.com\/#organization"},"potentialAction":[{"@type":"SearchAction","target":{"@type":"EntryPoint","urlTemplate":"https:\/\/apymeco.netrotec.com\/?s={search_term_string}"},"query-input":{"@type":"PropertyValueSpecification","valueRequired":true,"valueName":"search_term_string"}}],"inLanguage":"en-GB"},{"@type":"Organization","@id":"https:\/\/apymeco.netrotec.com\/#organization","name":"APYMECO Torrevieja","url":"https:\/\/apymeco.netrotec.com\/","logo":{"@type":"ImageObject","inLanguage":"en-GB","@id":"https:\/\/apymeco.netrotec.com\/#\/schema\/logo\/image\/","url":"https:\/\/apymeco.netrotec.com\/wp-content\/uploads\/2026\/06\/logo-blanco.png","contentUrl":"https:\/\/apymeco.netrotec.com\/wp-content\/uploads\/2026\/06\/logo-blanco.png","width":1107,"height":444,"caption":"APYMECO Torrevieja"},"image":{"@id":"https:\/\/apymeco.netrotec.com\/#\/schema\/logo\/image\/"}},{"@type":"Person","@id":"https:\/\/apymeco.netrotec.com\/#\/schema\/person\/58f3bb0f5e04e2b6067d17d05470d2dd","name":"Apymeco","url":"https:\/\/apymeco.netrotec.com\/en\/author\/apymeco\/"}]}},"_links":{"self":[{"href":"https:\/\/apymeco.netrotec.com\/en\/wp-json\/wp\/v2\/posts\/7035","targetHints":{"allow":["GET"]}}],"collection":[{"href":"https:\/\/apymeco.netrotec.com\/en\/wp-json\/wp\/v2\/posts"}],"about":[{"href":"https:\/\/apymeco.netrotec.com\/en\/wp-json\/wp\/v2\/types\/post"}],"author":[{"embeddable":true,"href":"https:\/\/apymeco.netrotec.com\/en\/wp-json\/wp\/v2\/users\/2"}],"replies":[{"embeddable":true,"href":"https:\/\/apymeco.netrotec.com\/en\/wp-json\/wp\/v2\/comments?post=7035"}],"version-history":[{"count":0,"href":"https:\/\/apymeco.netrotec.com\/en\/wp-json\/wp\/v2\/posts\/7035\/revisions"}],"wp:featuredmedia":[{"embeddable":true,"href":"https:\/\/apymeco.netrotec.com\/en\/wp-json\/wp\/v2\/media\/7038"}],"wp:attachment":[{"href":"https:\/\/apymeco.netrotec.com\/en\/wp-json\/wp\/v2\/media?parent=7035"}],"wp:term":[{"taxonomy":"category","embeddable":true,"href":"https:\/\/apymeco.netrotec.com\/en\/wp-json\/wp\/v2\/categories?post=7035"},{"taxonomy":"post_tag","embeddable":true,"href":"https:\/\/apymeco.netrotec.com\/en\/wp-json\/wp\/v2\/tags?post=7035"}],"curies":[{"name":"wp","href":"https:\/\/api.w.org\/{rel}","templated":true}]}}