{"id":7125,"date":"2021-06-03T13:14:09","date_gmt":"2021-06-03T11:14:09","guid":{"rendered":"https:\/\/www.apymeco.info\/?p=7125"},"modified":"2021-06-03T13:14:09","modified_gmt":"2021-06-03T11:14:09","slug":"aprobada-la-2a-convocatoria-de-ayudas-economicas-a-autonomos-y-microempresas-cuya-actividad-se-ha-visto-afectada-por-la-pandemia-provocada-por-la-covid-19-en-el-marco-del-plan-resistir","status":"publish","type":"post","link":"https:\/\/apymeco.netrotec.com\/en\/aprobada-la-2a-convocatoria-de-ayudas-economicas-a-autonomos-y-microempresas-cuya-actividad-se-ha-visto-afectada-por-la-pandemia-provocada-por-la-covid-19-en-el-marco-del-plan-resistir\/","title":{"rendered":"APROBADA LA 2\u00aa CONVOCATORIA DE AYUDAS ECON\u00d3MICAS A AUT\u00d3NOMOS Y MICROEMPRESAS CUYA ACTIVIDAD SE HA VISTO AFECTADA POR LA PANDEMIA PROVOCADA POR LA COVID-19 EN EL MARCO DEL \u00abPLAN RESISTIR\u00bb"},"content":{"rendered":"<p>Esta convocatoria va dirigida a otros sectores econ\u00f3micos no contemplados inicialmente pero que tambi\u00e9n se han visto afectados por las medidas de contenci\u00f3n de la pandemia, tales como comercios, peluquer\u00eda y salones de belleza, servicios, entre otros.<img fetchpriority=\"high\" decoding=\"async\" class=\"wp-image-7128 alignright\" src=\"https:\/\/apymeco.netrotec.com\/wp-content\/uploads\/195521656_645589310172188_32649816572663676_n-300x300.png\" alt=\"\" width=\"408\" height=\"408\" \/><\/p>\n<p>El modelo de solicitud normalizado para la obtenci\u00f3n de las ayudas est\u00e1 disponible en la web municipal del Ayuntamiento de Torrevieja, en adl-torrevieja.es y en ahoratorrevieja.es<\/p>\n<p>El Concejal de Fomento, Empleo y Desarrollo Local, Domingo Paredes, informa que el Ayuntamiento de Torrevieja ha aprobado esta semana la <strong>2\u00aa convocatoria de Ayudas Econ\u00f3micas a Aut\u00f3nomos y Microempresas<\/strong> cuya actividad se ha visto afectada por la pandemia provocada por la COVID-19 en el marco del \u00ab<strong>Plan Resistir<\/strong>\u00ab, as\u00ed como las Bases espec\u00edficas que han de regirla.<\/p>\n<p>Esta segunda convocatoria se realiza debido al excedente de recursos sin utilizar y va dirigida a otros sectores econ\u00f3micos no contemplados inicialmente en el Anexo II del Decreto Ley 1\/2021, de 22 de enero, del Consell, pero que tambi\u00e9n se han visto afectados por las medidas de contenci\u00f3n de la pandemia, originada por la Covid 19, que se han venido adoptando por la Autoridad Sanitaria, tales como comercios, peluquer\u00eda y salones de belleza, servicios, entre otros.<\/p>\n<p>Tras la publicaci\u00f3n del extracto de la convocatoria en el Bolet\u00edn Oficial de la Provincia (BOP), se abrir\u00e1 el proceso para solicitarlas de manera telem\u00e1tica y por un plazo de 15 d\u00edas h\u00e1biles.<\/p>\n<p>Las ayudas van dirigidas a las personas f\u00edsicas trabajadoras por cuenta propia o aut\u00f3nomas y microempresas que no superen los diez empleados, que ejerzan su actividad en el municipio de Torrevieja, y que la misma se corresponda con alguna de las relacionadas en el Anexo IV de la convocatoria.<\/p>\n<p>En esta Segunda Convocatoria, las personas solicitantes podr\u00e1n obtener ayudas directas de 2.000 euros, a los que se podr\u00e1n a\u00f1adir otros 200 euros por persona trabajadora afiliada a la Seguridad Social a fecha 31 de diciembre de 2020.<\/p>\n<p>&nbsp;<\/p>\n<p>&nbsp;<\/p>","protected":false},"excerpt":{"rendered":"<p>Esta convocatoria va dirigida a otros sectores econ\u00f3micos no contemplados inicialmente pero que tambi\u00e9n se han visto afectados por las [&hellip;]<\/p>\n","protected":false},"author":2,"featured_media":7133,"comment_status":"open","ping_status":"open","sticky":false,"template":"","format":"standard","meta":{"site-sidebar-layout":"default","site-content-layout":"","ast-site-content-layout":"default","site-content-style":"default","site-sidebar-style":"default","ast-global-header-display":"","ast-banner-title-visibility":"","ast-main-header-display":"","ast-hfb-above-header-display":"","ast-hfb-below-header-display":"","ast-hfb-mobile-header-display":"","site-post-title":"","ast-breadcrumbs-content":"","ast-featured-img":"","footer-sml-layout":"","ast-disable-related-posts":"","theme-transparent-header-meta":"","adv-header-id-meta":"","stick-header-meta":"","header-above-stick-meta":"","header-main-stick-meta":"","header-below-stick-meta":"","astra-migrate-meta-layouts":"default","ast-page-background-enabled":"default","ast-page-background-meta":{"desktop":{"background-color":"var(--ast-global-color-5)","background-image":"","background-repeat":"repeat","background-position":"center center","background-size":"auto","background-attachment":"scroll","background-type":"","background-media":"","overlay-type":"","overlay-color":"","overlay-opacity":"","overlay-gradient":""},"tablet":{"background-color":"","background-image":"","background-repeat":"repeat","background-position":"center center","background-size":"auto","background-attachment":"scroll","background-type":"","background-media":"","overlay-type":"","overlay-color":"","overlay-opacity":"","overlay-gradient":""},"mobile":{"background-color":"","background-image":"","background-repeat":"repeat","background-position":"center center","background-size":"auto","background-attachment":"scroll","background-type":"","background-media":"","overlay-type":"","overlay-color":"","overlay-opacity":"","overlay-gradient":""}},"ast-content-background-meta":{"desktop":{"background-color":"var(--ast-global-color-4)","background-image":"","background-repeat":"repeat","background-position":"center center","background-size":"auto","background-attachment":"scroll","background-type":"","background-media":"","overlay-type":"","overlay-color":"","overlay-opacity":"","overlay-gradient":""},"tablet":{"background-color":"var(--ast-global-color-4)","background-image":"","background-repeat":"repeat","background-position":"center center","background-size":"auto","background-attachment":"scroll","background-type":"","background-media":"","overlay-type":"","overlay-color":"","overlay-opacity":"","overlay-gradient":""},"mobile":{"background-color":"var(--ast-global-color-4)","background-image":"","background-repeat":"repeat","background-position":"center center","background-size":"auto","background-attachment":"scroll","background-type":"","background-media":"","overlay-type":"","overlay-color":"","overlay-opacity":"","overlay-gradient":""}},"footnotes":""},"categories":[541],"tags":[610,611,612],"class_list":["post-7125","post","type-post","status-publish","format-standard","has-post-thumbnail","hentry","category-informacion","tag-2a-plan-resistir","tag-ayudas-plan-resistir","tag-segunda-convocatoria-plan-resistir"],"yoast_head":"<!-- This site is optimized with the Yoast SEO Premium plugin v27.7 (Yoast SEO v27.8) - https:\/\/yoast.com\/product\/yoast-seo-premium-wordpress\/ -->\n<title>APROBADA LA 2\u00aa CONVOCATORIA DE AYUDAS ECON\u00d3MICAS A AUT\u00d3NOMOS Y MICROEMPRESAS CUYA ACTIVIDAD SE HA VISTO AFECTADA POR LA PANDEMIA PROVOCADA POR LA COVID-19 EN EL MARCO DEL &quot;PLAN RESISTIR&quot; - APYMECO Torrevieja<\/title>\n<meta name=\"robots\" content=\"index, follow, max-snippet:-1, max-image-preview:large, max-video-preview:-1\" \/>\n<link rel=\"canonical\" href=\"https:\/\/apymeco.netrotec.com\/en\/aprobada-la-2a-convocatoria-de-ayudas-economicas-a-autonomos-y-microempresas-cuya-actividad-se-ha-visto-afectada-por-la-pandemia-provocada-por-la-covid-19-en-el-marco-del-plan-resistir\/\" \/>\n<meta property=\"og:locale\" content=\"en_GB\" \/>\n<meta property=\"og:type\" content=\"article\" \/>\n<meta property=\"og:title\" content=\"APROBADA LA 2\u00aa CONVOCATORIA DE AYUDAS ECON\u00d3MICAS A AUT\u00d3NOMOS Y MICROEMPRESAS CUYA ACTIVIDAD SE HA VISTO AFECTADA POR LA PANDEMIA PROVOCADA POR LA COVID-19 EN EL MARCO DEL &quot;PLAN RESISTIR&quot;\" \/>\n<meta property=\"og:description\" content=\"Esta convocatoria va dirigida a otros sectores econ\u00f3micos no contemplados inicialmente pero que tambi\u00e9n se han visto afectados por las [&hellip;]\" \/>\n<meta property=\"og:url\" content=\"https:\/\/apymeco.netrotec.com\/en\/aprobada-la-2a-convocatoria-de-ayudas-economicas-a-autonomos-y-microempresas-cuya-actividad-se-ha-visto-afectada-por-la-pandemia-provocada-por-la-covid-19-en-el-marco-del-plan-resistir\/\" \/>\n<meta property=\"og:site_name\" content=\"APYMECO Torrevieja\" \/>\n<meta property=\"article:published_time\" content=\"2021-06-03T11:14:09+00:00\" \/>\n<meta property=\"og:image\" content=\"https:\/\/apymeco.netrotec.com\/wp-content\/uploads\/2021\/06\/titulo-plan-resistir.png\" \/>\n\t<meta property=\"og:image:width\" content=\"2048\" \/>\n\t<meta property=\"og:image:height\" content=\"693\" \/>\n\t<meta property=\"og:image:type\" content=\"image\/png\" \/>\n<meta name=\"author\" content=\"Apymeco\" \/>\n<meta name=\"twitter:card\" content=\"summary_large_image\" \/>\n<meta name=\"twitter:label1\" content=\"Written by\" \/>\n\t<meta name=\"twitter:data1\" content=\"Apymeco\" \/>\n\t<meta name=\"twitter:label2\" content=\"Estimated reading time\" \/>\n\t<meta name=\"twitter:data2\" content=\"2 minutes\" \/>\n<script type=\"application\/ld+json\" class=\"yoast-schema-graph\">{\"@context\":\"https:\\\/\\\/schema.org\",\"@graph\":[{\"@type\":\"Article\",\"@id\":\"https:\\\/\\\/apymeco.netrotec.com\\\/aprobada-la-2a-convocatoria-de-ayudas-economicas-a-autonomos-y-microempresas-cuya-actividad-se-ha-visto-afectada-por-la-pandemia-provocada-por-la-covid-19-en-el-marco-del-plan-resistir\\\/#article\",\"isPartOf\":{\"@id\":\"https:\\\/\\\/apymeco.netrotec.com\\\/aprobada-la-2a-convocatoria-de-ayudas-economicas-a-autonomos-y-microempresas-cuya-actividad-se-ha-visto-afectada-por-la-pandemia-provocada-por-la-covid-19-en-el-marco-del-plan-resistir\\\/\"},\"author\":{\"name\":\"Apymeco\",\"@id\":\"https:\\\/\\\/apymeco.netrotec.com\\\/#\\\/schema\\\/person\\\/58f3bb0f5e04e2b6067d17d05470d2dd\"},\"headline\":\"APROBADA LA 2\u00aa CONVOCATORIA DE AYUDAS ECON\u00d3MICAS A AUT\u00d3NOMOS Y MICROEMPRESAS CUYA ACTIVIDAD SE HA VISTO AFECTADA POR LA PANDEMIA PROVOCADA POR LA COVID-19 EN EL MARCO DEL \u00abPLAN RESISTIR\u00bb\",\"datePublished\":\"2021-06-03T11:14:09+00:00\",\"mainEntityOfPage\":{\"@id\":\"https:\\\/\\\/apymeco.netrotec.com\\\/aprobada-la-2a-convocatoria-de-ayudas-economicas-a-autonomos-y-microempresas-cuya-actividad-se-ha-visto-afectada-por-la-pandemia-provocada-por-la-covid-19-en-el-marco-del-plan-resistir\\\/\"},\"wordCount\":365,\"commentCount\":0,\"publisher\":{\"@id\":\"https:\\\/\\\/apymeco.netrotec.com\\\/#organization\"},\"image\":{\"@id\":\"https:\\\/\\\/apymeco.netrotec.com\\\/aprobada-la-2a-convocatoria-de-ayudas-economicas-a-autonomos-y-microempresas-cuya-actividad-se-ha-visto-afectada-por-la-pandemia-provocada-por-la-covid-19-en-el-marco-del-plan-resistir\\\/#primaryimage\"},\"thumbnailUrl\":\"https:\\\/\\\/apymeco.netrotec.com\\\/wp-content\\\/uploads\\\/2021\\\/06\\\/titulo-plan-resistir.png\",\"keywords\":[\"2\u00aa plan resistir\",\"ayudas plan resistir\",\"segunda convocatoria plan resistir\"],\"articleSection\":[\"Informaci\u00f3n\"],\"inLanguage\":\"en-GB\",\"potentialAction\":[{\"@type\":\"CommentAction\",\"name\":\"Comment\",\"target\":[\"https:\\\/\\\/apymeco.netrotec.com\\\/aprobada-la-2a-convocatoria-de-ayudas-economicas-a-autonomos-y-microempresas-cuya-actividad-se-ha-visto-afectada-por-la-pandemia-provocada-por-la-covid-19-en-el-marco-del-plan-resistir\\\/#respond\"]}]},{\"@type\":\"WebPage\",\"@id\":\"https:\\\/\\\/apymeco.netrotec.com\\\/aprobada-la-2a-convocatoria-de-ayudas-economicas-a-autonomos-y-microempresas-cuya-actividad-se-ha-visto-afectada-por-la-pandemia-provocada-por-la-covid-19-en-el-marco-del-plan-resistir\\\/\",\"url\":\"https:\\\/\\\/apymeco.netrotec.com\\\/aprobada-la-2a-convocatoria-de-ayudas-economicas-a-autonomos-y-microempresas-cuya-actividad-se-ha-visto-afectada-por-la-pandemia-provocada-por-la-covid-19-en-el-marco-del-plan-resistir\\\/\",\"name\":\"APROBADA LA 2\u00aa CONVOCATORIA DE AYUDAS ECON\u00d3MICAS A AUT\u00d3NOMOS Y MICROEMPRESAS CUYA ACTIVIDAD SE HA VISTO AFECTADA POR LA PANDEMIA PROVOCADA POR LA COVID-19 EN EL MARCO DEL \\\"PLAN RESISTIR\\\" - APYMECO Torrevieja\",\"isPartOf\":{\"@id\":\"https:\\\/\\\/apymeco.netrotec.com\\\/#website\"},\"primaryImageOfPage\":{\"@id\":\"https:\\\/\\\/apymeco.netrotec.com\\\/aprobada-la-2a-convocatoria-de-ayudas-economicas-a-autonomos-y-microempresas-cuya-actividad-se-ha-visto-afectada-por-la-pandemia-provocada-por-la-covid-19-en-el-marco-del-plan-resistir\\\/#primaryimage\"},\"image\":{\"@id\":\"https:\\\/\\\/apymeco.netrotec.com\\\/aprobada-la-2a-convocatoria-de-ayudas-economicas-a-autonomos-y-microempresas-cuya-actividad-se-ha-visto-afectada-por-la-pandemia-provocada-por-la-covid-19-en-el-marco-del-plan-resistir\\\/#primaryimage\"},\"thumbnailUrl\":\"https:\\\/\\\/apymeco.netrotec.com\\\/wp-content\\\/uploads\\\/2021\\\/06\\\/titulo-plan-resistir.png\",\"datePublished\":\"2021-06-03T11:14:09+00:00\",\"breadcrumb\":{\"@id\":\"https:\\\/\\\/apymeco.netrotec.com\\\/aprobada-la-2a-convocatoria-de-ayudas-economicas-a-autonomos-y-microempresas-cuya-actividad-se-ha-visto-afectada-por-la-pandemia-provocada-por-la-covid-19-en-el-marco-del-plan-resistir\\\/#breadcrumb\"},\"inLanguage\":\"en-GB\",\"potentialAction\":[{\"@type\":\"ReadAction\",\"target\":[\"https:\\\/\\\/apymeco.netrotec.com\\\/aprobada-la-2a-convocatoria-de-ayudas-economicas-a-autonomos-y-microempresas-cuya-actividad-se-ha-visto-afectada-por-la-pandemia-provocada-por-la-covid-19-en-el-marco-del-plan-resistir\\\/\"]}]},{\"@type\":\"ImageObject\",\"inLanguage\":\"en-GB\",\"@id\":\"https:\\\/\\\/apymeco.netrotec.com\\\/aprobada-la-2a-convocatoria-de-ayudas-economicas-a-autonomos-y-microempresas-cuya-actividad-se-ha-visto-afectada-por-la-pandemia-provocada-por-la-covid-19-en-el-marco-del-plan-resistir\\\/#primaryimage\",\"url\":\"https:\\\/\\\/apymeco.netrotec.com\\\/wp-content\\\/uploads\\\/2021\\\/06\\\/titulo-plan-resistir.png\",\"contentUrl\":\"https:\\\/\\\/apymeco.netrotec.com\\\/wp-content\\\/uploads\\\/2021\\\/06\\\/titulo-plan-resistir.png\",\"width\":2048,\"height\":693,\"caption\":\"PLAN RESISTIR 2\"},{\"@type\":\"BreadcrumbList\",\"@id\":\"https:\\\/\\\/apymeco.netrotec.com\\\/aprobada-la-2a-convocatoria-de-ayudas-economicas-a-autonomos-y-microempresas-cuya-actividad-se-ha-visto-afectada-por-la-pandemia-provocada-por-la-covid-19-en-el-marco-del-plan-resistir\\\/#breadcrumb\",\"itemListElement\":[{\"@type\":\"ListItem\",\"position\":1,\"name\":\"Portada\",\"item\":\"https:\\\/\\\/apymeco.netrotec.com\\\/\"},{\"@type\":\"ListItem\",\"position\":2,\"name\":\"APROBADA LA 2\u00aa CONVOCATORIA DE AYUDAS ECON\u00d3MICAS A AUT\u00d3NOMOS Y MICROEMPRESAS CUYA ACTIVIDAD SE HA VISTO AFECTADA POR LA PANDEMIA PROVOCADA POR LA COVID-19 EN EL MARCO DEL \u00abPLAN RESISTIR\u00bb\"}]},{\"@type\":\"WebSite\",\"@id\":\"https:\\\/\\\/apymeco.netrotec.com\\\/#website\",\"url\":\"https:\\\/\\\/apymeco.netrotec.com\\\/\",\"name\":\"APYMECO Torrevieja\",\"description\":\"\",\"publisher\":{\"@id\":\"https:\\\/\\\/apymeco.netrotec.com\\\/#organization\"},\"potentialAction\":[{\"@type\":\"SearchAction\",\"target\":{\"@type\":\"EntryPoint\",\"urlTemplate\":\"https:\\\/\\\/apymeco.netrotec.com\\\/?s={search_term_string}\"},\"query-input\":{\"@type\":\"PropertyValueSpecification\",\"valueRequired\":true,\"valueName\":\"search_term_string\"}}],\"inLanguage\":\"en-GB\"},{\"@type\":\"Organization\",\"@id\":\"https:\\\/\\\/apymeco.netrotec.com\\\/#organization\",\"name\":\"APYMECO Torrevieja\",\"url\":\"https:\\\/\\\/apymeco.netrotec.com\\\/\",\"logo\":{\"@type\":\"ImageObject\",\"inLanguage\":\"en-GB\",\"@id\":\"https:\\\/\\\/apymeco.netrotec.com\\\/#\\\/schema\\\/logo\\\/image\\\/\",\"url\":\"https:\\\/\\\/apymeco.netrotec.com\\\/wp-content\\\/uploads\\\/2026\\\/06\\\/logo-blanco.png\",\"contentUrl\":\"https:\\\/\\\/apymeco.netrotec.com\\\/wp-content\\\/uploads\\\/2026\\\/06\\\/logo-blanco.png\",\"width\":1107,\"height\":444,\"caption\":\"APYMECO Torrevieja\"},\"image\":{\"@id\":\"https:\\\/\\\/apymeco.netrotec.com\\\/#\\\/schema\\\/logo\\\/image\\\/\"}},{\"@type\":\"Person\",\"@id\":\"https:\\\/\\\/apymeco.netrotec.com\\\/#\\\/schema\\\/person\\\/58f3bb0f5e04e2b6067d17d05470d2dd\",\"name\":\"Apymeco\",\"url\":\"https:\\\/\\\/apymeco.netrotec.com\\\/en\\\/author\\\/apymeco\\\/\"}]}<\/script>\n<!-- \/ Yoast SEO Premium plugin. -->","yoast_head_json":{"title":"APROBADA LA 2\u00aa CONVOCATORIA DE AYUDAS ECON\u00d3MICAS A AUT\u00d3NOMOS Y MICROEMPRESAS CUYA ACTIVIDAD SE HA VISTO AFECTADA POR LA PANDEMIA PROVOCADA POR LA COVID-19 EN EL MARCO DEL \"PLAN RESISTIR\" - APYMECO Torrevieja","robots":{"index":"index","follow":"follow","max-snippet":"max-snippet:-1","max-image-preview":"max-image-preview:large","max-video-preview":"max-video-preview:-1"},"canonical":"https:\/\/apymeco.netrotec.com\/en\/aprobada-la-2a-convocatoria-de-ayudas-economicas-a-autonomos-y-microempresas-cuya-actividad-se-ha-visto-afectada-por-la-pandemia-provocada-por-la-covid-19-en-el-marco-del-plan-resistir\/","og_locale":"en_GB","og_type":"article","og_title":"APROBADA LA 2\u00aa CONVOCATORIA DE AYUDAS ECON\u00d3MICAS A AUT\u00d3NOMOS Y MICROEMPRESAS CUYA ACTIVIDAD SE HA VISTO AFECTADA POR LA PANDEMIA PROVOCADA POR LA COVID-19 EN EL MARCO DEL \"PLAN RESISTIR\"","og_description":"Esta convocatoria va dirigida a otros sectores econ\u00f3micos no contemplados inicialmente pero que tambi\u00e9n se han visto afectados por las [&hellip;]","og_url":"https:\/\/apymeco.netrotec.com\/en\/aprobada-la-2a-convocatoria-de-ayudas-economicas-a-autonomos-y-microempresas-cuya-actividad-se-ha-visto-afectada-por-la-pandemia-provocada-por-la-covid-19-en-el-marco-del-plan-resistir\/","og_site_name":"APYMECO Torrevieja","article_published_time":"2021-06-03T11:14:09+00:00","og_image":[{"width":2048,"height":693,"url":"https:\/\/apymeco.netrotec.com\/wp-content\/uploads\/2021\/06\/titulo-plan-resistir.png","type":"image\/png"}],"author":"Apymeco","twitter_card":"summary_large_image","twitter_misc":{"Written by":"Apymeco","Estimated reading time":"2 minutes"},"schema":{"@context":"https:\/\/schema.org","@graph":[{"@type":"Article","@id":"https:\/\/apymeco.netrotec.com\/aprobada-la-2a-convocatoria-de-ayudas-economicas-a-autonomos-y-microempresas-cuya-actividad-se-ha-visto-afectada-por-la-pandemia-provocada-por-la-covid-19-en-el-marco-del-plan-resistir\/#article","isPartOf":{"@id":"https:\/\/apymeco.netrotec.com\/aprobada-la-2a-convocatoria-de-ayudas-economicas-a-autonomos-y-microempresas-cuya-actividad-se-ha-visto-afectada-por-la-pandemia-provocada-por-la-covid-19-en-el-marco-del-plan-resistir\/"},"author":{"name":"Apymeco","@id":"https:\/\/apymeco.netrotec.com\/#\/schema\/person\/58f3bb0f5e04e2b6067d17d05470d2dd"},"headline":"APROBADA LA 2\u00aa CONVOCATORIA DE AYUDAS ECON\u00d3MICAS A AUT\u00d3NOMOS Y MICROEMPRESAS CUYA ACTIVIDAD SE HA VISTO AFECTADA POR LA PANDEMIA PROVOCADA POR LA COVID-19 EN EL MARCO DEL \u00abPLAN RESISTIR\u00bb","datePublished":"2021-06-03T11:14:09+00:00","mainEntityOfPage":{"@id":"https:\/\/apymeco.netrotec.com\/aprobada-la-2a-convocatoria-de-ayudas-economicas-a-autonomos-y-microempresas-cuya-actividad-se-ha-visto-afectada-por-la-pandemia-provocada-por-la-covid-19-en-el-marco-del-plan-resistir\/"},"wordCount":365,"commentCount":0,"publisher":{"@id":"https:\/\/apymeco.netrotec.com\/#organization"},"image":{"@id":"https:\/\/apymeco.netrotec.com\/aprobada-la-2a-convocatoria-de-ayudas-economicas-a-autonomos-y-microempresas-cuya-actividad-se-ha-visto-afectada-por-la-pandemia-provocada-por-la-covid-19-en-el-marco-del-plan-resistir\/#primaryimage"},"thumbnailUrl":"https:\/\/apymeco.netrotec.com\/wp-content\/uploads\/2021\/06\/titulo-plan-resistir.png","keywords":["2\u00aa plan resistir","ayudas plan resistir","segunda convocatoria plan resistir"],"articleSection":["Informaci\u00f3n"],"inLanguage":"en-GB","potentialAction":[{"@type":"CommentAction","name":"Comment","target":["https:\/\/apymeco.netrotec.com\/aprobada-la-2a-convocatoria-de-ayudas-economicas-a-autonomos-y-microempresas-cuya-actividad-se-ha-visto-afectada-por-la-pandemia-provocada-por-la-covid-19-en-el-marco-del-plan-resistir\/#respond"]}]},{"@type":"WebPage","@id":"https:\/\/apymeco.netrotec.com\/aprobada-la-2a-convocatoria-de-ayudas-economicas-a-autonomos-y-microempresas-cuya-actividad-se-ha-visto-afectada-por-la-pandemia-provocada-por-la-covid-19-en-el-marco-del-plan-resistir\/","url":"https:\/\/apymeco.netrotec.com\/aprobada-la-2a-convocatoria-de-ayudas-economicas-a-autonomos-y-microempresas-cuya-actividad-se-ha-visto-afectada-por-la-pandemia-provocada-por-la-covid-19-en-el-marco-del-plan-resistir\/","name":"APROBADA LA 2\u00aa CONVOCATORIA DE AYUDAS ECON\u00d3MICAS A AUT\u00d3NOMOS Y MICROEMPRESAS CUYA ACTIVIDAD SE HA VISTO AFECTADA POR LA PANDEMIA PROVOCADA POR LA COVID-19 EN EL MARCO DEL \"PLAN RESISTIR\" - APYMECO Torrevieja","isPartOf":{"@id":"https:\/\/apymeco.netrotec.com\/#website"},"primaryImageOfPage":{"@id":"https:\/\/apymeco.netrotec.com\/aprobada-la-2a-convocatoria-de-ayudas-economicas-a-autonomos-y-microempresas-cuya-actividad-se-ha-visto-afectada-por-la-pandemia-provocada-por-la-covid-19-en-el-marco-del-plan-resistir\/#primaryimage"},"image":{"@id":"https:\/\/apymeco.netrotec.com\/aprobada-la-2a-convocatoria-de-ayudas-economicas-a-autonomos-y-microempresas-cuya-actividad-se-ha-visto-afectada-por-la-pandemia-provocada-por-la-covid-19-en-el-marco-del-plan-resistir\/#primaryimage"},"thumbnailUrl":"https:\/\/apymeco.netrotec.com\/wp-content\/uploads\/2021\/06\/titulo-plan-resistir.png","datePublished":"2021-06-03T11:14:09+00:00","breadcrumb":{"@id":"https:\/\/apymeco.netrotec.com\/aprobada-la-2a-convocatoria-de-ayudas-economicas-a-autonomos-y-microempresas-cuya-actividad-se-ha-visto-afectada-por-la-pandemia-provocada-por-la-covid-19-en-el-marco-del-plan-resistir\/#breadcrumb"},"inLanguage":"en-GB","potentialAction":[{"@type":"ReadAction","target":["https:\/\/apymeco.netrotec.com\/aprobada-la-2a-convocatoria-de-ayudas-economicas-a-autonomos-y-microempresas-cuya-actividad-se-ha-visto-afectada-por-la-pandemia-provocada-por-la-covid-19-en-el-marco-del-plan-resistir\/"]}]},{"@type":"ImageObject","inLanguage":"en-GB","@id":"https:\/\/apymeco.netrotec.com\/aprobada-la-2a-convocatoria-de-ayudas-economicas-a-autonomos-y-microempresas-cuya-actividad-se-ha-visto-afectada-por-la-pandemia-provocada-por-la-covid-19-en-el-marco-del-plan-resistir\/#primaryimage","url":"https:\/\/apymeco.netrotec.com\/wp-content\/uploads\/2021\/06\/titulo-plan-resistir.png","contentUrl":"https:\/\/apymeco.netrotec.com\/wp-content\/uploads\/2021\/06\/titulo-plan-resistir.png","width":2048,"height":693,"caption":"PLAN RESISTIR 2"},{"@type":"BreadcrumbList","@id":"https:\/\/apymeco.netrotec.com\/aprobada-la-2a-convocatoria-de-ayudas-economicas-a-autonomos-y-microempresas-cuya-actividad-se-ha-visto-afectada-por-la-pandemia-provocada-por-la-covid-19-en-el-marco-del-plan-resistir\/#breadcrumb","itemListElement":[{"@type":"ListItem","position":1,"name":"Portada","item":"https:\/\/apymeco.netrotec.com\/"},{"@type":"ListItem","position":2,"name":"APROBADA LA 2\u00aa CONVOCATORIA DE AYUDAS ECON\u00d3MICAS A AUT\u00d3NOMOS Y MICROEMPRESAS CUYA ACTIVIDAD SE HA VISTO AFECTADA POR LA PANDEMIA PROVOCADA POR LA COVID-19 EN EL MARCO DEL \u00abPLAN RESISTIR\u00bb"}]},{"@type":"WebSite","@id":"https:\/\/apymeco.netrotec.com\/#website","url":"https:\/\/apymeco.netrotec.com\/","name":"APYMECO Torrevieja","description":"","publisher":{"@id":"https:\/\/apymeco.netrotec.com\/#organization"},"potentialAction":[{"@type":"SearchAction","target":{"@type":"EntryPoint","urlTemplate":"https:\/\/apymeco.netrotec.com\/?s={search_term_string}"},"query-input":{"@type":"PropertyValueSpecification","valueRequired":true,"valueName":"search_term_string"}}],"inLanguage":"en-GB"},{"@type":"Organization","@id":"https:\/\/apymeco.netrotec.com\/#organization","name":"APYMECO Torrevieja","url":"https:\/\/apymeco.netrotec.com\/","logo":{"@type":"ImageObject","inLanguage":"en-GB","@id":"https:\/\/apymeco.netrotec.com\/#\/schema\/logo\/image\/","url":"https:\/\/apymeco.netrotec.com\/wp-content\/uploads\/2026\/06\/logo-blanco.png","contentUrl":"https:\/\/apymeco.netrotec.com\/wp-content\/uploads\/2026\/06\/logo-blanco.png","width":1107,"height":444,"caption":"APYMECO Torrevieja"},"image":{"@id":"https:\/\/apymeco.netrotec.com\/#\/schema\/logo\/image\/"}},{"@type":"Person","@id":"https:\/\/apymeco.netrotec.com\/#\/schema\/person\/58f3bb0f5e04e2b6067d17d05470d2dd","name":"Apymeco","url":"https:\/\/apymeco.netrotec.com\/en\/author\/apymeco\/"}]}},"_links":{"self":[{"href":"https:\/\/apymeco.netrotec.com\/en\/wp-json\/wp\/v2\/posts\/7125","targetHints":{"allow":["GET"]}}],"collection":[{"href":"https:\/\/apymeco.netrotec.com\/en\/wp-json\/wp\/v2\/posts"}],"about":[{"href":"https:\/\/apymeco.netrotec.com\/en\/wp-json\/wp\/v2\/types\/post"}],"author":[{"embeddable":true,"href":"https:\/\/apymeco.netrotec.com\/en\/wp-json\/wp\/v2\/users\/2"}],"replies":[{"embeddable":true,"href":"https:\/\/apymeco.netrotec.com\/en\/wp-json\/wp\/v2\/comments?post=7125"}],"version-history":[{"count":0,"href":"https:\/\/apymeco.netrotec.com\/en\/wp-json\/wp\/v2\/posts\/7125\/revisions"}],"wp:featuredmedia":[{"embeddable":true,"href":"https:\/\/apymeco.netrotec.com\/en\/wp-json\/wp\/v2\/media\/7133"}],"wp:attachment":[{"href":"https:\/\/apymeco.netrotec.com\/en\/wp-json\/wp\/v2\/media?parent=7125"}],"wp:term":[{"taxonomy":"category","embeddable":true,"href":"https:\/\/apymeco.netrotec.com\/en\/wp-json\/wp\/v2\/categories?post=7125"},{"taxonomy":"post_tag","embeddable":true,"href":"https:\/\/apymeco.netrotec.com\/en\/wp-json\/wp\/v2\/tags?post=7125"}],"curies":[{"name":"wp","href":"https:\/\/api.w.org\/{rel}","templated":true}]}}