{"id":7205,"date":"2021-09-08T14:36:27","date_gmt":"2021-09-08T12:36:27","guid":{"rendered":"https:\/\/www.apymeco.info\/?p=7205"},"modified":"2021-09-08T14:36:27","modified_gmt":"2021-09-08T12:36:27","slug":"vuelve-la-caravana-motera-solidaria-vuelta-al-cole-2021","status":"publish","type":"post","link":"https:\/\/apymeco.netrotec.com\/en\/vuelve-la-caravana-motera-solidaria-vuelta-al-cole-2021\/","title":{"rendered":"VUELVE LA CARAVANA MOTERA SOLIDARIA &#8211; VUELTA AL COLE 2021"},"content":{"rendered":"<p><strong>Apymeco junto con la Concejalia de Comercio\u00a0 y\u00a0 la Hermandad Motera Dorsal Zero ponen en marcha la campa\u00f1a \u201cVuelta al cole\u201d<\/strong><\/p>\n<p><strong>El s\u00e1bado 18 de septiembre una \u201cCaravana Solidaria Motera\u201d recoger\u00e1 las donaciones de material escolar para ni\u00f1os de familias necesitadas<\/strong><\/p>\n<p>La concejal de Comercio del Ayuntamiento de Torrevieja, Rosario Mart\u00ednez Chazarra; el presidente de APYMECO, Jorge Almarcha; Ra\u00fal Rodr\u00edguez, presidente de la Hermandad Motera \u201cDorsal Zero\u201d y el P\u00e1rroco de San Pedro y San Pablo, Pedro Pay\u00e1, en representaci\u00f3n de C\u00e1ritas de la Parroquia, presentan la campa\u00f1a \u201cVuelta al Cole\u201d del curso 2020\/21.<\/p>\n<p><img fetchpriority=\"high\" decoding=\"async\" class=\"wp-image-7206 alignright\" src=\"https:\/\/apymeco.netrotec.com\/wp-content\/uploads\/CARAVANA-MOTERA-NUEVO-DEFINITIVO-212x300.png\" alt=\"caravanamotera2021\" width=\"396\" height=\"560\" \/><\/p>\n<p style=\"text-align: left;\">La misma estar\u00e1 protagonizada por la Hermandad Motera \u201cDorsal Zero\u201d, que realizar\u00e1 el s\u00e1bado 18 de septiembre, a partir de las 11:00 horas.<\/p>\n<p style=\"text-align: left;\">Una \u201cCaravana Solidaria\u201d en la que se recoger\u00e1n, en los distintos establecimientos que se han prestado voluntarios como puntos de recogida, del material escolar que se haya donado, desde el pasado martes 7 de septiembre hasta el d\u00eda 17 de este mes.<\/p>\n<p>Para este fin se han distribuido carteles informativos en los comercios colaboradores, \u00a0a fin de que ustedes pueden entregar sus donaciones, que ser\u00e1n entregadas a la Ong C\u00e1ritas de la Parroquia de San Pedro y San Pablo, que preside Cristina L\u00f3pez Corona.<\/p>\n<p>Os adjuntamos los carteles promocionales, as\u00ed como plano del recorrido que se efectuar\u00e1 el d\u00eda 18 de septiembre, donde pueden seguir el itinerario propuesto.<\/p>\n<p><img decoding=\"async\" class=\"wp-image-7212 alignleft\" src=\"https:\/\/apymeco.netrotec.com\/wp-content\/uploads\/ruta-motera-2-300x178.jpeg\" alt=\"RUTA 18 SEPTIEMBRE\" width=\"356\" height=\"211\" \/><img decoding=\"async\" class=\"wp-image-7209 alignleft\" src=\"https:\/\/apymeco.netrotec.com\/wp-content\/uploads\/CARAVANA-SOLIDARIA-MOTERA-PUNTOS-300x136.png\" alt=\"\" width=\"805\" height=\"366\" \/><\/p>","protected":false},"excerpt":{"rendered":"<p>Apymeco junto con la Concejalia de Comercio\u00a0 y\u00a0 la Hermandad Motera Dorsal Zero ponen en marcha la campa\u00f1a \u201cVuelta al [&hellip;]<\/p>\n","protected":false},"author":2,"featured_media":0,"comment_status":"open","ping_status":"open","sticky":false,"template":"","format":"standard","meta":{"site-sidebar-layout":"default","site-content-layout":"","ast-site-content-layout":"default","site-content-style":"default","site-sidebar-style":"default","ast-global-header-display":"","ast-banner-title-visibility":"","ast-main-header-display":"","ast-hfb-above-header-display":"","ast-hfb-below-header-display":"","ast-hfb-mobile-header-display":"","site-post-title":"","ast-breadcrumbs-content":"","ast-featured-img":"","footer-sml-layout":"","ast-disable-related-posts":"","theme-transparent-header-meta":"","adv-header-id-meta":"","stick-header-meta":"","header-above-stick-meta":"","header-main-stick-meta":"","header-below-stick-meta":"","astra-migrate-meta-layouts":"default","ast-page-background-enabled":"default","ast-page-background-meta":{"desktop":{"background-color":"var(--ast-global-color-5)","background-image":"","background-repeat":"repeat","background-position":"center center","background-size":"auto","background-attachment":"scroll","background-type":"","background-media":"","overlay-type":"","overlay-color":"","overlay-opacity":"","overlay-gradient":""},"tablet":{"background-color":"","background-image":"","background-repeat":"repeat","background-position":"center center","background-size":"auto","background-attachment":"scroll","background-type":"","background-media":"","overlay-type":"","overlay-color":"","overlay-opacity":"","overlay-gradient":""},"mobile":{"background-color":"","background-image":"","background-repeat":"repeat","background-position":"center center","background-size":"auto","background-attachment":"scroll","background-type":"","background-media":"","overlay-type":"","overlay-color":"","overlay-opacity":"","overlay-gradient":""}},"ast-content-background-meta":{"desktop":{"background-color":"var(--ast-global-color-4)","background-image":"","background-repeat":"repeat","background-position":"center center","background-size":"auto","background-attachment":"scroll","background-type":"","background-media":"","overlay-type":"","overlay-color":"","overlay-opacity":"","overlay-gradient":""},"tablet":{"background-color":"var(--ast-global-color-4)","background-image":"","background-repeat":"repeat","background-position":"center center","background-size":"auto","background-attachment":"scroll","background-type":"","background-media":"","overlay-type":"","overlay-color":"","overlay-opacity":"","overlay-gradient":""},"mobile":{"background-color":"var(--ast-global-color-4)","background-image":"","background-repeat":"repeat","background-position":"center center","background-size":"auto","background-attachment":"scroll","background-type":"","background-media":"","overlay-type":"","overlay-color":"","overlay-opacity":"","overlay-gradient":""}},"footnotes":""},"categories":[524,526,585],"tags":[616,617,618,619],"class_list":["post-7205","post","type-post","status-publish","format-standard","hentry","category-campanas","category-eventos","category-notas-de-prensa","tag-apymeco-y-dorsal-zero-caravana","tag-caravana-solidaria-apymeco","tag-caravanamotera2021","tag-vuelta-al-cole-2021"],"yoast_head":"<!-- This site is optimized with the Yoast SEO Premium plugin v27.7 (Yoast SEO v27.8) - https:\/\/yoast.com\/product\/yoast-seo-premium-wordpress\/ -->\n<title>VUELVE LA CARAVANA MOTERA SOLIDARIA - VUELTA AL COLE 2021 - APYMECO Torrevieja<\/title>\n<meta name=\"robots\" content=\"index, follow, max-snippet:-1, max-image-preview:large, max-video-preview:-1\" \/>\n<link rel=\"canonical\" href=\"https:\/\/apymeco.netrotec.com\/en\/vuelve-la-caravana-motera-solidaria-vuelta-al-cole-2021\/\" \/>\n<meta property=\"og:locale\" content=\"en_GB\" \/>\n<meta property=\"og:type\" content=\"article\" \/>\n<meta property=\"og:title\" content=\"VUELVE LA CARAVANA MOTERA SOLIDARIA - VUELTA AL COLE 2021\" \/>\n<meta property=\"og:description\" content=\"Apymeco junto con la Concejalia de Comercio\u00a0 y\u00a0 la Hermandad Motera Dorsal Zero ponen en marcha la campa\u00f1a \u201cVuelta al [&hellip;]\" \/>\n<meta property=\"og:url\" content=\"https:\/\/apymeco.netrotec.com\/en\/vuelve-la-caravana-motera-solidaria-vuelta-al-cole-2021\/\" \/>\n<meta property=\"og:site_name\" content=\"APYMECO Torrevieja\" \/>\n<meta property=\"article:published_time\" content=\"2021-09-08T12:36:27+00:00\" \/>\n<meta property=\"og:image\" content=\"https:\/\/apymeco.netrotec.com\/wp-content\/uploads\/2021\/09\/CARAVANA-MOTERA-NUEVO-DEFINITIVO.png\" \/>\n\t<meta property=\"og:image:width\" content=\"1587\" \/>\n\t<meta property=\"og:image:height\" content=\"2245\" \/>\n\t<meta property=\"og:image:type\" content=\"image\/png\" \/>\n<meta name=\"author\" content=\"Apymeco\" \/>\n<meta name=\"twitter:card\" content=\"summary_large_image\" \/>\n<meta name=\"twitter:label1\" content=\"Written by\" \/>\n\t<meta name=\"twitter:data1\" content=\"Apymeco\" \/>\n\t<meta name=\"twitter:label2\" content=\"Estimated reading time\" \/>\n\t<meta name=\"twitter:data2\" content=\"2 minutes\" \/>\n<script type=\"application\/ld+json\" class=\"yoast-schema-graph\">{\"@context\":\"https:\\\/\\\/schema.org\",\"@graph\":[{\"@type\":\"Article\",\"@id\":\"https:\\\/\\\/apymeco.netrotec.com\\\/vuelve-la-caravana-motera-solidaria-vuelta-al-cole-2021\\\/#article\",\"isPartOf\":{\"@id\":\"https:\\\/\\\/apymeco.netrotec.com\\\/vuelve-la-caravana-motera-solidaria-vuelta-al-cole-2021\\\/\"},\"author\":{\"name\":\"Apymeco\",\"@id\":\"https:\\\/\\\/apymeco.netrotec.com\\\/#\\\/schema\\\/person\\\/58f3bb0f5e04e2b6067d17d05470d2dd\"},\"headline\":\"VUELVE LA CARAVANA MOTERA SOLIDARIA &#8211; VUELTA AL COLE 2021\",\"datePublished\":\"2021-09-08T12:36:27+00:00\",\"mainEntityOfPage\":{\"@id\":\"https:\\\/\\\/apymeco.netrotec.com\\\/vuelve-la-caravana-motera-solidaria-vuelta-al-cole-2021\\\/\"},\"wordCount\":244,\"commentCount\":0,\"publisher\":{\"@id\":\"https:\\\/\\\/apymeco.netrotec.com\\\/#organization\"},\"image\":{\"@id\":\"https:\\\/\\\/apymeco.netrotec.com\\\/vuelve-la-caravana-motera-solidaria-vuelta-al-cole-2021\\\/#primaryimage\"},\"thumbnailUrl\":\"https:\\\/\\\/apymeco.netrotec.com\\\/wp-content\\\/uploads\\\/CARAVANA-MOTERA-NUEVO-DEFINITIVO-212x300.png\",\"keywords\":[\"APYMECO Y DORSAL ZERO CARAVANA\",\"CARAVANA SOLIDARIA APYMECO\",\"CARAVANAMOTERA2021\",\"VUELTA AL COLE 2021\"],\"articleSection\":[\"Campa\u00f1as\",\"Eventos\",\"Notas de Prensa\"],\"inLanguage\":\"en-GB\",\"potentialAction\":[{\"@type\":\"CommentAction\",\"name\":\"Comment\",\"target\":[\"https:\\\/\\\/apymeco.netrotec.com\\\/vuelve-la-caravana-motera-solidaria-vuelta-al-cole-2021\\\/#respond\"]}]},{\"@type\":\"WebPage\",\"@id\":\"https:\\\/\\\/apymeco.netrotec.com\\\/vuelve-la-caravana-motera-solidaria-vuelta-al-cole-2021\\\/\",\"url\":\"https:\\\/\\\/apymeco.netrotec.com\\\/vuelve-la-caravana-motera-solidaria-vuelta-al-cole-2021\\\/\",\"name\":\"VUELVE LA CARAVANA MOTERA SOLIDARIA - VUELTA AL COLE 2021 - APYMECO Torrevieja\",\"isPartOf\":{\"@id\":\"https:\\\/\\\/apymeco.netrotec.com\\\/#website\"},\"primaryImageOfPage\":{\"@id\":\"https:\\\/\\\/apymeco.netrotec.com\\\/vuelve-la-caravana-motera-solidaria-vuelta-al-cole-2021\\\/#primaryimage\"},\"image\":{\"@id\":\"https:\\\/\\\/apymeco.netrotec.com\\\/vuelve-la-caravana-motera-solidaria-vuelta-al-cole-2021\\\/#primaryimage\"},\"thumbnailUrl\":\"https:\\\/\\\/apymeco.netrotec.com\\\/wp-content\\\/uploads\\\/CARAVANA-MOTERA-NUEVO-DEFINITIVO-212x300.png\",\"datePublished\":\"2021-09-08T12:36:27+00:00\",\"breadcrumb\":{\"@id\":\"https:\\\/\\\/apymeco.netrotec.com\\\/vuelve-la-caravana-motera-solidaria-vuelta-al-cole-2021\\\/#breadcrumb\"},\"inLanguage\":\"en-GB\",\"potentialAction\":[{\"@type\":\"ReadAction\",\"target\":[\"https:\\\/\\\/apymeco.netrotec.com\\\/vuelve-la-caravana-motera-solidaria-vuelta-al-cole-2021\\\/\"]}]},{\"@type\":\"ImageObject\",\"inLanguage\":\"en-GB\",\"@id\":\"https:\\\/\\\/apymeco.netrotec.com\\\/vuelve-la-caravana-motera-solidaria-vuelta-al-cole-2021\\\/#primaryimage\",\"url\":\"https:\\\/\\\/apymeco.netrotec.com\\\/wp-content\\\/uploads\\\/CARAVANA-MOTERA-NUEVO-DEFINITIVO-212x300.png\",\"contentUrl\":\"https:\\\/\\\/apymeco.netrotec.com\\\/wp-content\\\/uploads\\\/CARAVANA-MOTERA-NUEVO-DEFINITIVO-212x300.png\"},{\"@type\":\"BreadcrumbList\",\"@id\":\"https:\\\/\\\/apymeco.netrotec.com\\\/vuelve-la-caravana-motera-solidaria-vuelta-al-cole-2021\\\/#breadcrumb\",\"itemListElement\":[{\"@type\":\"ListItem\",\"position\":1,\"name\":\"Portada\",\"item\":\"https:\\\/\\\/apymeco.netrotec.com\\\/\"},{\"@type\":\"ListItem\",\"position\":2,\"name\":\"VUELVE LA CARAVANA MOTERA SOLIDARIA &#8211; VUELTA AL COLE 2021\"}]},{\"@type\":\"WebSite\",\"@id\":\"https:\\\/\\\/apymeco.netrotec.com\\\/#website\",\"url\":\"https:\\\/\\\/apymeco.netrotec.com\\\/\",\"name\":\"APYMECO Torrevieja\",\"description\":\"\",\"publisher\":{\"@id\":\"https:\\\/\\\/apymeco.netrotec.com\\\/#organization\"},\"potentialAction\":[{\"@type\":\"SearchAction\",\"target\":{\"@type\":\"EntryPoint\",\"urlTemplate\":\"https:\\\/\\\/apymeco.netrotec.com\\\/?s={search_term_string}\"},\"query-input\":{\"@type\":\"PropertyValueSpecification\",\"valueRequired\":true,\"valueName\":\"search_term_string\"}}],\"inLanguage\":\"en-GB\"},{\"@type\":\"Organization\",\"@id\":\"https:\\\/\\\/apymeco.netrotec.com\\\/#organization\",\"name\":\"APYMECO Torrevieja\",\"url\":\"https:\\\/\\\/apymeco.netrotec.com\\\/\",\"logo\":{\"@type\":\"ImageObject\",\"inLanguage\":\"en-GB\",\"@id\":\"https:\\\/\\\/apymeco.netrotec.com\\\/#\\\/schema\\\/logo\\\/image\\\/\",\"url\":\"https:\\\/\\\/apymeco.netrotec.com\\\/wp-content\\\/uploads\\\/2026\\\/06\\\/logo-blanco.png\",\"contentUrl\":\"https:\\\/\\\/apymeco.netrotec.com\\\/wp-content\\\/uploads\\\/2026\\\/06\\\/logo-blanco.png\",\"width\":1107,\"height\":444,\"caption\":\"APYMECO Torrevieja\"},\"image\":{\"@id\":\"https:\\\/\\\/apymeco.netrotec.com\\\/#\\\/schema\\\/logo\\\/image\\\/\"}},{\"@type\":\"Person\",\"@id\":\"https:\\\/\\\/apymeco.netrotec.com\\\/#\\\/schema\\\/person\\\/58f3bb0f5e04e2b6067d17d05470d2dd\",\"name\":\"Apymeco\",\"url\":\"https:\\\/\\\/apymeco.netrotec.com\\\/en\\\/author\\\/apymeco\\\/\"}]}<\/script>\n<!-- \/ Yoast SEO Premium plugin. -->","yoast_head_json":{"title":"VUELVE LA CARAVANA MOTERA SOLIDARIA - VUELTA AL COLE 2021 - APYMECO Torrevieja","robots":{"index":"index","follow":"follow","max-snippet":"max-snippet:-1","max-image-preview":"max-image-preview:large","max-video-preview":"max-video-preview:-1"},"canonical":"https:\/\/apymeco.netrotec.com\/en\/vuelve-la-caravana-motera-solidaria-vuelta-al-cole-2021\/","og_locale":"en_GB","og_type":"article","og_title":"VUELVE LA CARAVANA MOTERA SOLIDARIA - VUELTA AL COLE 2021","og_description":"Apymeco junto con la Concejalia de Comercio\u00a0 y\u00a0 la Hermandad Motera Dorsal Zero ponen en marcha la campa\u00f1a \u201cVuelta al [&hellip;]","og_url":"https:\/\/apymeco.netrotec.com\/en\/vuelve-la-caravana-motera-solidaria-vuelta-al-cole-2021\/","og_site_name":"APYMECO Torrevieja","article_published_time":"2021-09-08T12:36:27+00:00","og_image":[{"width":1587,"height":2245,"url":"https:\/\/apymeco.netrotec.com\/wp-content\/uploads\/2021\/09\/CARAVANA-MOTERA-NUEVO-DEFINITIVO.png","type":"image\/png"}],"author":"Apymeco","twitter_card":"summary_large_image","twitter_misc":{"Written by":"Apymeco","Estimated reading time":"2 minutes"},"schema":{"@context":"https:\/\/schema.org","@graph":[{"@type":"Article","@id":"https:\/\/apymeco.netrotec.com\/vuelve-la-caravana-motera-solidaria-vuelta-al-cole-2021\/#article","isPartOf":{"@id":"https:\/\/apymeco.netrotec.com\/vuelve-la-caravana-motera-solidaria-vuelta-al-cole-2021\/"},"author":{"name":"Apymeco","@id":"https:\/\/apymeco.netrotec.com\/#\/schema\/person\/58f3bb0f5e04e2b6067d17d05470d2dd"},"headline":"VUELVE LA CARAVANA MOTERA SOLIDARIA &#8211; VUELTA AL COLE 2021","datePublished":"2021-09-08T12:36:27+00:00","mainEntityOfPage":{"@id":"https:\/\/apymeco.netrotec.com\/vuelve-la-caravana-motera-solidaria-vuelta-al-cole-2021\/"},"wordCount":244,"commentCount":0,"publisher":{"@id":"https:\/\/apymeco.netrotec.com\/#organization"},"image":{"@id":"https:\/\/apymeco.netrotec.com\/vuelve-la-caravana-motera-solidaria-vuelta-al-cole-2021\/#primaryimage"},"thumbnailUrl":"https:\/\/apymeco.netrotec.com\/wp-content\/uploads\/CARAVANA-MOTERA-NUEVO-DEFINITIVO-212x300.png","keywords":["APYMECO Y DORSAL ZERO CARAVANA","CARAVANA SOLIDARIA APYMECO","CARAVANAMOTERA2021","VUELTA AL COLE 2021"],"articleSection":["Campa\u00f1as","Eventos","Notas de Prensa"],"inLanguage":"en-GB","potentialAction":[{"@type":"CommentAction","name":"Comment","target":["https:\/\/apymeco.netrotec.com\/vuelve-la-caravana-motera-solidaria-vuelta-al-cole-2021\/#respond"]}]},{"@type":"WebPage","@id":"https:\/\/apymeco.netrotec.com\/vuelve-la-caravana-motera-solidaria-vuelta-al-cole-2021\/","url":"https:\/\/apymeco.netrotec.com\/vuelve-la-caravana-motera-solidaria-vuelta-al-cole-2021\/","name":"VUELVE LA CARAVANA MOTERA SOLIDARIA - VUELTA AL COLE 2021 - APYMECO Torrevieja","isPartOf":{"@id":"https:\/\/apymeco.netrotec.com\/#website"},"primaryImageOfPage":{"@id":"https:\/\/apymeco.netrotec.com\/vuelve-la-caravana-motera-solidaria-vuelta-al-cole-2021\/#primaryimage"},"image":{"@id":"https:\/\/apymeco.netrotec.com\/vuelve-la-caravana-motera-solidaria-vuelta-al-cole-2021\/#primaryimage"},"thumbnailUrl":"https:\/\/apymeco.netrotec.com\/wp-content\/uploads\/CARAVANA-MOTERA-NUEVO-DEFINITIVO-212x300.png","datePublished":"2021-09-08T12:36:27+00:00","breadcrumb":{"@id":"https:\/\/apymeco.netrotec.com\/vuelve-la-caravana-motera-solidaria-vuelta-al-cole-2021\/#breadcrumb"},"inLanguage":"en-GB","potentialAction":[{"@type":"ReadAction","target":["https:\/\/apymeco.netrotec.com\/vuelve-la-caravana-motera-solidaria-vuelta-al-cole-2021\/"]}]},{"@type":"ImageObject","inLanguage":"en-GB","@id":"https:\/\/apymeco.netrotec.com\/vuelve-la-caravana-motera-solidaria-vuelta-al-cole-2021\/#primaryimage","url":"https:\/\/apymeco.netrotec.com\/wp-content\/uploads\/CARAVANA-MOTERA-NUEVO-DEFINITIVO-212x300.png","contentUrl":"https:\/\/apymeco.netrotec.com\/wp-content\/uploads\/CARAVANA-MOTERA-NUEVO-DEFINITIVO-212x300.png"},{"@type":"BreadcrumbList","@id":"https:\/\/apymeco.netrotec.com\/vuelve-la-caravana-motera-solidaria-vuelta-al-cole-2021\/#breadcrumb","itemListElement":[{"@type":"ListItem","position":1,"name":"Portada","item":"https:\/\/apymeco.netrotec.com\/"},{"@type":"ListItem","position":2,"name":"VUELVE LA CARAVANA MOTERA SOLIDARIA &#8211; VUELTA AL COLE 2021"}]},{"@type":"WebSite","@id":"https:\/\/apymeco.netrotec.com\/#website","url":"https:\/\/apymeco.netrotec.com\/","name":"APYMECO Torrevieja","description":"","publisher":{"@id":"https:\/\/apymeco.netrotec.com\/#organization"},"potentialAction":[{"@type":"SearchAction","target":{"@type":"EntryPoint","urlTemplate":"https:\/\/apymeco.netrotec.com\/?s={search_term_string}"},"query-input":{"@type":"PropertyValueSpecification","valueRequired":true,"valueName":"search_term_string"}}],"inLanguage":"en-GB"},{"@type":"Organization","@id":"https:\/\/apymeco.netrotec.com\/#organization","name":"APYMECO Torrevieja","url":"https:\/\/apymeco.netrotec.com\/","logo":{"@type":"ImageObject","inLanguage":"en-GB","@id":"https:\/\/apymeco.netrotec.com\/#\/schema\/logo\/image\/","url":"https:\/\/apymeco.netrotec.com\/wp-content\/uploads\/2026\/06\/logo-blanco.png","contentUrl":"https:\/\/apymeco.netrotec.com\/wp-content\/uploads\/2026\/06\/logo-blanco.png","width":1107,"height":444,"caption":"APYMECO Torrevieja"},"image":{"@id":"https:\/\/apymeco.netrotec.com\/#\/schema\/logo\/image\/"}},{"@type":"Person","@id":"https:\/\/apymeco.netrotec.com\/#\/schema\/person\/58f3bb0f5e04e2b6067d17d05470d2dd","name":"Apymeco","url":"https:\/\/apymeco.netrotec.com\/en\/author\/apymeco\/"}]}},"_links":{"self":[{"href":"https:\/\/apymeco.netrotec.com\/en\/wp-json\/wp\/v2\/posts\/7205","targetHints":{"allow":["GET"]}}],"collection":[{"href":"https:\/\/apymeco.netrotec.com\/en\/wp-json\/wp\/v2\/posts"}],"about":[{"href":"https:\/\/apymeco.netrotec.com\/en\/wp-json\/wp\/v2\/types\/post"}],"author":[{"embeddable":true,"href":"https:\/\/apymeco.netrotec.com\/en\/wp-json\/wp\/v2\/users\/2"}],"replies":[{"embeddable":true,"href":"https:\/\/apymeco.netrotec.com\/en\/wp-json\/wp\/v2\/comments?post=7205"}],"version-history":[{"count":0,"href":"https:\/\/apymeco.netrotec.com\/en\/wp-json\/wp\/v2\/posts\/7205\/revisions"}],"wp:attachment":[{"href":"https:\/\/apymeco.netrotec.com\/en\/wp-json\/wp\/v2\/media?parent=7205"}],"wp:term":[{"taxonomy":"category","embeddable":true,"href":"https:\/\/apymeco.netrotec.com\/en\/wp-json\/wp\/v2\/categories?post=7205"},{"taxonomy":"post_tag","embeddable":true,"href":"https:\/\/apymeco.netrotec.com\/en\/wp-json\/wp\/v2\/tags?post=7205"}],"curies":[{"name":"wp","href":"https:\/\/api.w.org\/{rel}","templated":true}]}}