{"id":7251,"date":"2021-09-21T17:15:07","date_gmt":"2021-09-21T15:15:07","guid":{"rendered":"https:\/\/www.apymeco.info\/?p=7251"},"modified":"2021-09-21T17:15:07","modified_gmt":"2021-09-21T15:15:07","slug":"torrevieja-conmemora-la-semana-europea-de-la-movilidad-con-diferentes-actividades-que-tendran-lugar-manana-miercoles-22-de-septiembre","status":"publish","type":"post","link":"https:\/\/apymeco.netrotec.com\/en\/torrevieja-conmemora-la-semana-europea-de-la-movilidad-con-diferentes-actividades-que-tendran-lugar-manana-miercoles-22-de-septiembre\/","title":{"rendered":"TORREVIEJA CONMEMORA LA SEMANA EUROPEA DE LA MOVILIDAD CON DIFERENTES ACTIVIDADES QUE TENDR\u00c1N LUGAR MA\u00d1ANA MI\u00c9RCOLES, 22 DE SEPTIEMBRE"},"content":{"rendered":"<h4 style=\"text-align: center;\"><span style=\"color: #000000;\"><strong>Con el lema \u201cEn Torrevieja nos movemos por la sostenibilidad\u201d, el Ayuntamiento va a realizar un concurso de fotograf\u00eda a trav\u00e9s de rutas saludables, donde se colocar\u00e1n los carteles conmemorativos donde las personas deber\u00e1n hacerse una fotograf\u00eda con el cartel que se encuentra en las rutas y subirla a las redes sociales utilizando el hashtag #EnTorreviejanosmovemosporlasostenibilidad<\/strong><\/span><\/h4>\n<p>&nbsp;<\/p>\n<p>Las concejal\u00edas de Polic\u00eda Local, Voluntariado y ONG\u2019s, Deportes y Comercio del Ayuntamiento de Torrevieja, en colaboraci\u00f3n con la Asociaci\u00f3n de Peque\u00f1os y Medianos Comerciantes (APYMECO), informan de las actividades que se van a llevar a cabo ma\u00f1ana mi\u00e9rcoles, 22 de septiembre, con motivo de la celebraci\u00f3n de la Semana Europea de la Movilidad.<\/p>\n<p><img fetchpriority=\"high\" decoding=\"async\" class=\"wp-image-7253 alignleft\" src=\"https:\/\/apymeco.netrotec.com\/wp-content\/uploads\/TORREVIEJA-CONMEMORA-LA-SEMANA-EUROPEA-DE-LA-MOVILIDAD-CON-DIFERENTES-ACTIVIDADES-QUE-TENDRAN-LUGAR-MANANA-MIERCOLES-22-DE-SEPTIEMBRE-212x300.png\" alt=\"\" width=\"349\" height=\"493\" \/><\/p>\n<p>Con el lema \u201cEn Torrevieja nos movemos por la sostenibilidad\u201d, el Ayuntamiento va a realizar un concurso de fotograf\u00eda a trav\u00e9s de rutas saludables, donde se colocar\u00e1n los carteles conmemorativos donde las personas deber\u00e1n hacerse una fotograf\u00eda con el cartel que se encuentra en las rutas y subirla a las redes sociales utilizando el hashtag #EnTorreviejanosmovemosporlasostenibilidad. La fotograf\u00eda que m\u00e1s <em>likes<\/em> reciba ser\u00e1 la ganadora de un pat\u00edn el\u00e9ctrico que ha sido donado para esta celebraci\u00f3n. Las rutas saludables marcadas son el dique de Levante, el paseo mar\u00edtimo de Juan Aparicio y la pasarela de la laguna de La Mata.<\/p>\n<p>&nbsp;<\/p>\n<p>Por la tarde se realizar\u00e1 un circuito de patinaje y bicicleta para fomentar entre los m\u00e1s j\u00f3venes el uso de estos veh\u00edculos, en el que el Ayuntamiento cuenta con la participaci\u00f3n de los clubes de Triatl\u00f3n de Torrevieja, el club Torrevieja Patina y el club Patina Torrevieja. Todos los participantes recibir\u00e1n un diploma conmemorativo. Esta actividad se realizar\u00e1 en el paseo de la Libertad, que se cerrar\u00e1 al paso del tr\u00e1fico desde las 17:30 hasta las 19:30 horas. Este corte del tr\u00e1fico en la zona tiene como objetivo concienciar a todos los p\u00fablicos de que debemos reducir las emisiones de CO2 al medioambiente, utilizando medios de transporte alternativo y menos da\u00f1ino para la atmosfera.<\/p>\n<p>&nbsp;<\/p>\n<p>El desarrollo de las actividades podr\u00e1 variar dependiendo de la situaci\u00f3n meteorol\u00f3gica.<\/p>\n<p>&nbsp;<\/p>\n<p>Desde el Ayuntamiento de Torrevieja se anima a toda la ciudadan\u00eda a participar en esta iniciativa para conmemorar la Semana Europea de la Movilidad 2021.<\/p>","protected":false},"excerpt":{"rendered":"<p>Con el lema \u201cEn Torrevieja nos movemos por la sostenibilidad\u201d, el Ayuntamiento va a realizar un concurso de fotograf\u00eda a [&hellip;]<\/p>\n","protected":false},"author":2,"featured_media":7253,"comment_status":"open","ping_status":"open","sticky":false,"template":"","format":"standard","meta":{"site-sidebar-layout":"default","site-content-layout":"","ast-site-content-layout":"default","site-content-style":"default","site-sidebar-style":"default","ast-global-header-display":"","ast-banner-title-visibility":"","ast-main-header-display":"","ast-hfb-above-header-display":"","ast-hfb-below-header-display":"","ast-hfb-mobile-header-display":"","site-post-title":"","ast-breadcrumbs-content":"","ast-featured-img":"","footer-sml-layout":"","ast-disable-related-posts":"","theme-transparent-header-meta":"","adv-header-id-meta":"","stick-header-meta":"","header-above-stick-meta":"","header-main-stick-meta":"","header-below-stick-meta":"","astra-migrate-meta-layouts":"default","ast-page-background-enabled":"default","ast-page-background-meta":{"desktop":{"background-color":"var(--ast-global-color-5)","background-image":"","background-repeat":"repeat","background-position":"center center","background-size":"auto","background-attachment":"scroll","background-type":"","background-media":"","overlay-type":"","overlay-color":"","overlay-opacity":"","overlay-gradient":""},"tablet":{"background-color":"","background-image":"","background-repeat":"repeat","background-position":"center center","background-size":"auto","background-attachment":"scroll","background-type":"","background-media":"","overlay-type":"","overlay-color":"","overlay-opacity":"","overlay-gradient":""},"mobile":{"background-color":"","background-image":"","background-repeat":"repeat","background-position":"center center","background-size":"auto","background-attachment":"scroll","background-type":"","background-media":"","overlay-type":"","overlay-color":"","overlay-opacity":"","overlay-gradient":""}},"ast-content-background-meta":{"desktop":{"background-color":"var(--ast-global-color-4)","background-image":"","background-repeat":"repeat","background-position":"center center","background-size":"auto","background-attachment":"scroll","background-type":"","background-media":"","overlay-type":"","overlay-color":"","overlay-opacity":"","overlay-gradient":""},"tablet":{"background-color":"var(--ast-global-color-4)","background-image":"","background-repeat":"repeat","background-position":"center center","background-size":"auto","background-attachment":"scroll","background-type":"","background-media":"","overlay-type":"","overlay-color":"","overlay-opacity":"","overlay-gradient":""},"mobile":{"background-color":"var(--ast-global-color-4)","background-image":"","background-repeat":"repeat","background-position":"center center","background-size":"auto","background-attachment":"scroll","background-type":"","background-media":"","overlay-type":"","overlay-color":"","overlay-opacity":"","overlay-gradient":""}},"footnotes":""},"categories":[526,585],"tags":[620,621,622,623],"class_list":["post-7251","post","type-post","status-publish","format-standard","has-post-thumbnail","hentry","category-eventos","category-notas-de-prensa","tag-apymeco-sostenible","tag-movilidad-apymeco","tag-movilidad-torrevieja","tag-torrevieja-sostenibilidad"],"yoast_head":"<!-- This site is optimized with the Yoast SEO Premium plugin v27.7 (Yoast SEO v27.8) - https:\/\/yoast.com\/product\/yoast-seo-premium-wordpress\/ -->\n<title>TORREVIEJA CONMEMORA LA SEMANA EUROPEA DE LA MOVILIDAD CON DIFERENTES ACTIVIDADES QUE TENDR\u00c1N LUGAR MA\u00d1ANA MI\u00c9RCOLES, 22 DE SEPTIEMBRE - APYMECO Torrevieja<\/title>\n<meta name=\"robots\" content=\"index, follow, max-snippet:-1, max-image-preview:large, max-video-preview:-1\" \/>\n<link rel=\"canonical\" href=\"https:\/\/apymeco.netrotec.com\/en\/torrevieja-conmemora-la-semana-europea-de-la-movilidad-con-diferentes-actividades-que-tendran-lugar-manana-miercoles-22-de-septiembre\/\" \/>\n<meta property=\"og:locale\" content=\"en_GB\" \/>\n<meta property=\"og:type\" content=\"article\" \/>\n<meta property=\"og:title\" content=\"TORREVIEJA CONMEMORA LA SEMANA EUROPEA DE LA MOVILIDAD CON DIFERENTES ACTIVIDADES QUE TENDR\u00c1N LUGAR MA\u00d1ANA MI\u00c9RCOLES, 22 DE SEPTIEMBRE\" \/>\n<meta property=\"og:description\" content=\"Con el lema \u201cEn Torrevieja nos movemos por la sostenibilidad\u201d, el Ayuntamiento va a realizar un concurso de fotograf\u00eda a [&hellip;]\" \/>\n<meta property=\"og:url\" content=\"https:\/\/apymeco.netrotec.com\/en\/torrevieja-conmemora-la-semana-europea-de-la-movilidad-con-diferentes-actividades-que-tendran-lugar-manana-miercoles-22-de-septiembre\/\" \/>\n<meta property=\"og:site_name\" content=\"APYMECO Torrevieja\" \/>\n<meta property=\"article:published_time\" content=\"2021-09-21T15:15:07+00:00\" \/>\n<meta property=\"og:image\" content=\"https:\/\/apymeco.netrotec.com\/wp-content\/uploads\/2021\/09\/TORREVIEJA-CONMEMORA-LA-SEMANA-EUROPEA-DE-LA-MOVILIDAD-CON-DIFERENTES-ACTIVIDADES-QUE-TENDRAN-LUGAR-MANANA-MIERCOLES-22-DE-SEPTIEMBRE-scaled.png\" \/>\n\t<meta property=\"og:image:width\" content=\"1810\" \/>\n\t<meta property=\"og:image:height\" content=\"2560\" \/>\n\t<meta property=\"og:image:type\" content=\"image\/png\" \/>\n<meta name=\"author\" content=\"Apymeco\" \/>\n<meta name=\"twitter:card\" content=\"summary_large_image\" \/>\n<meta name=\"twitter:label1\" content=\"Written by\" \/>\n\t<meta name=\"twitter:data1\" content=\"Apymeco\" \/>\n\t<meta name=\"twitter:label2\" content=\"Estimated reading time\" \/>\n\t<meta name=\"twitter:data2\" content=\"2 minutes\" \/>\n<script type=\"application\/ld+json\" class=\"yoast-schema-graph\">{\"@context\":\"https:\\\/\\\/schema.org\",\"@graph\":[{\"@type\":\"Article\",\"@id\":\"https:\\\/\\\/apymeco.netrotec.com\\\/torrevieja-conmemora-la-semana-europea-de-la-movilidad-con-diferentes-actividades-que-tendran-lugar-manana-miercoles-22-de-septiembre\\\/#article\",\"isPartOf\":{\"@id\":\"https:\\\/\\\/apymeco.netrotec.com\\\/torrevieja-conmemora-la-semana-europea-de-la-movilidad-con-diferentes-actividades-que-tendran-lugar-manana-miercoles-22-de-septiembre\\\/\"},\"author\":{\"name\":\"Apymeco\",\"@id\":\"https:\\\/\\\/apymeco.netrotec.com\\\/#\\\/schema\\\/person\\\/58f3bb0f5e04e2b6067d17d05470d2dd\"},\"headline\":\"TORREVIEJA CONMEMORA LA SEMANA EUROPEA DE LA MOVILIDAD CON DIFERENTES ACTIVIDADES QUE TENDR\u00c1N LUGAR MA\u00d1ANA MI\u00c9RCOLES, 22 DE SEPTIEMBRE\",\"datePublished\":\"2021-09-21T15:15:07+00:00\",\"mainEntityOfPage\":{\"@id\":\"https:\\\/\\\/apymeco.netrotec.com\\\/torrevieja-conmemora-la-semana-europea-de-la-movilidad-con-diferentes-actividades-que-tendran-lugar-manana-miercoles-22-de-septiembre\\\/\"},\"wordCount\":420,\"commentCount\":0,\"publisher\":{\"@id\":\"https:\\\/\\\/apymeco.netrotec.com\\\/#organization\"},\"image\":{\"@id\":\"https:\\\/\\\/apymeco.netrotec.com\\\/torrevieja-conmemora-la-semana-europea-de-la-movilidad-con-diferentes-actividades-que-tendran-lugar-manana-miercoles-22-de-septiembre\\\/#primaryimage\"},\"thumbnailUrl\":\"https:\\\/\\\/apymeco.netrotec.com\\\/wp-content\\\/uploads\\\/2021\\\/09\\\/TORREVIEJA-CONMEMORA-LA-SEMANA-EUROPEA-DE-LA-MOVILIDAD-CON-DIFERENTES-ACTIVIDADES-QUE-TENDRAN-LUGAR-MANANA-MIERCOLES-22-DE-SEPTIEMBRE-scaled.png\",\"keywords\":[\"apymeco sostenible\",\"movilidad apymeco\",\"movilidad torrevieja\",\"torrevieja sostenibilidad\"],\"articleSection\":[\"Eventos\",\"Notas de Prensa\"],\"inLanguage\":\"en-GB\",\"potentialAction\":[{\"@type\":\"CommentAction\",\"name\":\"Comment\",\"target\":[\"https:\\\/\\\/apymeco.netrotec.com\\\/torrevieja-conmemora-la-semana-europea-de-la-movilidad-con-diferentes-actividades-que-tendran-lugar-manana-miercoles-22-de-septiembre\\\/#respond\"]}]},{\"@type\":\"WebPage\",\"@id\":\"https:\\\/\\\/apymeco.netrotec.com\\\/torrevieja-conmemora-la-semana-europea-de-la-movilidad-con-diferentes-actividades-que-tendran-lugar-manana-miercoles-22-de-septiembre\\\/\",\"url\":\"https:\\\/\\\/apymeco.netrotec.com\\\/torrevieja-conmemora-la-semana-europea-de-la-movilidad-con-diferentes-actividades-que-tendran-lugar-manana-miercoles-22-de-septiembre\\\/\",\"name\":\"TORREVIEJA CONMEMORA LA SEMANA EUROPEA DE LA MOVILIDAD CON DIFERENTES ACTIVIDADES QUE TENDR\u00c1N LUGAR MA\u00d1ANA MI\u00c9RCOLES, 22 DE SEPTIEMBRE - APYMECO Torrevieja\",\"isPartOf\":{\"@id\":\"https:\\\/\\\/apymeco.netrotec.com\\\/#website\"},\"primaryImageOfPage\":{\"@id\":\"https:\\\/\\\/apymeco.netrotec.com\\\/torrevieja-conmemora-la-semana-europea-de-la-movilidad-con-diferentes-actividades-que-tendran-lugar-manana-miercoles-22-de-septiembre\\\/#primaryimage\"},\"image\":{\"@id\":\"https:\\\/\\\/apymeco.netrotec.com\\\/torrevieja-conmemora-la-semana-europea-de-la-movilidad-con-diferentes-actividades-que-tendran-lugar-manana-miercoles-22-de-septiembre\\\/#primaryimage\"},\"thumbnailUrl\":\"https:\\\/\\\/apymeco.netrotec.com\\\/wp-content\\\/uploads\\\/2021\\\/09\\\/TORREVIEJA-CONMEMORA-LA-SEMANA-EUROPEA-DE-LA-MOVILIDAD-CON-DIFERENTES-ACTIVIDADES-QUE-TENDRAN-LUGAR-MANANA-MIERCOLES-22-DE-SEPTIEMBRE-scaled.png\",\"datePublished\":\"2021-09-21T15:15:07+00:00\",\"breadcrumb\":{\"@id\":\"https:\\\/\\\/apymeco.netrotec.com\\\/torrevieja-conmemora-la-semana-europea-de-la-movilidad-con-diferentes-actividades-que-tendran-lugar-manana-miercoles-22-de-septiembre\\\/#breadcrumb\"},\"inLanguage\":\"en-GB\",\"potentialAction\":[{\"@type\":\"ReadAction\",\"target\":[\"https:\\\/\\\/apymeco.netrotec.com\\\/torrevieja-conmemora-la-semana-europea-de-la-movilidad-con-diferentes-actividades-que-tendran-lugar-manana-miercoles-22-de-septiembre\\\/\"]}]},{\"@type\":\"ImageObject\",\"inLanguage\":\"en-GB\",\"@id\":\"https:\\\/\\\/apymeco.netrotec.com\\\/torrevieja-conmemora-la-semana-europea-de-la-movilidad-con-diferentes-actividades-que-tendran-lugar-manana-miercoles-22-de-septiembre\\\/#primaryimage\",\"url\":\"https:\\\/\\\/apymeco.netrotec.com\\\/wp-content\\\/uploads\\\/2021\\\/09\\\/TORREVIEJA-CONMEMORA-LA-SEMANA-EUROPEA-DE-LA-MOVILIDAD-CON-DIFERENTES-ACTIVIDADES-QUE-TENDRAN-LUGAR-MANANA-MIERCOLES-22-DE-SEPTIEMBRE-scaled.png\",\"contentUrl\":\"https:\\\/\\\/apymeco.netrotec.com\\\/wp-content\\\/uploads\\\/2021\\\/09\\\/TORREVIEJA-CONMEMORA-LA-SEMANA-EUROPEA-DE-LA-MOVILIDAD-CON-DIFERENTES-ACTIVIDADES-QUE-TENDRAN-LUGAR-MANANA-MIERCOLES-22-DE-SEPTIEMBRE-scaled.png\",\"width\":1810,\"height\":2560},{\"@type\":\"BreadcrumbList\",\"@id\":\"https:\\\/\\\/apymeco.netrotec.com\\\/torrevieja-conmemora-la-semana-europea-de-la-movilidad-con-diferentes-actividades-que-tendran-lugar-manana-miercoles-22-de-septiembre\\\/#breadcrumb\",\"itemListElement\":[{\"@type\":\"ListItem\",\"position\":1,\"name\":\"Portada\",\"item\":\"https:\\\/\\\/apymeco.netrotec.com\\\/\"},{\"@type\":\"ListItem\",\"position\":2,\"name\":\"TORREVIEJA CONMEMORA LA SEMANA EUROPEA DE LA MOVILIDAD CON DIFERENTES ACTIVIDADES QUE TENDR\u00c1N LUGAR MA\u00d1ANA MI\u00c9RCOLES, 22 DE SEPTIEMBRE\"}]},{\"@type\":\"WebSite\",\"@id\":\"https:\\\/\\\/apymeco.netrotec.com\\\/#website\",\"url\":\"https:\\\/\\\/apymeco.netrotec.com\\\/\",\"name\":\"APYMECO Torrevieja\",\"description\":\"\",\"publisher\":{\"@id\":\"https:\\\/\\\/apymeco.netrotec.com\\\/#organization\"},\"potentialAction\":[{\"@type\":\"SearchAction\",\"target\":{\"@type\":\"EntryPoint\",\"urlTemplate\":\"https:\\\/\\\/apymeco.netrotec.com\\\/?s={search_term_string}\"},\"query-input\":{\"@type\":\"PropertyValueSpecification\",\"valueRequired\":true,\"valueName\":\"search_term_string\"}}],\"inLanguage\":\"en-GB\"},{\"@type\":\"Organization\",\"@id\":\"https:\\\/\\\/apymeco.netrotec.com\\\/#organization\",\"name\":\"APYMECO Torrevieja\",\"url\":\"https:\\\/\\\/apymeco.netrotec.com\\\/\",\"logo\":{\"@type\":\"ImageObject\",\"inLanguage\":\"en-GB\",\"@id\":\"https:\\\/\\\/apymeco.netrotec.com\\\/#\\\/schema\\\/logo\\\/image\\\/\",\"url\":\"https:\\\/\\\/apymeco.netrotec.com\\\/wp-content\\\/uploads\\\/2026\\\/06\\\/logo-blanco.png\",\"contentUrl\":\"https:\\\/\\\/apymeco.netrotec.com\\\/wp-content\\\/uploads\\\/2026\\\/06\\\/logo-blanco.png\",\"width\":1107,\"height\":444,\"caption\":\"APYMECO Torrevieja\"},\"image\":{\"@id\":\"https:\\\/\\\/apymeco.netrotec.com\\\/#\\\/schema\\\/logo\\\/image\\\/\"}},{\"@type\":\"Person\",\"@id\":\"https:\\\/\\\/apymeco.netrotec.com\\\/#\\\/schema\\\/person\\\/58f3bb0f5e04e2b6067d17d05470d2dd\",\"name\":\"Apymeco\",\"url\":\"https:\\\/\\\/apymeco.netrotec.com\\\/en\\\/author\\\/apymeco\\\/\"}]}<\/script>\n<!-- \/ Yoast SEO Premium plugin. -->","yoast_head_json":{"title":"TORREVIEJA CONMEMORA LA SEMANA EUROPEA DE LA MOVILIDAD CON DIFERENTES ACTIVIDADES QUE TENDR\u00c1N LUGAR MA\u00d1ANA MI\u00c9RCOLES, 22 DE SEPTIEMBRE - APYMECO Torrevieja","robots":{"index":"index","follow":"follow","max-snippet":"max-snippet:-1","max-image-preview":"max-image-preview:large","max-video-preview":"max-video-preview:-1"},"canonical":"https:\/\/apymeco.netrotec.com\/en\/torrevieja-conmemora-la-semana-europea-de-la-movilidad-con-diferentes-actividades-que-tendran-lugar-manana-miercoles-22-de-septiembre\/","og_locale":"en_GB","og_type":"article","og_title":"TORREVIEJA CONMEMORA LA SEMANA EUROPEA DE LA MOVILIDAD CON DIFERENTES ACTIVIDADES QUE TENDR\u00c1N LUGAR MA\u00d1ANA MI\u00c9RCOLES, 22 DE SEPTIEMBRE","og_description":"Con el lema \u201cEn Torrevieja nos movemos por la sostenibilidad\u201d, el Ayuntamiento va a realizar un concurso de fotograf\u00eda a [&hellip;]","og_url":"https:\/\/apymeco.netrotec.com\/en\/torrevieja-conmemora-la-semana-europea-de-la-movilidad-con-diferentes-actividades-que-tendran-lugar-manana-miercoles-22-de-septiembre\/","og_site_name":"APYMECO Torrevieja","article_published_time":"2021-09-21T15:15:07+00:00","og_image":[{"width":1810,"height":2560,"url":"https:\/\/apymeco.netrotec.com\/wp-content\/uploads\/2021\/09\/TORREVIEJA-CONMEMORA-LA-SEMANA-EUROPEA-DE-LA-MOVILIDAD-CON-DIFERENTES-ACTIVIDADES-QUE-TENDRAN-LUGAR-MANANA-MIERCOLES-22-DE-SEPTIEMBRE-scaled.png","type":"image\/png"}],"author":"Apymeco","twitter_card":"summary_large_image","twitter_misc":{"Written by":"Apymeco","Estimated reading time":"2 minutes"},"schema":{"@context":"https:\/\/schema.org","@graph":[{"@type":"Article","@id":"https:\/\/apymeco.netrotec.com\/torrevieja-conmemora-la-semana-europea-de-la-movilidad-con-diferentes-actividades-que-tendran-lugar-manana-miercoles-22-de-septiembre\/#article","isPartOf":{"@id":"https:\/\/apymeco.netrotec.com\/torrevieja-conmemora-la-semana-europea-de-la-movilidad-con-diferentes-actividades-que-tendran-lugar-manana-miercoles-22-de-septiembre\/"},"author":{"name":"Apymeco","@id":"https:\/\/apymeco.netrotec.com\/#\/schema\/person\/58f3bb0f5e04e2b6067d17d05470d2dd"},"headline":"TORREVIEJA CONMEMORA LA SEMANA EUROPEA DE LA MOVILIDAD CON DIFERENTES ACTIVIDADES QUE TENDR\u00c1N LUGAR MA\u00d1ANA MI\u00c9RCOLES, 22 DE SEPTIEMBRE","datePublished":"2021-09-21T15:15:07+00:00","mainEntityOfPage":{"@id":"https:\/\/apymeco.netrotec.com\/torrevieja-conmemora-la-semana-europea-de-la-movilidad-con-diferentes-actividades-que-tendran-lugar-manana-miercoles-22-de-septiembre\/"},"wordCount":420,"commentCount":0,"publisher":{"@id":"https:\/\/apymeco.netrotec.com\/#organization"},"image":{"@id":"https:\/\/apymeco.netrotec.com\/torrevieja-conmemora-la-semana-europea-de-la-movilidad-con-diferentes-actividades-que-tendran-lugar-manana-miercoles-22-de-septiembre\/#primaryimage"},"thumbnailUrl":"https:\/\/apymeco.netrotec.com\/wp-content\/uploads\/2021\/09\/TORREVIEJA-CONMEMORA-LA-SEMANA-EUROPEA-DE-LA-MOVILIDAD-CON-DIFERENTES-ACTIVIDADES-QUE-TENDRAN-LUGAR-MANANA-MIERCOLES-22-DE-SEPTIEMBRE-scaled.png","keywords":["apymeco sostenible","movilidad apymeco","movilidad torrevieja","torrevieja sostenibilidad"],"articleSection":["Eventos","Notas de Prensa"],"inLanguage":"en-GB","potentialAction":[{"@type":"CommentAction","name":"Comment","target":["https:\/\/apymeco.netrotec.com\/torrevieja-conmemora-la-semana-europea-de-la-movilidad-con-diferentes-actividades-que-tendran-lugar-manana-miercoles-22-de-septiembre\/#respond"]}]},{"@type":"WebPage","@id":"https:\/\/apymeco.netrotec.com\/torrevieja-conmemora-la-semana-europea-de-la-movilidad-con-diferentes-actividades-que-tendran-lugar-manana-miercoles-22-de-septiembre\/","url":"https:\/\/apymeco.netrotec.com\/torrevieja-conmemora-la-semana-europea-de-la-movilidad-con-diferentes-actividades-que-tendran-lugar-manana-miercoles-22-de-septiembre\/","name":"TORREVIEJA CONMEMORA LA SEMANA EUROPEA DE LA MOVILIDAD CON DIFERENTES ACTIVIDADES QUE TENDR\u00c1N LUGAR MA\u00d1ANA MI\u00c9RCOLES, 22 DE SEPTIEMBRE - APYMECO Torrevieja","isPartOf":{"@id":"https:\/\/apymeco.netrotec.com\/#website"},"primaryImageOfPage":{"@id":"https:\/\/apymeco.netrotec.com\/torrevieja-conmemora-la-semana-europea-de-la-movilidad-con-diferentes-actividades-que-tendran-lugar-manana-miercoles-22-de-septiembre\/#primaryimage"},"image":{"@id":"https:\/\/apymeco.netrotec.com\/torrevieja-conmemora-la-semana-europea-de-la-movilidad-con-diferentes-actividades-que-tendran-lugar-manana-miercoles-22-de-septiembre\/#primaryimage"},"thumbnailUrl":"https:\/\/apymeco.netrotec.com\/wp-content\/uploads\/2021\/09\/TORREVIEJA-CONMEMORA-LA-SEMANA-EUROPEA-DE-LA-MOVILIDAD-CON-DIFERENTES-ACTIVIDADES-QUE-TENDRAN-LUGAR-MANANA-MIERCOLES-22-DE-SEPTIEMBRE-scaled.png","datePublished":"2021-09-21T15:15:07+00:00","breadcrumb":{"@id":"https:\/\/apymeco.netrotec.com\/torrevieja-conmemora-la-semana-europea-de-la-movilidad-con-diferentes-actividades-que-tendran-lugar-manana-miercoles-22-de-septiembre\/#breadcrumb"},"inLanguage":"en-GB","potentialAction":[{"@type":"ReadAction","target":["https:\/\/apymeco.netrotec.com\/torrevieja-conmemora-la-semana-europea-de-la-movilidad-con-diferentes-actividades-que-tendran-lugar-manana-miercoles-22-de-septiembre\/"]}]},{"@type":"ImageObject","inLanguage":"en-GB","@id":"https:\/\/apymeco.netrotec.com\/torrevieja-conmemora-la-semana-europea-de-la-movilidad-con-diferentes-actividades-que-tendran-lugar-manana-miercoles-22-de-septiembre\/#primaryimage","url":"https:\/\/apymeco.netrotec.com\/wp-content\/uploads\/2021\/09\/TORREVIEJA-CONMEMORA-LA-SEMANA-EUROPEA-DE-LA-MOVILIDAD-CON-DIFERENTES-ACTIVIDADES-QUE-TENDRAN-LUGAR-MANANA-MIERCOLES-22-DE-SEPTIEMBRE-scaled.png","contentUrl":"https:\/\/apymeco.netrotec.com\/wp-content\/uploads\/2021\/09\/TORREVIEJA-CONMEMORA-LA-SEMANA-EUROPEA-DE-LA-MOVILIDAD-CON-DIFERENTES-ACTIVIDADES-QUE-TENDRAN-LUGAR-MANANA-MIERCOLES-22-DE-SEPTIEMBRE-scaled.png","width":1810,"height":2560},{"@type":"BreadcrumbList","@id":"https:\/\/apymeco.netrotec.com\/torrevieja-conmemora-la-semana-europea-de-la-movilidad-con-diferentes-actividades-que-tendran-lugar-manana-miercoles-22-de-septiembre\/#breadcrumb","itemListElement":[{"@type":"ListItem","position":1,"name":"Portada","item":"https:\/\/apymeco.netrotec.com\/"},{"@type":"ListItem","position":2,"name":"TORREVIEJA CONMEMORA LA SEMANA EUROPEA DE LA MOVILIDAD CON DIFERENTES ACTIVIDADES QUE TENDR\u00c1N LUGAR MA\u00d1ANA MI\u00c9RCOLES, 22 DE SEPTIEMBRE"}]},{"@type":"WebSite","@id":"https:\/\/apymeco.netrotec.com\/#website","url":"https:\/\/apymeco.netrotec.com\/","name":"APYMECO Torrevieja","description":"","publisher":{"@id":"https:\/\/apymeco.netrotec.com\/#organization"},"potentialAction":[{"@type":"SearchAction","target":{"@type":"EntryPoint","urlTemplate":"https:\/\/apymeco.netrotec.com\/?s={search_term_string}"},"query-input":{"@type":"PropertyValueSpecification","valueRequired":true,"valueName":"search_term_string"}}],"inLanguage":"en-GB"},{"@type":"Organization","@id":"https:\/\/apymeco.netrotec.com\/#organization","name":"APYMECO Torrevieja","url":"https:\/\/apymeco.netrotec.com\/","logo":{"@type":"ImageObject","inLanguage":"en-GB","@id":"https:\/\/apymeco.netrotec.com\/#\/schema\/logo\/image\/","url":"https:\/\/apymeco.netrotec.com\/wp-content\/uploads\/2026\/06\/logo-blanco.png","contentUrl":"https:\/\/apymeco.netrotec.com\/wp-content\/uploads\/2026\/06\/logo-blanco.png","width":1107,"height":444,"caption":"APYMECO Torrevieja"},"image":{"@id":"https:\/\/apymeco.netrotec.com\/#\/schema\/logo\/image\/"}},{"@type":"Person","@id":"https:\/\/apymeco.netrotec.com\/#\/schema\/person\/58f3bb0f5e04e2b6067d17d05470d2dd","name":"Apymeco","url":"https:\/\/apymeco.netrotec.com\/en\/author\/apymeco\/"}]}},"_links":{"self":[{"href":"https:\/\/apymeco.netrotec.com\/en\/wp-json\/wp\/v2\/posts\/7251","targetHints":{"allow":["GET"]}}],"collection":[{"href":"https:\/\/apymeco.netrotec.com\/en\/wp-json\/wp\/v2\/posts"}],"about":[{"href":"https:\/\/apymeco.netrotec.com\/en\/wp-json\/wp\/v2\/types\/post"}],"author":[{"embeddable":true,"href":"https:\/\/apymeco.netrotec.com\/en\/wp-json\/wp\/v2\/users\/2"}],"replies":[{"embeddable":true,"href":"https:\/\/apymeco.netrotec.com\/en\/wp-json\/wp\/v2\/comments?post=7251"}],"version-history":[{"count":0,"href":"https:\/\/apymeco.netrotec.com\/en\/wp-json\/wp\/v2\/posts\/7251\/revisions"}],"wp:featuredmedia":[{"embeddable":true,"href":"https:\/\/apymeco.netrotec.com\/en\/wp-json\/wp\/v2\/media\/7253"}],"wp:attachment":[{"href":"https:\/\/apymeco.netrotec.com\/en\/wp-json\/wp\/v2\/media?parent=7251"}],"wp:term":[{"taxonomy":"category","embeddable":true,"href":"https:\/\/apymeco.netrotec.com\/en\/wp-json\/wp\/v2\/categories?post=7251"},{"taxonomy":"post_tag","embeddable":true,"href":"https:\/\/apymeco.netrotec.com\/en\/wp-json\/wp\/v2\/tags?post=7251"}],"curies":[{"name":"wp","href":"https:\/\/api.w.org\/{rel}","templated":true}]}}