{"id":7284,"date":"2021-09-29T17:51:02","date_gmt":"2021-09-29T15:51:02","guid":{"rendered":"https:\/\/www.apymeco.info\/?p=7284"},"modified":"2021-09-29T17:51:02","modified_gmt":"2021-09-29T15:51:02","slug":"presentacion-de-la-segunda-edicion-del-bono-consumo-torrevieja","status":"publish","type":"post","link":"https:\/\/apymeco.netrotec.com\/en\/presentacion-de-la-segunda-edicion-del-bono-consumo-torrevieja\/","title":{"rendered":"PRESENTACION DE LA SEGUNDA EDICION DEL BONO CONSUMO TORREVIEJA"},"content":{"rendered":"<p>El Teatro Municipal de Torrevieja acogi\u00f3 el pasado martes 28 de septiembre, la presentaci\u00f3n de la segunda Campa\u00f1a del \u00abBono Consumo\u00bb, que tras el gran \u00e9xito de la primera edici\u00f3n pone en marcha en Ayuntamiento de Torrevieja con la colaboraci\u00f3n de la Asociaci\u00f3n de Peque\u00f1os y Medianos Comerciantes (APYMECO).<img fetchpriority=\"high\" decoding=\"async\" class=\"size-medium wp-image-7287 alignright\" src=\"https:\/\/apymeco.netrotec.com\/wp-content\/uploads\/cartel-bonoconsumo-2.0-300x300.jpeg\" alt=\"\" width=\"300\" height=\"300\" \/><\/p>\n<p>Al acto asistieron la concejal de Comercio y Hosteler\u00eda, Rosario Mart\u00ednez; el presidente de APYMECO, Jorge Almarcha, junto a su Junta Directiva y el presidente de la Asociaci\u00f3n de Empresas de Hosteler\u00eda de Torrevieja y Comarca, Joaqu\u00edn Guillam\u00f3.<\/p>\n<p>El presidente de Apymeco dio la bienvenida a los asistentes, felicitando a todos por la aceptaci\u00f3n de la primera edici\u00f3n y dando a conocer que los ep\u00edgrafes de los\u00a0 comercios que pueden tener acceso al Bono Consumo se ha ampliado y la gesti\u00f3n ha sido encargada para esta segunda edici\u00f3n a la empresa torrevejense \u00abNetrotec\u00bb.<\/p>\n<p>En el acto se anunci\u00f3 que para los consumidores el Bono Consumo se pondr\u00e1 en marcha el viernes,<span style=\"color: #000000;\"><strong> 8 de octubre<\/strong><\/span>, y se podr\u00e1n canjear hasta el 15 de diciembre, a trav\u00e9s de\u00a0la web http:\/\/www.torrevieja.bonoconsumo.net<\/p>\n<p>Los comerciantes y hosteleros podr\u00e1n solicitar el alta para participar en la campa\u00f1a desde este pr\u00f3ximo viernes, <span style=\"color: #000000;\"><strong>1 de octubre<\/strong><\/span>.<\/p>\n<p>Asimismo, se record\u00f3 que los Bonos Consumo de la primera edici\u00f3n caducan el d\u00eda 30 de septiembre y no tendr\u00e1n validez a partir de esa fecha.<\/p>\n<p>Rosario Mart\u00ednez Chazarra resalt\u00f3 la buena sinton\u00eda entre el Ayuntamiento y las asociaciones implicadas, e hizo un llamamiento a la uni\u00f3n de todos los sectores productivos en el uso del Bono Consumo, un proyecto que incluye a todos, comercio, hosteler\u00eda y otros servicios,\u00a0 y resalt\u00f3 que la inversi\u00f3n del Ayuntamiento de Torrevieja se cifra en 500.000 euros que a trav\u00e9s del Bono Consumo suponen una inyecci\u00f3n econ\u00f3mica de 1.000.0000 de euros.<\/p>","protected":false},"excerpt":{"rendered":"<p>El Teatro Municipal de Torrevieja acogi\u00f3 el pasado martes 28 de septiembre, la presentaci\u00f3n de la segunda Campa\u00f1a del \u00abBono [&hellip;]<\/p>\n","protected":false},"author":2,"featured_media":7285,"comment_status":"open","ping_status":"open","sticky":false,"template":"","format":"standard","meta":{"site-sidebar-layout":"default","site-content-layout":"","ast-site-content-layout":"default","site-content-style":"default","site-sidebar-style":"default","ast-global-header-display":"","ast-banner-title-visibility":"","ast-main-header-display":"","ast-hfb-above-header-display":"","ast-hfb-below-header-display":"","ast-hfb-mobile-header-display":"","site-post-title":"","ast-breadcrumbs-content":"","ast-featured-img":"","footer-sml-layout":"","ast-disable-related-posts":"","theme-transparent-header-meta":"","adv-header-id-meta":"","stick-header-meta":"","header-above-stick-meta":"","header-main-stick-meta":"","header-below-stick-meta":"","astra-migrate-meta-layouts":"default","ast-page-background-enabled":"default","ast-page-background-meta":{"desktop":{"background-color":"var(--ast-global-color-5)","background-image":"","background-repeat":"repeat","background-position":"center center","background-size":"auto","background-attachment":"scroll","background-type":"","background-media":"","overlay-type":"","overlay-color":"","overlay-opacity":"","overlay-gradient":""},"tablet":{"background-color":"","background-image":"","background-repeat":"repeat","background-position":"center center","background-size":"auto","background-attachment":"scroll","background-type":"","background-media":"","overlay-type":"","overlay-color":"","overlay-opacity":"","overlay-gradient":""},"mobile":{"background-color":"","background-image":"","background-repeat":"repeat","background-position":"center center","background-size":"auto","background-attachment":"scroll","background-type":"","background-media":"","overlay-type":"","overlay-color":"","overlay-opacity":"","overlay-gradient":""}},"ast-content-background-meta":{"desktop":{"background-color":"var(--ast-global-color-4)","background-image":"","background-repeat":"repeat","background-position":"center center","background-size":"auto","background-attachment":"scroll","background-type":"","background-media":"","overlay-type":"","overlay-color":"","overlay-opacity":"","overlay-gradient":""},"tablet":{"background-color":"var(--ast-global-color-4)","background-image":"","background-repeat":"repeat","background-position":"center center","background-size":"auto","background-attachment":"scroll","background-type":"","background-media":"","overlay-type":"","overlay-color":"","overlay-opacity":"","overlay-gradient":""},"mobile":{"background-color":"var(--ast-global-color-4)","background-image":"","background-repeat":"repeat","background-position":"center center","background-size":"auto","background-attachment":"scroll","background-type":"","background-media":"","overlay-type":"","overlay-color":"","overlay-opacity":"","overlay-gradient":""}},"footnotes":""},"categories":[524,585],"tags":[],"class_list":["post-7284","post","type-post","status-publish","format-standard","has-post-thumbnail","hentry","category-campanas","category-notas-de-prensa"],"yoast_head":"<!-- This site is optimized with the Yoast SEO Premium plugin v27.7 (Yoast SEO v27.8) - https:\/\/yoast.com\/product\/yoast-seo-premium-wordpress\/ -->\n<title>PRESENTACION DE LA SEGUNDA EDICION DEL BONO CONSUMO TORREVIEJA - APYMECO Torrevieja<\/title>\n<meta name=\"robots\" content=\"index, follow, max-snippet:-1, max-image-preview:large, max-video-preview:-1\" \/>\n<link rel=\"canonical\" href=\"https:\/\/apymeco.netrotec.com\/en\/presentacion-de-la-segunda-edicion-del-bono-consumo-torrevieja\/\" \/>\n<meta property=\"og:locale\" content=\"en_GB\" \/>\n<meta property=\"og:type\" content=\"article\" \/>\n<meta property=\"og:title\" content=\"PRESENTACION DE LA SEGUNDA EDICION DEL BONO CONSUMO TORREVIEJA\" \/>\n<meta property=\"og:description\" content=\"El Teatro Municipal de Torrevieja acogi\u00f3 el pasado martes 28 de septiembre, la presentaci\u00f3n de la segunda Campa\u00f1a del \u00abBono [&hellip;]\" \/>\n<meta property=\"og:url\" content=\"https:\/\/apymeco.netrotec.com\/en\/presentacion-de-la-segunda-edicion-del-bono-consumo-torrevieja\/\" \/>\n<meta property=\"og:site_name\" content=\"APYMECO Torrevieja\" \/>\n<meta property=\"article:published_time\" content=\"2021-09-29T15:51:02+00:00\" \/>\n<meta property=\"og:image\" content=\"https:\/\/apymeco.netrotec.com\/wp-content\/uploads\/2021\/09\/presentacion-BONO-2.jpeg\" \/>\n\t<meta property=\"og:image:width\" content=\"1620\" \/>\n\t<meta property=\"og:image:height\" content=\"1080\" \/>\n\t<meta property=\"og:image:type\" content=\"image\/jpeg\" \/>\n<meta name=\"author\" content=\"Apymeco\" \/>\n<meta name=\"twitter:card\" content=\"summary_large_image\" \/>\n<meta name=\"twitter:label1\" content=\"Written by\" \/>\n\t<meta name=\"twitter:data1\" content=\"Apymeco\" \/>\n\t<meta name=\"twitter:label2\" content=\"Estimated reading time\" \/>\n\t<meta name=\"twitter:data2\" content=\"2 minutes\" \/>\n<script type=\"application\/ld+json\" class=\"yoast-schema-graph\">{\"@context\":\"https:\\\/\\\/schema.org\",\"@graph\":[{\"@type\":\"Article\",\"@id\":\"https:\\\/\\\/apymeco.netrotec.com\\\/presentacion-de-la-segunda-edicion-del-bono-consumo-torrevieja\\\/#article\",\"isPartOf\":{\"@id\":\"https:\\\/\\\/apymeco.netrotec.com\\\/presentacion-de-la-segunda-edicion-del-bono-consumo-torrevieja\\\/\"},\"author\":{\"name\":\"Apymeco\",\"@id\":\"https:\\\/\\\/apymeco.netrotec.com\\\/#\\\/schema\\\/person\\\/58f3bb0f5e04e2b6067d17d05470d2dd\"},\"headline\":\"PRESENTACION DE LA SEGUNDA EDICION DEL BONO CONSUMO TORREVIEJA\",\"datePublished\":\"2021-09-29T15:51:02+00:00\",\"mainEntityOfPage\":{\"@id\":\"https:\\\/\\\/apymeco.netrotec.com\\\/presentacion-de-la-segunda-edicion-del-bono-consumo-torrevieja\\\/\"},\"wordCount\":333,\"commentCount\":0,\"publisher\":{\"@id\":\"https:\\\/\\\/apymeco.netrotec.com\\\/#organization\"},\"image\":{\"@id\":\"https:\\\/\\\/apymeco.netrotec.com\\\/presentacion-de-la-segunda-edicion-del-bono-consumo-torrevieja\\\/#primaryimage\"},\"thumbnailUrl\":\"https:\\\/\\\/apymeco.netrotec.com\\\/wp-content\\\/uploads\\\/2021\\\/09\\\/presentacion-BONO-2.jpeg\",\"articleSection\":[\"Campa\u00f1as\",\"Notas de Prensa\"],\"inLanguage\":\"en-GB\",\"potentialAction\":[{\"@type\":\"CommentAction\",\"name\":\"Comment\",\"target\":[\"https:\\\/\\\/apymeco.netrotec.com\\\/presentacion-de-la-segunda-edicion-del-bono-consumo-torrevieja\\\/#respond\"]}]},{\"@type\":\"WebPage\",\"@id\":\"https:\\\/\\\/apymeco.netrotec.com\\\/presentacion-de-la-segunda-edicion-del-bono-consumo-torrevieja\\\/\",\"url\":\"https:\\\/\\\/apymeco.netrotec.com\\\/presentacion-de-la-segunda-edicion-del-bono-consumo-torrevieja\\\/\",\"name\":\"PRESENTACION DE LA SEGUNDA EDICION DEL BONO CONSUMO TORREVIEJA - APYMECO Torrevieja\",\"isPartOf\":{\"@id\":\"https:\\\/\\\/apymeco.netrotec.com\\\/#website\"},\"primaryImageOfPage\":{\"@id\":\"https:\\\/\\\/apymeco.netrotec.com\\\/presentacion-de-la-segunda-edicion-del-bono-consumo-torrevieja\\\/#primaryimage\"},\"image\":{\"@id\":\"https:\\\/\\\/apymeco.netrotec.com\\\/presentacion-de-la-segunda-edicion-del-bono-consumo-torrevieja\\\/#primaryimage\"},\"thumbnailUrl\":\"https:\\\/\\\/apymeco.netrotec.com\\\/wp-content\\\/uploads\\\/2021\\\/09\\\/presentacion-BONO-2.jpeg\",\"datePublished\":\"2021-09-29T15:51:02+00:00\",\"breadcrumb\":{\"@id\":\"https:\\\/\\\/apymeco.netrotec.com\\\/presentacion-de-la-segunda-edicion-del-bono-consumo-torrevieja\\\/#breadcrumb\"},\"inLanguage\":\"en-GB\",\"potentialAction\":[{\"@type\":\"ReadAction\",\"target\":[\"https:\\\/\\\/apymeco.netrotec.com\\\/presentacion-de-la-segunda-edicion-del-bono-consumo-torrevieja\\\/\"]}]},{\"@type\":\"ImageObject\",\"inLanguage\":\"en-GB\",\"@id\":\"https:\\\/\\\/apymeco.netrotec.com\\\/presentacion-de-la-segunda-edicion-del-bono-consumo-torrevieja\\\/#primaryimage\",\"url\":\"https:\\\/\\\/apymeco.netrotec.com\\\/wp-content\\\/uploads\\\/2021\\\/09\\\/presentacion-BONO-2.jpeg\",\"contentUrl\":\"https:\\\/\\\/apymeco.netrotec.com\\\/wp-content\\\/uploads\\\/2021\\\/09\\\/presentacion-BONO-2.jpeg\",\"width\":1620,\"height\":1080},{\"@type\":\"BreadcrumbList\",\"@id\":\"https:\\\/\\\/apymeco.netrotec.com\\\/presentacion-de-la-segunda-edicion-del-bono-consumo-torrevieja\\\/#breadcrumb\",\"itemListElement\":[{\"@type\":\"ListItem\",\"position\":1,\"name\":\"Portada\",\"item\":\"https:\\\/\\\/apymeco.netrotec.com\\\/\"},{\"@type\":\"ListItem\",\"position\":2,\"name\":\"PRESENTACION DE LA SEGUNDA EDICION DEL BONO CONSUMO TORREVIEJA\"}]},{\"@type\":\"WebSite\",\"@id\":\"https:\\\/\\\/apymeco.netrotec.com\\\/#website\",\"url\":\"https:\\\/\\\/apymeco.netrotec.com\\\/\",\"name\":\"APYMECO Torrevieja\",\"description\":\"\",\"publisher\":{\"@id\":\"https:\\\/\\\/apymeco.netrotec.com\\\/#organization\"},\"potentialAction\":[{\"@type\":\"SearchAction\",\"target\":{\"@type\":\"EntryPoint\",\"urlTemplate\":\"https:\\\/\\\/apymeco.netrotec.com\\\/?s={search_term_string}\"},\"query-input\":{\"@type\":\"PropertyValueSpecification\",\"valueRequired\":true,\"valueName\":\"search_term_string\"}}],\"inLanguage\":\"en-GB\"},{\"@type\":\"Organization\",\"@id\":\"https:\\\/\\\/apymeco.netrotec.com\\\/#organization\",\"name\":\"APYMECO Torrevieja\",\"url\":\"https:\\\/\\\/apymeco.netrotec.com\\\/\",\"logo\":{\"@type\":\"ImageObject\",\"inLanguage\":\"en-GB\",\"@id\":\"https:\\\/\\\/apymeco.netrotec.com\\\/#\\\/schema\\\/logo\\\/image\\\/\",\"url\":\"https:\\\/\\\/apymeco.netrotec.com\\\/wp-content\\\/uploads\\\/2026\\\/06\\\/logo-blanco.png\",\"contentUrl\":\"https:\\\/\\\/apymeco.netrotec.com\\\/wp-content\\\/uploads\\\/2026\\\/06\\\/logo-blanco.png\",\"width\":1107,\"height\":444,\"caption\":\"APYMECO Torrevieja\"},\"image\":{\"@id\":\"https:\\\/\\\/apymeco.netrotec.com\\\/#\\\/schema\\\/logo\\\/image\\\/\"}},{\"@type\":\"Person\",\"@id\":\"https:\\\/\\\/apymeco.netrotec.com\\\/#\\\/schema\\\/person\\\/58f3bb0f5e04e2b6067d17d05470d2dd\",\"name\":\"Apymeco\",\"url\":\"https:\\\/\\\/apymeco.netrotec.com\\\/en\\\/author\\\/apymeco\\\/\"}]}<\/script>\n<!-- \/ Yoast SEO Premium plugin. -->","yoast_head_json":{"title":"PRESENTACION DE LA SEGUNDA EDICION DEL BONO CONSUMO TORREVIEJA - APYMECO Torrevieja","robots":{"index":"index","follow":"follow","max-snippet":"max-snippet:-1","max-image-preview":"max-image-preview:large","max-video-preview":"max-video-preview:-1"},"canonical":"https:\/\/apymeco.netrotec.com\/en\/presentacion-de-la-segunda-edicion-del-bono-consumo-torrevieja\/","og_locale":"en_GB","og_type":"article","og_title":"PRESENTACION DE LA SEGUNDA EDICION DEL BONO CONSUMO TORREVIEJA","og_description":"El Teatro Municipal de Torrevieja acogi\u00f3 el pasado martes 28 de septiembre, la presentaci\u00f3n de la segunda Campa\u00f1a del \u00abBono [&hellip;]","og_url":"https:\/\/apymeco.netrotec.com\/en\/presentacion-de-la-segunda-edicion-del-bono-consumo-torrevieja\/","og_site_name":"APYMECO Torrevieja","article_published_time":"2021-09-29T15:51:02+00:00","og_image":[{"width":1620,"height":1080,"url":"https:\/\/apymeco.netrotec.com\/wp-content\/uploads\/2021\/09\/presentacion-BONO-2.jpeg","type":"image\/jpeg"}],"author":"Apymeco","twitter_card":"summary_large_image","twitter_misc":{"Written by":"Apymeco","Estimated reading time":"2 minutes"},"schema":{"@context":"https:\/\/schema.org","@graph":[{"@type":"Article","@id":"https:\/\/apymeco.netrotec.com\/presentacion-de-la-segunda-edicion-del-bono-consumo-torrevieja\/#article","isPartOf":{"@id":"https:\/\/apymeco.netrotec.com\/presentacion-de-la-segunda-edicion-del-bono-consumo-torrevieja\/"},"author":{"name":"Apymeco","@id":"https:\/\/apymeco.netrotec.com\/#\/schema\/person\/58f3bb0f5e04e2b6067d17d05470d2dd"},"headline":"PRESENTACION DE LA SEGUNDA EDICION DEL BONO CONSUMO TORREVIEJA","datePublished":"2021-09-29T15:51:02+00:00","mainEntityOfPage":{"@id":"https:\/\/apymeco.netrotec.com\/presentacion-de-la-segunda-edicion-del-bono-consumo-torrevieja\/"},"wordCount":333,"commentCount":0,"publisher":{"@id":"https:\/\/apymeco.netrotec.com\/#organization"},"image":{"@id":"https:\/\/apymeco.netrotec.com\/presentacion-de-la-segunda-edicion-del-bono-consumo-torrevieja\/#primaryimage"},"thumbnailUrl":"https:\/\/apymeco.netrotec.com\/wp-content\/uploads\/2021\/09\/presentacion-BONO-2.jpeg","articleSection":["Campa\u00f1as","Notas de Prensa"],"inLanguage":"en-GB","potentialAction":[{"@type":"CommentAction","name":"Comment","target":["https:\/\/apymeco.netrotec.com\/presentacion-de-la-segunda-edicion-del-bono-consumo-torrevieja\/#respond"]}]},{"@type":"WebPage","@id":"https:\/\/apymeco.netrotec.com\/presentacion-de-la-segunda-edicion-del-bono-consumo-torrevieja\/","url":"https:\/\/apymeco.netrotec.com\/presentacion-de-la-segunda-edicion-del-bono-consumo-torrevieja\/","name":"PRESENTACION DE LA SEGUNDA EDICION DEL BONO CONSUMO TORREVIEJA - APYMECO Torrevieja","isPartOf":{"@id":"https:\/\/apymeco.netrotec.com\/#website"},"primaryImageOfPage":{"@id":"https:\/\/apymeco.netrotec.com\/presentacion-de-la-segunda-edicion-del-bono-consumo-torrevieja\/#primaryimage"},"image":{"@id":"https:\/\/apymeco.netrotec.com\/presentacion-de-la-segunda-edicion-del-bono-consumo-torrevieja\/#primaryimage"},"thumbnailUrl":"https:\/\/apymeco.netrotec.com\/wp-content\/uploads\/2021\/09\/presentacion-BONO-2.jpeg","datePublished":"2021-09-29T15:51:02+00:00","breadcrumb":{"@id":"https:\/\/apymeco.netrotec.com\/presentacion-de-la-segunda-edicion-del-bono-consumo-torrevieja\/#breadcrumb"},"inLanguage":"en-GB","potentialAction":[{"@type":"ReadAction","target":["https:\/\/apymeco.netrotec.com\/presentacion-de-la-segunda-edicion-del-bono-consumo-torrevieja\/"]}]},{"@type":"ImageObject","inLanguage":"en-GB","@id":"https:\/\/apymeco.netrotec.com\/presentacion-de-la-segunda-edicion-del-bono-consumo-torrevieja\/#primaryimage","url":"https:\/\/apymeco.netrotec.com\/wp-content\/uploads\/2021\/09\/presentacion-BONO-2.jpeg","contentUrl":"https:\/\/apymeco.netrotec.com\/wp-content\/uploads\/2021\/09\/presentacion-BONO-2.jpeg","width":1620,"height":1080},{"@type":"BreadcrumbList","@id":"https:\/\/apymeco.netrotec.com\/presentacion-de-la-segunda-edicion-del-bono-consumo-torrevieja\/#breadcrumb","itemListElement":[{"@type":"ListItem","position":1,"name":"Portada","item":"https:\/\/apymeco.netrotec.com\/"},{"@type":"ListItem","position":2,"name":"PRESENTACION DE LA SEGUNDA EDICION DEL BONO CONSUMO TORREVIEJA"}]},{"@type":"WebSite","@id":"https:\/\/apymeco.netrotec.com\/#website","url":"https:\/\/apymeco.netrotec.com\/","name":"APYMECO Torrevieja","description":"","publisher":{"@id":"https:\/\/apymeco.netrotec.com\/#organization"},"potentialAction":[{"@type":"SearchAction","target":{"@type":"EntryPoint","urlTemplate":"https:\/\/apymeco.netrotec.com\/?s={search_term_string}"},"query-input":{"@type":"PropertyValueSpecification","valueRequired":true,"valueName":"search_term_string"}}],"inLanguage":"en-GB"},{"@type":"Organization","@id":"https:\/\/apymeco.netrotec.com\/#organization","name":"APYMECO Torrevieja","url":"https:\/\/apymeco.netrotec.com\/","logo":{"@type":"ImageObject","inLanguage":"en-GB","@id":"https:\/\/apymeco.netrotec.com\/#\/schema\/logo\/image\/","url":"https:\/\/apymeco.netrotec.com\/wp-content\/uploads\/2026\/06\/logo-blanco.png","contentUrl":"https:\/\/apymeco.netrotec.com\/wp-content\/uploads\/2026\/06\/logo-blanco.png","width":1107,"height":444,"caption":"APYMECO Torrevieja"},"image":{"@id":"https:\/\/apymeco.netrotec.com\/#\/schema\/logo\/image\/"}},{"@type":"Person","@id":"https:\/\/apymeco.netrotec.com\/#\/schema\/person\/58f3bb0f5e04e2b6067d17d05470d2dd","name":"Apymeco","url":"https:\/\/apymeco.netrotec.com\/en\/author\/apymeco\/"}]}},"_links":{"self":[{"href":"https:\/\/apymeco.netrotec.com\/en\/wp-json\/wp\/v2\/posts\/7284","targetHints":{"allow":["GET"]}}],"collection":[{"href":"https:\/\/apymeco.netrotec.com\/en\/wp-json\/wp\/v2\/posts"}],"about":[{"href":"https:\/\/apymeco.netrotec.com\/en\/wp-json\/wp\/v2\/types\/post"}],"author":[{"embeddable":true,"href":"https:\/\/apymeco.netrotec.com\/en\/wp-json\/wp\/v2\/users\/2"}],"replies":[{"embeddable":true,"href":"https:\/\/apymeco.netrotec.com\/en\/wp-json\/wp\/v2\/comments?post=7284"}],"version-history":[{"count":0,"href":"https:\/\/apymeco.netrotec.com\/en\/wp-json\/wp\/v2\/posts\/7284\/revisions"}],"wp:featuredmedia":[{"embeddable":true,"href":"https:\/\/apymeco.netrotec.com\/en\/wp-json\/wp\/v2\/media\/7285"}],"wp:attachment":[{"href":"https:\/\/apymeco.netrotec.com\/en\/wp-json\/wp\/v2\/media?parent=7284"}],"wp:term":[{"taxonomy":"category","embeddable":true,"href":"https:\/\/apymeco.netrotec.com\/en\/wp-json\/wp\/v2\/categories?post=7284"},{"taxonomy":"post_tag","embeddable":true,"href":"https:\/\/apymeco.netrotec.com\/en\/wp-json\/wp\/v2\/tags?post=7284"}],"curies":[{"name":"wp","href":"https:\/\/api.w.org\/{rel}","templated":true}]}}