{"id":7513,"date":"2022-02-16T22:48:35","date_gmt":"2022-02-16T20:48:35","guid":{"rendered":"https:\/\/www.apymeco.info\/?p=7513"},"modified":"2022-02-16T22:48:35","modified_gmt":"2022-02-16T20:48:35","slug":"el-comercio-se-viste-de-carnaval","status":"publish","type":"post","link":"https:\/\/apymeco.netrotec.com\/en\/el-comercio-se-viste-de-carnaval\/","title":{"rendered":"EL COMERCIO SE VISTE DE CARNAVAL"},"content":{"rendered":"<p>La campa\u00f1a estar\u00e1 en marcha a partir del mi\u00e9rcoles 16 de febrero y se mantendr\u00e1 hasta el domingo 6 de marzo.<\/p>\n<p style=\"text-align: center;\"><strong>\u00bfC\u00f3mo participar en el sorteo?<\/strong><\/p>\n<ul>\n<li>Realizar un gasto igual o superior a 25\u20ac en los comercios adheridos al programa<\/li>\n<li>Rellenar una ficha de inscripci\u00f3n que se le entregar\u00e1 en el mismo comercio<\/li>\n<li>Depositar la ficha, junto con el ticket de compra, en la oficina de Ocupaci\u00f3n de V\u00eda P\u00fablica y Comercio ubicada en el mercado de La Plasa.<\/li>\n<li>La Concejal\u00eda de Comercio se pondr\u00e1 el contacto con los ganadores, el resultado del concurso ser\u00e1 el 7 de marzo.<\/li>\n<li>El vale se podr\u00e1 canjear desde el mismo 7 hasta el 13 de marzo, en los comercios adheridos a la campa\u00f1a.<\/li>\n<\/ul>\n<p><img fetchpriority=\"high\" decoding=\"async\" class=\"wp-image-7514 alignright\" src=\"https:\/\/apymeco.netrotec.com\/wp-content\/uploads\/274160533_258078919838693_7689424294884970022_n-300x300.jpg\" alt=\"participantes\" width=\"436\" height=\"436\" \/><\/p>\n<p>&nbsp;<\/p>\n<p>Para amenizar las compras durante estas fechas de carnaval, los s\u00e1bados 19 y 26 de febrero, se podr\u00e1 disfrutar de un pasacalles a ritmo de charanga que recorrer\u00e1 las c\u00e9ntricas calles de Torrevieja<\/p>\n<p>&nbsp;<\/p>\n<p>&nbsp;<\/p>\n<p>M\u00e1s informaci\u00f3n<a href=\"https:\/\/cutt.ly\/dPsWvrc?fbclid=IwAR11xbNJ3b_8tGPnHrZyfOHI4-SXTSaV2C-2WDIH1fLBZByDj0RIJN1qjoA\">https:\/\/cutt.ly\/dPsWvrc<\/a><\/p>","protected":false},"excerpt":{"rendered":"<p>La campa\u00f1a estar\u00e1 en marcha a partir del mi\u00e9rcoles 16 de febrero y se mantendr\u00e1 hasta el domingo 6 de [&hellip;]<\/p>\n","protected":false},"author":2,"featured_media":7515,"comment_status":"open","ping_status":"open","sticky":false,"template":"","format":"standard","meta":{"site-sidebar-layout":"default","site-content-layout":"","ast-site-content-layout":"default","site-content-style":"default","site-sidebar-style":"default","ast-global-header-display":"","ast-banner-title-visibility":"","ast-main-header-display":"","ast-hfb-above-header-display":"","ast-hfb-below-header-display":"","ast-hfb-mobile-header-display":"","site-post-title":"","ast-breadcrumbs-content":"","ast-featured-img":"","footer-sml-layout":"","ast-disable-related-posts":"","theme-transparent-header-meta":"","adv-header-id-meta":"","stick-header-meta":"","header-above-stick-meta":"","header-main-stick-meta":"","header-below-stick-meta":"","astra-migrate-meta-layouts":"default","ast-page-background-enabled":"default","ast-page-background-meta":{"desktop":{"background-color":"var(--ast-global-color-5)","background-image":"","background-repeat":"repeat","background-position":"center center","background-size":"auto","background-attachment":"scroll","background-type":"","background-media":"","overlay-type":"","overlay-color":"","overlay-opacity":"","overlay-gradient":""},"tablet":{"background-color":"","background-image":"","background-repeat":"repeat","background-position":"center center","background-size":"auto","background-attachment":"scroll","background-type":"","background-media":"","overlay-type":"","overlay-color":"","overlay-opacity":"","overlay-gradient":""},"mobile":{"background-color":"","background-image":"","background-repeat":"repeat","background-position":"center center","background-size":"auto","background-attachment":"scroll","background-type":"","background-media":"","overlay-type":"","overlay-color":"","overlay-opacity":"","overlay-gradient":""}},"ast-content-background-meta":{"desktop":{"background-color":"var(--ast-global-color-4)","background-image":"","background-repeat":"repeat","background-position":"center center","background-size":"auto","background-attachment":"scroll","background-type":"","background-media":"","overlay-type":"","overlay-color":"","overlay-opacity":"","overlay-gradient":""},"tablet":{"background-color":"var(--ast-global-color-4)","background-image":"","background-repeat":"repeat","background-position":"center center","background-size":"auto","background-attachment":"scroll","background-type":"","background-media":"","overlay-type":"","overlay-color":"","overlay-opacity":"","overlay-gradient":""},"mobile":{"background-color":"var(--ast-global-color-4)","background-image":"","background-repeat":"repeat","background-position":"center center","background-size":"auto","background-attachment":"scroll","background-type":"","background-media":"","overlay-type":"","overlay-color":"","overlay-opacity":"","overlay-gradient":""}},"footnotes":""},"categories":[538,524,526],"tags":[],"class_list":["post-7513","post","type-post","status-publish","format-standard","has-post-thumbnail","hentry","category-bases-de-concursos","category-campanas","category-eventos"],"yoast_head":"<!-- This site is optimized with the Yoast SEO Premium plugin v27.7 (Yoast SEO v27.8) - https:\/\/yoast.com\/product\/yoast-seo-premium-wordpress\/ -->\n<title>EL COMERCIO SE VISTE DE CARNAVAL - APYMECO Torrevieja<\/title>\n<meta name=\"robots\" content=\"index, follow, max-snippet:-1, max-image-preview:large, max-video-preview:-1\" \/>\n<link rel=\"canonical\" href=\"https:\/\/apymeco.netrotec.com\/en\/el-comercio-se-viste-de-carnaval\/\" \/>\n<meta property=\"og:locale\" content=\"en_GB\" \/>\n<meta property=\"og:type\" content=\"article\" \/>\n<meta property=\"og:title\" content=\"EL COMERCIO SE VISTE DE CARNAVAL\" \/>\n<meta property=\"og:description\" content=\"La campa\u00f1a estar\u00e1 en marcha a partir del mi\u00e9rcoles 16 de febrero y se mantendr\u00e1 hasta el domingo 6 de [&hellip;]\" \/>\n<meta property=\"og:url\" content=\"https:\/\/apymeco.netrotec.com\/en\/el-comercio-se-viste-de-carnaval\/\" \/>\n<meta property=\"og:site_name\" content=\"APYMECO Torrevieja\" \/>\n<meta property=\"article:published_time\" content=\"2022-02-16T20:48:35+00:00\" \/>\n<meta property=\"og:image\" content=\"https:\/\/apymeco.netrotec.com\/wp-content\/uploads\/2022\/02\/274161078_258078943172024_8483126723061261550_n.jpg\" \/>\n\t<meta property=\"og:image:width\" content=\"2048\" \/>\n\t<meta property=\"og:image:height\" content=\"2048\" \/>\n\t<meta property=\"og:image:type\" content=\"image\/jpeg\" \/>\n<meta name=\"author\" content=\"Apymeco\" \/>\n<meta name=\"twitter:card\" content=\"summary_large_image\" \/>\n<meta name=\"twitter:label1\" content=\"Written by\" \/>\n\t<meta name=\"twitter:data1\" content=\"Apymeco\" \/>\n\t<meta name=\"twitter:label2\" content=\"Estimated reading time\" \/>\n\t<meta name=\"twitter:data2\" content=\"1 minute\" \/>\n<script type=\"application\/ld+json\" class=\"yoast-schema-graph\">{\"@context\":\"https:\\\/\\\/schema.org\",\"@graph\":[{\"@type\":\"Article\",\"@id\":\"https:\\\/\\\/apymeco.netrotec.com\\\/el-comercio-se-viste-de-carnaval\\\/#article\",\"isPartOf\":{\"@id\":\"https:\\\/\\\/apymeco.netrotec.com\\\/el-comercio-se-viste-de-carnaval\\\/\"},\"author\":{\"name\":\"Apymeco\",\"@id\":\"https:\\\/\\\/apymeco.netrotec.com\\\/#\\\/schema\\\/person\\\/58f3bb0f5e04e2b6067d17d05470d2dd\"},\"headline\":\"EL COMERCIO SE VISTE DE CARNAVAL\",\"datePublished\":\"2022-02-16T20:48:35+00:00\",\"mainEntityOfPage\":{\"@id\":\"https:\\\/\\\/apymeco.netrotec.com\\\/el-comercio-se-viste-de-carnaval\\\/\"},\"wordCount\":172,\"commentCount\":0,\"publisher\":{\"@id\":\"https:\\\/\\\/apymeco.netrotec.com\\\/#organization\"},\"image\":{\"@id\":\"https:\\\/\\\/apymeco.netrotec.com\\\/el-comercio-se-viste-de-carnaval\\\/#primaryimage\"},\"thumbnailUrl\":\"https:\\\/\\\/apymeco.netrotec.com\\\/wp-content\\\/uploads\\\/2022\\\/02\\\/274161078_258078943172024_8483126723061261550_n.jpg\",\"articleSection\":[\"Bases de Concursos\",\"Campa\u00f1as\",\"Eventos\"],\"inLanguage\":\"en-GB\",\"potentialAction\":[{\"@type\":\"CommentAction\",\"name\":\"Comment\",\"target\":[\"https:\\\/\\\/apymeco.netrotec.com\\\/el-comercio-se-viste-de-carnaval\\\/#respond\"]}]},{\"@type\":\"WebPage\",\"@id\":\"https:\\\/\\\/apymeco.netrotec.com\\\/el-comercio-se-viste-de-carnaval\\\/\",\"url\":\"https:\\\/\\\/apymeco.netrotec.com\\\/el-comercio-se-viste-de-carnaval\\\/\",\"name\":\"EL COMERCIO SE VISTE DE CARNAVAL - APYMECO Torrevieja\",\"isPartOf\":{\"@id\":\"https:\\\/\\\/apymeco.netrotec.com\\\/#website\"},\"primaryImageOfPage\":{\"@id\":\"https:\\\/\\\/apymeco.netrotec.com\\\/el-comercio-se-viste-de-carnaval\\\/#primaryimage\"},\"image\":{\"@id\":\"https:\\\/\\\/apymeco.netrotec.com\\\/el-comercio-se-viste-de-carnaval\\\/#primaryimage\"},\"thumbnailUrl\":\"https:\\\/\\\/apymeco.netrotec.com\\\/wp-content\\\/uploads\\\/2022\\\/02\\\/274161078_258078943172024_8483126723061261550_n.jpg\",\"datePublished\":\"2022-02-16T20:48:35+00:00\",\"breadcrumb\":{\"@id\":\"https:\\\/\\\/apymeco.netrotec.com\\\/el-comercio-se-viste-de-carnaval\\\/#breadcrumb\"},\"inLanguage\":\"en-GB\",\"potentialAction\":[{\"@type\":\"ReadAction\",\"target\":[\"https:\\\/\\\/apymeco.netrotec.com\\\/el-comercio-se-viste-de-carnaval\\\/\"]}]},{\"@type\":\"ImageObject\",\"inLanguage\":\"en-GB\",\"@id\":\"https:\\\/\\\/apymeco.netrotec.com\\\/el-comercio-se-viste-de-carnaval\\\/#primaryimage\",\"url\":\"https:\\\/\\\/apymeco.netrotec.com\\\/wp-content\\\/uploads\\\/2022\\\/02\\\/274161078_258078943172024_8483126723061261550_n.jpg\",\"contentUrl\":\"https:\\\/\\\/apymeco.netrotec.com\\\/wp-content\\\/uploads\\\/2022\\\/02\\\/274161078_258078943172024_8483126723061261550_n.jpg\",\"width\":2048,\"height\":2048,\"caption\":\"comercio se viste de carnaval\"},{\"@type\":\"BreadcrumbList\",\"@id\":\"https:\\\/\\\/apymeco.netrotec.com\\\/el-comercio-se-viste-de-carnaval\\\/#breadcrumb\",\"itemListElement\":[{\"@type\":\"ListItem\",\"position\":1,\"name\":\"Portada\",\"item\":\"https:\\\/\\\/apymeco.netrotec.com\\\/\"},{\"@type\":\"ListItem\",\"position\":2,\"name\":\"EL COMERCIO SE VISTE DE CARNAVAL\"}]},{\"@type\":\"WebSite\",\"@id\":\"https:\\\/\\\/apymeco.netrotec.com\\\/#website\",\"url\":\"https:\\\/\\\/apymeco.netrotec.com\\\/\",\"name\":\"APYMECO Torrevieja\",\"description\":\"\",\"publisher\":{\"@id\":\"https:\\\/\\\/apymeco.netrotec.com\\\/#organization\"},\"potentialAction\":[{\"@type\":\"SearchAction\",\"target\":{\"@type\":\"EntryPoint\",\"urlTemplate\":\"https:\\\/\\\/apymeco.netrotec.com\\\/?s={search_term_string}\"},\"query-input\":{\"@type\":\"PropertyValueSpecification\",\"valueRequired\":true,\"valueName\":\"search_term_string\"}}],\"inLanguage\":\"en-GB\"},{\"@type\":\"Organization\",\"@id\":\"https:\\\/\\\/apymeco.netrotec.com\\\/#organization\",\"name\":\"APYMECO Torrevieja\",\"url\":\"https:\\\/\\\/apymeco.netrotec.com\\\/\",\"logo\":{\"@type\":\"ImageObject\",\"inLanguage\":\"en-GB\",\"@id\":\"https:\\\/\\\/apymeco.netrotec.com\\\/#\\\/schema\\\/logo\\\/image\\\/\",\"url\":\"https:\\\/\\\/apymeco.netrotec.com\\\/wp-content\\\/uploads\\\/2026\\\/06\\\/logo-blanco.png\",\"contentUrl\":\"https:\\\/\\\/apymeco.netrotec.com\\\/wp-content\\\/uploads\\\/2026\\\/06\\\/logo-blanco.png\",\"width\":1107,\"height\":444,\"caption\":\"APYMECO Torrevieja\"},\"image\":{\"@id\":\"https:\\\/\\\/apymeco.netrotec.com\\\/#\\\/schema\\\/logo\\\/image\\\/\"}},{\"@type\":\"Person\",\"@id\":\"https:\\\/\\\/apymeco.netrotec.com\\\/#\\\/schema\\\/person\\\/58f3bb0f5e04e2b6067d17d05470d2dd\",\"name\":\"Apymeco\",\"url\":\"https:\\\/\\\/apymeco.netrotec.com\\\/en\\\/author\\\/apymeco\\\/\"}]}<\/script>\n<!-- \/ Yoast SEO Premium plugin. -->","yoast_head_json":{"title":"EL COMERCIO SE VISTE DE CARNAVAL - APYMECO Torrevieja","robots":{"index":"index","follow":"follow","max-snippet":"max-snippet:-1","max-image-preview":"max-image-preview:large","max-video-preview":"max-video-preview:-1"},"canonical":"https:\/\/apymeco.netrotec.com\/en\/el-comercio-se-viste-de-carnaval\/","og_locale":"en_GB","og_type":"article","og_title":"EL COMERCIO SE VISTE DE CARNAVAL","og_description":"La campa\u00f1a estar\u00e1 en marcha a partir del mi\u00e9rcoles 16 de febrero y se mantendr\u00e1 hasta el domingo 6 de [&hellip;]","og_url":"https:\/\/apymeco.netrotec.com\/en\/el-comercio-se-viste-de-carnaval\/","og_site_name":"APYMECO Torrevieja","article_published_time":"2022-02-16T20:48:35+00:00","og_image":[{"width":2048,"height":2048,"url":"https:\/\/apymeco.netrotec.com\/wp-content\/uploads\/2022\/02\/274161078_258078943172024_8483126723061261550_n.jpg","type":"image\/jpeg"}],"author":"Apymeco","twitter_card":"summary_large_image","twitter_misc":{"Written by":"Apymeco","Estimated reading time":"1 minute"},"schema":{"@context":"https:\/\/schema.org","@graph":[{"@type":"Article","@id":"https:\/\/apymeco.netrotec.com\/el-comercio-se-viste-de-carnaval\/#article","isPartOf":{"@id":"https:\/\/apymeco.netrotec.com\/el-comercio-se-viste-de-carnaval\/"},"author":{"name":"Apymeco","@id":"https:\/\/apymeco.netrotec.com\/#\/schema\/person\/58f3bb0f5e04e2b6067d17d05470d2dd"},"headline":"EL COMERCIO SE VISTE DE CARNAVAL","datePublished":"2022-02-16T20:48:35+00:00","mainEntityOfPage":{"@id":"https:\/\/apymeco.netrotec.com\/el-comercio-se-viste-de-carnaval\/"},"wordCount":172,"commentCount":0,"publisher":{"@id":"https:\/\/apymeco.netrotec.com\/#organization"},"image":{"@id":"https:\/\/apymeco.netrotec.com\/el-comercio-se-viste-de-carnaval\/#primaryimage"},"thumbnailUrl":"https:\/\/apymeco.netrotec.com\/wp-content\/uploads\/2022\/02\/274161078_258078943172024_8483126723061261550_n.jpg","articleSection":["Bases de Concursos","Campa\u00f1as","Eventos"],"inLanguage":"en-GB","potentialAction":[{"@type":"CommentAction","name":"Comment","target":["https:\/\/apymeco.netrotec.com\/el-comercio-se-viste-de-carnaval\/#respond"]}]},{"@type":"WebPage","@id":"https:\/\/apymeco.netrotec.com\/el-comercio-se-viste-de-carnaval\/","url":"https:\/\/apymeco.netrotec.com\/el-comercio-se-viste-de-carnaval\/","name":"EL COMERCIO SE VISTE DE CARNAVAL - APYMECO Torrevieja","isPartOf":{"@id":"https:\/\/apymeco.netrotec.com\/#website"},"primaryImageOfPage":{"@id":"https:\/\/apymeco.netrotec.com\/el-comercio-se-viste-de-carnaval\/#primaryimage"},"image":{"@id":"https:\/\/apymeco.netrotec.com\/el-comercio-se-viste-de-carnaval\/#primaryimage"},"thumbnailUrl":"https:\/\/apymeco.netrotec.com\/wp-content\/uploads\/2022\/02\/274161078_258078943172024_8483126723061261550_n.jpg","datePublished":"2022-02-16T20:48:35+00:00","breadcrumb":{"@id":"https:\/\/apymeco.netrotec.com\/el-comercio-se-viste-de-carnaval\/#breadcrumb"},"inLanguage":"en-GB","potentialAction":[{"@type":"ReadAction","target":["https:\/\/apymeco.netrotec.com\/el-comercio-se-viste-de-carnaval\/"]}]},{"@type":"ImageObject","inLanguage":"en-GB","@id":"https:\/\/apymeco.netrotec.com\/el-comercio-se-viste-de-carnaval\/#primaryimage","url":"https:\/\/apymeco.netrotec.com\/wp-content\/uploads\/2022\/02\/274161078_258078943172024_8483126723061261550_n.jpg","contentUrl":"https:\/\/apymeco.netrotec.com\/wp-content\/uploads\/2022\/02\/274161078_258078943172024_8483126723061261550_n.jpg","width":2048,"height":2048,"caption":"comercio se viste de carnaval"},{"@type":"BreadcrumbList","@id":"https:\/\/apymeco.netrotec.com\/el-comercio-se-viste-de-carnaval\/#breadcrumb","itemListElement":[{"@type":"ListItem","position":1,"name":"Portada","item":"https:\/\/apymeco.netrotec.com\/"},{"@type":"ListItem","position":2,"name":"EL COMERCIO SE VISTE DE CARNAVAL"}]},{"@type":"WebSite","@id":"https:\/\/apymeco.netrotec.com\/#website","url":"https:\/\/apymeco.netrotec.com\/","name":"APYMECO Torrevieja","description":"","publisher":{"@id":"https:\/\/apymeco.netrotec.com\/#organization"},"potentialAction":[{"@type":"SearchAction","target":{"@type":"EntryPoint","urlTemplate":"https:\/\/apymeco.netrotec.com\/?s={search_term_string}"},"query-input":{"@type":"PropertyValueSpecification","valueRequired":true,"valueName":"search_term_string"}}],"inLanguage":"en-GB"},{"@type":"Organization","@id":"https:\/\/apymeco.netrotec.com\/#organization","name":"APYMECO Torrevieja","url":"https:\/\/apymeco.netrotec.com\/","logo":{"@type":"ImageObject","inLanguage":"en-GB","@id":"https:\/\/apymeco.netrotec.com\/#\/schema\/logo\/image\/","url":"https:\/\/apymeco.netrotec.com\/wp-content\/uploads\/2026\/06\/logo-blanco.png","contentUrl":"https:\/\/apymeco.netrotec.com\/wp-content\/uploads\/2026\/06\/logo-blanco.png","width":1107,"height":444,"caption":"APYMECO Torrevieja"},"image":{"@id":"https:\/\/apymeco.netrotec.com\/#\/schema\/logo\/image\/"}},{"@type":"Person","@id":"https:\/\/apymeco.netrotec.com\/#\/schema\/person\/58f3bb0f5e04e2b6067d17d05470d2dd","name":"Apymeco","url":"https:\/\/apymeco.netrotec.com\/en\/author\/apymeco\/"}]}},"_links":{"self":[{"href":"https:\/\/apymeco.netrotec.com\/en\/wp-json\/wp\/v2\/posts\/7513","targetHints":{"allow":["GET"]}}],"collection":[{"href":"https:\/\/apymeco.netrotec.com\/en\/wp-json\/wp\/v2\/posts"}],"about":[{"href":"https:\/\/apymeco.netrotec.com\/en\/wp-json\/wp\/v2\/types\/post"}],"author":[{"embeddable":true,"href":"https:\/\/apymeco.netrotec.com\/en\/wp-json\/wp\/v2\/users\/2"}],"replies":[{"embeddable":true,"href":"https:\/\/apymeco.netrotec.com\/en\/wp-json\/wp\/v2\/comments?post=7513"}],"version-history":[{"count":0,"href":"https:\/\/apymeco.netrotec.com\/en\/wp-json\/wp\/v2\/posts\/7513\/revisions"}],"wp:featuredmedia":[{"embeddable":true,"href":"https:\/\/apymeco.netrotec.com\/en\/wp-json\/wp\/v2\/media\/7515"}],"wp:attachment":[{"href":"https:\/\/apymeco.netrotec.com\/en\/wp-json\/wp\/v2\/media?parent=7513"}],"wp:term":[{"taxonomy":"category","embeddable":true,"href":"https:\/\/apymeco.netrotec.com\/en\/wp-json\/wp\/v2\/categories?post=7513"},{"taxonomy":"post_tag","embeddable":true,"href":"https:\/\/apymeco.netrotec.com\/en\/wp-json\/wp\/v2\/tags?post=7513"}],"curies":[{"name":"wp","href":"https:\/\/api.w.org\/{rel}","templated":true}]}}