{"id":7563,"date":"2022-04-04T14:23:12","date_gmt":"2022-04-04T12:23:12","guid":{"rendered":"https:\/\/www.apymeco.info\/?p=7563"},"modified":"2022-04-04T14:23:12","modified_gmt":"2022-04-04T12:23:12","slug":"campana-comercio-inclusivo","status":"publish","type":"post","link":"https:\/\/apymeco.netrotec.com\/en\/campana-comercio-inclusivo\/","title":{"rendered":"Campa\u00f1a Comercio Inclusivo"},"content":{"rendered":"<h3 style=\"text-align: center;\">\u00a0\u00a0<img fetchpriority=\"high\" decoding=\"async\" class=\"wp-image-7567 alignright\" src=\"https:\/\/apymeco.netrotec.com\/wp-content\/uploads\/foto-3-300x212.jpg\" alt=\"\" width=\"409\" height=\"289\" \/>Campa\u00f1a de sensibilizaci\u00f3n con motivo del D\u00eda Mundial de Concienciaci\u00f3n sobre el Autismo 2022, con el proyecto \u00abCampa\u00f1a Comercio Inclusivo\u00bb<\/h3>\n<p>&nbsp;<\/p>\n<p>El viernes 1 de abril, la vicealcaldesa, Rosario Mart\u00ednez, el vicepresidente de Apymeco, Pedro Garc\u00eda, y la presidenta de <strong>APANEE<\/strong>, Mar\u00eda S\u00e1nchez, se re\u00fanen para firmar el convenio de colaboraci\u00f3n y participaci\u00f3n para la \u00ab<strong>Campa\u00f1a Comercio Inclusivo<\/strong>\u00ab.<\/p>\n<p>Este proyecto nace para poder garantizar la accesibilidad cognitiva en los comercios, entidades e instituciones colaboradoras de la ciudad, facilitando el acceso a los mismos y promoviendo la autonom\u00eda de las personas con diversidad funcional de Torrevieja.<\/p>\n<p>Cada comercio recibir\u00e1 un vinilo expositor para colocar en la entrada de cada establecimiento, adem\u00e1s de recibir un reconocimiento acreditativo de participaci\u00f3n.<\/p>\n<h3 style=\"text-align: center;\"><img decoding=\"async\" class=\"alignleft wp-image-7566 size-medium\" src=\"https:\/\/apymeco.netrotec.com\/wp-content\/uploads\/foto-2-300x207.jpg\" alt=\"\" width=\"300\" height=\"207\" \/><\/h3>\n<p>&nbsp;<\/p>\n<p>El vinilo estar\u00e1 compuesto por una infograf\u00eda con m\u00e9todos de sistema de comunicaci\u00f3n en pictograma y texto el braille, donde se especificar\u00e1 la funci\u00f3n y servicios que ofrece al p\u00fablico (fruter\u00eda, farmacia, clinicas de fisioterapia, \u00f3pticas, etc.)<\/p>\n<h3 style=\"text-align: center;\"><img decoding=\"async\" class=\"size-medium wp-image-7565 alignright\" src=\"https:\/\/apymeco.netrotec.com\/wp-content\/uploads\/foto-1-300x224.jpg\" alt=\"comercio inclusivo 2022\" width=\"300\" height=\"224\" \/><\/h3>\n<p>&nbsp;<\/p>\n<p>Los reconocimientos ser\u00e1n entregados por las familias y ni\u00f1os de APANEE.<\/p>","protected":false},"excerpt":{"rendered":"<p>\u00a0\u00a0Campa\u00f1a de sensibilizaci\u00f3n con motivo del D\u00eda Mundial de Concienciaci\u00f3n sobre el Autismo 2022, con el proyecto \u00abCampa\u00f1a Comercio Inclusivo\u00bb [&hellip;]<\/p>\n","protected":false},"author":2,"featured_media":0,"comment_status":"open","ping_status":"open","sticky":false,"template":"","format":"standard","meta":{"site-sidebar-layout":"default","site-content-layout":"","ast-site-content-layout":"default","site-content-style":"default","site-sidebar-style":"default","ast-global-header-display":"","ast-banner-title-visibility":"","ast-main-header-display":"","ast-hfb-above-header-display":"","ast-hfb-below-header-display":"","ast-hfb-mobile-header-display":"","site-post-title":"","ast-breadcrumbs-content":"","ast-featured-img":"","footer-sml-layout":"","ast-disable-related-posts":"","theme-transparent-header-meta":"","adv-header-id-meta":"","stick-header-meta":"","header-above-stick-meta":"","header-main-stick-meta":"","header-below-stick-meta":"","astra-migrate-meta-layouts":"default","ast-page-background-enabled":"default","ast-page-background-meta":{"desktop":{"background-color":"var(--ast-global-color-5)","background-image":"","background-repeat":"repeat","background-position":"center center","background-size":"auto","background-attachment":"scroll","background-type":"","background-media":"","overlay-type":"","overlay-color":"","overlay-opacity":"","overlay-gradient":""},"tablet":{"background-color":"","background-image":"","background-repeat":"repeat","background-position":"center center","background-size":"auto","background-attachment":"scroll","background-type":"","background-media":"","overlay-type":"","overlay-color":"","overlay-opacity":"","overlay-gradient":""},"mobile":{"background-color":"","background-image":"","background-repeat":"repeat","background-position":"center center","background-size":"auto","background-attachment":"scroll","background-type":"","background-media":"","overlay-type":"","overlay-color":"","overlay-opacity":"","overlay-gradient":""}},"ast-content-background-meta":{"desktop":{"background-color":"var(--ast-global-color-4)","background-image":"","background-repeat":"repeat","background-position":"center center","background-size":"auto","background-attachment":"scroll","background-type":"","background-media":"","overlay-type":"","overlay-color":"","overlay-opacity":"","overlay-gradient":""},"tablet":{"background-color":"var(--ast-global-color-4)","background-image":"","background-repeat":"repeat","background-position":"center center","background-size":"auto","background-attachment":"scroll","background-type":"","background-media":"","overlay-type":"","overlay-color":"","overlay-opacity":"","overlay-gradient":""},"mobile":{"background-color":"var(--ast-global-color-4)","background-image":"","background-repeat":"repeat","background-position":"center center","background-size":"auto","background-attachment":"scroll","background-type":"","background-media":"","overlay-type":"","overlay-color":"","overlay-opacity":"","overlay-gradient":""}},"footnotes":""},"categories":[524,526],"tags":[652,653,654,655],"class_list":["post-7563","post","type-post","status-publish","format-standard","hentry","category-campanas","category-eventos","tag-apanee-y-apymeco","tag-campana-comercio-inclusivo","tag-colaboracion-apanee","tag-comercio-inclusivo"],"yoast_head":"<!-- This site is optimized with the Yoast SEO Premium plugin v27.7 (Yoast SEO v27.8) - https:\/\/yoast.com\/product\/yoast-seo-premium-wordpress\/ -->\n<title>Campa\u00f1a Comercio Inclusivo - APYMECO Torrevieja<\/title>\n<meta name=\"robots\" content=\"index, follow, max-snippet:-1, max-image-preview:large, max-video-preview:-1\" \/>\n<link rel=\"canonical\" href=\"https:\/\/apymeco.netrotec.com\/en\/campana-comercio-inclusivo\/\" \/>\n<meta property=\"og:locale\" content=\"en_GB\" \/>\n<meta property=\"og:type\" content=\"article\" \/>\n<meta property=\"og:title\" content=\"Campa\u00f1a Comercio Inclusivo\" \/>\n<meta property=\"og:description\" content=\"\u00a0\u00a0Campa\u00f1a de sensibilizaci\u00f3n con motivo del D\u00eda Mundial de Concienciaci\u00f3n sobre el Autismo 2022, con el proyecto \u00abCampa\u00f1a Comercio Inclusivo\u00bb [&hellip;]\" \/>\n<meta property=\"og:url\" content=\"https:\/\/apymeco.netrotec.com\/en\/campana-comercio-inclusivo\/\" \/>\n<meta property=\"og:site_name\" content=\"APYMECO Torrevieja\" \/>\n<meta property=\"article:published_time\" content=\"2022-04-04T12:23:12+00:00\" \/>\n<meta property=\"og:image\" content=\"https:\/\/apymeco.netrotec.com\/wp-content\/uploads\/2022\/05\/foto-3.jpg\" \/>\n\t<meta property=\"og:image:width\" content=\"1080\" \/>\n\t<meta property=\"og:image:height\" content=\"762\" \/>\n\t<meta property=\"og:image:type\" content=\"image\/jpeg\" \/>\n<meta name=\"author\" content=\"Apymeco\" \/>\n<meta name=\"twitter:card\" content=\"summary_large_image\" \/>\n<meta name=\"twitter:label1\" content=\"Written by\" \/>\n\t<meta name=\"twitter:data1\" content=\"Apymeco\" \/>\n\t<meta name=\"twitter:label2\" content=\"Estimated reading time\" \/>\n\t<meta name=\"twitter:data2\" content=\"2 minutes\" \/>\n<script type=\"application\/ld+json\" class=\"yoast-schema-graph\">{\"@context\":\"https:\\\/\\\/schema.org\",\"@graph\":[{\"@type\":\"Article\",\"@id\":\"https:\\\/\\\/apymeco.netrotec.com\\\/campana-comercio-inclusivo\\\/#article\",\"isPartOf\":{\"@id\":\"https:\\\/\\\/apymeco.netrotec.com\\\/campana-comercio-inclusivo\\\/\"},\"author\":{\"name\":\"Apymeco\",\"@id\":\"https:\\\/\\\/apymeco.netrotec.com\\\/#\\\/schema\\\/person\\\/58f3bb0f5e04e2b6067d17d05470d2dd\"},\"headline\":\"Campa\u00f1a Comercio Inclusivo\",\"datePublished\":\"2022-04-04T12:23:12+00:00\",\"mainEntityOfPage\":{\"@id\":\"https:\\\/\\\/apymeco.netrotec.com\\\/campana-comercio-inclusivo\\\/\"},\"wordCount\":193,\"commentCount\":0,\"publisher\":{\"@id\":\"https:\\\/\\\/apymeco.netrotec.com\\\/#organization\"},\"image\":{\"@id\":\"https:\\\/\\\/apymeco.netrotec.com\\\/campana-comercio-inclusivo\\\/#primaryimage\"},\"thumbnailUrl\":\"https:\\\/\\\/apymeco.netrotec.com\\\/wp-content\\\/uploads\\\/foto-3-300x212.jpg\",\"keywords\":[\"apanee y apymeco\",\"campa\u00f1a comercio inclusivo\",\"colaboraci\u00f3n apanee\",\"comercio inclusivo\"],\"articleSection\":[\"Campa\u00f1as\",\"Eventos\"],\"inLanguage\":\"en-GB\",\"potentialAction\":[{\"@type\":\"CommentAction\",\"name\":\"Comment\",\"target\":[\"https:\\\/\\\/apymeco.netrotec.com\\\/campana-comercio-inclusivo\\\/#respond\"]}]},{\"@type\":\"WebPage\",\"@id\":\"https:\\\/\\\/apymeco.netrotec.com\\\/campana-comercio-inclusivo\\\/\",\"url\":\"https:\\\/\\\/apymeco.netrotec.com\\\/campana-comercio-inclusivo\\\/\",\"name\":\"Campa\u00f1a Comercio Inclusivo - APYMECO Torrevieja\",\"isPartOf\":{\"@id\":\"https:\\\/\\\/apymeco.netrotec.com\\\/#website\"},\"primaryImageOfPage\":{\"@id\":\"https:\\\/\\\/apymeco.netrotec.com\\\/campana-comercio-inclusivo\\\/#primaryimage\"},\"image\":{\"@id\":\"https:\\\/\\\/apymeco.netrotec.com\\\/campana-comercio-inclusivo\\\/#primaryimage\"},\"thumbnailUrl\":\"https:\\\/\\\/apymeco.netrotec.com\\\/wp-content\\\/uploads\\\/foto-3-300x212.jpg\",\"datePublished\":\"2022-04-04T12:23:12+00:00\",\"breadcrumb\":{\"@id\":\"https:\\\/\\\/apymeco.netrotec.com\\\/campana-comercio-inclusivo\\\/#breadcrumb\"},\"inLanguage\":\"en-GB\",\"potentialAction\":[{\"@type\":\"ReadAction\",\"target\":[\"https:\\\/\\\/apymeco.netrotec.com\\\/campana-comercio-inclusivo\\\/\"]}]},{\"@type\":\"ImageObject\",\"inLanguage\":\"en-GB\",\"@id\":\"https:\\\/\\\/apymeco.netrotec.com\\\/campana-comercio-inclusivo\\\/#primaryimage\",\"url\":\"https:\\\/\\\/apymeco.netrotec.com\\\/wp-content\\\/uploads\\\/foto-3-300x212.jpg\",\"contentUrl\":\"https:\\\/\\\/apymeco.netrotec.com\\\/wp-content\\\/uploads\\\/foto-3-300x212.jpg\"},{\"@type\":\"BreadcrumbList\",\"@id\":\"https:\\\/\\\/apymeco.netrotec.com\\\/campana-comercio-inclusivo\\\/#breadcrumb\",\"itemListElement\":[{\"@type\":\"ListItem\",\"position\":1,\"name\":\"Portada\",\"item\":\"https:\\\/\\\/apymeco.netrotec.com\\\/\"},{\"@type\":\"ListItem\",\"position\":2,\"name\":\"Campa\u00f1a Comercio Inclusivo\"}]},{\"@type\":\"WebSite\",\"@id\":\"https:\\\/\\\/apymeco.netrotec.com\\\/#website\",\"url\":\"https:\\\/\\\/apymeco.netrotec.com\\\/\",\"name\":\"APYMECO Torrevieja\",\"description\":\"\",\"publisher\":{\"@id\":\"https:\\\/\\\/apymeco.netrotec.com\\\/#organization\"},\"potentialAction\":[{\"@type\":\"SearchAction\",\"target\":{\"@type\":\"EntryPoint\",\"urlTemplate\":\"https:\\\/\\\/apymeco.netrotec.com\\\/?s={search_term_string}\"},\"query-input\":{\"@type\":\"PropertyValueSpecification\",\"valueRequired\":true,\"valueName\":\"search_term_string\"}}],\"inLanguage\":\"en-GB\"},{\"@type\":\"Organization\",\"@id\":\"https:\\\/\\\/apymeco.netrotec.com\\\/#organization\",\"name\":\"APYMECO Torrevieja\",\"url\":\"https:\\\/\\\/apymeco.netrotec.com\\\/\",\"logo\":{\"@type\":\"ImageObject\",\"inLanguage\":\"en-GB\",\"@id\":\"https:\\\/\\\/apymeco.netrotec.com\\\/#\\\/schema\\\/logo\\\/image\\\/\",\"url\":\"https:\\\/\\\/apymeco.netrotec.com\\\/wp-content\\\/uploads\\\/2026\\\/06\\\/logo-blanco.png\",\"contentUrl\":\"https:\\\/\\\/apymeco.netrotec.com\\\/wp-content\\\/uploads\\\/2026\\\/06\\\/logo-blanco.png\",\"width\":1107,\"height\":444,\"caption\":\"APYMECO Torrevieja\"},\"image\":{\"@id\":\"https:\\\/\\\/apymeco.netrotec.com\\\/#\\\/schema\\\/logo\\\/image\\\/\"}},{\"@type\":\"Person\",\"@id\":\"https:\\\/\\\/apymeco.netrotec.com\\\/#\\\/schema\\\/person\\\/58f3bb0f5e04e2b6067d17d05470d2dd\",\"name\":\"Apymeco\",\"url\":\"https:\\\/\\\/apymeco.netrotec.com\\\/en\\\/author\\\/apymeco\\\/\"}]}<\/script>\n<!-- \/ Yoast SEO Premium plugin. -->","yoast_head_json":{"title":"Campa\u00f1a Comercio Inclusivo - APYMECO Torrevieja","robots":{"index":"index","follow":"follow","max-snippet":"max-snippet:-1","max-image-preview":"max-image-preview:large","max-video-preview":"max-video-preview:-1"},"canonical":"https:\/\/apymeco.netrotec.com\/en\/campana-comercio-inclusivo\/","og_locale":"en_GB","og_type":"article","og_title":"Campa\u00f1a Comercio Inclusivo","og_description":"\u00a0\u00a0Campa\u00f1a de sensibilizaci\u00f3n con motivo del D\u00eda Mundial de Concienciaci\u00f3n sobre el Autismo 2022, con el proyecto \u00abCampa\u00f1a Comercio Inclusivo\u00bb [&hellip;]","og_url":"https:\/\/apymeco.netrotec.com\/en\/campana-comercio-inclusivo\/","og_site_name":"APYMECO Torrevieja","article_published_time":"2022-04-04T12:23:12+00:00","og_image":[{"width":1080,"height":762,"url":"https:\/\/apymeco.netrotec.com\/wp-content\/uploads\/2022\/05\/foto-3.jpg","type":"image\/jpeg"}],"author":"Apymeco","twitter_card":"summary_large_image","twitter_misc":{"Written by":"Apymeco","Estimated reading time":"2 minutes"},"schema":{"@context":"https:\/\/schema.org","@graph":[{"@type":"Article","@id":"https:\/\/apymeco.netrotec.com\/campana-comercio-inclusivo\/#article","isPartOf":{"@id":"https:\/\/apymeco.netrotec.com\/campana-comercio-inclusivo\/"},"author":{"name":"Apymeco","@id":"https:\/\/apymeco.netrotec.com\/#\/schema\/person\/58f3bb0f5e04e2b6067d17d05470d2dd"},"headline":"Campa\u00f1a Comercio Inclusivo","datePublished":"2022-04-04T12:23:12+00:00","mainEntityOfPage":{"@id":"https:\/\/apymeco.netrotec.com\/campana-comercio-inclusivo\/"},"wordCount":193,"commentCount":0,"publisher":{"@id":"https:\/\/apymeco.netrotec.com\/#organization"},"image":{"@id":"https:\/\/apymeco.netrotec.com\/campana-comercio-inclusivo\/#primaryimage"},"thumbnailUrl":"https:\/\/apymeco.netrotec.com\/wp-content\/uploads\/foto-3-300x212.jpg","keywords":["apanee y apymeco","campa\u00f1a comercio inclusivo","colaboraci\u00f3n apanee","comercio inclusivo"],"articleSection":["Campa\u00f1as","Eventos"],"inLanguage":"en-GB","potentialAction":[{"@type":"CommentAction","name":"Comment","target":["https:\/\/apymeco.netrotec.com\/campana-comercio-inclusivo\/#respond"]}]},{"@type":"WebPage","@id":"https:\/\/apymeco.netrotec.com\/campana-comercio-inclusivo\/","url":"https:\/\/apymeco.netrotec.com\/campana-comercio-inclusivo\/","name":"Campa\u00f1a Comercio Inclusivo - APYMECO Torrevieja","isPartOf":{"@id":"https:\/\/apymeco.netrotec.com\/#website"},"primaryImageOfPage":{"@id":"https:\/\/apymeco.netrotec.com\/campana-comercio-inclusivo\/#primaryimage"},"image":{"@id":"https:\/\/apymeco.netrotec.com\/campana-comercio-inclusivo\/#primaryimage"},"thumbnailUrl":"https:\/\/apymeco.netrotec.com\/wp-content\/uploads\/foto-3-300x212.jpg","datePublished":"2022-04-04T12:23:12+00:00","breadcrumb":{"@id":"https:\/\/apymeco.netrotec.com\/campana-comercio-inclusivo\/#breadcrumb"},"inLanguage":"en-GB","potentialAction":[{"@type":"ReadAction","target":["https:\/\/apymeco.netrotec.com\/campana-comercio-inclusivo\/"]}]},{"@type":"ImageObject","inLanguage":"en-GB","@id":"https:\/\/apymeco.netrotec.com\/campana-comercio-inclusivo\/#primaryimage","url":"https:\/\/apymeco.netrotec.com\/wp-content\/uploads\/foto-3-300x212.jpg","contentUrl":"https:\/\/apymeco.netrotec.com\/wp-content\/uploads\/foto-3-300x212.jpg"},{"@type":"BreadcrumbList","@id":"https:\/\/apymeco.netrotec.com\/campana-comercio-inclusivo\/#breadcrumb","itemListElement":[{"@type":"ListItem","position":1,"name":"Portada","item":"https:\/\/apymeco.netrotec.com\/"},{"@type":"ListItem","position":2,"name":"Campa\u00f1a Comercio Inclusivo"}]},{"@type":"WebSite","@id":"https:\/\/apymeco.netrotec.com\/#website","url":"https:\/\/apymeco.netrotec.com\/","name":"APYMECO Torrevieja","description":"","publisher":{"@id":"https:\/\/apymeco.netrotec.com\/#organization"},"potentialAction":[{"@type":"SearchAction","target":{"@type":"EntryPoint","urlTemplate":"https:\/\/apymeco.netrotec.com\/?s={search_term_string}"},"query-input":{"@type":"PropertyValueSpecification","valueRequired":true,"valueName":"search_term_string"}}],"inLanguage":"en-GB"},{"@type":"Organization","@id":"https:\/\/apymeco.netrotec.com\/#organization","name":"APYMECO Torrevieja","url":"https:\/\/apymeco.netrotec.com\/","logo":{"@type":"ImageObject","inLanguage":"en-GB","@id":"https:\/\/apymeco.netrotec.com\/#\/schema\/logo\/image\/","url":"https:\/\/apymeco.netrotec.com\/wp-content\/uploads\/2026\/06\/logo-blanco.png","contentUrl":"https:\/\/apymeco.netrotec.com\/wp-content\/uploads\/2026\/06\/logo-blanco.png","width":1107,"height":444,"caption":"APYMECO Torrevieja"},"image":{"@id":"https:\/\/apymeco.netrotec.com\/#\/schema\/logo\/image\/"}},{"@type":"Person","@id":"https:\/\/apymeco.netrotec.com\/#\/schema\/person\/58f3bb0f5e04e2b6067d17d05470d2dd","name":"Apymeco","url":"https:\/\/apymeco.netrotec.com\/en\/author\/apymeco\/"}]}},"_links":{"self":[{"href":"https:\/\/apymeco.netrotec.com\/en\/wp-json\/wp\/v2\/posts\/7563","targetHints":{"allow":["GET"]}}],"collection":[{"href":"https:\/\/apymeco.netrotec.com\/en\/wp-json\/wp\/v2\/posts"}],"about":[{"href":"https:\/\/apymeco.netrotec.com\/en\/wp-json\/wp\/v2\/types\/post"}],"author":[{"embeddable":true,"href":"https:\/\/apymeco.netrotec.com\/en\/wp-json\/wp\/v2\/users\/2"}],"replies":[{"embeddable":true,"href":"https:\/\/apymeco.netrotec.com\/en\/wp-json\/wp\/v2\/comments?post=7563"}],"version-history":[{"count":0,"href":"https:\/\/apymeco.netrotec.com\/en\/wp-json\/wp\/v2\/posts\/7563\/revisions"}],"wp:attachment":[{"href":"https:\/\/apymeco.netrotec.com\/en\/wp-json\/wp\/v2\/media?parent=7563"}],"wp:term":[{"taxonomy":"category","embeddable":true,"href":"https:\/\/apymeco.netrotec.com\/en\/wp-json\/wp\/v2\/categories?post=7563"},{"taxonomy":"post_tag","embeddable":true,"href":"https:\/\/apymeco.netrotec.com\/en\/wp-json\/wp\/v2\/tags?post=7563"}],"curies":[{"name":"wp","href":"https:\/\/api.w.org\/{rel}","templated":true}]}}