{"id":7746,"date":"2023-01-14T20:48:41","date_gmt":"2023-01-14T18:48:41","guid":{"rendered":"https:\/\/www.apymeco.info\/?p=7746"},"modified":"2023-01-14T20:48:41","modified_gmt":"2023-01-14T18:48:41","slug":"elecciones-apymeco","status":"publish","type":"post","link":"https:\/\/apymeco.netrotec.com\/en\/elecciones-apymeco\/","title":{"rendered":"ELECCIONES APYMECO"},"content":{"rendered":"<p><img fetchpriority=\"high\" decoding=\"async\" class=\"wp-image-7749 alignright\" src=\"https:\/\/apymeco.netrotec.com\/wp-content\/uploads\/LOGO-4-300x169.png\" alt=\"\" width=\"489\" height=\"275\" \/><\/p>\n<p><strong>APYMECO CONVOCA ELECCIONES A NUEVA JUNTA DIRECTIVA<\/strong><\/p>\n<p>La Asociaci\u00f3n de Peque\u00f1os y Medianos Comerciantes <strong><em>Apymeco<\/em><\/strong>, seg\u00fan reza en sus Estatutos, en el Art\u00edculo 22 y cesando la Junta Directiva actual el 15 de enero de 2023, al haberse cumplido los tres a\u00f1os de su permanencia, convoca Elecciones a nueva Junta Directiva, al que seg\u00fan el Art\u00edculo 23, podr\u00e1n presentarse aquellos socios, que tenga 18 a\u00f1os cumplidos y dados de alta y est\u00e9n al corriente de sus cuotas, seg\u00fan el siguiente:<\/p>\n<p><strong>CALENDARIO ELECTORAL<\/strong><\/p>\n<ul>\n<li><strong>Viernes 13 \u00a0de enero.<\/strong> Inicio del Proceso Electoral. (Art. 24)<\/li>\n<li><strong>Hasta el jueves 2 de febrero. <\/strong>Presentaci\u00f3n de Candidaturas que tienen que estar compuestas al menos cinco personas <em>(Presidente, Vicepresidente, Tesorero, Secretario y de uno a diez vocales<\/em>). Las candidaturas deben entregarse en sobre cerrado en las Oficinas de Apymeco, sitas en calle Ram\u00f3n Gallud, 145.<\/li>\n<li><strong>Viernes 3 de febrero:<\/strong> Exposici\u00f3n de las candidaturas en el Cartel de Anuncios de la Asociaci\u00f3n.<\/li>\n<li><strong>Hasta el martes 7 de febrero. <\/strong>Presentaci\u00f3n de impugnaciones.<\/li>\n<li><strong>Viernes 10 de febrero. <\/strong>Proclamaci\u00f3n de candidaturas.<\/li>\n<li><strong>Lunes 13 de Febrero.<\/strong> Asamblea General Extraordinaria para la elecci\u00f3n de nueva Junta Directiva, mediante voto personal y secreto.<strong> \u00a0<\/strong>Recuento de votos y proclamaci\u00f3n de la Nueva Junta.<\/li>\n<\/ul>\n<p>La convocatoria queda realizada por el secretario de la Junta Directiva, Fernando Guardiola, con el visto bueno de Presidente, Jorge Almarcha, ambos en funciones.<\/p>","protected":false},"excerpt":{"rendered":"<p>APYMECO CONVOCA ELECCIONES A NUEVA JUNTA DIRECTIVA La Asociaci\u00f3n de Peque\u00f1os y Medianos Comerciantes Apymeco, seg\u00fan reza en sus Estatutos, [&hellip;]<\/p>\n","protected":false},"author":2,"featured_media":7753,"comment_status":"open","ping_status":"open","sticky":false,"template":"","format":"standard","meta":{"site-sidebar-layout":"default","site-content-layout":"","ast-site-content-layout":"default","site-content-style":"default","site-sidebar-style":"default","ast-global-header-display":"","ast-banner-title-visibility":"","ast-main-header-display":"","ast-hfb-above-header-display":"","ast-hfb-below-header-display":"","ast-hfb-mobile-header-display":"","site-post-title":"","ast-breadcrumbs-content":"","ast-featured-img":"","footer-sml-layout":"","ast-disable-related-posts":"","theme-transparent-header-meta":"","adv-header-id-meta":"","stick-header-meta":"","header-above-stick-meta":"","header-main-stick-meta":"","header-below-stick-meta":"","astra-migrate-meta-layouts":"default","ast-page-background-enabled":"default","ast-page-background-meta":{"desktop":{"background-color":"var(--ast-global-color-5)","background-image":"","background-repeat":"repeat","background-position":"center center","background-size":"auto","background-attachment":"scroll","background-type":"","background-media":"","overlay-type":"","overlay-color":"","overlay-opacity":"","overlay-gradient":""},"tablet":{"background-color":"","background-image":"","background-repeat":"repeat","background-position":"center center","background-size":"auto","background-attachment":"scroll","background-type":"","background-media":"","overlay-type":"","overlay-color":"","overlay-opacity":"","overlay-gradient":""},"mobile":{"background-color":"","background-image":"","background-repeat":"repeat","background-position":"center center","background-size":"auto","background-attachment":"scroll","background-type":"","background-media":"","overlay-type":"","overlay-color":"","overlay-opacity":"","overlay-gradient":""}},"ast-content-background-meta":{"desktop":{"background-color":"var(--ast-global-color-4)","background-image":"","background-repeat":"repeat","background-position":"center center","background-size":"auto","background-attachment":"scroll","background-type":"","background-media":"","overlay-type":"","overlay-color":"","overlay-opacity":"","overlay-gradient":""},"tablet":{"background-color":"var(--ast-global-color-4)","background-image":"","background-repeat":"repeat","background-position":"center center","background-size":"auto","background-attachment":"scroll","background-type":"","background-media":"","overlay-type":"","overlay-color":"","overlay-opacity":"","overlay-gradient":""},"mobile":{"background-color":"var(--ast-global-color-4)","background-image":"","background-repeat":"repeat","background-position":"center center","background-size":"auto","background-attachment":"scroll","background-type":"","background-media":"","overlay-type":"","overlay-color":"","overlay-opacity":"","overlay-gradient":""}},"footnotes":""},"categories":[541,521],"tags":[671],"class_list":["post-7746","post","type-post","status-publish","format-standard","has-post-thumbnail","hentry","category-informacion","category-junta-directiva","tag-elecciones-apymeco"],"yoast_head":"<!-- This site is optimized with the Yoast SEO Premium plugin v27.7 (Yoast SEO v27.8) - https:\/\/yoast.com\/product\/yoast-seo-premium-wordpress\/ -->\n<title>ELECCIONES APYMECO - APYMECO Torrevieja<\/title>\n<meta name=\"robots\" content=\"index, follow, max-snippet:-1, max-image-preview:large, max-video-preview:-1\" \/>\n<link rel=\"canonical\" href=\"https:\/\/apymeco.netrotec.com\/en\/elecciones-apymeco\/\" \/>\n<meta property=\"og:locale\" content=\"en_GB\" \/>\n<meta property=\"og:type\" content=\"article\" \/>\n<meta property=\"og:title\" content=\"ELECCIONES APYMECO\" \/>\n<meta property=\"og:description\" content=\"APYMECO CONVOCA ELECCIONES A NUEVA JUNTA DIRECTIVA La Asociaci\u00f3n de Peque\u00f1os y Medianos Comerciantes Apymeco, seg\u00fan reza en sus Estatutos, [&hellip;]\" \/>\n<meta property=\"og:url\" content=\"https:\/\/apymeco.netrotec.com\/en\/elecciones-apymeco\/\" \/>\n<meta property=\"og:site_name\" content=\"APYMECO Torrevieja\" \/>\n<meta property=\"article:published_time\" content=\"2023-01-14T18:48:41+00:00\" \/>\n<meta property=\"og:image\" content=\"https:\/\/apymeco.netrotec.com\/wp-content\/uploads\/2023\/01\/elecciones-2023.jpeg\" \/>\n\t<meta property=\"og:image:width\" content=\"738\" \/>\n\t<meta property=\"og:image:height\" content=\"420\" \/>\n\t<meta property=\"og:image:type\" content=\"image\/jpeg\" \/>\n<meta name=\"author\" content=\"Apymeco\" \/>\n<meta name=\"twitter:card\" content=\"summary_large_image\" \/>\n<meta name=\"twitter:label1\" content=\"Written by\" \/>\n\t<meta name=\"twitter:data1\" content=\"Apymeco\" \/>\n\t<meta name=\"twitter:label2\" content=\"Estimated reading time\" \/>\n\t<meta name=\"twitter:data2\" content=\"2 minutes\" \/>\n<script type=\"application\/ld+json\" class=\"yoast-schema-graph\">{\"@context\":\"https:\\\/\\\/schema.org\",\"@graph\":[{\"@type\":\"Article\",\"@id\":\"https:\\\/\\\/apymeco.netrotec.com\\\/elecciones-apymeco\\\/#article\",\"isPartOf\":{\"@id\":\"https:\\\/\\\/apymeco.netrotec.com\\\/elecciones-apymeco\\\/\"},\"author\":{\"name\":\"Apymeco\",\"@id\":\"https:\\\/\\\/apymeco.netrotec.com\\\/#\\\/schema\\\/person\\\/58f3bb0f5e04e2b6067d17d05470d2dd\"},\"headline\":\"ELECCIONES APYMECO\",\"datePublished\":\"2023-01-14T18:48:41+00:00\",\"mainEntityOfPage\":{\"@id\":\"https:\\\/\\\/apymeco.netrotec.com\\\/elecciones-apymeco\\\/\"},\"wordCount\":230,\"commentCount\":0,\"publisher\":{\"@id\":\"https:\\\/\\\/apymeco.netrotec.com\\\/#organization\"},\"image\":{\"@id\":\"https:\\\/\\\/apymeco.netrotec.com\\\/elecciones-apymeco\\\/#primaryimage\"},\"thumbnailUrl\":\"https:\\\/\\\/apymeco.netrotec.com\\\/wp-content\\\/uploads\\\/2023\\\/01\\\/elecciones-2023.jpeg\",\"keywords\":[\"ELECCIONES APYMECO\"],\"articleSection\":[\"Informaci\u00f3n\",\"Junta directiva\"],\"inLanguage\":\"en-GB\",\"potentialAction\":[{\"@type\":\"CommentAction\",\"name\":\"Comment\",\"target\":[\"https:\\\/\\\/apymeco.netrotec.com\\\/elecciones-apymeco\\\/#respond\"]}]},{\"@type\":\"WebPage\",\"@id\":\"https:\\\/\\\/apymeco.netrotec.com\\\/elecciones-apymeco\\\/\",\"url\":\"https:\\\/\\\/apymeco.netrotec.com\\\/elecciones-apymeco\\\/\",\"name\":\"ELECCIONES APYMECO - APYMECO Torrevieja\",\"isPartOf\":{\"@id\":\"https:\\\/\\\/apymeco.netrotec.com\\\/#website\"},\"primaryImageOfPage\":{\"@id\":\"https:\\\/\\\/apymeco.netrotec.com\\\/elecciones-apymeco\\\/#primaryimage\"},\"image\":{\"@id\":\"https:\\\/\\\/apymeco.netrotec.com\\\/elecciones-apymeco\\\/#primaryimage\"},\"thumbnailUrl\":\"https:\\\/\\\/apymeco.netrotec.com\\\/wp-content\\\/uploads\\\/2023\\\/01\\\/elecciones-2023.jpeg\",\"datePublished\":\"2023-01-14T18:48:41+00:00\",\"breadcrumb\":{\"@id\":\"https:\\\/\\\/apymeco.netrotec.com\\\/elecciones-apymeco\\\/#breadcrumb\"},\"inLanguage\":\"en-GB\",\"potentialAction\":[{\"@type\":\"ReadAction\",\"target\":[\"https:\\\/\\\/apymeco.netrotec.com\\\/elecciones-apymeco\\\/\"]}]},{\"@type\":\"ImageObject\",\"inLanguage\":\"en-GB\",\"@id\":\"https:\\\/\\\/apymeco.netrotec.com\\\/elecciones-apymeco\\\/#primaryimage\",\"url\":\"https:\\\/\\\/apymeco.netrotec.com\\\/wp-content\\\/uploads\\\/2023\\\/01\\\/elecciones-2023.jpeg\",\"contentUrl\":\"https:\\\/\\\/apymeco.netrotec.com\\\/wp-content\\\/uploads\\\/2023\\\/01\\\/elecciones-2023.jpeg\",\"width\":738,\"height\":420},{\"@type\":\"BreadcrumbList\",\"@id\":\"https:\\\/\\\/apymeco.netrotec.com\\\/elecciones-apymeco\\\/#breadcrumb\",\"itemListElement\":[{\"@type\":\"ListItem\",\"position\":1,\"name\":\"Portada\",\"item\":\"https:\\\/\\\/apymeco.netrotec.com\\\/\"},{\"@type\":\"ListItem\",\"position\":2,\"name\":\"ELECCIONES APYMECO\"}]},{\"@type\":\"WebSite\",\"@id\":\"https:\\\/\\\/apymeco.netrotec.com\\\/#website\",\"url\":\"https:\\\/\\\/apymeco.netrotec.com\\\/\",\"name\":\"APYMECO Torrevieja\",\"description\":\"\",\"publisher\":{\"@id\":\"https:\\\/\\\/apymeco.netrotec.com\\\/#organization\"},\"potentialAction\":[{\"@type\":\"SearchAction\",\"target\":{\"@type\":\"EntryPoint\",\"urlTemplate\":\"https:\\\/\\\/apymeco.netrotec.com\\\/?s={search_term_string}\"},\"query-input\":{\"@type\":\"PropertyValueSpecification\",\"valueRequired\":true,\"valueName\":\"search_term_string\"}}],\"inLanguage\":\"en-GB\"},{\"@type\":\"Organization\",\"@id\":\"https:\\\/\\\/apymeco.netrotec.com\\\/#organization\",\"name\":\"APYMECO Torrevieja\",\"url\":\"https:\\\/\\\/apymeco.netrotec.com\\\/\",\"logo\":{\"@type\":\"ImageObject\",\"inLanguage\":\"en-GB\",\"@id\":\"https:\\\/\\\/apymeco.netrotec.com\\\/#\\\/schema\\\/logo\\\/image\\\/\",\"url\":\"https:\\\/\\\/apymeco.netrotec.com\\\/wp-content\\\/uploads\\\/2026\\\/06\\\/logo-blanco.png\",\"contentUrl\":\"https:\\\/\\\/apymeco.netrotec.com\\\/wp-content\\\/uploads\\\/2026\\\/06\\\/logo-blanco.png\",\"width\":1107,\"height\":444,\"caption\":\"APYMECO Torrevieja\"},\"image\":{\"@id\":\"https:\\\/\\\/apymeco.netrotec.com\\\/#\\\/schema\\\/logo\\\/image\\\/\"}},{\"@type\":\"Person\",\"@id\":\"https:\\\/\\\/apymeco.netrotec.com\\\/#\\\/schema\\\/person\\\/58f3bb0f5e04e2b6067d17d05470d2dd\",\"name\":\"Apymeco\",\"url\":\"https:\\\/\\\/apymeco.netrotec.com\\\/en\\\/author\\\/apymeco\\\/\"}]}<\/script>\n<!-- \/ Yoast SEO Premium plugin. -->","yoast_head_json":{"title":"ELECCIONES APYMECO - APYMECO Torrevieja","robots":{"index":"index","follow":"follow","max-snippet":"max-snippet:-1","max-image-preview":"max-image-preview:large","max-video-preview":"max-video-preview:-1"},"canonical":"https:\/\/apymeco.netrotec.com\/en\/elecciones-apymeco\/","og_locale":"en_GB","og_type":"article","og_title":"ELECCIONES APYMECO","og_description":"APYMECO CONVOCA ELECCIONES A NUEVA JUNTA DIRECTIVA La Asociaci\u00f3n de Peque\u00f1os y Medianos Comerciantes Apymeco, seg\u00fan reza en sus Estatutos, [&hellip;]","og_url":"https:\/\/apymeco.netrotec.com\/en\/elecciones-apymeco\/","og_site_name":"APYMECO Torrevieja","article_published_time":"2023-01-14T18:48:41+00:00","og_image":[{"width":738,"height":420,"url":"https:\/\/apymeco.netrotec.com\/wp-content\/uploads\/2023\/01\/elecciones-2023.jpeg","type":"image\/jpeg"}],"author":"Apymeco","twitter_card":"summary_large_image","twitter_misc":{"Written by":"Apymeco","Estimated reading time":"2 minutes"},"schema":{"@context":"https:\/\/schema.org","@graph":[{"@type":"Article","@id":"https:\/\/apymeco.netrotec.com\/elecciones-apymeco\/#article","isPartOf":{"@id":"https:\/\/apymeco.netrotec.com\/elecciones-apymeco\/"},"author":{"name":"Apymeco","@id":"https:\/\/apymeco.netrotec.com\/#\/schema\/person\/58f3bb0f5e04e2b6067d17d05470d2dd"},"headline":"ELECCIONES APYMECO","datePublished":"2023-01-14T18:48:41+00:00","mainEntityOfPage":{"@id":"https:\/\/apymeco.netrotec.com\/elecciones-apymeco\/"},"wordCount":230,"commentCount":0,"publisher":{"@id":"https:\/\/apymeco.netrotec.com\/#organization"},"image":{"@id":"https:\/\/apymeco.netrotec.com\/elecciones-apymeco\/#primaryimage"},"thumbnailUrl":"https:\/\/apymeco.netrotec.com\/wp-content\/uploads\/2023\/01\/elecciones-2023.jpeg","keywords":["ELECCIONES APYMECO"],"articleSection":["Informaci\u00f3n","Junta directiva"],"inLanguage":"en-GB","potentialAction":[{"@type":"CommentAction","name":"Comment","target":["https:\/\/apymeco.netrotec.com\/elecciones-apymeco\/#respond"]}]},{"@type":"WebPage","@id":"https:\/\/apymeco.netrotec.com\/elecciones-apymeco\/","url":"https:\/\/apymeco.netrotec.com\/elecciones-apymeco\/","name":"ELECCIONES APYMECO - APYMECO Torrevieja","isPartOf":{"@id":"https:\/\/apymeco.netrotec.com\/#website"},"primaryImageOfPage":{"@id":"https:\/\/apymeco.netrotec.com\/elecciones-apymeco\/#primaryimage"},"image":{"@id":"https:\/\/apymeco.netrotec.com\/elecciones-apymeco\/#primaryimage"},"thumbnailUrl":"https:\/\/apymeco.netrotec.com\/wp-content\/uploads\/2023\/01\/elecciones-2023.jpeg","datePublished":"2023-01-14T18:48:41+00:00","breadcrumb":{"@id":"https:\/\/apymeco.netrotec.com\/elecciones-apymeco\/#breadcrumb"},"inLanguage":"en-GB","potentialAction":[{"@type":"ReadAction","target":["https:\/\/apymeco.netrotec.com\/elecciones-apymeco\/"]}]},{"@type":"ImageObject","inLanguage":"en-GB","@id":"https:\/\/apymeco.netrotec.com\/elecciones-apymeco\/#primaryimage","url":"https:\/\/apymeco.netrotec.com\/wp-content\/uploads\/2023\/01\/elecciones-2023.jpeg","contentUrl":"https:\/\/apymeco.netrotec.com\/wp-content\/uploads\/2023\/01\/elecciones-2023.jpeg","width":738,"height":420},{"@type":"BreadcrumbList","@id":"https:\/\/apymeco.netrotec.com\/elecciones-apymeco\/#breadcrumb","itemListElement":[{"@type":"ListItem","position":1,"name":"Portada","item":"https:\/\/apymeco.netrotec.com\/"},{"@type":"ListItem","position":2,"name":"ELECCIONES APYMECO"}]},{"@type":"WebSite","@id":"https:\/\/apymeco.netrotec.com\/#website","url":"https:\/\/apymeco.netrotec.com\/","name":"APYMECO Torrevieja","description":"","publisher":{"@id":"https:\/\/apymeco.netrotec.com\/#organization"},"potentialAction":[{"@type":"SearchAction","target":{"@type":"EntryPoint","urlTemplate":"https:\/\/apymeco.netrotec.com\/?s={search_term_string}"},"query-input":{"@type":"PropertyValueSpecification","valueRequired":true,"valueName":"search_term_string"}}],"inLanguage":"en-GB"},{"@type":"Organization","@id":"https:\/\/apymeco.netrotec.com\/#organization","name":"APYMECO Torrevieja","url":"https:\/\/apymeco.netrotec.com\/","logo":{"@type":"ImageObject","inLanguage":"en-GB","@id":"https:\/\/apymeco.netrotec.com\/#\/schema\/logo\/image\/","url":"https:\/\/apymeco.netrotec.com\/wp-content\/uploads\/2026\/06\/logo-blanco.png","contentUrl":"https:\/\/apymeco.netrotec.com\/wp-content\/uploads\/2026\/06\/logo-blanco.png","width":1107,"height":444,"caption":"APYMECO Torrevieja"},"image":{"@id":"https:\/\/apymeco.netrotec.com\/#\/schema\/logo\/image\/"}},{"@type":"Person","@id":"https:\/\/apymeco.netrotec.com\/#\/schema\/person\/58f3bb0f5e04e2b6067d17d05470d2dd","name":"Apymeco","url":"https:\/\/apymeco.netrotec.com\/en\/author\/apymeco\/"}]}},"_links":{"self":[{"href":"https:\/\/apymeco.netrotec.com\/en\/wp-json\/wp\/v2\/posts\/7746","targetHints":{"allow":["GET"]}}],"collection":[{"href":"https:\/\/apymeco.netrotec.com\/en\/wp-json\/wp\/v2\/posts"}],"about":[{"href":"https:\/\/apymeco.netrotec.com\/en\/wp-json\/wp\/v2\/types\/post"}],"author":[{"embeddable":true,"href":"https:\/\/apymeco.netrotec.com\/en\/wp-json\/wp\/v2\/users\/2"}],"replies":[{"embeddable":true,"href":"https:\/\/apymeco.netrotec.com\/en\/wp-json\/wp\/v2\/comments?post=7746"}],"version-history":[{"count":0,"href":"https:\/\/apymeco.netrotec.com\/en\/wp-json\/wp\/v2\/posts\/7746\/revisions"}],"wp:featuredmedia":[{"embeddable":true,"href":"https:\/\/apymeco.netrotec.com\/en\/wp-json\/wp\/v2\/media\/7753"}],"wp:attachment":[{"href":"https:\/\/apymeco.netrotec.com\/en\/wp-json\/wp\/v2\/media?parent=7746"}],"wp:term":[{"taxonomy":"category","embeddable":true,"href":"https:\/\/apymeco.netrotec.com\/en\/wp-json\/wp\/v2\/categories?post=7746"},{"taxonomy":"post_tag","embeddable":true,"href":"https:\/\/apymeco.netrotec.com\/en\/wp-json\/wp\/v2\/tags?post=7746"}],"curies":[{"name":"wp","href":"https:\/\/api.w.org\/{rel}","templated":true}]}}