{"id":8161,"date":"2025-07-22T16:45:51","date_gmt":"2025-07-22T15:45:51","guid":{"rendered":"https:\/\/www.apymeco.info\/?p=8161"},"modified":"2025-07-22T16:45:51","modified_gmt":"2025-07-22T15:45:51","slug":"apymeco-se-suma-a-la-ola-del-verano","status":"publish","type":"post","link":"https:\/\/apymeco.netrotec.com\/en\/apymeco-se-suma-a-la-ola-del-verano\/","title":{"rendered":"APYMECO se suma a la OLA DEL VERANO"},"content":{"rendered":"<h4 style=\"text-align: center;\">APYMECO impulsa el comercio local este verano con m\u00e1s de 6.000 euros en premios<\/h4>\n<p>Se pone en marcha la nueva campa\u00f1a estival bajo el lema: \u201cAPYMECO se suma a la ola del verano\u201d, una iniciativa que busca dinamizar el comercio local durante los meses de verano y premiar la fidelidad de los consumidores.<\/p>\n<p>Desde el 17 de julio hasta el 7 de septiembre, todas las personas que realicen compras superiores a 20 euros en los establecimientos adheridos podr\u00e1n participar en la promoci\u00f3n \u201c<em>La Ruleta del Comercio<\/em>\u201d, una divertida din\u00e1mica que transforma cada ticket de compra en una oportunidad de ganar premios directos.<\/p>\n<p>La campa\u00f1a cuenta con una dotaci\u00f3n de m\u00e1s de 6.000 euros en premios, incluyendo productos exclusivos, descuentos especiales y experiencias \u00fanicas, gracias a la colaboraci\u00f3n de entidades como Aquopolis Torrevieja, Actividades N\u00e1uticas Torrevieja, Facpyme, la Concejal\u00eda de Comercio del Ayuntamiento de Torrevieja, la Feria de Atracciones de Torrevieja y una amplia red de comercios locales.<\/p>\n<p>\u201c<em><strong>Queremos que comprar en el comercio local de Torrevieja sea una experiencia divertida, gratificante y que conecte con el esp\u00edritu del verano. Esta campa\u00f1a pone en valor el tejido comercial de nuestra ciudad y fortalece su v\u00ednculo con la ciudadan\u00eda y los visitantes<\/strong><\/em>\u201d, ha destacado el presidente de APYMECO.<\/p>\n<p>Los premios incluyen entradas para Aquopolis Torrevieja, paseos en moto de agua y parasailing, descuentos del 40% en actividades n\u00e1uticas, as\u00ed como art\u00edculos promocionales de verano (sombreros, abanicos, neveras port\u00e1tiles, mochilas infantiles para colorear, gafas de sol, etc.) y cheques regalo por valor de 25 euros, canjeables en los comercios participantes. Adem\u00e1s, cada comercio colaborador ofrecer\u00e1 premios directos como kits de costura, zapatos, accesorios y descuentos en servicios profesionales.<\/p>\n<p>Algunos de los establecimientos adheridos son:<\/p>\n<p><img fetchpriority=\"high\" decoding=\"async\" class=\"wp-image-8165 alignright\" src=\"https:\/\/apymeco.netrotec.com\/wp-content\/uploads\/COMERCIO-EN-LA-OLA--200x300.png\" alt=\"\" width=\"318\" height=\"477\" \/><\/p>\n<ul>\n<li>Calzados To\u00f1i<\/li>\n<li>Centro Optometr\u00eda Valero<\/li>\n<li>Doctor Computers<\/li>\n<li>Entre Telas<\/li>\n<li>Ferreter\u00eda Conesa<\/li>\n<li>Hndez Jewelry by Marta Mercader<\/li>\n<li>Icon Tech<\/li>\n<li>Machado 103 Cl\u00ednica Dental y Medicina Est\u00e9tica<\/li>\n<li>Mr. Cover Lab<\/li>\n<li>Objetivo Torrevieja<\/li>\n<li>Odisea Diving<\/li>\n<li>\u00d3ptica Chantal<\/li>\n<li>\u00d3ptica Mar<\/li>\n<li>Todo en Llaves<\/li>\n<li>T\u00f3ner &amp; Co<\/li>\n<li>Torregrosa Home<\/li>\n<li>Guarder\u00eda Tu Peque\u00f1o Mundo<\/li>\n<li>Viajes Maskmundo<\/li>\n<li>entre otros.<\/li>\n<\/ul>\n<p>Las instrucciones para participar, as\u00ed como el acceso a la ruleta digital, estar\u00e1n disponibles en los establecimientos APYMECO adheridos.<\/p>\n<p>Con esta campa\u00f1a, APYMECO refuerza su apuesta por el consumo responsable y de proximidad, al tiempo que impulsa la econom\u00eda local a trav\u00e9s de acciones innovadoras y participativas.<\/p>\n<p style=\"text-align: center;\"><strong>Si a\u00fan no te has unido, \u00a1est\u00e1s a tiempo! S\u00famate a la campa\u00f1a \u2018APYMECO se suma a la ola del verano\u2019 y ofrece a tus clientes la oportunidad de ganar premios mientras impulsamos juntos el comercio local.<\/strong><\/p>","protected":false},"excerpt":{"rendered":"<p>APYMECO impulsa el comercio local este verano con m\u00e1s de 6.000 euros en premios Se pone en marcha la nueva [&hellip;]<\/p>\n","protected":false},"author":2,"featured_media":8167,"comment_status":"open","ping_status":"open","sticky":false,"template":"","format":"standard","meta":{"site-sidebar-layout":"default","site-content-layout":"","ast-site-content-layout":"default","site-content-style":"default","site-sidebar-style":"default","ast-global-header-display":"","ast-banner-title-visibility":"","ast-main-header-display":"","ast-hfb-above-header-display":"","ast-hfb-below-header-display":"","ast-hfb-mobile-header-display":"","site-post-title":"","ast-breadcrumbs-content":"","ast-featured-img":"","footer-sml-layout":"","ast-disable-related-posts":"","theme-transparent-header-meta":"","adv-header-id-meta":"","stick-header-meta":"","header-above-stick-meta":"","header-main-stick-meta":"","header-below-stick-meta":"","astra-migrate-meta-layouts":"default","ast-page-background-enabled":"default","ast-page-background-meta":{"desktop":{"background-color":"var(--ast-global-color-5)","background-image":"","background-repeat":"repeat","background-position":"center center","background-size":"auto","background-attachment":"scroll","background-type":"","background-media":"","overlay-type":"","overlay-color":"","overlay-opacity":"","overlay-gradient":""},"tablet":{"background-color":"","background-image":"","background-repeat":"repeat","background-position":"center center","background-size":"auto","background-attachment":"scroll","background-type":"","background-media":"","overlay-type":"","overlay-color":"","overlay-opacity":"","overlay-gradient":""},"mobile":{"background-color":"","background-image":"","background-repeat":"repeat","background-position":"center center","background-size":"auto","background-attachment":"scroll","background-type":"","background-media":"","overlay-type":"","overlay-color":"","overlay-opacity":"","overlay-gradient":""}},"ast-content-background-meta":{"desktop":{"background-color":"var(--ast-global-color-4)","background-image":"","background-repeat":"repeat","background-position":"center center","background-size":"auto","background-attachment":"scroll","background-type":"","background-media":"","overlay-type":"","overlay-color":"","overlay-opacity":"","overlay-gradient":""},"tablet":{"background-color":"var(--ast-global-color-4)","background-image":"","background-repeat":"repeat","background-position":"center center","background-size":"auto","background-attachment":"scroll","background-type":"","background-media":"","overlay-type":"","overlay-color":"","overlay-opacity":"","overlay-gradient":""},"mobile":{"background-color":"var(--ast-global-color-4)","background-image":"","background-repeat":"repeat","background-position":"center center","background-size":"auto","background-attachment":"scroll","background-type":"","background-media":"","overlay-type":"","overlay-color":"","overlay-opacity":"","overlay-gradient":""}},"footnotes":""},"categories":[538,524,686],"tags":[695],"class_list":["post-8161","post","type-post","status-publish","format-standard","has-post-thumbnail","hentry","category-bases-de-concursos","category-campanas","category-sorteos","tag-campana-verano-25"],"yoast_head":"<!-- This site is optimized with the Yoast SEO Premium plugin v27.7 (Yoast SEO v27.8) - https:\/\/yoast.com\/product\/yoast-seo-premium-wordpress\/ -->\n<title>APYMECO se suma a la OLA DEL VERANO - APYMECO Torrevieja<\/title>\n<meta name=\"robots\" content=\"index, follow, max-snippet:-1, max-image-preview:large, max-video-preview:-1\" \/>\n<link rel=\"canonical\" href=\"https:\/\/apymeco.netrotec.com\/en\/apymeco-se-suma-a-la-ola-del-verano\/\" \/>\n<meta property=\"og:locale\" content=\"en_GB\" \/>\n<meta property=\"og:type\" content=\"article\" \/>\n<meta property=\"og:title\" content=\"APYMECO se suma a la OLA DEL VERANO\" \/>\n<meta property=\"og:description\" content=\"APYMECO impulsa el comercio local este verano con m\u00e1s de 6.000 euros en premios Se pone en marcha la nueva [&hellip;]\" \/>\n<meta property=\"og:url\" content=\"https:\/\/apymeco.netrotec.com\/en\/apymeco-se-suma-a-la-ola-del-verano\/\" \/>\n<meta property=\"og:site_name\" content=\"APYMECO Torrevieja\" \/>\n<meta property=\"article:published_time\" content=\"2025-07-22T15:45:51+00:00\" \/>\n<meta property=\"og:image\" content=\"https:\/\/apymeco.netrotec.com\/wp-content\/uploads\/2025\/07\/COMERCIO-EN-LA-OLA-titulo.png\" \/>\n\t<meta property=\"og:image:width\" content=\"1333\" \/>\n\t<meta property=\"og:image:height\" content=\"707\" \/>\n\t<meta property=\"og:image:type\" content=\"image\/png\" \/>\n<meta name=\"author\" content=\"Apymeco\" \/>\n<meta name=\"twitter:card\" content=\"summary_large_image\" \/>\n<meta name=\"twitter:label1\" content=\"Written by\" \/>\n\t<meta name=\"twitter:data1\" content=\"Apymeco\" \/>\n\t<meta name=\"twitter:label2\" content=\"Estimated reading time\" \/>\n\t<meta name=\"twitter:data2\" content=\"3 minutes\" \/>\n<script type=\"application\/ld+json\" class=\"yoast-schema-graph\">{\"@context\":\"https:\\\/\\\/schema.org\",\"@graph\":[{\"@type\":\"Article\",\"@id\":\"https:\\\/\\\/apymeco.netrotec.com\\\/apymeco-se-suma-a-la-ola-del-verano\\\/#article\",\"isPartOf\":{\"@id\":\"https:\\\/\\\/apymeco.netrotec.com\\\/apymeco-se-suma-a-la-ola-del-verano\\\/\"},\"author\":{\"name\":\"Apymeco\",\"@id\":\"https:\\\/\\\/apymeco.netrotec.com\\\/#\\\/schema\\\/person\\\/58f3bb0f5e04e2b6067d17d05470d2dd\"},\"headline\":\"APYMECO se suma a la OLA DEL VERANO\",\"datePublished\":\"2025-07-22T15:45:51+00:00\",\"mainEntityOfPage\":{\"@id\":\"https:\\\/\\\/apymeco.netrotec.com\\\/apymeco-se-suma-a-la-ola-del-verano\\\/\"},\"wordCount\":452,\"commentCount\":0,\"publisher\":{\"@id\":\"https:\\\/\\\/apymeco.netrotec.com\\\/#organization\"},\"image\":{\"@id\":\"https:\\\/\\\/apymeco.netrotec.com\\\/apymeco-se-suma-a-la-ola-del-verano\\\/#primaryimage\"},\"thumbnailUrl\":\"https:\\\/\\\/apymeco.netrotec.com\\\/wp-content\\\/uploads\\\/2025\\\/07\\\/COMERCIO-EN-LA-OLA-titulo.png\",\"keywords\":[\"campa\u00f1a verano 25\"],\"articleSection\":[\"Bases de Concursos\",\"Campa\u00f1as\",\"Sorteos\"],\"inLanguage\":\"en-GB\",\"potentialAction\":[{\"@type\":\"CommentAction\",\"name\":\"Comment\",\"target\":[\"https:\\\/\\\/apymeco.netrotec.com\\\/apymeco-se-suma-a-la-ola-del-verano\\\/#respond\"]}]},{\"@type\":\"WebPage\",\"@id\":\"https:\\\/\\\/apymeco.netrotec.com\\\/apymeco-se-suma-a-la-ola-del-verano\\\/\",\"url\":\"https:\\\/\\\/apymeco.netrotec.com\\\/apymeco-se-suma-a-la-ola-del-verano\\\/\",\"name\":\"APYMECO se suma a la OLA DEL VERANO - APYMECO Torrevieja\",\"isPartOf\":{\"@id\":\"https:\\\/\\\/apymeco.netrotec.com\\\/#website\"},\"primaryImageOfPage\":{\"@id\":\"https:\\\/\\\/apymeco.netrotec.com\\\/apymeco-se-suma-a-la-ola-del-verano\\\/#primaryimage\"},\"image\":{\"@id\":\"https:\\\/\\\/apymeco.netrotec.com\\\/apymeco-se-suma-a-la-ola-del-verano\\\/#primaryimage\"},\"thumbnailUrl\":\"https:\\\/\\\/apymeco.netrotec.com\\\/wp-content\\\/uploads\\\/2025\\\/07\\\/COMERCIO-EN-LA-OLA-titulo.png\",\"datePublished\":\"2025-07-22T15:45:51+00:00\",\"breadcrumb\":{\"@id\":\"https:\\\/\\\/apymeco.netrotec.com\\\/apymeco-se-suma-a-la-ola-del-verano\\\/#breadcrumb\"},\"inLanguage\":\"en-GB\",\"potentialAction\":[{\"@type\":\"ReadAction\",\"target\":[\"https:\\\/\\\/apymeco.netrotec.com\\\/apymeco-se-suma-a-la-ola-del-verano\\\/\"]}]},{\"@type\":\"ImageObject\",\"inLanguage\":\"en-GB\",\"@id\":\"https:\\\/\\\/apymeco.netrotec.com\\\/apymeco-se-suma-a-la-ola-del-verano\\\/#primaryimage\",\"url\":\"https:\\\/\\\/apymeco.netrotec.com\\\/wp-content\\\/uploads\\\/2025\\\/07\\\/COMERCIO-EN-LA-OLA-titulo.png\",\"contentUrl\":\"https:\\\/\\\/apymeco.netrotec.com\\\/wp-content\\\/uploads\\\/2025\\\/07\\\/COMERCIO-EN-LA-OLA-titulo.png\",\"width\":1333,\"height\":707},{\"@type\":\"BreadcrumbList\",\"@id\":\"https:\\\/\\\/apymeco.netrotec.com\\\/apymeco-se-suma-a-la-ola-del-verano\\\/#breadcrumb\",\"itemListElement\":[{\"@type\":\"ListItem\",\"position\":1,\"name\":\"Portada\",\"item\":\"https:\\\/\\\/apymeco.netrotec.com\\\/\"},{\"@type\":\"ListItem\",\"position\":2,\"name\":\"APYMECO se suma a la OLA DEL VERANO\"}]},{\"@type\":\"WebSite\",\"@id\":\"https:\\\/\\\/apymeco.netrotec.com\\\/#website\",\"url\":\"https:\\\/\\\/apymeco.netrotec.com\\\/\",\"name\":\"APYMECO Torrevieja\",\"description\":\"\",\"publisher\":{\"@id\":\"https:\\\/\\\/apymeco.netrotec.com\\\/#organization\"},\"potentialAction\":[{\"@type\":\"SearchAction\",\"target\":{\"@type\":\"EntryPoint\",\"urlTemplate\":\"https:\\\/\\\/apymeco.netrotec.com\\\/?s={search_term_string}\"},\"query-input\":{\"@type\":\"PropertyValueSpecification\",\"valueRequired\":true,\"valueName\":\"search_term_string\"}}],\"inLanguage\":\"en-GB\"},{\"@type\":\"Organization\",\"@id\":\"https:\\\/\\\/apymeco.netrotec.com\\\/#organization\",\"name\":\"APYMECO Torrevieja\",\"url\":\"https:\\\/\\\/apymeco.netrotec.com\\\/\",\"logo\":{\"@type\":\"ImageObject\",\"inLanguage\":\"en-GB\",\"@id\":\"https:\\\/\\\/apymeco.netrotec.com\\\/#\\\/schema\\\/logo\\\/image\\\/\",\"url\":\"https:\\\/\\\/apymeco.netrotec.com\\\/wp-content\\\/uploads\\\/2026\\\/06\\\/logo-blanco.png\",\"contentUrl\":\"https:\\\/\\\/apymeco.netrotec.com\\\/wp-content\\\/uploads\\\/2026\\\/06\\\/logo-blanco.png\",\"width\":1107,\"height\":444,\"caption\":\"APYMECO Torrevieja\"},\"image\":{\"@id\":\"https:\\\/\\\/apymeco.netrotec.com\\\/#\\\/schema\\\/logo\\\/image\\\/\"}},{\"@type\":\"Person\",\"@id\":\"https:\\\/\\\/apymeco.netrotec.com\\\/#\\\/schema\\\/person\\\/58f3bb0f5e04e2b6067d17d05470d2dd\",\"name\":\"Apymeco\",\"url\":\"https:\\\/\\\/apymeco.netrotec.com\\\/en\\\/author\\\/apymeco\\\/\"}]}<\/script>\n<!-- \/ Yoast SEO Premium plugin. -->","yoast_head_json":{"title":"APYMECO se suma a la OLA DEL VERANO - APYMECO Torrevieja","robots":{"index":"index","follow":"follow","max-snippet":"max-snippet:-1","max-image-preview":"max-image-preview:large","max-video-preview":"max-video-preview:-1"},"canonical":"https:\/\/apymeco.netrotec.com\/en\/apymeco-se-suma-a-la-ola-del-verano\/","og_locale":"en_GB","og_type":"article","og_title":"APYMECO se suma a la OLA DEL VERANO","og_description":"APYMECO impulsa el comercio local este verano con m\u00e1s de 6.000 euros en premios Se pone en marcha la nueva [&hellip;]","og_url":"https:\/\/apymeco.netrotec.com\/en\/apymeco-se-suma-a-la-ola-del-verano\/","og_site_name":"APYMECO Torrevieja","article_published_time":"2025-07-22T15:45:51+00:00","og_image":[{"width":1333,"height":707,"url":"https:\/\/apymeco.netrotec.com\/wp-content\/uploads\/2025\/07\/COMERCIO-EN-LA-OLA-titulo.png","type":"image\/png"}],"author":"Apymeco","twitter_card":"summary_large_image","twitter_misc":{"Written by":"Apymeco","Estimated reading time":"3 minutes"},"schema":{"@context":"https:\/\/schema.org","@graph":[{"@type":"Article","@id":"https:\/\/apymeco.netrotec.com\/apymeco-se-suma-a-la-ola-del-verano\/#article","isPartOf":{"@id":"https:\/\/apymeco.netrotec.com\/apymeco-se-suma-a-la-ola-del-verano\/"},"author":{"name":"Apymeco","@id":"https:\/\/apymeco.netrotec.com\/#\/schema\/person\/58f3bb0f5e04e2b6067d17d05470d2dd"},"headline":"APYMECO se suma a la OLA DEL VERANO","datePublished":"2025-07-22T15:45:51+00:00","mainEntityOfPage":{"@id":"https:\/\/apymeco.netrotec.com\/apymeco-se-suma-a-la-ola-del-verano\/"},"wordCount":452,"commentCount":0,"publisher":{"@id":"https:\/\/apymeco.netrotec.com\/#organization"},"image":{"@id":"https:\/\/apymeco.netrotec.com\/apymeco-se-suma-a-la-ola-del-verano\/#primaryimage"},"thumbnailUrl":"https:\/\/apymeco.netrotec.com\/wp-content\/uploads\/2025\/07\/COMERCIO-EN-LA-OLA-titulo.png","keywords":["campa\u00f1a verano 25"],"articleSection":["Bases de Concursos","Campa\u00f1as","Sorteos"],"inLanguage":"en-GB","potentialAction":[{"@type":"CommentAction","name":"Comment","target":["https:\/\/apymeco.netrotec.com\/apymeco-se-suma-a-la-ola-del-verano\/#respond"]}]},{"@type":"WebPage","@id":"https:\/\/apymeco.netrotec.com\/apymeco-se-suma-a-la-ola-del-verano\/","url":"https:\/\/apymeco.netrotec.com\/apymeco-se-suma-a-la-ola-del-verano\/","name":"APYMECO se suma a la OLA DEL VERANO - APYMECO Torrevieja","isPartOf":{"@id":"https:\/\/apymeco.netrotec.com\/#website"},"primaryImageOfPage":{"@id":"https:\/\/apymeco.netrotec.com\/apymeco-se-suma-a-la-ola-del-verano\/#primaryimage"},"image":{"@id":"https:\/\/apymeco.netrotec.com\/apymeco-se-suma-a-la-ola-del-verano\/#primaryimage"},"thumbnailUrl":"https:\/\/apymeco.netrotec.com\/wp-content\/uploads\/2025\/07\/COMERCIO-EN-LA-OLA-titulo.png","datePublished":"2025-07-22T15:45:51+00:00","breadcrumb":{"@id":"https:\/\/apymeco.netrotec.com\/apymeco-se-suma-a-la-ola-del-verano\/#breadcrumb"},"inLanguage":"en-GB","potentialAction":[{"@type":"ReadAction","target":["https:\/\/apymeco.netrotec.com\/apymeco-se-suma-a-la-ola-del-verano\/"]}]},{"@type":"ImageObject","inLanguage":"en-GB","@id":"https:\/\/apymeco.netrotec.com\/apymeco-se-suma-a-la-ola-del-verano\/#primaryimage","url":"https:\/\/apymeco.netrotec.com\/wp-content\/uploads\/2025\/07\/COMERCIO-EN-LA-OLA-titulo.png","contentUrl":"https:\/\/apymeco.netrotec.com\/wp-content\/uploads\/2025\/07\/COMERCIO-EN-LA-OLA-titulo.png","width":1333,"height":707},{"@type":"BreadcrumbList","@id":"https:\/\/apymeco.netrotec.com\/apymeco-se-suma-a-la-ola-del-verano\/#breadcrumb","itemListElement":[{"@type":"ListItem","position":1,"name":"Portada","item":"https:\/\/apymeco.netrotec.com\/"},{"@type":"ListItem","position":2,"name":"APYMECO se suma a la OLA DEL VERANO"}]},{"@type":"WebSite","@id":"https:\/\/apymeco.netrotec.com\/#website","url":"https:\/\/apymeco.netrotec.com\/","name":"APYMECO Torrevieja","description":"","publisher":{"@id":"https:\/\/apymeco.netrotec.com\/#organization"},"potentialAction":[{"@type":"SearchAction","target":{"@type":"EntryPoint","urlTemplate":"https:\/\/apymeco.netrotec.com\/?s={search_term_string}"},"query-input":{"@type":"PropertyValueSpecification","valueRequired":true,"valueName":"search_term_string"}}],"inLanguage":"en-GB"},{"@type":"Organization","@id":"https:\/\/apymeco.netrotec.com\/#organization","name":"APYMECO Torrevieja","url":"https:\/\/apymeco.netrotec.com\/","logo":{"@type":"ImageObject","inLanguage":"en-GB","@id":"https:\/\/apymeco.netrotec.com\/#\/schema\/logo\/image\/","url":"https:\/\/apymeco.netrotec.com\/wp-content\/uploads\/2026\/06\/logo-blanco.png","contentUrl":"https:\/\/apymeco.netrotec.com\/wp-content\/uploads\/2026\/06\/logo-blanco.png","width":1107,"height":444,"caption":"APYMECO Torrevieja"},"image":{"@id":"https:\/\/apymeco.netrotec.com\/#\/schema\/logo\/image\/"}},{"@type":"Person","@id":"https:\/\/apymeco.netrotec.com\/#\/schema\/person\/58f3bb0f5e04e2b6067d17d05470d2dd","name":"Apymeco","url":"https:\/\/apymeco.netrotec.com\/en\/author\/apymeco\/"}]}},"_links":{"self":[{"href":"https:\/\/apymeco.netrotec.com\/en\/wp-json\/wp\/v2\/posts\/8161","targetHints":{"allow":["GET"]}}],"collection":[{"href":"https:\/\/apymeco.netrotec.com\/en\/wp-json\/wp\/v2\/posts"}],"about":[{"href":"https:\/\/apymeco.netrotec.com\/en\/wp-json\/wp\/v2\/types\/post"}],"author":[{"embeddable":true,"href":"https:\/\/apymeco.netrotec.com\/en\/wp-json\/wp\/v2\/users\/2"}],"replies":[{"embeddable":true,"href":"https:\/\/apymeco.netrotec.com\/en\/wp-json\/wp\/v2\/comments?post=8161"}],"version-history":[{"count":0,"href":"https:\/\/apymeco.netrotec.com\/en\/wp-json\/wp\/v2\/posts\/8161\/revisions"}],"wp:featuredmedia":[{"embeddable":true,"href":"https:\/\/apymeco.netrotec.com\/en\/wp-json\/wp\/v2\/media\/8167"}],"wp:attachment":[{"href":"https:\/\/apymeco.netrotec.com\/en\/wp-json\/wp\/v2\/media?parent=8161"}],"wp:term":[{"taxonomy":"category","embeddable":true,"href":"https:\/\/apymeco.netrotec.com\/en\/wp-json\/wp\/v2\/categories?post=8161"},{"taxonomy":"post_tag","embeddable":true,"href":"https:\/\/apymeco.netrotec.com\/en\/wp-json\/wp\/v2\/tags?post=8161"}],"curies":[{"name":"wp","href":"https:\/\/api.w.org\/{rel}","templated":true}]}}