{"id":8237,"date":"2025-11-12T15:44:59","date_gmt":"2025-11-12T14:44:59","guid":{"rendered":"https:\/\/www.apymeco.info\/?p=8237"},"modified":"2025-11-12T15:44:59","modified_gmt":"2025-11-12T14:44:59","slug":"medio-millon-de-euros-en-bonos-para-reactivar-el-comercio-local","status":"publish","type":"post","link":"https:\/\/apymeco.netrotec.com\/en\/medio-millon-de-euros-en-bonos-para-reactivar-el-comercio-local\/","title":{"rendered":"Medio mill\u00f3n de euros en bonos para reactivar el comercio local"},"content":{"rendered":"<h3><strong>11\u00aa Edici\u00f3n del Bono Consumo: del 24 de noviembre al 31 de diciembre<\/strong><\/h3>\n<p><img fetchpriority=\"high\" decoding=\"async\" class=\"wp-image-8240 alignright\" src=\"https:\/\/apymeco.netrotec.com\/wp-content\/uploads\/IMAGEN-01-300x300.jpg\" alt=\"\" width=\"410\" height=\"410\" \/><\/p>\n<p>&nbsp;<\/p>\n<p>El Ayuntamiento de Torrevieja, en colaboraci\u00f3n con <strong>APYMECO<\/strong> un a\u00f1o m\u00e1s, lanza la <strong>11\u00aa edici\u00f3n del Bono Consumo<\/strong> con una inversi\u00f3n municipal de <strong>500.000\u20ac<\/strong> (impacto econ\u00f3mico estimado: 1.000.000 \u20ac).<\/p>\n<p>En esta edici\u00f3n igual que el a\u00f1o 2024, las personas compradoras deber\u00e1n ser mayores de 18 a\u00f1os y<br \/>\ncada persona podr\u00e1 adquirir hasta 50 \u20ac en bonos (equivalentes a 100 \u20ac para gastar en los establecimientos adheridos).<\/p>\n<h4 style=\"text-align: center;\">\u00bfC\u00f3mo comprar tus bonos?<\/h4>\n<p><strong>Compra online<\/strong><\/p>\n<p>Desde el lunes, 17 de noviembre, a las 15:00 h en: torrevieja.bonoconsumo.es.<br \/>\nPodr\u00e1s adquirirlos en tu nombre utilizando cualquiera de los sistemas de certificaci\u00f3n electr\u00f3nica reconocidos: FNMT, DNI electr\u00f3nico, ACCV (Generalitat Valenciana) u otros sistemas oficiales habilitados.<\/p>\n<p><strong>Compra presencial (con cita previa)<\/strong><\/p>\n<ul>\n<li><strong>Entrega de citas<\/strong><\/li>\n<\/ul>\n<p style=\"text-align: center;\">Viernes 14 y S\u00e1bado 15 de noviembre, desde las 09:00 h hasta agotarse el cupo diario<\/p>\n<p style=\"text-align: center;\">Oficina de APYMECO \u00b7 c\/ Ram\u00f3n Gallud, 145<\/p>\n<p style=\"text-align: center;\">Se repartir\u00e1n 3.400 citas en total entre los 2 d\u00edas<\/p>\n<ul>\n<li><strong>Venta presencial de bonos<\/strong><\/li>\n<\/ul>\n<p style=\"text-align: center;\">Del martes 18 al mi\u00e9rcoles 26 de noviembre<\/p>\n<p style=\"text-align: center;\">Horario: 09:00\u201320:00 h<\/p>\n<p style=\"text-align: center;\"><u>No hay venta el s\u00e1bado 22 de noviembre<\/u><\/p>\n<p style=\"text-align: center;\">Lugar: Oficina de APYMECO \u00b7 c\/ Ram\u00f3n Gallud, 145<\/p>\n<p>&nbsp;<\/p>\n<h4 style=\"text-align: center;\"><strong>\u00bfCu\u00e1les son los requisitos para comprarlo presencialmente? <\/strong><\/h4>\n<p style=\"text-align: center;\">Tener una cita previa, acudir con su DNI o NIE, ser mayor de 18 a\u00f1os, tener correo electr\u00f3nico para recibir los bonos y tarjeta bancaria para realizar el pago (bajo ning\u00fan concepto se puede pagar en efectivo).<\/p>\n<p>&nbsp;<\/p>\n<h4 style=\"text-align: center;\">\u00bfCu\u00e1ndo puedo usar los bonos?<\/h4>\n<p>Los bonos se comenzar\u00e1n a canjear del 24 de noviembre al 31 de diciembre de 2025 (ambos inclusive) en los establecimientos adheridos a la <strong>CAMPA\u00d1A 2025.<\/strong><\/p>\n<p>&nbsp;<\/p>\n<p><span style=\"color: #000000;\"><strong>Reglas clave<\/strong><\/span><\/p>\n<p>+18 a\u00f1os para adquirir bonos<\/p>\n<p>&nbsp;<\/p>\n<p>L\u00edmite por persona: hasta 50 \u20ac en bonos (para gastar 100 \u20ac)<\/p>\n<p>Canje: del 24\/11 al 31\/12\/2025<\/p>\n<p>Compra online desde el 17\/11 a las 15:00 h<\/p>\n<p>Compra presencial del 18\/11 al 26\/11 (sin venta 22\/11) con cita previa<\/p>\n<p>Soporte e incidencias: <a href=\"mailto:soporte@bonoconsumo.net\">soporte@bonoconsumo.net\u00a0\u00a0\u00a0<\/a>\/\/ <a href=\"mailto:soporteapymeco@gmail.com\">soporteapymeco@gmail.com<\/a><\/p>\n<h4 style=\"text-align: center;\"><strong>\u00bfCu\u00e1ndo se pueden dar de alta los establecimientos?<\/strong><\/h4>\n<p>A partir del d\u00eda 12 de noviembre y hasta que finalice la campa\u00f1a.<\/p>\n<h4 style=\"text-align: center;\"><strong>\u00bfSi mi establecimiento ya he participado en a\u00f1os anteriores, tengo que volver a darme de alta?<\/strong><\/h4>\n<p>SI, y se asignaran nuevas credenciales para acceder a validar bonos.<\/p>\n<p>&nbsp;<\/p>\n<p style=\"text-align: center;\"><span style=\"color: #000080;\"><strong><em>Esta iniciativa impulsa el ticket medio, fideliza a la clientela local y refuerza el tejido comercial de Torrevieja. Dicho de otro modo: win-win para comercios y vecinos.<\/em><\/strong><\/span><\/p>\n<p>&nbsp;<\/p>\n<p><img decoding=\"async\" class=\"wp-image-8246 aligncenter\" src=\"https:\/\/apymeco.netrotec.com\/wp-content\/uploads\/INFORMACION-PARA-COMPRA-DE-BONOS-212x300.png\" alt=\"\" width=\"443\" height=\"626\" \/><\/p>\n<p>&nbsp;<\/p>\n<p>&nbsp;<\/p>","protected":false},"excerpt":{"rendered":"<p>11\u00aa Edici\u00f3n del Bono Consumo: del 24 de noviembre al 31 de diciembre &nbsp; El Ayuntamiento de Torrevieja, en colaboraci\u00f3n [&hellip;]<\/p>\n","protected":false},"author":2,"featured_media":8239,"comment_status":"open","ping_status":"open","sticky":false,"template":"","format":"standard","meta":{"site-sidebar-layout":"default","site-content-layout":"","ast-site-content-layout":"default","site-content-style":"default","site-sidebar-style":"default","ast-global-header-display":"","ast-banner-title-visibility":"","ast-main-header-display":"","ast-hfb-above-header-display":"","ast-hfb-below-header-display":"","ast-hfb-mobile-header-display":"","site-post-title":"","ast-breadcrumbs-content":"","ast-featured-img":"","footer-sml-layout":"","ast-disable-related-posts":"","theme-transparent-header-meta":"","adv-header-id-meta":"","stick-header-meta":"","header-above-stick-meta":"","header-main-stick-meta":"","header-below-stick-meta":"","astra-migrate-meta-layouts":"default","ast-page-background-enabled":"default","ast-page-background-meta":{"desktop":{"background-color":"var(--ast-global-color-5)","background-image":"","background-repeat":"repeat","background-position":"center center","background-size":"auto","background-attachment":"scroll","background-type":"","background-media":"","overlay-type":"","overlay-color":"","overlay-opacity":"","overlay-gradient":""},"tablet":{"background-color":"","background-image":"","background-repeat":"repeat","background-position":"center center","background-size":"auto","background-attachment":"scroll","background-type":"","background-media":"","overlay-type":"","overlay-color":"","overlay-opacity":"","overlay-gradient":""},"mobile":{"background-color":"","background-image":"","background-repeat":"repeat","background-position":"center center","background-size":"auto","background-attachment":"scroll","background-type":"","background-media":"","overlay-type":"","overlay-color":"","overlay-opacity":"","overlay-gradient":""}},"ast-content-background-meta":{"desktop":{"background-color":"var(--ast-global-color-4)","background-image":"","background-repeat":"repeat","background-position":"center center","background-size":"auto","background-attachment":"scroll","background-type":"","background-media":"","overlay-type":"","overlay-color":"","overlay-opacity":"","overlay-gradient":""},"tablet":{"background-color":"var(--ast-global-color-4)","background-image":"","background-repeat":"repeat","background-position":"center center","background-size":"auto","background-attachment":"scroll","background-type":"","background-media":"","overlay-type":"","overlay-color":"","overlay-opacity":"","overlay-gradient":""},"mobile":{"background-color":"var(--ast-global-color-4)","background-image":"","background-repeat":"repeat","background-position":"center center","background-size":"auto","background-attachment":"scroll","background-type":"","background-media":"","overlay-type":"","overlay-color":"","overlay-opacity":"","overlay-gradient":""}},"footnotes":""},"categories":[538,524],"tags":[531,700,642,701,702],"class_list":["post-8237","post","type-post","status-publish","format-standard","has-post-thumbnail","hentry","category-bases-de-concursos","category-campanas","tag-apymeco-torrevieja","tag-apymecobonoconsumo25","tag-bono-consumo-torrevieja","tag-bono-torrevieja-25","tag-bonoconsumo25"],"yoast_head":"<!-- This site is optimized with the Yoast SEO Premium plugin v27.7 (Yoast SEO v27.8) - https:\/\/yoast.com\/product\/yoast-seo-premium-wordpress\/ -->\n<title>Medio mill\u00f3n de euros en bonos para reactivar el comercio local - APYMECO Torrevieja<\/title>\n<meta name=\"robots\" content=\"index, follow, max-snippet:-1, max-image-preview:large, max-video-preview:-1\" \/>\n<link rel=\"canonical\" href=\"https:\/\/apymeco.netrotec.com\/en\/medio-millon-de-euros-en-bonos-para-reactivar-el-comercio-local\/\" \/>\n<meta property=\"og:locale\" content=\"en_GB\" \/>\n<meta property=\"og:type\" content=\"article\" \/>\n<meta property=\"og:title\" content=\"Medio mill\u00f3n de euros en bonos para reactivar el comercio local\" \/>\n<meta property=\"og:description\" content=\"11\u00aa Edici\u00f3n del Bono Consumo: del 24 de noviembre al 31 de diciembre &nbsp; El Ayuntamiento de Torrevieja, en colaboraci\u00f3n [&hellip;]\" \/>\n<meta property=\"og:url\" content=\"https:\/\/apymeco.netrotec.com\/en\/medio-millon-de-euros-en-bonos-para-reactivar-el-comercio-local\/\" \/>\n<meta property=\"og:site_name\" content=\"APYMECO Torrevieja\" \/>\n<meta property=\"article:published_time\" content=\"2025-11-12T14:44:59+00:00\" \/>\n<meta property=\"og:image\" content=\"https:\/\/apymeco.netrotec.com\/wp-content\/uploads\/2025\/11\/FACEBOOK_02-2-scaled-1.jpg\" \/>\n\t<meta property=\"og:image:width\" content=\"2560\" \/>\n\t<meta property=\"og:image:height\" content=\"1344\" \/>\n\t<meta property=\"og:image:type\" content=\"image\/jpeg\" \/>\n<meta name=\"author\" content=\"Apymeco\" \/>\n<meta name=\"twitter:card\" content=\"summary_large_image\" \/>\n<meta name=\"twitter:label1\" content=\"Written by\" \/>\n\t<meta name=\"twitter:data1\" content=\"Apymeco\" \/>\n\t<meta name=\"twitter:label2\" content=\"Estimated reading time\" \/>\n\t<meta name=\"twitter:data2\" content=\"3 minutes\" \/>\n<script type=\"application\/ld+json\" class=\"yoast-schema-graph\">{\"@context\":\"https:\\\/\\\/schema.org\",\"@graph\":[{\"@type\":\"Article\",\"@id\":\"https:\\\/\\\/apymeco.netrotec.com\\\/medio-millon-de-euros-en-bonos-para-reactivar-el-comercio-local\\\/#article\",\"isPartOf\":{\"@id\":\"https:\\\/\\\/apymeco.netrotec.com\\\/medio-millon-de-euros-en-bonos-para-reactivar-el-comercio-local\\\/\"},\"author\":{\"name\":\"Apymeco\",\"@id\":\"https:\\\/\\\/apymeco.netrotec.com\\\/#\\\/schema\\\/person\\\/58f3bb0f5e04e2b6067d17d05470d2dd\"},\"headline\":\"Medio mill\u00f3n de euros en bonos para reactivar el comercio local\",\"datePublished\":\"2025-11-12T14:44:59+00:00\",\"mainEntityOfPage\":{\"@id\":\"https:\\\/\\\/apymeco.netrotec.com\\\/medio-millon-de-euros-en-bonos-para-reactivar-el-comercio-local\\\/\"},\"wordCount\":413,\"commentCount\":0,\"publisher\":{\"@id\":\"https:\\\/\\\/apymeco.netrotec.com\\\/#organization\"},\"image\":{\"@id\":\"https:\\\/\\\/apymeco.netrotec.com\\\/medio-millon-de-euros-en-bonos-para-reactivar-el-comercio-local\\\/#primaryimage\"},\"thumbnailUrl\":\"https:\\\/\\\/apymeco.netrotec.com\\\/wp-content\\\/uploads\\\/2025\\\/11\\\/FACEBOOK_02-2-scaled-1.jpg\",\"keywords\":[\"apymeco torrevieja\",\"APYMECOBONOCONSUMO25\",\"bono consumo torrevieja\",\"BONO TORREVIEJA 25\",\"BONOCONSUMO25\"],\"articleSection\":[\"Bases de Concursos\",\"Campa\u00f1as\"],\"inLanguage\":\"en-GB\",\"potentialAction\":[{\"@type\":\"CommentAction\",\"name\":\"Comment\",\"target\":[\"https:\\\/\\\/apymeco.netrotec.com\\\/medio-millon-de-euros-en-bonos-para-reactivar-el-comercio-local\\\/#respond\"]}]},{\"@type\":\"WebPage\",\"@id\":\"https:\\\/\\\/apymeco.netrotec.com\\\/medio-millon-de-euros-en-bonos-para-reactivar-el-comercio-local\\\/\",\"url\":\"https:\\\/\\\/apymeco.netrotec.com\\\/medio-millon-de-euros-en-bonos-para-reactivar-el-comercio-local\\\/\",\"name\":\"Medio mill\u00f3n de euros en bonos para reactivar el comercio local - APYMECO Torrevieja\",\"isPartOf\":{\"@id\":\"https:\\\/\\\/apymeco.netrotec.com\\\/#website\"},\"primaryImageOfPage\":{\"@id\":\"https:\\\/\\\/apymeco.netrotec.com\\\/medio-millon-de-euros-en-bonos-para-reactivar-el-comercio-local\\\/#primaryimage\"},\"image\":{\"@id\":\"https:\\\/\\\/apymeco.netrotec.com\\\/medio-millon-de-euros-en-bonos-para-reactivar-el-comercio-local\\\/#primaryimage\"},\"thumbnailUrl\":\"https:\\\/\\\/apymeco.netrotec.com\\\/wp-content\\\/uploads\\\/2025\\\/11\\\/FACEBOOK_02-2-scaled-1.jpg\",\"datePublished\":\"2025-11-12T14:44:59+00:00\",\"breadcrumb\":{\"@id\":\"https:\\\/\\\/apymeco.netrotec.com\\\/medio-millon-de-euros-en-bonos-para-reactivar-el-comercio-local\\\/#breadcrumb\"},\"inLanguage\":\"en-GB\",\"potentialAction\":[{\"@type\":\"ReadAction\",\"target\":[\"https:\\\/\\\/apymeco.netrotec.com\\\/medio-millon-de-euros-en-bonos-para-reactivar-el-comercio-local\\\/\"]}]},{\"@type\":\"ImageObject\",\"inLanguage\":\"en-GB\",\"@id\":\"https:\\\/\\\/apymeco.netrotec.com\\\/medio-millon-de-euros-en-bonos-para-reactivar-el-comercio-local\\\/#primaryimage\",\"url\":\"https:\\\/\\\/apymeco.netrotec.com\\\/wp-content\\\/uploads\\\/2025\\\/11\\\/FACEBOOK_02-2-scaled-1.jpg\",\"contentUrl\":\"https:\\\/\\\/apymeco.netrotec.com\\\/wp-content\\\/uploads\\\/2025\\\/11\\\/FACEBOOK_02-2-scaled-1.jpg\",\"width\":2560,\"height\":1344},{\"@type\":\"BreadcrumbList\",\"@id\":\"https:\\\/\\\/apymeco.netrotec.com\\\/medio-millon-de-euros-en-bonos-para-reactivar-el-comercio-local\\\/#breadcrumb\",\"itemListElement\":[{\"@type\":\"ListItem\",\"position\":1,\"name\":\"Portada\",\"item\":\"https:\\\/\\\/apymeco.netrotec.com\\\/\"},{\"@type\":\"ListItem\",\"position\":2,\"name\":\"Medio mill\u00f3n de euros en bonos para reactivar el comercio local\"}]},{\"@type\":\"WebSite\",\"@id\":\"https:\\\/\\\/apymeco.netrotec.com\\\/#website\",\"url\":\"https:\\\/\\\/apymeco.netrotec.com\\\/\",\"name\":\"APYMECO Torrevieja\",\"description\":\"\",\"publisher\":{\"@id\":\"https:\\\/\\\/apymeco.netrotec.com\\\/#organization\"},\"potentialAction\":[{\"@type\":\"SearchAction\",\"target\":{\"@type\":\"EntryPoint\",\"urlTemplate\":\"https:\\\/\\\/apymeco.netrotec.com\\\/?s={search_term_string}\"},\"query-input\":{\"@type\":\"PropertyValueSpecification\",\"valueRequired\":true,\"valueName\":\"search_term_string\"}}],\"inLanguage\":\"en-GB\"},{\"@type\":\"Organization\",\"@id\":\"https:\\\/\\\/apymeco.netrotec.com\\\/#organization\",\"name\":\"APYMECO Torrevieja\",\"url\":\"https:\\\/\\\/apymeco.netrotec.com\\\/\",\"logo\":{\"@type\":\"ImageObject\",\"inLanguage\":\"en-GB\",\"@id\":\"https:\\\/\\\/apymeco.netrotec.com\\\/#\\\/schema\\\/logo\\\/image\\\/\",\"url\":\"https:\\\/\\\/apymeco.netrotec.com\\\/wp-content\\\/uploads\\\/2026\\\/06\\\/logo-blanco.png\",\"contentUrl\":\"https:\\\/\\\/apymeco.netrotec.com\\\/wp-content\\\/uploads\\\/2026\\\/06\\\/logo-blanco.png\",\"width\":1107,\"height\":444,\"caption\":\"APYMECO Torrevieja\"},\"image\":{\"@id\":\"https:\\\/\\\/apymeco.netrotec.com\\\/#\\\/schema\\\/logo\\\/image\\\/\"}},{\"@type\":\"Person\",\"@id\":\"https:\\\/\\\/apymeco.netrotec.com\\\/#\\\/schema\\\/person\\\/58f3bb0f5e04e2b6067d17d05470d2dd\",\"name\":\"Apymeco\",\"url\":\"https:\\\/\\\/apymeco.netrotec.com\\\/en\\\/author\\\/apymeco\\\/\"}]}<\/script>\n<!-- \/ Yoast SEO Premium plugin. -->","yoast_head_json":{"title":"Medio mill\u00f3n de euros en bonos para reactivar el comercio local - APYMECO Torrevieja","robots":{"index":"index","follow":"follow","max-snippet":"max-snippet:-1","max-image-preview":"max-image-preview:large","max-video-preview":"max-video-preview:-1"},"canonical":"https:\/\/apymeco.netrotec.com\/en\/medio-millon-de-euros-en-bonos-para-reactivar-el-comercio-local\/","og_locale":"en_GB","og_type":"article","og_title":"Medio mill\u00f3n de euros en bonos para reactivar el comercio local","og_description":"11\u00aa Edici\u00f3n del Bono Consumo: del 24 de noviembre al 31 de diciembre &nbsp; El Ayuntamiento de Torrevieja, en colaboraci\u00f3n [&hellip;]","og_url":"https:\/\/apymeco.netrotec.com\/en\/medio-millon-de-euros-en-bonos-para-reactivar-el-comercio-local\/","og_site_name":"APYMECO Torrevieja","article_published_time":"2025-11-12T14:44:59+00:00","og_image":[{"width":2560,"height":1344,"url":"https:\/\/apymeco.netrotec.com\/wp-content\/uploads\/2025\/11\/FACEBOOK_02-2-scaled-1.jpg","type":"image\/jpeg"}],"author":"Apymeco","twitter_card":"summary_large_image","twitter_misc":{"Written by":"Apymeco","Estimated reading time":"3 minutes"},"schema":{"@context":"https:\/\/schema.org","@graph":[{"@type":"Article","@id":"https:\/\/apymeco.netrotec.com\/medio-millon-de-euros-en-bonos-para-reactivar-el-comercio-local\/#article","isPartOf":{"@id":"https:\/\/apymeco.netrotec.com\/medio-millon-de-euros-en-bonos-para-reactivar-el-comercio-local\/"},"author":{"name":"Apymeco","@id":"https:\/\/apymeco.netrotec.com\/#\/schema\/person\/58f3bb0f5e04e2b6067d17d05470d2dd"},"headline":"Medio mill\u00f3n de euros en bonos para reactivar el comercio local","datePublished":"2025-11-12T14:44:59+00:00","mainEntityOfPage":{"@id":"https:\/\/apymeco.netrotec.com\/medio-millon-de-euros-en-bonos-para-reactivar-el-comercio-local\/"},"wordCount":413,"commentCount":0,"publisher":{"@id":"https:\/\/apymeco.netrotec.com\/#organization"},"image":{"@id":"https:\/\/apymeco.netrotec.com\/medio-millon-de-euros-en-bonos-para-reactivar-el-comercio-local\/#primaryimage"},"thumbnailUrl":"https:\/\/apymeco.netrotec.com\/wp-content\/uploads\/2025\/11\/FACEBOOK_02-2-scaled-1.jpg","keywords":["apymeco torrevieja","APYMECOBONOCONSUMO25","bono consumo torrevieja","BONO TORREVIEJA 25","BONOCONSUMO25"],"articleSection":["Bases de Concursos","Campa\u00f1as"],"inLanguage":"en-GB","potentialAction":[{"@type":"CommentAction","name":"Comment","target":["https:\/\/apymeco.netrotec.com\/medio-millon-de-euros-en-bonos-para-reactivar-el-comercio-local\/#respond"]}]},{"@type":"WebPage","@id":"https:\/\/apymeco.netrotec.com\/medio-millon-de-euros-en-bonos-para-reactivar-el-comercio-local\/","url":"https:\/\/apymeco.netrotec.com\/medio-millon-de-euros-en-bonos-para-reactivar-el-comercio-local\/","name":"Medio mill\u00f3n de euros en bonos para reactivar el comercio local - APYMECO Torrevieja","isPartOf":{"@id":"https:\/\/apymeco.netrotec.com\/#website"},"primaryImageOfPage":{"@id":"https:\/\/apymeco.netrotec.com\/medio-millon-de-euros-en-bonos-para-reactivar-el-comercio-local\/#primaryimage"},"image":{"@id":"https:\/\/apymeco.netrotec.com\/medio-millon-de-euros-en-bonos-para-reactivar-el-comercio-local\/#primaryimage"},"thumbnailUrl":"https:\/\/apymeco.netrotec.com\/wp-content\/uploads\/2025\/11\/FACEBOOK_02-2-scaled-1.jpg","datePublished":"2025-11-12T14:44:59+00:00","breadcrumb":{"@id":"https:\/\/apymeco.netrotec.com\/medio-millon-de-euros-en-bonos-para-reactivar-el-comercio-local\/#breadcrumb"},"inLanguage":"en-GB","potentialAction":[{"@type":"ReadAction","target":["https:\/\/apymeco.netrotec.com\/medio-millon-de-euros-en-bonos-para-reactivar-el-comercio-local\/"]}]},{"@type":"ImageObject","inLanguage":"en-GB","@id":"https:\/\/apymeco.netrotec.com\/medio-millon-de-euros-en-bonos-para-reactivar-el-comercio-local\/#primaryimage","url":"https:\/\/apymeco.netrotec.com\/wp-content\/uploads\/2025\/11\/FACEBOOK_02-2-scaled-1.jpg","contentUrl":"https:\/\/apymeco.netrotec.com\/wp-content\/uploads\/2025\/11\/FACEBOOK_02-2-scaled-1.jpg","width":2560,"height":1344},{"@type":"BreadcrumbList","@id":"https:\/\/apymeco.netrotec.com\/medio-millon-de-euros-en-bonos-para-reactivar-el-comercio-local\/#breadcrumb","itemListElement":[{"@type":"ListItem","position":1,"name":"Portada","item":"https:\/\/apymeco.netrotec.com\/"},{"@type":"ListItem","position":2,"name":"Medio mill\u00f3n de euros en bonos para reactivar el comercio local"}]},{"@type":"WebSite","@id":"https:\/\/apymeco.netrotec.com\/#website","url":"https:\/\/apymeco.netrotec.com\/","name":"APYMECO Torrevieja","description":"","publisher":{"@id":"https:\/\/apymeco.netrotec.com\/#organization"},"potentialAction":[{"@type":"SearchAction","target":{"@type":"EntryPoint","urlTemplate":"https:\/\/apymeco.netrotec.com\/?s={search_term_string}"},"query-input":{"@type":"PropertyValueSpecification","valueRequired":true,"valueName":"search_term_string"}}],"inLanguage":"en-GB"},{"@type":"Organization","@id":"https:\/\/apymeco.netrotec.com\/#organization","name":"APYMECO Torrevieja","url":"https:\/\/apymeco.netrotec.com\/","logo":{"@type":"ImageObject","inLanguage":"en-GB","@id":"https:\/\/apymeco.netrotec.com\/#\/schema\/logo\/image\/","url":"https:\/\/apymeco.netrotec.com\/wp-content\/uploads\/2026\/06\/logo-blanco.png","contentUrl":"https:\/\/apymeco.netrotec.com\/wp-content\/uploads\/2026\/06\/logo-blanco.png","width":1107,"height":444,"caption":"APYMECO Torrevieja"},"image":{"@id":"https:\/\/apymeco.netrotec.com\/#\/schema\/logo\/image\/"}},{"@type":"Person","@id":"https:\/\/apymeco.netrotec.com\/#\/schema\/person\/58f3bb0f5e04e2b6067d17d05470d2dd","name":"Apymeco","url":"https:\/\/apymeco.netrotec.com\/en\/author\/apymeco\/"}]}},"_links":{"self":[{"href":"https:\/\/apymeco.netrotec.com\/en\/wp-json\/wp\/v2\/posts\/8237","targetHints":{"allow":["GET"]}}],"collection":[{"href":"https:\/\/apymeco.netrotec.com\/en\/wp-json\/wp\/v2\/posts"}],"about":[{"href":"https:\/\/apymeco.netrotec.com\/en\/wp-json\/wp\/v2\/types\/post"}],"author":[{"embeddable":true,"href":"https:\/\/apymeco.netrotec.com\/en\/wp-json\/wp\/v2\/users\/2"}],"replies":[{"embeddable":true,"href":"https:\/\/apymeco.netrotec.com\/en\/wp-json\/wp\/v2\/comments?post=8237"}],"version-history":[{"count":0,"href":"https:\/\/apymeco.netrotec.com\/en\/wp-json\/wp\/v2\/posts\/8237\/revisions"}],"wp:featuredmedia":[{"embeddable":true,"href":"https:\/\/apymeco.netrotec.com\/en\/wp-json\/wp\/v2\/media\/8239"}],"wp:attachment":[{"href":"https:\/\/apymeco.netrotec.com\/en\/wp-json\/wp\/v2\/media?parent=8237"}],"wp:term":[{"taxonomy":"category","embeddable":true,"href":"https:\/\/apymeco.netrotec.com\/en\/wp-json\/wp\/v2\/categories?post=8237"},{"taxonomy":"post_tag","embeddable":true,"href":"https:\/\/apymeco.netrotec.com\/en\/wp-json\/wp\/v2\/tags?post=8237"}],"curies":[{"name":"wp","href":"https:\/\/api.w.org\/{rel}","templated":true}]}}