{"id":8356,"date":"2026-03-05T11:36:20","date_gmt":"2026-03-05T10:36:20","guid":{"rendered":"https:\/\/www.apymeco.info\/?p=8356"},"modified":"2026-03-05T11:36:20","modified_gmt":"2026-03-05T10:36:20","slug":"apymeco-y-banco-sabadell-firman-un-acuerdo-para-impulsar-el-comercio-local-de-torrevieja","status":"publish","type":"post","link":"https:\/\/apymeco.netrotec.com\/en\/apymeco-y-banco-sabadell-firman-un-acuerdo-para-impulsar-el-comercio-local-de-torrevieja\/","title":{"rendered":"APYMECO y Banco Sabadell  firman un acuerdo para impulsar el comercio local de Torrevieja"},"content":{"rendered":"<p style=\"text-align: right;\">Torrevieja, 5 de marzo de 2026<\/p>\n<p>&nbsp;<\/p>\n<p>La Asociaci\u00f3n de Peque\u00f1os y Medianos Comerciantes de Torrevieja <strong>(APYMECO)<\/strong> y <strong>Banco Sabadell<\/strong> han firmado un acuerdo de colaboraci\u00f3n destinado a ofrecer ventajas financieras y nuevos servicios a los comercios asociados de la ciudad.<\/p>\n<p><img fetchpriority=\"high\" decoding=\"async\" class=\"wp-image-8357 alignright\" src=\"https:\/\/apymeco.netrotec.com\/wp-content\/uploads\/convenio-4-marzo-26-ok-ok10-220x300.jpeg\" alt=\"\" width=\"242\" height=\"330\" \/><\/p>\n<p>El encuentro tuvo lugar durante la ma\u00f1ana de ayer, mi\u00e9rcoles 4 de marzo de 2026, en las instalaciones de APYMECO, donde el presidente de la asociaci\u00f3n<strong>, Jorge Almarcha<\/strong>, mantuvo una reuni\u00f3n de trabajo con <strong>Manuel Villalgordo Saura<\/strong>, en representaci\u00f3n del Banco Sabadell, Director Regional para la zona de Orihuela \u2013 Vega Baja.<\/p>\n<p>En la reuni\u00f3n tambi\u00e9n participaron representantes de la entidad bancaria: Jes\u00fas Hern\u00e1ndez Garc\u00eda, Pilar Hortelano, Mar\u00eda Luisa Mart\u00ednez Garc\u00eda y Esteban Dura Molina, quienes acompa\u00f1aron la firma de este acuerdo orientado a reforzar el apoyo al tejido comercial de Torrevieja.<\/p>\n<p>Este convenio permitir\u00e1 a los asociados de APYMECO acceder a condiciones preferentes en productos financieros, herramientas de gesti\u00f3n y soluciones de pago, con el objetivo de facilitar la actividad diaria de aut\u00f3nomos, comercios y peque\u00f1as empresas, as\u00ed como mejorar su acceso a financiaci\u00f3n.<\/p>\n<p>&nbsp;<\/p>\n<p>Principales ventajas del acuerdo destacan:<\/p>\n<ul>\n<li>Bonificaci\u00f3n de hasta 100 euros en la cuota de asociado, para nuevos clientes que domicilien su cuota en cuentas de la gama Sabadell PRO durante el primer a\u00f1o.<\/li>\n<li>Cuentas profesionales sin comisiones, como las cuentas Sabadell Negocios PRO y Negocios Plus PRO, dise\u00f1adas para aut\u00f3nomos y comercios, con transferencias en euros sin coste dentro del Espacio Econ\u00f3mico Europeo y operativa bancaria adaptada a la actividad empresarial.<\/li>\n<li>Condiciones especiales en TPV, tanto para venta presencial como online, con una comisi\u00f3n del 0,35 % en pagos con tarjetas particulares de la zona euro, adem\u00e1s de instalaci\u00f3n r\u00e1pida, asistencia t\u00e9cnica permanente y diferentes soluciones de cobro digital.<\/li>\n<li>Soluciones de financiaci\u00f3n para empresas, entre ellas:<\/li>\n<li>Pr\u00e9stamo Inicio para nuevos negocios.<\/li>\n<li>Pr\u00e9stamo Profesional para la compra de equipamiento.<\/li>\n<li>Pr\u00e9stamo Hipotecario para adquisici\u00f3n de locales o despachos.<\/li>\n<li>L\u00ednea de financiaci\u00f3n para cubrir gastos operativos del negocio.<\/li>\n<li>Herramientas digitales de cobro, como el sistema Phone &amp; Sell, que permite cobrar a clientes mediante enlaces de pago, QR, SMS o correo electr\u00f3nico sin necesidad de p\u00e1gina web.<\/li>\n<li>Tarjeta BS Cash In, que facilita el ingreso de efectivo en cajeros autom\u00e1ticos a cualquier hora sin necesidad de acudir a ventanilla.<\/li>\n<li>Acceso a una plataforma de ayudas y subvenciones europeas, que permite a las empresas consultar convocatorias disponibles, obtener diagn\u00f3sticos personalizados y recibir apoyo especializado para la tramitaci\u00f3n de fondos.<\/li>\n<\/ul>\n<p>&nbsp;<\/p>\n<p><img decoding=\"async\" class=\"alignleft wp-image-8359\" src=\"https:\/\/apymeco.netrotec.com\/wp-content\/uploads\/convenio-4-marzo-26-ok1-286x300.jpeg\" alt=\"\" width=\"274\" height=\"288\" \/><\/p>\n<p>El acuerdo tambi\u00e9n contempla ventajas financieras para los asociados a <strong>t\u00edtulo personal<\/strong>, como:<\/p>\n<p>Anticipo de n\u00f3mina sin intereses.<\/p>\n<p>Pr\u00e9stamos personales con condiciones preferentes.<\/p>\n<p>Financiaci\u00f3n para cursos, estudios universitarios o m\u00e1ster.<\/p>\n<p>L\u00edneas de cr\u00e9dito personales para mejorar la liquidez.<\/p>\n<p>&nbsp;<\/p>\n<p>Durante la reuni\u00f3n, ambas entidades destacaron la importancia de fortalecer la colaboraci\u00f3n entre el sector financiero y el comercio local, especialmente en un momento en el que la digitalizaci\u00f3n, el acceso a financiaci\u00f3n y la modernizaci\u00f3n de los negocios resultan claves para la competitividad del peque\u00f1o comercio.<\/p>\n<p>Desde <strong>APYMECO<\/strong> se valor\u00f3 positivamente este acuerdo, que permitir\u00e1 seguir ampliando servicios y herramientas \u00fatiles para los asociados, contribuyendo al desarrollo econ\u00f3mico y comercial de la ciudad.<\/p>\n<p>&nbsp;<\/p>","protected":false},"excerpt":{"rendered":"<p>Torrevieja, 5 de marzo de 2026 &nbsp; La Asociaci\u00f3n de Peque\u00f1os y Medianos Comerciantes de Torrevieja (APYMECO) y Banco Sabadell [&hellip;]<\/p>\n","protected":false},"author":2,"featured_media":8358,"comment_status":"open","ping_status":"open","sticky":false,"template":"","format":"standard","meta":{"site-sidebar-layout":"default","site-content-layout":"","ast-site-content-layout":"default","site-content-style":"default","site-sidebar-style":"default","ast-global-header-display":"","ast-banner-title-visibility":"","ast-main-header-display":"","ast-hfb-above-header-display":"","ast-hfb-below-header-display":"","ast-hfb-mobile-header-display":"","site-post-title":"","ast-breadcrumbs-content":"","ast-featured-img":"","footer-sml-layout":"","ast-disable-related-posts":"","theme-transparent-header-meta":"","adv-header-id-meta":"","stick-header-meta":"","header-above-stick-meta":"","header-main-stick-meta":"","header-below-stick-meta":"","astra-migrate-meta-layouts":"default","ast-page-background-enabled":"default","ast-page-background-meta":{"desktop":{"background-color":"var(--ast-global-color-5)","background-image":"","background-repeat":"repeat","background-position":"center center","background-size":"auto","background-attachment":"scroll","background-type":"","background-media":"","overlay-type":"","overlay-color":"","overlay-opacity":"","overlay-gradient":""},"tablet":{"background-color":"","background-image":"","background-repeat":"repeat","background-position":"center center","background-size":"auto","background-attachment":"scroll","background-type":"","background-media":"","overlay-type":"","overlay-color":"","overlay-opacity":"","overlay-gradient":""},"mobile":{"background-color":"","background-image":"","background-repeat":"repeat","background-position":"center center","background-size":"auto","background-attachment":"scroll","background-type":"","background-media":"","overlay-type":"","overlay-color":"","overlay-opacity":"","overlay-gradient":""}},"ast-content-background-meta":{"desktop":{"background-color":"var(--ast-global-color-4)","background-image":"","background-repeat":"repeat","background-position":"center center","background-size":"auto","background-attachment":"scroll","background-type":"","background-media":"","overlay-type":"","overlay-color":"","overlay-opacity":"","overlay-gradient":""},"tablet":{"background-color":"var(--ast-global-color-4)","background-image":"","background-repeat":"repeat","background-position":"center center","background-size":"auto","background-attachment":"scroll","background-type":"","background-media":"","overlay-type":"","overlay-color":"","overlay-opacity":"","overlay-gradient":""},"mobile":{"background-color":"var(--ast-global-color-4)","background-image":"","background-repeat":"repeat","background-position":"center center","background-size":"auto","background-attachment":"scroll","background-type":"","background-media":"","overlay-type":"","overlay-color":"","overlay-opacity":"","overlay-gradient":""}},"footnotes":""},"categories":[541,585],"tags":[],"class_list":["post-8356","post","type-post","status-publish","format-standard","has-post-thumbnail","hentry","category-informacion","category-notas-de-prensa"],"yoast_head":"<!-- This site is optimized with the Yoast SEO Premium plugin v27.7 (Yoast SEO v27.8) - https:\/\/yoast.com\/product\/yoast-seo-premium-wordpress\/ -->\n<title>APYMECO y Banco Sabadell firman un acuerdo para impulsar el comercio local de Torrevieja - APYMECO Torrevieja<\/title>\n<meta name=\"robots\" content=\"index, follow, max-snippet:-1, max-image-preview:large, max-video-preview:-1\" \/>\n<link rel=\"canonical\" href=\"https:\/\/apymeco.netrotec.com\/en\/apymeco-y-banco-sabadell-firman-un-acuerdo-para-impulsar-el-comercio-local-de-torrevieja\/\" \/>\n<meta property=\"og:locale\" content=\"en_GB\" \/>\n<meta property=\"og:type\" content=\"article\" \/>\n<meta property=\"og:title\" content=\"APYMECO y Banco Sabadell firman un acuerdo para impulsar el comercio local de Torrevieja\" \/>\n<meta property=\"og:description\" content=\"Torrevieja, 5 de marzo de 2026 &nbsp; La Asociaci\u00f3n de Peque\u00f1os y Medianos Comerciantes de Torrevieja (APYMECO) y Banco Sabadell [&hellip;]\" \/>\n<meta property=\"og:url\" content=\"https:\/\/apymeco.netrotec.com\/en\/apymeco-y-banco-sabadell-firman-un-acuerdo-para-impulsar-el-comercio-local-de-torrevieja\/\" \/>\n<meta property=\"og:site_name\" content=\"APYMECO Torrevieja\" \/>\n<meta property=\"article:published_time\" content=\"2026-03-05T10:36:20+00:00\" \/>\n<meta property=\"og:image\" content=\"https:\/\/apymeco.netrotec.com\/wp-content\/uploads\/2026\/03\/convenio-4-marzo-26-ok.jpeg\" \/>\n\t<meta property=\"og:image:width\" content=\"1041\" \/>\n\t<meta property=\"og:image:height\" content=\"1362\" \/>\n\t<meta property=\"og:image:type\" content=\"image\/jpeg\" \/>\n<meta name=\"author\" content=\"Apymeco\" \/>\n<meta name=\"twitter:card\" content=\"summary_large_image\" \/>\n<meta name=\"twitter:label1\" content=\"Written by\" \/>\n\t<meta name=\"twitter:data1\" content=\"Apymeco\" \/>\n\t<meta name=\"twitter:label2\" content=\"Estimated reading time\" \/>\n\t<meta name=\"twitter:data2\" content=\"3 minutes\" \/>\n<script type=\"application\/ld+json\" class=\"yoast-schema-graph\">{\"@context\":\"https:\\\/\\\/schema.org\",\"@graph\":[{\"@type\":\"Article\",\"@id\":\"https:\\\/\\\/apymeco.netrotec.com\\\/apymeco-y-banco-sabadell-firman-un-acuerdo-para-impulsar-el-comercio-local-de-torrevieja\\\/#article\",\"isPartOf\":{\"@id\":\"https:\\\/\\\/apymeco.netrotec.com\\\/apymeco-y-banco-sabadell-firman-un-acuerdo-para-impulsar-el-comercio-local-de-torrevieja\\\/\"},\"author\":{\"name\":\"Apymeco\",\"@id\":\"https:\\\/\\\/apymeco.netrotec.com\\\/#\\\/schema\\\/person\\\/58f3bb0f5e04e2b6067d17d05470d2dd\"},\"headline\":\"APYMECO y Banco Sabadell firman un acuerdo para impulsar el comercio local de Torrevieja\",\"datePublished\":\"2026-03-05T10:36:20+00:00\",\"mainEntityOfPage\":{\"@id\":\"https:\\\/\\\/apymeco.netrotec.com\\\/apymeco-y-banco-sabadell-firman-un-acuerdo-para-impulsar-el-comercio-local-de-torrevieja\\\/\"},\"wordCount\":581,\"commentCount\":0,\"publisher\":{\"@id\":\"https:\\\/\\\/apymeco.netrotec.com\\\/#organization\"},\"image\":{\"@id\":\"https:\\\/\\\/apymeco.netrotec.com\\\/apymeco-y-banco-sabadell-firman-un-acuerdo-para-impulsar-el-comercio-local-de-torrevieja\\\/#primaryimage\"},\"thumbnailUrl\":\"https:\\\/\\\/apymeco.netrotec.com\\\/wp-content\\\/uploads\\\/2026\\\/03\\\/convenio-4-marzo-26-ok.jpeg\",\"articleSection\":[\"Informaci\u00f3n\",\"Notas de Prensa\"],\"inLanguage\":\"en-GB\",\"potentialAction\":[{\"@type\":\"CommentAction\",\"name\":\"Comment\",\"target\":[\"https:\\\/\\\/apymeco.netrotec.com\\\/apymeco-y-banco-sabadell-firman-un-acuerdo-para-impulsar-el-comercio-local-de-torrevieja\\\/#respond\"]}]},{\"@type\":\"WebPage\",\"@id\":\"https:\\\/\\\/apymeco.netrotec.com\\\/apymeco-y-banco-sabadell-firman-un-acuerdo-para-impulsar-el-comercio-local-de-torrevieja\\\/\",\"url\":\"https:\\\/\\\/apymeco.netrotec.com\\\/apymeco-y-banco-sabadell-firman-un-acuerdo-para-impulsar-el-comercio-local-de-torrevieja\\\/\",\"name\":\"APYMECO y Banco Sabadell firman un acuerdo para impulsar el comercio local de Torrevieja - APYMECO Torrevieja\",\"isPartOf\":{\"@id\":\"https:\\\/\\\/apymeco.netrotec.com\\\/#website\"},\"primaryImageOfPage\":{\"@id\":\"https:\\\/\\\/apymeco.netrotec.com\\\/apymeco-y-banco-sabadell-firman-un-acuerdo-para-impulsar-el-comercio-local-de-torrevieja\\\/#primaryimage\"},\"image\":{\"@id\":\"https:\\\/\\\/apymeco.netrotec.com\\\/apymeco-y-banco-sabadell-firman-un-acuerdo-para-impulsar-el-comercio-local-de-torrevieja\\\/#primaryimage\"},\"thumbnailUrl\":\"https:\\\/\\\/apymeco.netrotec.com\\\/wp-content\\\/uploads\\\/2026\\\/03\\\/convenio-4-marzo-26-ok.jpeg\",\"datePublished\":\"2026-03-05T10:36:20+00:00\",\"breadcrumb\":{\"@id\":\"https:\\\/\\\/apymeco.netrotec.com\\\/apymeco-y-banco-sabadell-firman-un-acuerdo-para-impulsar-el-comercio-local-de-torrevieja\\\/#breadcrumb\"},\"inLanguage\":\"en-GB\",\"potentialAction\":[{\"@type\":\"ReadAction\",\"target\":[\"https:\\\/\\\/apymeco.netrotec.com\\\/apymeco-y-banco-sabadell-firman-un-acuerdo-para-impulsar-el-comercio-local-de-torrevieja\\\/\"]}]},{\"@type\":\"ImageObject\",\"inLanguage\":\"en-GB\",\"@id\":\"https:\\\/\\\/apymeco.netrotec.com\\\/apymeco-y-banco-sabadell-firman-un-acuerdo-para-impulsar-el-comercio-local-de-torrevieja\\\/#primaryimage\",\"url\":\"https:\\\/\\\/apymeco.netrotec.com\\\/wp-content\\\/uploads\\\/2026\\\/03\\\/convenio-4-marzo-26-ok.jpeg\",\"contentUrl\":\"https:\\\/\\\/apymeco.netrotec.com\\\/wp-content\\\/uploads\\\/2026\\\/03\\\/convenio-4-marzo-26-ok.jpeg\",\"width\":1041,\"height\":1362},{\"@type\":\"BreadcrumbList\",\"@id\":\"https:\\\/\\\/apymeco.netrotec.com\\\/apymeco-y-banco-sabadell-firman-un-acuerdo-para-impulsar-el-comercio-local-de-torrevieja\\\/#breadcrumb\",\"itemListElement\":[{\"@type\":\"ListItem\",\"position\":1,\"name\":\"Portada\",\"item\":\"https:\\\/\\\/apymeco.netrotec.com\\\/\"},{\"@type\":\"ListItem\",\"position\":2,\"name\":\"APYMECO y Banco Sabadell firman un acuerdo para impulsar el comercio local de Torrevieja\"}]},{\"@type\":\"WebSite\",\"@id\":\"https:\\\/\\\/apymeco.netrotec.com\\\/#website\",\"url\":\"https:\\\/\\\/apymeco.netrotec.com\\\/\",\"name\":\"APYMECO Torrevieja\",\"description\":\"\",\"publisher\":{\"@id\":\"https:\\\/\\\/apymeco.netrotec.com\\\/#organization\"},\"potentialAction\":[{\"@type\":\"SearchAction\",\"target\":{\"@type\":\"EntryPoint\",\"urlTemplate\":\"https:\\\/\\\/apymeco.netrotec.com\\\/?s={search_term_string}\"},\"query-input\":{\"@type\":\"PropertyValueSpecification\",\"valueRequired\":true,\"valueName\":\"search_term_string\"}}],\"inLanguage\":\"en-GB\"},{\"@type\":\"Organization\",\"@id\":\"https:\\\/\\\/apymeco.netrotec.com\\\/#organization\",\"name\":\"APYMECO Torrevieja\",\"url\":\"https:\\\/\\\/apymeco.netrotec.com\\\/\",\"logo\":{\"@type\":\"ImageObject\",\"inLanguage\":\"en-GB\",\"@id\":\"https:\\\/\\\/apymeco.netrotec.com\\\/#\\\/schema\\\/logo\\\/image\\\/\",\"url\":\"https:\\\/\\\/apymeco.netrotec.com\\\/wp-content\\\/uploads\\\/2026\\\/06\\\/logo-blanco.png\",\"contentUrl\":\"https:\\\/\\\/apymeco.netrotec.com\\\/wp-content\\\/uploads\\\/2026\\\/06\\\/logo-blanco.png\",\"width\":1107,\"height\":444,\"caption\":\"APYMECO Torrevieja\"},\"image\":{\"@id\":\"https:\\\/\\\/apymeco.netrotec.com\\\/#\\\/schema\\\/logo\\\/image\\\/\"}},{\"@type\":\"Person\",\"@id\":\"https:\\\/\\\/apymeco.netrotec.com\\\/#\\\/schema\\\/person\\\/58f3bb0f5e04e2b6067d17d05470d2dd\",\"name\":\"Apymeco\",\"url\":\"https:\\\/\\\/apymeco.netrotec.com\\\/en\\\/author\\\/apymeco\\\/\"}]}<\/script>\n<!-- \/ Yoast SEO Premium plugin. -->","yoast_head_json":{"title":"APYMECO y Banco Sabadell firman un acuerdo para impulsar el comercio local de Torrevieja - APYMECO Torrevieja","robots":{"index":"index","follow":"follow","max-snippet":"max-snippet:-1","max-image-preview":"max-image-preview:large","max-video-preview":"max-video-preview:-1"},"canonical":"https:\/\/apymeco.netrotec.com\/en\/apymeco-y-banco-sabadell-firman-un-acuerdo-para-impulsar-el-comercio-local-de-torrevieja\/","og_locale":"en_GB","og_type":"article","og_title":"APYMECO y Banco Sabadell firman un acuerdo para impulsar el comercio local de Torrevieja","og_description":"Torrevieja, 5 de marzo de 2026 &nbsp; La Asociaci\u00f3n de Peque\u00f1os y Medianos Comerciantes de Torrevieja (APYMECO) y Banco Sabadell [&hellip;]","og_url":"https:\/\/apymeco.netrotec.com\/en\/apymeco-y-banco-sabadell-firman-un-acuerdo-para-impulsar-el-comercio-local-de-torrevieja\/","og_site_name":"APYMECO Torrevieja","article_published_time":"2026-03-05T10:36:20+00:00","og_image":[{"width":1041,"height":1362,"url":"https:\/\/apymeco.netrotec.com\/wp-content\/uploads\/2026\/03\/convenio-4-marzo-26-ok.jpeg","type":"image\/jpeg"}],"author":"Apymeco","twitter_card":"summary_large_image","twitter_misc":{"Written by":"Apymeco","Estimated reading time":"3 minutes"},"schema":{"@context":"https:\/\/schema.org","@graph":[{"@type":"Article","@id":"https:\/\/apymeco.netrotec.com\/apymeco-y-banco-sabadell-firman-un-acuerdo-para-impulsar-el-comercio-local-de-torrevieja\/#article","isPartOf":{"@id":"https:\/\/apymeco.netrotec.com\/apymeco-y-banco-sabadell-firman-un-acuerdo-para-impulsar-el-comercio-local-de-torrevieja\/"},"author":{"name":"Apymeco","@id":"https:\/\/apymeco.netrotec.com\/#\/schema\/person\/58f3bb0f5e04e2b6067d17d05470d2dd"},"headline":"APYMECO y Banco Sabadell firman un acuerdo para impulsar el comercio local de Torrevieja","datePublished":"2026-03-05T10:36:20+00:00","mainEntityOfPage":{"@id":"https:\/\/apymeco.netrotec.com\/apymeco-y-banco-sabadell-firman-un-acuerdo-para-impulsar-el-comercio-local-de-torrevieja\/"},"wordCount":581,"commentCount":0,"publisher":{"@id":"https:\/\/apymeco.netrotec.com\/#organization"},"image":{"@id":"https:\/\/apymeco.netrotec.com\/apymeco-y-banco-sabadell-firman-un-acuerdo-para-impulsar-el-comercio-local-de-torrevieja\/#primaryimage"},"thumbnailUrl":"https:\/\/apymeco.netrotec.com\/wp-content\/uploads\/2026\/03\/convenio-4-marzo-26-ok.jpeg","articleSection":["Informaci\u00f3n","Notas de Prensa"],"inLanguage":"en-GB","potentialAction":[{"@type":"CommentAction","name":"Comment","target":["https:\/\/apymeco.netrotec.com\/apymeco-y-banco-sabadell-firman-un-acuerdo-para-impulsar-el-comercio-local-de-torrevieja\/#respond"]}]},{"@type":"WebPage","@id":"https:\/\/apymeco.netrotec.com\/apymeco-y-banco-sabadell-firman-un-acuerdo-para-impulsar-el-comercio-local-de-torrevieja\/","url":"https:\/\/apymeco.netrotec.com\/apymeco-y-banco-sabadell-firman-un-acuerdo-para-impulsar-el-comercio-local-de-torrevieja\/","name":"APYMECO y Banco Sabadell firman un acuerdo para impulsar el comercio local de Torrevieja - APYMECO Torrevieja","isPartOf":{"@id":"https:\/\/apymeco.netrotec.com\/#website"},"primaryImageOfPage":{"@id":"https:\/\/apymeco.netrotec.com\/apymeco-y-banco-sabadell-firman-un-acuerdo-para-impulsar-el-comercio-local-de-torrevieja\/#primaryimage"},"image":{"@id":"https:\/\/apymeco.netrotec.com\/apymeco-y-banco-sabadell-firman-un-acuerdo-para-impulsar-el-comercio-local-de-torrevieja\/#primaryimage"},"thumbnailUrl":"https:\/\/apymeco.netrotec.com\/wp-content\/uploads\/2026\/03\/convenio-4-marzo-26-ok.jpeg","datePublished":"2026-03-05T10:36:20+00:00","breadcrumb":{"@id":"https:\/\/apymeco.netrotec.com\/apymeco-y-banco-sabadell-firman-un-acuerdo-para-impulsar-el-comercio-local-de-torrevieja\/#breadcrumb"},"inLanguage":"en-GB","potentialAction":[{"@type":"ReadAction","target":["https:\/\/apymeco.netrotec.com\/apymeco-y-banco-sabadell-firman-un-acuerdo-para-impulsar-el-comercio-local-de-torrevieja\/"]}]},{"@type":"ImageObject","inLanguage":"en-GB","@id":"https:\/\/apymeco.netrotec.com\/apymeco-y-banco-sabadell-firman-un-acuerdo-para-impulsar-el-comercio-local-de-torrevieja\/#primaryimage","url":"https:\/\/apymeco.netrotec.com\/wp-content\/uploads\/2026\/03\/convenio-4-marzo-26-ok.jpeg","contentUrl":"https:\/\/apymeco.netrotec.com\/wp-content\/uploads\/2026\/03\/convenio-4-marzo-26-ok.jpeg","width":1041,"height":1362},{"@type":"BreadcrumbList","@id":"https:\/\/apymeco.netrotec.com\/apymeco-y-banco-sabadell-firman-un-acuerdo-para-impulsar-el-comercio-local-de-torrevieja\/#breadcrumb","itemListElement":[{"@type":"ListItem","position":1,"name":"Portada","item":"https:\/\/apymeco.netrotec.com\/"},{"@type":"ListItem","position":2,"name":"APYMECO y Banco Sabadell firman un acuerdo para impulsar el comercio local de Torrevieja"}]},{"@type":"WebSite","@id":"https:\/\/apymeco.netrotec.com\/#website","url":"https:\/\/apymeco.netrotec.com\/","name":"APYMECO Torrevieja","description":"","publisher":{"@id":"https:\/\/apymeco.netrotec.com\/#organization"},"potentialAction":[{"@type":"SearchAction","target":{"@type":"EntryPoint","urlTemplate":"https:\/\/apymeco.netrotec.com\/?s={search_term_string}"},"query-input":{"@type":"PropertyValueSpecification","valueRequired":true,"valueName":"search_term_string"}}],"inLanguage":"en-GB"},{"@type":"Organization","@id":"https:\/\/apymeco.netrotec.com\/#organization","name":"APYMECO Torrevieja","url":"https:\/\/apymeco.netrotec.com\/","logo":{"@type":"ImageObject","inLanguage":"en-GB","@id":"https:\/\/apymeco.netrotec.com\/#\/schema\/logo\/image\/","url":"https:\/\/apymeco.netrotec.com\/wp-content\/uploads\/2026\/06\/logo-blanco.png","contentUrl":"https:\/\/apymeco.netrotec.com\/wp-content\/uploads\/2026\/06\/logo-blanco.png","width":1107,"height":444,"caption":"APYMECO Torrevieja"},"image":{"@id":"https:\/\/apymeco.netrotec.com\/#\/schema\/logo\/image\/"}},{"@type":"Person","@id":"https:\/\/apymeco.netrotec.com\/#\/schema\/person\/58f3bb0f5e04e2b6067d17d05470d2dd","name":"Apymeco","url":"https:\/\/apymeco.netrotec.com\/en\/author\/apymeco\/"}]}},"_links":{"self":[{"href":"https:\/\/apymeco.netrotec.com\/en\/wp-json\/wp\/v2\/posts\/8356","targetHints":{"allow":["GET"]}}],"collection":[{"href":"https:\/\/apymeco.netrotec.com\/en\/wp-json\/wp\/v2\/posts"}],"about":[{"href":"https:\/\/apymeco.netrotec.com\/en\/wp-json\/wp\/v2\/types\/post"}],"author":[{"embeddable":true,"href":"https:\/\/apymeco.netrotec.com\/en\/wp-json\/wp\/v2\/users\/2"}],"replies":[{"embeddable":true,"href":"https:\/\/apymeco.netrotec.com\/en\/wp-json\/wp\/v2\/comments?post=8356"}],"version-history":[{"count":0,"href":"https:\/\/apymeco.netrotec.com\/en\/wp-json\/wp\/v2\/posts\/8356\/revisions"}],"wp:featuredmedia":[{"embeddable":true,"href":"https:\/\/apymeco.netrotec.com\/en\/wp-json\/wp\/v2\/media\/8358"}],"wp:attachment":[{"href":"https:\/\/apymeco.netrotec.com\/en\/wp-json\/wp\/v2\/media?parent=8356"}],"wp:term":[{"taxonomy":"category","embeddable":true,"href":"https:\/\/apymeco.netrotec.com\/en\/wp-json\/wp\/v2\/categories?post=8356"},{"taxonomy":"post_tag","embeddable":true,"href":"https:\/\/apymeco.netrotec.com\/en\/wp-json\/wp\/v2\/tags?post=8356"}],"curies":[{"name":"wp","href":"https:\/\/api.w.org\/{rel}","templated":true}]}}