{"id":8389,"date":"2026-06-09T09:12:36","date_gmt":"2026-06-09T08:12:36","guid":{"rendered":"https:\/\/www.apymeco.info\/?p=8389"},"modified":"2026-06-09T09:12:36","modified_gmt":"2026-06-09T08:12:36","slug":"gala-del-comercio-en-torrevieja-weekend-2026","status":"publish","type":"post","link":"https:\/\/apymeco.netrotec.com\/en\/gala-del-comercio-en-torrevieja-weekend-2026\/","title":{"rendered":"Gala del Comercio en Torrevieja Weekend 2026"},"content":{"rendered":"<p>En el marco de la 5ta edici\u00f3n del desfile <em><strong>\u201cTorrevieja Weekend\u201d<\/strong><\/em> celebrado el pasado s\u00e1bado 6 de junio, desde la ASOCIACI\u00d3N DE PEQUE\u00d1OS Y MEDIANOS COMERCIANTES DE TORREVIEJA \u2013 APYMECO, representante de un sector amplio y variado de asociados, se quiso reconocer la labor de aquellas personas y empresas que, sin desfilar bajo los focos, llevan a\u00f1os siendo ejemplo de esfuerzo, constancia y compromiso con nuestra ciudad as\u00ed como el \u00a0amor por su profesi\u00f3n.<\/p>\n<p>Para la entrega de los reconocimientos contamos con la presentaci\u00f3n de Daniela Momo y Eduardo Navarrete, acompa\u00f1ados de parte de la Junta Directiva de Apymeco, Jorge Almarcha, Pedro Andr\u00e9s Garc\u00eda y Francisco Corrochano, el Alcalde de Torrevieja Eduardo Dolon y la concejala de Comercio y vicealcaldesa Rosario Mart\u00ednez Chazarra.<\/p>\n<p>Los premiados han sido:<\/p>\n<ul>\n<li>NAUTICAS MARTINEZ, con mas de 40 a\u00f1os siendo especialistas en el sector n\u00e1utico.<\/li>\n<li>BRICOLAJE BALLESTER, ferreter\u00eda que abri\u00f3 sus puertas en el a\u00f1o 1990.<\/li>\n<li>FARMACIA TORREVIEJA 24H, por su labor social dentro y fuera de sus instalaciones, realizando talleres, asesoramiento y charlas a las entidades y ONG locales que lo necesitan.<\/li>\n<li>PANADERIA MIGUEL HERNANDEZ, emblem\u00e1tica panader\u00eda familiar que abri\u00f3 sus puertas en 1970<\/li>\n<li>PAPELERIA ALZABARAN, que abri\u00f3 sus puertas hace 27 a\u00f1os para ofrecer a sus clientes art\u00edculos de papeler\u00eda y material de oficina en general.<\/li>\n<li>IMAGEN FOTO, mas de 40 a\u00f1os ofreciendo material fotogr\u00e1fico, revelado profesional y servicio fotogr\u00e1fico de estudio.<\/li>\n<li>CLINICA DENTAL DR. GERMAN SANDOVAL, ofreciendo su profesionalidad y tecnolog\u00eda para ayudarte a recuperar tu calidad de vida y tu sonrisa.<\/li>\n<li>FLORISTERIA CARMINA, con sus flores siempre inspirando y decorando infinidad de eventos y por supuesto nuestra calle Ramon Gallud, convirtiendo su puerta en el photocall m\u00e1s fotografiado.<\/li>\n<\/ul>\n<p>\u00a0<\/p>\n<p>Enhorabuena a todos los premiados<\/p>\n\n<p>\u00a0<\/p>","protected":false},"excerpt":{"rendered":"<p>En el marco de la 5ta edici\u00f3n del desfile \u201cTorrevieja Weekend\u201d celebrado el pasado s\u00e1bado 6 de junio, desde la [&hellip;]<\/p>\n","protected":false},"author":2,"featured_media":8402,"comment_status":"open","ping_status":"open","sticky":false,"template":"","format":"standard","meta":{"site-sidebar-layout":"default","site-content-layout":"","ast-site-content-layout":"default","site-content-style":"default","site-sidebar-style":"default","ast-global-header-display":"","ast-banner-title-visibility":"","ast-main-header-display":"","ast-hfb-above-header-display":"","ast-hfb-below-header-display":"","ast-hfb-mobile-header-display":"","site-post-title":"","ast-breadcrumbs-content":"","ast-featured-img":"","footer-sml-layout":"","ast-disable-related-posts":"","theme-transparent-header-meta":"","adv-header-id-meta":"","stick-header-meta":"","header-above-stick-meta":"","header-main-stick-meta":"","header-below-stick-meta":"","astra-migrate-meta-layouts":"default","ast-page-background-enabled":"default","ast-page-background-meta":{"desktop":{"background-color":"var(--ast-global-color-5)","background-image":"","background-repeat":"repeat","background-position":"center center","background-size":"auto","background-attachment":"scroll","background-type":"","background-media":"","overlay-type":"","overlay-color":"","overlay-opacity":"","overlay-gradient":""},"tablet":{"background-color":"","background-image":"","background-repeat":"repeat","background-position":"center center","background-size":"auto","background-attachment":"scroll","background-type":"","background-media":"","overlay-type":"","overlay-color":"","overlay-opacity":"","overlay-gradient":""},"mobile":{"background-color":"","background-image":"","background-repeat":"repeat","background-position":"center center","background-size":"auto","background-attachment":"scroll","background-type":"","background-media":"","overlay-type":"","overlay-color":"","overlay-opacity":"","overlay-gradient":""}},"ast-content-background-meta":{"desktop":{"background-color":"var(--ast-global-color-4)","background-image":"","background-repeat":"repeat","background-position":"center center","background-size":"auto","background-attachment":"scroll","background-type":"","background-media":"","overlay-type":"","overlay-color":"","overlay-opacity":"","overlay-gradient":""},"tablet":{"background-color":"var(--ast-global-color-4)","background-image":"","background-repeat":"repeat","background-position":"center center","background-size":"auto","background-attachment":"scroll","background-type":"","background-media":"","overlay-type":"","overlay-color":"","overlay-opacity":"","overlay-gradient":""},"mobile":{"background-color":"var(--ast-global-color-4)","background-image":"","background-repeat":"repeat","background-position":"center center","background-size":"auto","background-attachment":"scroll","background-type":"","background-media":"","overlay-type":"","overlay-color":"","overlay-opacity":"","overlay-gradient":""}},"footnotes":""},"categories":[526,521,722,724],"tags":[723,725],"class_list":["post-8389","post","type-post","status-publish","format-standard","has-post-thumbnail","hentry","category-eventos","category-junta-directiva","category-premios","category-reconocimientos","tag-premios-apymeco-26","tag-torrevieja-weekend-26"],"yoast_head":"<!-- This site is optimized with the Yoast SEO Premium plugin v27.7 (Yoast SEO v27.8) - https:\/\/yoast.com\/product\/yoast-seo-premium-wordpress\/ -->\n<title>Gala del Comercio en Torrevieja Weekend 2026 - APYMECO Torrevieja<\/title>\n<meta name=\"robots\" content=\"index, follow, max-snippet:-1, max-image-preview:large, max-video-preview:-1\" \/>\n<link rel=\"canonical\" href=\"https:\/\/apymeco.netrotec.com\/en\/gala-del-comercio-en-torrevieja-weekend-2026\/\" \/>\n<meta property=\"og:locale\" content=\"en_GB\" \/>\n<meta property=\"og:type\" content=\"article\" \/>\n<meta property=\"og:title\" content=\"Gala del Comercio en Torrevieja Weekend 2026\" \/>\n<meta property=\"og:description\" content=\"En el marco de la 5ta edici\u00f3n del desfile \u201cTorrevieja Weekend\u201d celebrado el pasado s\u00e1bado 6 de junio, desde la [&hellip;]\" \/>\n<meta property=\"og:url\" content=\"https:\/\/apymeco.netrotec.com\/en\/gala-del-comercio-en-torrevieja-weekend-2026\/\" \/>\n<meta property=\"og:site_name\" content=\"APYMECO Torrevieja\" \/>\n<meta property=\"article:published_time\" content=\"2026-06-09T08:12:36+00:00\" \/>\n<meta property=\"og:image\" content=\"https:\/\/apymeco.netrotec.com\/wp-content\/uploads\/2026\/06\/Diseno-sin-titulo-1.png\" \/>\n\t<meta property=\"og:image:width\" content=\"851\" \/>\n\t<meta property=\"og:image:height\" content=\"315\" \/>\n\t<meta property=\"og:image:type\" content=\"image\/png\" \/>\n<meta name=\"author\" content=\"Apymeco\" \/>\n<meta name=\"twitter:card\" content=\"summary_large_image\" \/>\n<meta name=\"twitter:label1\" content=\"Written by\" \/>\n\t<meta name=\"twitter:data1\" content=\"Apymeco\" \/>\n\t<meta name=\"twitter:label2\" content=\"Estimated reading time\" \/>\n\t<meta name=\"twitter:data2\" content=\"2 minutes\" \/>\n<script type=\"application\/ld+json\" class=\"yoast-schema-graph\">{\"@context\":\"https:\\\/\\\/schema.org\",\"@graph\":[{\"@type\":\"Article\",\"@id\":\"https:\\\/\\\/apymeco.netrotec.com\\\/gala-del-comercio-en-torrevieja-weekend-2026\\\/#article\",\"isPartOf\":{\"@id\":\"https:\\\/\\\/apymeco.netrotec.com\\\/gala-del-comercio-en-torrevieja-weekend-2026\\\/\"},\"author\":{\"name\":\"Apymeco\",\"@id\":\"https:\\\/\\\/apymeco.netrotec.com\\\/#\\\/schema\\\/person\\\/58f3bb0f5e04e2b6067d17d05470d2dd\"},\"headline\":\"Gala del Comercio en Torrevieja Weekend 2026\",\"datePublished\":\"2026-06-09T08:12:36+00:00\",\"mainEntityOfPage\":{\"@id\":\"https:\\\/\\\/apymeco.netrotec.com\\\/gala-del-comercio-en-torrevieja-weekend-2026\\\/\"},\"wordCount\":324,\"commentCount\":0,\"publisher\":{\"@id\":\"https:\\\/\\\/apymeco.netrotec.com\\\/#organization\"},\"image\":{\"@id\":\"https:\\\/\\\/apymeco.netrotec.com\\\/gala-del-comercio-en-torrevieja-weekend-2026\\\/#primaryimage\"},\"thumbnailUrl\":\"https:\\\/\\\/apymeco.netrotec.com\\\/wp-content\\\/uploads\\\/2026\\\/06\\\/Diseno-sin-titulo-1.png\",\"keywords\":[\"premios apymeco 26\",\"torrevieja weekend 26\"],\"articleSection\":[\"Eventos\",\"Junta directiva\",\"Premios\",\"Reconocimientos\"],\"inLanguage\":\"en-GB\",\"potentialAction\":[{\"@type\":\"CommentAction\",\"name\":\"Comment\",\"target\":[\"https:\\\/\\\/apymeco.netrotec.com\\\/gala-del-comercio-en-torrevieja-weekend-2026\\\/#respond\"]}]},{\"@type\":\"WebPage\",\"@id\":\"https:\\\/\\\/apymeco.netrotec.com\\\/gala-del-comercio-en-torrevieja-weekend-2026\\\/\",\"url\":\"https:\\\/\\\/apymeco.netrotec.com\\\/gala-del-comercio-en-torrevieja-weekend-2026\\\/\",\"name\":\"Gala del Comercio en Torrevieja Weekend 2026 - APYMECO Torrevieja\",\"isPartOf\":{\"@id\":\"https:\\\/\\\/apymeco.netrotec.com\\\/#website\"},\"primaryImageOfPage\":{\"@id\":\"https:\\\/\\\/apymeco.netrotec.com\\\/gala-del-comercio-en-torrevieja-weekend-2026\\\/#primaryimage\"},\"image\":{\"@id\":\"https:\\\/\\\/apymeco.netrotec.com\\\/gala-del-comercio-en-torrevieja-weekend-2026\\\/#primaryimage\"},\"thumbnailUrl\":\"https:\\\/\\\/apymeco.netrotec.com\\\/wp-content\\\/uploads\\\/2026\\\/06\\\/Diseno-sin-titulo-1.png\",\"datePublished\":\"2026-06-09T08:12:36+00:00\",\"breadcrumb\":{\"@id\":\"https:\\\/\\\/apymeco.netrotec.com\\\/gala-del-comercio-en-torrevieja-weekend-2026\\\/#breadcrumb\"},\"inLanguage\":\"en-GB\",\"potentialAction\":[{\"@type\":\"ReadAction\",\"target\":[\"https:\\\/\\\/apymeco.netrotec.com\\\/gala-del-comercio-en-torrevieja-weekend-2026\\\/\"]}]},{\"@type\":\"ImageObject\",\"inLanguage\":\"en-GB\",\"@id\":\"https:\\\/\\\/apymeco.netrotec.com\\\/gala-del-comercio-en-torrevieja-weekend-2026\\\/#primaryimage\",\"url\":\"https:\\\/\\\/apymeco.netrotec.com\\\/wp-content\\\/uploads\\\/2026\\\/06\\\/Diseno-sin-titulo-1.png\",\"contentUrl\":\"https:\\\/\\\/apymeco.netrotec.com\\\/wp-content\\\/uploads\\\/2026\\\/06\\\/Diseno-sin-titulo-1.png\",\"width\":851,\"height\":315},{\"@type\":\"BreadcrumbList\",\"@id\":\"https:\\\/\\\/apymeco.netrotec.com\\\/gala-del-comercio-en-torrevieja-weekend-2026\\\/#breadcrumb\",\"itemListElement\":[{\"@type\":\"ListItem\",\"position\":1,\"name\":\"Portada\",\"item\":\"https:\\\/\\\/apymeco.netrotec.com\\\/\"},{\"@type\":\"ListItem\",\"position\":2,\"name\":\"Gala del Comercio en Torrevieja Weekend 2026\"}]},{\"@type\":\"WebSite\",\"@id\":\"https:\\\/\\\/apymeco.netrotec.com\\\/#website\",\"url\":\"https:\\\/\\\/apymeco.netrotec.com\\\/\",\"name\":\"APYMECO Torrevieja\",\"description\":\"\",\"publisher\":{\"@id\":\"https:\\\/\\\/apymeco.netrotec.com\\\/#organization\"},\"potentialAction\":[{\"@type\":\"SearchAction\",\"target\":{\"@type\":\"EntryPoint\",\"urlTemplate\":\"https:\\\/\\\/apymeco.netrotec.com\\\/?s={search_term_string}\"},\"query-input\":{\"@type\":\"PropertyValueSpecification\",\"valueRequired\":true,\"valueName\":\"search_term_string\"}}],\"inLanguage\":\"en-GB\"},{\"@type\":\"Organization\",\"@id\":\"https:\\\/\\\/apymeco.netrotec.com\\\/#organization\",\"name\":\"APYMECO Torrevieja\",\"url\":\"https:\\\/\\\/apymeco.netrotec.com\\\/\",\"logo\":{\"@type\":\"ImageObject\",\"inLanguage\":\"en-GB\",\"@id\":\"https:\\\/\\\/apymeco.netrotec.com\\\/#\\\/schema\\\/logo\\\/image\\\/\",\"url\":\"https:\\\/\\\/apymeco.netrotec.com\\\/wp-content\\\/uploads\\\/2026\\\/06\\\/logo-blanco.png\",\"contentUrl\":\"https:\\\/\\\/apymeco.netrotec.com\\\/wp-content\\\/uploads\\\/2026\\\/06\\\/logo-blanco.png\",\"width\":1107,\"height\":444,\"caption\":\"APYMECO Torrevieja\"},\"image\":{\"@id\":\"https:\\\/\\\/apymeco.netrotec.com\\\/#\\\/schema\\\/logo\\\/image\\\/\"}},{\"@type\":\"Person\",\"@id\":\"https:\\\/\\\/apymeco.netrotec.com\\\/#\\\/schema\\\/person\\\/58f3bb0f5e04e2b6067d17d05470d2dd\",\"name\":\"Apymeco\",\"url\":\"https:\\\/\\\/apymeco.netrotec.com\\\/en\\\/author\\\/apymeco\\\/\"}]}<\/script>\n<!-- \/ Yoast SEO Premium plugin. -->","yoast_head_json":{"title":"Gala del Comercio en Torrevieja Weekend 2026 - APYMECO Torrevieja","robots":{"index":"index","follow":"follow","max-snippet":"max-snippet:-1","max-image-preview":"max-image-preview:large","max-video-preview":"max-video-preview:-1"},"canonical":"https:\/\/apymeco.netrotec.com\/en\/gala-del-comercio-en-torrevieja-weekend-2026\/","og_locale":"en_GB","og_type":"article","og_title":"Gala del Comercio en Torrevieja Weekend 2026","og_description":"En el marco de la 5ta edici\u00f3n del desfile \u201cTorrevieja Weekend\u201d celebrado el pasado s\u00e1bado 6 de junio, desde la [&hellip;]","og_url":"https:\/\/apymeco.netrotec.com\/en\/gala-del-comercio-en-torrevieja-weekend-2026\/","og_site_name":"APYMECO Torrevieja","article_published_time":"2026-06-09T08:12:36+00:00","og_image":[{"width":851,"height":315,"url":"https:\/\/apymeco.netrotec.com\/wp-content\/uploads\/2026\/06\/Diseno-sin-titulo-1.png","type":"image\/png"}],"author":"Apymeco","twitter_card":"summary_large_image","twitter_misc":{"Written by":"Apymeco","Estimated reading time":"2 minutes"},"schema":{"@context":"https:\/\/schema.org","@graph":[{"@type":"Article","@id":"https:\/\/apymeco.netrotec.com\/gala-del-comercio-en-torrevieja-weekend-2026\/#article","isPartOf":{"@id":"https:\/\/apymeco.netrotec.com\/gala-del-comercio-en-torrevieja-weekend-2026\/"},"author":{"name":"Apymeco","@id":"https:\/\/apymeco.netrotec.com\/#\/schema\/person\/58f3bb0f5e04e2b6067d17d05470d2dd"},"headline":"Gala del Comercio en Torrevieja Weekend 2026","datePublished":"2026-06-09T08:12:36+00:00","mainEntityOfPage":{"@id":"https:\/\/apymeco.netrotec.com\/gala-del-comercio-en-torrevieja-weekend-2026\/"},"wordCount":324,"commentCount":0,"publisher":{"@id":"https:\/\/apymeco.netrotec.com\/#organization"},"image":{"@id":"https:\/\/apymeco.netrotec.com\/gala-del-comercio-en-torrevieja-weekend-2026\/#primaryimage"},"thumbnailUrl":"https:\/\/apymeco.netrotec.com\/wp-content\/uploads\/2026\/06\/Diseno-sin-titulo-1.png","keywords":["premios apymeco 26","torrevieja weekend 26"],"articleSection":["Eventos","Junta directiva","Premios","Reconocimientos"],"inLanguage":"en-GB","potentialAction":[{"@type":"CommentAction","name":"Comment","target":["https:\/\/apymeco.netrotec.com\/gala-del-comercio-en-torrevieja-weekend-2026\/#respond"]}]},{"@type":"WebPage","@id":"https:\/\/apymeco.netrotec.com\/gala-del-comercio-en-torrevieja-weekend-2026\/","url":"https:\/\/apymeco.netrotec.com\/gala-del-comercio-en-torrevieja-weekend-2026\/","name":"Gala del Comercio en Torrevieja Weekend 2026 - APYMECO Torrevieja","isPartOf":{"@id":"https:\/\/apymeco.netrotec.com\/#website"},"primaryImageOfPage":{"@id":"https:\/\/apymeco.netrotec.com\/gala-del-comercio-en-torrevieja-weekend-2026\/#primaryimage"},"image":{"@id":"https:\/\/apymeco.netrotec.com\/gala-del-comercio-en-torrevieja-weekend-2026\/#primaryimage"},"thumbnailUrl":"https:\/\/apymeco.netrotec.com\/wp-content\/uploads\/2026\/06\/Diseno-sin-titulo-1.png","datePublished":"2026-06-09T08:12:36+00:00","breadcrumb":{"@id":"https:\/\/apymeco.netrotec.com\/gala-del-comercio-en-torrevieja-weekend-2026\/#breadcrumb"},"inLanguage":"en-GB","potentialAction":[{"@type":"ReadAction","target":["https:\/\/apymeco.netrotec.com\/gala-del-comercio-en-torrevieja-weekend-2026\/"]}]},{"@type":"ImageObject","inLanguage":"en-GB","@id":"https:\/\/apymeco.netrotec.com\/gala-del-comercio-en-torrevieja-weekend-2026\/#primaryimage","url":"https:\/\/apymeco.netrotec.com\/wp-content\/uploads\/2026\/06\/Diseno-sin-titulo-1.png","contentUrl":"https:\/\/apymeco.netrotec.com\/wp-content\/uploads\/2026\/06\/Diseno-sin-titulo-1.png","width":851,"height":315},{"@type":"BreadcrumbList","@id":"https:\/\/apymeco.netrotec.com\/gala-del-comercio-en-torrevieja-weekend-2026\/#breadcrumb","itemListElement":[{"@type":"ListItem","position":1,"name":"Portada","item":"https:\/\/apymeco.netrotec.com\/"},{"@type":"ListItem","position":2,"name":"Gala del Comercio en Torrevieja Weekend 2026"}]},{"@type":"WebSite","@id":"https:\/\/apymeco.netrotec.com\/#website","url":"https:\/\/apymeco.netrotec.com\/","name":"APYMECO Torrevieja","description":"","publisher":{"@id":"https:\/\/apymeco.netrotec.com\/#organization"},"potentialAction":[{"@type":"SearchAction","target":{"@type":"EntryPoint","urlTemplate":"https:\/\/apymeco.netrotec.com\/?s={search_term_string}"},"query-input":{"@type":"PropertyValueSpecification","valueRequired":true,"valueName":"search_term_string"}}],"inLanguage":"en-GB"},{"@type":"Organization","@id":"https:\/\/apymeco.netrotec.com\/#organization","name":"APYMECO Torrevieja","url":"https:\/\/apymeco.netrotec.com\/","logo":{"@type":"ImageObject","inLanguage":"en-GB","@id":"https:\/\/apymeco.netrotec.com\/#\/schema\/logo\/image\/","url":"https:\/\/apymeco.netrotec.com\/wp-content\/uploads\/2026\/06\/logo-blanco.png","contentUrl":"https:\/\/apymeco.netrotec.com\/wp-content\/uploads\/2026\/06\/logo-blanco.png","width":1107,"height":444,"caption":"APYMECO Torrevieja"},"image":{"@id":"https:\/\/apymeco.netrotec.com\/#\/schema\/logo\/image\/"}},{"@type":"Person","@id":"https:\/\/apymeco.netrotec.com\/#\/schema\/person\/58f3bb0f5e04e2b6067d17d05470d2dd","name":"Apymeco","url":"https:\/\/apymeco.netrotec.com\/en\/author\/apymeco\/"}]}},"_links":{"self":[{"href":"https:\/\/apymeco.netrotec.com\/en\/wp-json\/wp\/v2\/posts\/8389","targetHints":{"allow":["GET"]}}],"collection":[{"href":"https:\/\/apymeco.netrotec.com\/en\/wp-json\/wp\/v2\/posts"}],"about":[{"href":"https:\/\/apymeco.netrotec.com\/en\/wp-json\/wp\/v2\/types\/post"}],"author":[{"embeddable":true,"href":"https:\/\/apymeco.netrotec.com\/en\/wp-json\/wp\/v2\/users\/2"}],"replies":[{"embeddable":true,"href":"https:\/\/apymeco.netrotec.com\/en\/wp-json\/wp\/v2\/comments?post=8389"}],"version-history":[{"count":0,"href":"https:\/\/apymeco.netrotec.com\/en\/wp-json\/wp\/v2\/posts\/8389\/revisions"}],"wp:featuredmedia":[{"embeddable":true,"href":"https:\/\/apymeco.netrotec.com\/en\/wp-json\/wp\/v2\/media\/8402"}],"wp:attachment":[{"href":"https:\/\/apymeco.netrotec.com\/en\/wp-json\/wp\/v2\/media?parent=8389"}],"wp:term":[{"taxonomy":"category","embeddable":true,"href":"https:\/\/apymeco.netrotec.com\/en\/wp-json\/wp\/v2\/categories?post=8389"},{"taxonomy":"post_tag","embeddable":true,"href":"https:\/\/apymeco.netrotec.com\/en\/wp-json\/wp\/v2\/tags?post=8389"}],"curies":[{"name":"wp","href":"https:\/\/api.w.org\/{rel}","templated":true}]}}