{"id":5654,"date":"2020-02-04T15:44:56","date_gmt":"2020-02-04T14:44:56","guid":{"rendered":"https:\/\/www.apymeco.info\/?p=5654"},"modified":"2020-02-04T15:44:56","modified_gmt":"2020-02-04T14:44:56","slug":"apymeco-y-el-ayuntamiento-de-torrevieja-presentan-la-campana-comercial-para-san-valentin","status":"publish","type":"post","link":"https:\/\/apymeco.netrotec.com\/es\/apymeco-y-el-ayuntamiento-de-torrevieja-presentan-la-campana-comercial-para-san-valentin\/","title":{"rendered":"APYMECO y el Ayuntamiento de Torrevieja presentan la campa\u00f1a comercial para San Valent\u00edn"},"content":{"rendered":"<p>El nuevo presidente de la Asociaci\u00f3n de Peque\u00f1os y Medianos Comerciantes (APYMECO), Jorge Almarcha y la concejal de Comercio, Rosario Mart\u00ednez Chazarra, han presentado en la ma\u00f1ana de hoy la campa\u00f1a que con motivo de San Valent\u00edn han organizado conjuntamente, bajo el lema \u00abMi comercio me enamora\u00bb. Una campa\u00f1a que pretende dinamizar el comercio local durante estas fechas tan se\u00f1aladas y que dar\u00e1 comienzo el pr\u00f3ximo viernes, 7 de febrero, y finalizar\u00e1 el 14 de febrero, coincidiendo con el D\u00eda de San Valent\u00edn.<\/p>\n<p>Para esta campa\u00f1a se instalar\u00e1 en el local ubicado en la calle Chapaprieta, esquina del Mercado Central La Plasa (antigua Oficina de Informaci\u00f3n al Consumidor), un Punto Regalo, desde el d\u00eda 7 al 14 de febrero, en el cual, en horario comercial, se envolver\u00e1n en papel de regalo aquellos art\u00edculos comprados en el comercio local, de forma gratuita. Tambi\u00e9n existir\u00e1 un photocall para realizar fotograf\u00edas y existir\u00e1 un buz\u00f3n para poder depositar los tickets de compra y entrar en el concurso que organiza APYMECO, consistente en un fin de semana rom\u00e1ntico en el Hotel Do\u00f1a Monse, y que se sortear\u00e1 el viernes14 de febrero.<\/p>\n","protected":false},"excerpt":{"rendered":"<p>El nuevo presidente de la Asociaci\u00f3n de Peque\u00f1os y Medianos Comerciantes (APYMECO), Jorge Almarcha y la concejal de Comercio, Rosario [&hellip;]<\/p>\n","protected":false},"author":2,"featured_media":5656,"comment_status":"open","ping_status":"open","sticky":false,"template":"","format":"standard","meta":{"site-sidebar-layout":"default","site-content-layout":"","ast-site-content-layout":"default","site-content-style":"default","site-sidebar-style":"default","ast-global-header-display":"","ast-banner-title-visibility":"","ast-main-header-display":"","ast-hfb-above-header-display":"","ast-hfb-below-header-display":"","ast-hfb-mobile-header-display":"","site-post-title":"","ast-breadcrumbs-content":"","ast-featured-img":"","footer-sml-layout":"","ast-disable-related-posts":"","theme-transparent-header-meta":"","adv-header-id-meta":"","stick-header-meta":"","header-above-stick-meta":"","header-main-stick-meta":"","header-below-stick-meta":"","astra-migrate-meta-layouts":"default","ast-page-background-enabled":"default","ast-page-background-meta":{"desktop":{"background-color":"var(--ast-global-color-5)","background-image":"","background-repeat":"repeat","background-position":"center center","background-size":"auto","background-attachment":"scroll","background-type":"","background-media":"","overlay-type":"","overlay-color":"","overlay-opacity":"","overlay-gradient":""},"tablet":{"background-color":"","background-image":"","background-repeat":"repeat","background-position":"center center","background-size":"auto","background-attachment":"scroll","background-type":"","background-media":"","overlay-type":"","overlay-color":"","overlay-opacity":"","overlay-gradient":""},"mobile":{"background-color":"","background-image":"","background-repeat":"repeat","background-position":"center center","background-size":"auto","background-attachment":"scroll","background-type":"","background-media":"","overlay-type":"","overlay-color":"","overlay-opacity":"","overlay-gradient":""}},"ast-content-background-meta":{"desktop":{"background-color":"var(--ast-global-color-4)","background-image":"","background-repeat":"repeat","background-position":"center center","background-size":"auto","background-attachment":"scroll","background-type":"","background-media":"","overlay-type":"","overlay-color":"","overlay-opacity":"","overlay-gradient":""},"tablet":{"background-color":"var(--ast-global-color-4)","background-image":"","background-repeat":"repeat","background-position":"center center","background-size":"auto","background-attachment":"scroll","background-type":"","background-media":"","overlay-type":"","overlay-color":"","overlay-opacity":"","overlay-gradient":""},"mobile":{"background-color":"var(--ast-global-color-4)","background-image":"","background-repeat":"repeat","background-position":"center center","background-size":"auto","background-attachment":"scroll","background-type":"","background-media":"","overlay-type":"","overlay-color":"","overlay-opacity":"","overlay-gradient":""}},"footnotes":""},"categories":[524,526],"tags":[519,525,527,528,529,530,523],"class_list":["post-5654","post","type-post","status-publish","format-standard","has-post-thumbnail","hentry","category-campanas","category-eventos","tag-apymeco","tag-campanas","tag-eventos","tag-ofertas","tag-promociones","tag-san-valentin","tag-torrevieja"],"yoast_head":"<!-- This site is optimized with the Yoast SEO Premium plugin v27.7 (Yoast SEO v27.8) - https:\/\/yoast.com\/product\/yoast-seo-premium-wordpress\/ -->\n<title>APYMECO y el Ayuntamiento de Torrevieja presentan la campa\u00f1a comercial para San Valent\u00edn - APYMECO Torrevieja<\/title>\n<meta name=\"robots\" content=\"index, follow, max-snippet:-1, max-image-preview:large, max-video-preview:-1\" \/>\n<link rel=\"canonical\" href=\"https:\/\/apymeco.netrotec.com\/es\/apymeco-y-el-ayuntamiento-de-torrevieja-presentan-la-campana-comercial-para-san-valentin\/\" \/>\n<meta property=\"og:locale\" content=\"es_ES\" \/>\n<meta property=\"og:type\" content=\"article\" \/>\n<meta property=\"og:title\" content=\"APYMECO y el Ayuntamiento de Torrevieja presentan la campa\u00f1a comercial para San Valent\u00edn\" \/>\n<meta property=\"og:description\" content=\"El nuevo presidente de la Asociaci\u00f3n de Peque\u00f1os y Medianos Comerciantes (APYMECO), Jorge Almarcha y la concejal de Comercio, Rosario [&hellip;]\" \/>\n<meta property=\"og:url\" content=\"https:\/\/apymeco.netrotec.com\/es\/apymeco-y-el-ayuntamiento-de-torrevieja-presentan-la-campana-comercial-para-san-valentin\/\" \/>\n<meta property=\"og:site_name\" content=\"APYMECO Torrevieja\" \/>\n<meta property=\"article:published_time\" content=\"2020-02-04T14:44:56+00:00\" \/>\n<meta property=\"og:image\" content=\"https:\/\/apymeco.netrotec.com\/wp-content\/uploads\/2020\/02\/presentada-campana-comercio-san-valentin-2021.jpg\" \/>\n\t<meta property=\"og:image:width\" content=\"690\" \/>\n\t<meta property=\"og:image:height\" content=\"310\" \/>\n\t<meta property=\"og:image:type\" content=\"image\/jpeg\" \/>\n<meta name=\"author\" content=\"Apymeco\" \/>\n<meta name=\"twitter:card\" content=\"summary_large_image\" \/>\n<meta name=\"twitter:label1\" content=\"Escrito por\" \/>\n\t<meta name=\"twitter:data1\" content=\"Apymeco\" \/>\n\t<meta name=\"twitter:label2\" content=\"Tiempo de lectura\" \/>\n\t<meta name=\"twitter:data2\" content=\"1 minuto\" \/>\n<script type=\"application\/ld+json\" class=\"yoast-schema-graph\">{\"@context\":\"https:\\\/\\\/schema.org\",\"@graph\":[{\"@type\":\"Article\",\"@id\":\"https:\\\/\\\/apymeco.netrotec.com\\\/apymeco-y-el-ayuntamiento-de-torrevieja-presentan-la-campana-comercial-para-san-valentin\\\/#article\",\"isPartOf\":{\"@id\":\"https:\\\/\\\/apymeco.netrotec.com\\\/apymeco-y-el-ayuntamiento-de-torrevieja-presentan-la-campana-comercial-para-san-valentin\\\/\"},\"author\":{\"name\":\"Apymeco\",\"@id\":\"https:\\\/\\\/apymeco.netrotec.com\\\/#\\\/schema\\\/person\\\/58f3bb0f5e04e2b6067d17d05470d2dd\"},\"headline\":\"APYMECO y el Ayuntamiento de Torrevieja presentan la campa\u00f1a comercial para San Valent\u00edn\",\"datePublished\":\"2020-02-04T14:44:56+00:00\",\"mainEntityOfPage\":{\"@id\":\"https:\\\/\\\/apymeco.netrotec.com\\\/apymeco-y-el-ayuntamiento-de-torrevieja-presentan-la-campana-comercial-para-san-valentin\\\/\"},\"wordCount\":219,\"commentCount\":0,\"publisher\":{\"@id\":\"https:\\\/\\\/apymeco.netrotec.com\\\/#organization\"},\"image\":{\"@id\":\"https:\\\/\\\/apymeco.netrotec.com\\\/apymeco-y-el-ayuntamiento-de-torrevieja-presentan-la-campana-comercial-para-san-valentin\\\/#primaryimage\"},\"thumbnailUrl\":\"https:\\\/\\\/apymeco.netrotec.com\\\/wp-content\\\/uploads\\\/2020\\\/02\\\/presentada-campana-comercio-san-valentin-2021.jpg\",\"keywords\":[\"apymeco\",\"campa\u00f1as\",\"eventos\",\"ofertas\",\"promociones\",\"san valentin\",\"torrevieja\"],\"articleSection\":[\"Campa\u00f1as\",\"Eventos\"],\"inLanguage\":\"es\",\"potentialAction\":[{\"@type\":\"CommentAction\",\"name\":\"Comment\",\"target\":[\"https:\\\/\\\/apymeco.netrotec.com\\\/apymeco-y-el-ayuntamiento-de-torrevieja-presentan-la-campana-comercial-para-san-valentin\\\/#respond\"]}]},{\"@type\":\"WebPage\",\"@id\":\"https:\\\/\\\/apymeco.netrotec.com\\\/apymeco-y-el-ayuntamiento-de-torrevieja-presentan-la-campana-comercial-para-san-valentin\\\/\",\"url\":\"https:\\\/\\\/apymeco.netrotec.com\\\/apymeco-y-el-ayuntamiento-de-torrevieja-presentan-la-campana-comercial-para-san-valentin\\\/\",\"name\":\"APYMECO y el Ayuntamiento de Torrevieja presentan la campa\u00f1a comercial para San Valent\u00edn - APYMECO Torrevieja\",\"isPartOf\":{\"@id\":\"https:\\\/\\\/apymeco.netrotec.com\\\/#website\"},\"primaryImageOfPage\":{\"@id\":\"https:\\\/\\\/apymeco.netrotec.com\\\/apymeco-y-el-ayuntamiento-de-torrevieja-presentan-la-campana-comercial-para-san-valentin\\\/#primaryimage\"},\"image\":{\"@id\":\"https:\\\/\\\/apymeco.netrotec.com\\\/apymeco-y-el-ayuntamiento-de-torrevieja-presentan-la-campana-comercial-para-san-valentin\\\/#primaryimage\"},\"thumbnailUrl\":\"https:\\\/\\\/apymeco.netrotec.com\\\/wp-content\\\/uploads\\\/2020\\\/02\\\/presentada-campana-comercio-san-valentin-2021.jpg\",\"datePublished\":\"2020-02-04T14:44:56+00:00\",\"breadcrumb\":{\"@id\":\"https:\\\/\\\/apymeco.netrotec.com\\\/apymeco-y-el-ayuntamiento-de-torrevieja-presentan-la-campana-comercial-para-san-valentin\\\/#breadcrumb\"},\"inLanguage\":\"es\",\"potentialAction\":[{\"@type\":\"ReadAction\",\"target\":[\"https:\\\/\\\/apymeco.netrotec.com\\\/apymeco-y-el-ayuntamiento-de-torrevieja-presentan-la-campana-comercial-para-san-valentin\\\/\"]}]},{\"@type\":\"ImageObject\",\"inLanguage\":\"es\",\"@id\":\"https:\\\/\\\/apymeco.netrotec.com\\\/apymeco-y-el-ayuntamiento-de-torrevieja-presentan-la-campana-comercial-para-san-valentin\\\/#primaryimage\",\"url\":\"https:\\\/\\\/apymeco.netrotec.com\\\/wp-content\\\/uploads\\\/2020\\\/02\\\/presentada-campana-comercio-san-valentin-2021.jpg\",\"contentUrl\":\"https:\\\/\\\/apymeco.netrotec.com\\\/wp-content\\\/uploads\\\/2020\\\/02\\\/presentada-campana-comercio-san-valentin-2021.jpg\",\"width\":690,\"height\":310},{\"@type\":\"BreadcrumbList\",\"@id\":\"https:\\\/\\\/apymeco.netrotec.com\\\/apymeco-y-el-ayuntamiento-de-torrevieja-presentan-la-campana-comercial-para-san-valentin\\\/#breadcrumb\",\"itemListElement\":[{\"@type\":\"ListItem\",\"position\":1,\"name\":\"Portada\",\"item\":\"https:\\\/\\\/apymeco.netrotec.com\\\/\"},{\"@type\":\"ListItem\",\"position\":2,\"name\":\"APYMECO y el Ayuntamiento de Torrevieja presentan la campa\u00f1a comercial para San Valent\u00edn\"}]},{\"@type\":\"WebSite\",\"@id\":\"https:\\\/\\\/apymeco.netrotec.com\\\/#website\",\"url\":\"https:\\\/\\\/apymeco.netrotec.com\\\/\",\"name\":\"APYMECO Torrevieja\",\"description\":\"\",\"publisher\":{\"@id\":\"https:\\\/\\\/apymeco.netrotec.com\\\/#organization\"},\"potentialAction\":[{\"@type\":\"SearchAction\",\"target\":{\"@type\":\"EntryPoint\",\"urlTemplate\":\"https:\\\/\\\/apymeco.netrotec.com\\\/?s={search_term_string}\"},\"query-input\":{\"@type\":\"PropertyValueSpecification\",\"valueRequired\":true,\"valueName\":\"search_term_string\"}}],\"inLanguage\":\"es\"},{\"@type\":\"Organization\",\"@id\":\"https:\\\/\\\/apymeco.netrotec.com\\\/#organization\",\"name\":\"APYMECO Torrevieja\",\"url\":\"https:\\\/\\\/apymeco.netrotec.com\\\/\",\"logo\":{\"@type\":\"ImageObject\",\"inLanguage\":\"es\",\"@id\":\"https:\\\/\\\/apymeco.netrotec.com\\\/#\\\/schema\\\/logo\\\/image\\\/\",\"url\":\"https:\\\/\\\/apymeco.netrotec.com\\\/wp-content\\\/uploads\\\/2026\\\/06\\\/logo-blanco.png\",\"contentUrl\":\"https:\\\/\\\/apymeco.netrotec.com\\\/wp-content\\\/uploads\\\/2026\\\/06\\\/logo-blanco.png\",\"width\":1107,\"height\":444,\"caption\":\"APYMECO Torrevieja\"},\"image\":{\"@id\":\"https:\\\/\\\/apymeco.netrotec.com\\\/#\\\/schema\\\/logo\\\/image\\\/\"}},{\"@type\":\"Person\",\"@id\":\"https:\\\/\\\/apymeco.netrotec.com\\\/#\\\/schema\\\/person\\\/58f3bb0f5e04e2b6067d17d05470d2dd\",\"name\":\"Apymeco\",\"url\":\"https:\\\/\\\/apymeco.netrotec.com\\\/es\\\/author\\\/apymeco\\\/\"}]}<\/script>\n<!-- \/ Yoast SEO Premium plugin. -->","yoast_head_json":{"title":"APYMECO y el Ayuntamiento de Torrevieja presentan la campa\u00f1a comercial para San Valent\u00edn - APYMECO Torrevieja","robots":{"index":"index","follow":"follow","max-snippet":"max-snippet:-1","max-image-preview":"max-image-preview:large","max-video-preview":"max-video-preview:-1"},"canonical":"https:\/\/apymeco.netrotec.com\/es\/apymeco-y-el-ayuntamiento-de-torrevieja-presentan-la-campana-comercial-para-san-valentin\/","og_locale":"es_ES","og_type":"article","og_title":"APYMECO y el Ayuntamiento de Torrevieja presentan la campa\u00f1a comercial para San Valent\u00edn","og_description":"El nuevo presidente de la Asociaci\u00f3n de Peque\u00f1os y Medianos Comerciantes (APYMECO), Jorge Almarcha y la concejal de Comercio, Rosario [&hellip;]","og_url":"https:\/\/apymeco.netrotec.com\/es\/apymeco-y-el-ayuntamiento-de-torrevieja-presentan-la-campana-comercial-para-san-valentin\/","og_site_name":"APYMECO Torrevieja","article_published_time":"2020-02-04T14:44:56+00:00","og_image":[{"width":690,"height":310,"url":"https:\/\/apymeco.netrotec.com\/wp-content\/uploads\/2020\/02\/presentada-campana-comercio-san-valentin-2021.jpg","type":"image\/jpeg"}],"author":"Apymeco","twitter_card":"summary_large_image","twitter_misc":{"Escrito por":"Apymeco","Tiempo de lectura":"1 minuto"},"schema":{"@context":"https:\/\/schema.org","@graph":[{"@type":"Article","@id":"https:\/\/apymeco.netrotec.com\/apymeco-y-el-ayuntamiento-de-torrevieja-presentan-la-campana-comercial-para-san-valentin\/#article","isPartOf":{"@id":"https:\/\/apymeco.netrotec.com\/apymeco-y-el-ayuntamiento-de-torrevieja-presentan-la-campana-comercial-para-san-valentin\/"},"author":{"name":"Apymeco","@id":"https:\/\/apymeco.netrotec.com\/#\/schema\/person\/58f3bb0f5e04e2b6067d17d05470d2dd"},"headline":"APYMECO y el Ayuntamiento de Torrevieja presentan la campa\u00f1a comercial para San Valent\u00edn","datePublished":"2020-02-04T14:44:56+00:00","mainEntityOfPage":{"@id":"https:\/\/apymeco.netrotec.com\/apymeco-y-el-ayuntamiento-de-torrevieja-presentan-la-campana-comercial-para-san-valentin\/"},"wordCount":219,"commentCount":0,"publisher":{"@id":"https:\/\/apymeco.netrotec.com\/#organization"},"image":{"@id":"https:\/\/apymeco.netrotec.com\/apymeco-y-el-ayuntamiento-de-torrevieja-presentan-la-campana-comercial-para-san-valentin\/#primaryimage"},"thumbnailUrl":"https:\/\/apymeco.netrotec.com\/wp-content\/uploads\/2020\/02\/presentada-campana-comercio-san-valentin-2021.jpg","keywords":["apymeco","campa\u00f1as","eventos","ofertas","promociones","san valentin","torrevieja"],"articleSection":["Campa\u00f1as","Eventos"],"inLanguage":"es","potentialAction":[{"@type":"CommentAction","name":"Comment","target":["https:\/\/apymeco.netrotec.com\/apymeco-y-el-ayuntamiento-de-torrevieja-presentan-la-campana-comercial-para-san-valentin\/#respond"]}]},{"@type":"WebPage","@id":"https:\/\/apymeco.netrotec.com\/apymeco-y-el-ayuntamiento-de-torrevieja-presentan-la-campana-comercial-para-san-valentin\/","url":"https:\/\/apymeco.netrotec.com\/apymeco-y-el-ayuntamiento-de-torrevieja-presentan-la-campana-comercial-para-san-valentin\/","name":"APYMECO y el Ayuntamiento de Torrevieja presentan la campa\u00f1a comercial para San Valent\u00edn - APYMECO Torrevieja","isPartOf":{"@id":"https:\/\/apymeco.netrotec.com\/#website"},"primaryImageOfPage":{"@id":"https:\/\/apymeco.netrotec.com\/apymeco-y-el-ayuntamiento-de-torrevieja-presentan-la-campana-comercial-para-san-valentin\/#primaryimage"},"image":{"@id":"https:\/\/apymeco.netrotec.com\/apymeco-y-el-ayuntamiento-de-torrevieja-presentan-la-campana-comercial-para-san-valentin\/#primaryimage"},"thumbnailUrl":"https:\/\/apymeco.netrotec.com\/wp-content\/uploads\/2020\/02\/presentada-campana-comercio-san-valentin-2021.jpg","datePublished":"2020-02-04T14:44:56+00:00","breadcrumb":{"@id":"https:\/\/apymeco.netrotec.com\/apymeco-y-el-ayuntamiento-de-torrevieja-presentan-la-campana-comercial-para-san-valentin\/#breadcrumb"},"inLanguage":"es","potentialAction":[{"@type":"ReadAction","target":["https:\/\/apymeco.netrotec.com\/apymeco-y-el-ayuntamiento-de-torrevieja-presentan-la-campana-comercial-para-san-valentin\/"]}]},{"@type":"ImageObject","inLanguage":"es","@id":"https:\/\/apymeco.netrotec.com\/apymeco-y-el-ayuntamiento-de-torrevieja-presentan-la-campana-comercial-para-san-valentin\/#primaryimage","url":"https:\/\/apymeco.netrotec.com\/wp-content\/uploads\/2020\/02\/presentada-campana-comercio-san-valentin-2021.jpg","contentUrl":"https:\/\/apymeco.netrotec.com\/wp-content\/uploads\/2020\/02\/presentada-campana-comercio-san-valentin-2021.jpg","width":690,"height":310},{"@type":"BreadcrumbList","@id":"https:\/\/apymeco.netrotec.com\/apymeco-y-el-ayuntamiento-de-torrevieja-presentan-la-campana-comercial-para-san-valentin\/#breadcrumb","itemListElement":[{"@type":"ListItem","position":1,"name":"Portada","item":"https:\/\/apymeco.netrotec.com\/"},{"@type":"ListItem","position":2,"name":"APYMECO y el Ayuntamiento de Torrevieja presentan la campa\u00f1a comercial para San Valent\u00edn"}]},{"@type":"WebSite","@id":"https:\/\/apymeco.netrotec.com\/#website","url":"https:\/\/apymeco.netrotec.com\/","name":"APYMECO Torrevieja","description":"","publisher":{"@id":"https:\/\/apymeco.netrotec.com\/#organization"},"potentialAction":[{"@type":"SearchAction","target":{"@type":"EntryPoint","urlTemplate":"https:\/\/apymeco.netrotec.com\/?s={search_term_string}"},"query-input":{"@type":"PropertyValueSpecification","valueRequired":true,"valueName":"search_term_string"}}],"inLanguage":"es"},{"@type":"Organization","@id":"https:\/\/apymeco.netrotec.com\/#organization","name":"APYMECO Torrevieja","url":"https:\/\/apymeco.netrotec.com\/","logo":{"@type":"ImageObject","inLanguage":"es","@id":"https:\/\/apymeco.netrotec.com\/#\/schema\/logo\/image\/","url":"https:\/\/apymeco.netrotec.com\/wp-content\/uploads\/2026\/06\/logo-blanco.png","contentUrl":"https:\/\/apymeco.netrotec.com\/wp-content\/uploads\/2026\/06\/logo-blanco.png","width":1107,"height":444,"caption":"APYMECO Torrevieja"},"image":{"@id":"https:\/\/apymeco.netrotec.com\/#\/schema\/logo\/image\/"}},{"@type":"Person","@id":"https:\/\/apymeco.netrotec.com\/#\/schema\/person\/58f3bb0f5e04e2b6067d17d05470d2dd","name":"Apymeco","url":"https:\/\/apymeco.netrotec.com\/es\/author\/apymeco\/"}]}},"_links":{"self":[{"href":"https:\/\/apymeco.netrotec.com\/es\/wp-json\/wp\/v2\/posts\/5654","targetHints":{"allow":["GET"]}}],"collection":[{"href":"https:\/\/apymeco.netrotec.com\/es\/wp-json\/wp\/v2\/posts"}],"about":[{"href":"https:\/\/apymeco.netrotec.com\/es\/wp-json\/wp\/v2\/types\/post"}],"author":[{"embeddable":true,"href":"https:\/\/apymeco.netrotec.com\/es\/wp-json\/wp\/v2\/users\/2"}],"replies":[{"embeddable":true,"href":"https:\/\/apymeco.netrotec.com\/es\/wp-json\/wp\/v2\/comments?post=5654"}],"version-history":[{"count":0,"href":"https:\/\/apymeco.netrotec.com\/es\/wp-json\/wp\/v2\/posts\/5654\/revisions"}],"wp:featuredmedia":[{"embeddable":true,"href":"https:\/\/apymeco.netrotec.com\/es\/wp-json\/wp\/v2\/media\/5656"}],"wp:attachment":[{"href":"https:\/\/apymeco.netrotec.com\/es\/wp-json\/wp\/v2\/media?parent=5654"}],"wp:term":[{"taxonomy":"category","embeddable":true,"href":"https:\/\/apymeco.netrotec.com\/es\/wp-json\/wp\/v2\/categories?post=5654"},{"taxonomy":"post_tag","embeddable":true,"href":"https:\/\/apymeco.netrotec.com\/es\/wp-json\/wp\/v2\/tags?post=5654"}],"curies":[{"name":"wp","href":"https:\/\/api.w.org\/{rel}","templated":true}]}}