{"id":5737,"date":"2020-02-28T19:20:18","date_gmt":"2020-02-28T18:20:18","guid":{"rendered":"https:\/\/www.apymeco.info\/?p=5737"},"modified":"2020-02-28T19:20:18","modified_gmt":"2020-02-28T18:20:18","slug":"reunion-conjunta-hosteleros-y-comerciantes","status":"publish","type":"post","link":"https:\/\/apymeco.netrotec.com\/es\/reunion-conjunta-hosteleros-y-comerciantes\/","title":{"rendered":"Reuni\u00f3n conjunta Hosteleros y Comerciantes."},"content":{"rendered":"<p>Reuni\u00f3n conjunta Hosteleros y comerciantes<\/p>\n<p>El sal\u00f3n de actos de la sede que comparten la Asociaci\u00f3n de Empresarios de Hosteler\u00eda de Torrevieja y Comarca (AEHTC) y la Asociaci\u00f3n de Peque\u00f1os y Medianos Comerciantes (Apymeco), fue ayer testigo de la primera reuni\u00f3n de trabajo que mantienen tras la reciente elecci\u00f3n de la nueva Junta Directiva de Apymeco, estando ambas ejecutivas, encabezadas por su<span class=\"text_exposed_show\">s presidentes, Joaqu\u00edn Guillam\u00f3 y Jorge Almarcha.<\/span><\/p>\n<p>Durante las dos horas transcurridas en la misma se han expuesto los diferentes calendarios de actividades de ambos colectivos y la posibilidad de colaboraci\u00f3n mutua en los eventos que sea posible, destacando grandes eventos que ser\u00e1n afrontados en futuras reuniones. Para lo que se redactar\u00e1 en breve un borrador para futuras colaboraciones.<\/p>\n<p>Destacar el buen ambiente que ha reinado en la reuni\u00f3n y una predisposici\u00f3n de ambas juntas a seguir cuando estimen necesario.<\/p>\n","protected":false},"excerpt":{"rendered":"<p>Reuni\u00f3n conjunta Hosteleros y comerciantes El sal\u00f3n de actos de la sede que comparten la Asociaci\u00f3n de Empresarios de Hosteler\u00eda [&hellip;]<\/p>\n","protected":false},"author":2,"featured_media":5738,"comment_status":"open","ping_status":"open","sticky":false,"template":"","format":"standard","meta":{"site-sidebar-layout":"default","site-content-layout":"","ast-site-content-layout":"default","site-content-style":"default","site-sidebar-style":"default","ast-global-header-display":"","ast-banner-title-visibility":"","ast-main-header-display":"","ast-hfb-above-header-display":"","ast-hfb-below-header-display":"","ast-hfb-mobile-header-display":"","site-post-title":"","ast-breadcrumbs-content":"","ast-featured-img":"","footer-sml-layout":"","ast-disable-related-posts":"","theme-transparent-header-meta":"","adv-header-id-meta":"","stick-header-meta":"","header-above-stick-meta":"","header-main-stick-meta":"","header-below-stick-meta":"","astra-migrate-meta-layouts":"default","ast-page-background-enabled":"default","ast-page-background-meta":{"desktop":{"background-color":"var(--ast-global-color-5)","background-image":"","background-repeat":"repeat","background-position":"center center","background-size":"auto","background-attachment":"scroll","background-type":"","background-media":"","overlay-type":"","overlay-color":"","overlay-opacity":"","overlay-gradient":""},"tablet":{"background-color":"","background-image":"","background-repeat":"repeat","background-position":"center center","background-size":"auto","background-attachment":"scroll","background-type":"","background-media":"","overlay-type":"","overlay-color":"","overlay-opacity":"","overlay-gradient":""},"mobile":{"background-color":"","background-image":"","background-repeat":"repeat","background-position":"center center","background-size":"auto","background-attachment":"scroll","background-type":"","background-media":"","overlay-type":"","overlay-color":"","overlay-opacity":"","overlay-gradient":""}},"ast-content-background-meta":{"desktop":{"background-color":"var(--ast-global-color-4)","background-image":"","background-repeat":"repeat","background-position":"center center","background-size":"auto","background-attachment":"scroll","background-type":"","background-media":"","overlay-type":"","overlay-color":"","overlay-opacity":"","overlay-gradient":""},"tablet":{"background-color":"var(--ast-global-color-4)","background-image":"","background-repeat":"repeat","background-position":"center center","background-size":"auto","background-attachment":"scroll","background-type":"","background-media":"","overlay-type":"","overlay-color":"","overlay-opacity":"","overlay-gradient":""},"mobile":{"background-color":"var(--ast-global-color-4)","background-image":"","background-repeat":"repeat","background-position":"center center","background-size":"auto","background-attachment":"scroll","background-type":"","background-media":"","overlay-type":"","overlay-color":"","overlay-opacity":"","overlay-gradient":""}},"footnotes":""},"categories":[521],"tags":[],"class_list":["post-5737","post","type-post","status-publish","format-standard","has-post-thumbnail","hentry","category-junta-directiva"],"yoast_head":"<!-- This site is optimized with the Yoast SEO Premium plugin v27.7 (Yoast SEO v27.8) - https:\/\/yoast.com\/product\/yoast-seo-premium-wordpress\/ -->\n<title>Reuni\u00f3n conjunta Hosteleros y Comerciantes. - APYMECO Torrevieja<\/title>\n<meta name=\"robots\" content=\"index, follow, max-snippet:-1, max-image-preview:large, max-video-preview:-1\" \/>\n<link rel=\"canonical\" href=\"https:\/\/apymeco.netrotec.com\/es\/reunion-conjunta-hosteleros-y-comerciantes\/\" \/>\n<meta property=\"og:locale\" content=\"es_ES\" \/>\n<meta property=\"og:type\" content=\"article\" \/>\n<meta property=\"og:title\" content=\"Reuni\u00f3n conjunta Hosteleros y Comerciantes.\" \/>\n<meta property=\"og:description\" content=\"Reuni\u00f3n conjunta Hosteleros y comerciantes El sal\u00f3n de actos de la sede que comparten la Asociaci\u00f3n de Empresarios de Hosteler\u00eda [&hellip;]\" \/>\n<meta property=\"og:url\" content=\"https:\/\/apymeco.netrotec.com\/es\/reunion-conjunta-hosteleros-y-comerciantes\/\" \/>\n<meta property=\"og:site_name\" content=\"APYMECO Torrevieja\" \/>\n<meta property=\"article:published_time\" content=\"2020-02-28T18:20:18+00:00\" \/>\n<meta property=\"og:image\" content=\"https:\/\/apymeco.netrotec.com\/wp-content\/uploads\/2020\/02\/87557786_3183568628342395_8861073145797279744_n.jpg\" \/>\n\t<meta property=\"og:image:width\" content=\"960\" \/>\n\t<meta property=\"og:image:height\" content=\"540\" \/>\n\t<meta property=\"og:image:type\" content=\"image\/jpeg\" \/>\n<meta name=\"author\" content=\"Apymeco\" \/>\n<meta name=\"twitter:card\" content=\"summary_large_image\" \/>\n<meta name=\"twitter:label1\" content=\"Escrito por\" \/>\n\t<meta name=\"twitter:data1\" content=\"Apymeco\" \/>\n\t<meta name=\"twitter:label2\" content=\"Tiempo de lectura\" \/>\n\t<meta name=\"twitter:data2\" content=\"1 minuto\" \/>\n<script type=\"application\/ld+json\" class=\"yoast-schema-graph\">{\"@context\":\"https:\\\/\\\/schema.org\",\"@graph\":[{\"@type\":\"Article\",\"@id\":\"https:\\\/\\\/apymeco.netrotec.com\\\/reunion-conjunta-hosteleros-y-comerciantes\\\/#article\",\"isPartOf\":{\"@id\":\"https:\\\/\\\/apymeco.netrotec.com\\\/reunion-conjunta-hosteleros-y-comerciantes\\\/\"},\"author\":{\"name\":\"Apymeco\",\"@id\":\"https:\\\/\\\/apymeco.netrotec.com\\\/#\\\/schema\\\/person\\\/58f3bb0f5e04e2b6067d17d05470d2dd\"},\"headline\":\"Reuni\u00f3n conjunta Hosteleros y Comerciantes.\",\"datePublished\":\"2020-02-28T18:20:18+00:00\",\"mainEntityOfPage\":{\"@id\":\"https:\\\/\\\/apymeco.netrotec.com\\\/reunion-conjunta-hosteleros-y-comerciantes\\\/\"},\"wordCount\":160,\"commentCount\":0,\"publisher\":{\"@id\":\"https:\\\/\\\/apymeco.netrotec.com\\\/#organization\"},\"image\":{\"@id\":\"https:\\\/\\\/apymeco.netrotec.com\\\/reunion-conjunta-hosteleros-y-comerciantes\\\/#primaryimage\"},\"thumbnailUrl\":\"https:\\\/\\\/apymeco.netrotec.com\\\/wp-content\\\/uploads\\\/2020\\\/02\\\/87557786_3183568628342395_8861073145797279744_n.jpg\",\"articleSection\":[\"Junta directiva\"],\"inLanguage\":\"es\",\"potentialAction\":[{\"@type\":\"CommentAction\",\"name\":\"Comment\",\"target\":[\"https:\\\/\\\/apymeco.netrotec.com\\\/reunion-conjunta-hosteleros-y-comerciantes\\\/#respond\"]}]},{\"@type\":\"WebPage\",\"@id\":\"https:\\\/\\\/apymeco.netrotec.com\\\/reunion-conjunta-hosteleros-y-comerciantes\\\/\",\"url\":\"https:\\\/\\\/apymeco.netrotec.com\\\/reunion-conjunta-hosteleros-y-comerciantes\\\/\",\"name\":\"Reuni\u00f3n conjunta Hosteleros y Comerciantes. - APYMECO Torrevieja\",\"isPartOf\":{\"@id\":\"https:\\\/\\\/apymeco.netrotec.com\\\/#website\"},\"primaryImageOfPage\":{\"@id\":\"https:\\\/\\\/apymeco.netrotec.com\\\/reunion-conjunta-hosteleros-y-comerciantes\\\/#primaryimage\"},\"image\":{\"@id\":\"https:\\\/\\\/apymeco.netrotec.com\\\/reunion-conjunta-hosteleros-y-comerciantes\\\/#primaryimage\"},\"thumbnailUrl\":\"https:\\\/\\\/apymeco.netrotec.com\\\/wp-content\\\/uploads\\\/2020\\\/02\\\/87557786_3183568628342395_8861073145797279744_n.jpg\",\"datePublished\":\"2020-02-28T18:20:18+00:00\",\"breadcrumb\":{\"@id\":\"https:\\\/\\\/apymeco.netrotec.com\\\/reunion-conjunta-hosteleros-y-comerciantes\\\/#breadcrumb\"},\"inLanguage\":\"es\",\"potentialAction\":[{\"@type\":\"ReadAction\",\"target\":[\"https:\\\/\\\/apymeco.netrotec.com\\\/reunion-conjunta-hosteleros-y-comerciantes\\\/\"]}]},{\"@type\":\"ImageObject\",\"inLanguage\":\"es\",\"@id\":\"https:\\\/\\\/apymeco.netrotec.com\\\/reunion-conjunta-hosteleros-y-comerciantes\\\/#primaryimage\",\"url\":\"https:\\\/\\\/apymeco.netrotec.com\\\/wp-content\\\/uploads\\\/2020\\\/02\\\/87557786_3183568628342395_8861073145797279744_n.jpg\",\"contentUrl\":\"https:\\\/\\\/apymeco.netrotec.com\\\/wp-content\\\/uploads\\\/2020\\\/02\\\/87557786_3183568628342395_8861073145797279744_n.jpg\",\"width\":960,\"height\":540},{\"@type\":\"BreadcrumbList\",\"@id\":\"https:\\\/\\\/apymeco.netrotec.com\\\/reunion-conjunta-hosteleros-y-comerciantes\\\/#breadcrumb\",\"itemListElement\":[{\"@type\":\"ListItem\",\"position\":1,\"name\":\"Portada\",\"item\":\"https:\\\/\\\/apymeco.netrotec.com\\\/\"},{\"@type\":\"ListItem\",\"position\":2,\"name\":\"Reuni\u00f3n conjunta Hosteleros y Comerciantes.\"}]},{\"@type\":\"WebSite\",\"@id\":\"https:\\\/\\\/apymeco.netrotec.com\\\/#website\",\"url\":\"https:\\\/\\\/apymeco.netrotec.com\\\/\",\"name\":\"APYMECO Torrevieja\",\"description\":\"\",\"publisher\":{\"@id\":\"https:\\\/\\\/apymeco.netrotec.com\\\/#organization\"},\"potentialAction\":[{\"@type\":\"SearchAction\",\"target\":{\"@type\":\"EntryPoint\",\"urlTemplate\":\"https:\\\/\\\/apymeco.netrotec.com\\\/?s={search_term_string}\"},\"query-input\":{\"@type\":\"PropertyValueSpecification\",\"valueRequired\":true,\"valueName\":\"search_term_string\"}}],\"inLanguage\":\"es\"},{\"@type\":\"Organization\",\"@id\":\"https:\\\/\\\/apymeco.netrotec.com\\\/#organization\",\"name\":\"APYMECO Torrevieja\",\"url\":\"https:\\\/\\\/apymeco.netrotec.com\\\/\",\"logo\":{\"@type\":\"ImageObject\",\"inLanguage\":\"es\",\"@id\":\"https:\\\/\\\/apymeco.netrotec.com\\\/#\\\/schema\\\/logo\\\/image\\\/\",\"url\":\"https:\\\/\\\/apymeco.netrotec.com\\\/wp-content\\\/uploads\\\/2026\\\/06\\\/logo-blanco.png\",\"contentUrl\":\"https:\\\/\\\/apymeco.netrotec.com\\\/wp-content\\\/uploads\\\/2026\\\/06\\\/logo-blanco.png\",\"width\":1107,\"height\":444,\"caption\":\"APYMECO Torrevieja\"},\"image\":{\"@id\":\"https:\\\/\\\/apymeco.netrotec.com\\\/#\\\/schema\\\/logo\\\/image\\\/\"}},{\"@type\":\"Person\",\"@id\":\"https:\\\/\\\/apymeco.netrotec.com\\\/#\\\/schema\\\/person\\\/58f3bb0f5e04e2b6067d17d05470d2dd\",\"name\":\"Apymeco\",\"url\":\"https:\\\/\\\/apymeco.netrotec.com\\\/es\\\/author\\\/apymeco\\\/\"}]}<\/script>\n<!-- \/ Yoast SEO Premium plugin. -->","yoast_head_json":{"title":"Reuni\u00f3n conjunta Hosteleros y Comerciantes. - APYMECO Torrevieja","robots":{"index":"index","follow":"follow","max-snippet":"max-snippet:-1","max-image-preview":"max-image-preview:large","max-video-preview":"max-video-preview:-1"},"canonical":"https:\/\/apymeco.netrotec.com\/es\/reunion-conjunta-hosteleros-y-comerciantes\/","og_locale":"es_ES","og_type":"article","og_title":"Reuni\u00f3n conjunta Hosteleros y Comerciantes.","og_description":"Reuni\u00f3n conjunta Hosteleros y comerciantes El sal\u00f3n de actos de la sede que comparten la Asociaci\u00f3n de Empresarios de Hosteler\u00eda [&hellip;]","og_url":"https:\/\/apymeco.netrotec.com\/es\/reunion-conjunta-hosteleros-y-comerciantes\/","og_site_name":"APYMECO Torrevieja","article_published_time":"2020-02-28T18:20:18+00:00","og_image":[{"width":960,"height":540,"url":"https:\/\/apymeco.netrotec.com\/wp-content\/uploads\/2020\/02\/87557786_3183568628342395_8861073145797279744_n.jpg","type":"image\/jpeg"}],"author":"Apymeco","twitter_card":"summary_large_image","twitter_misc":{"Escrito por":"Apymeco","Tiempo de lectura":"1 minuto"},"schema":{"@context":"https:\/\/schema.org","@graph":[{"@type":"Article","@id":"https:\/\/apymeco.netrotec.com\/reunion-conjunta-hosteleros-y-comerciantes\/#article","isPartOf":{"@id":"https:\/\/apymeco.netrotec.com\/reunion-conjunta-hosteleros-y-comerciantes\/"},"author":{"name":"Apymeco","@id":"https:\/\/apymeco.netrotec.com\/#\/schema\/person\/58f3bb0f5e04e2b6067d17d05470d2dd"},"headline":"Reuni\u00f3n conjunta Hosteleros y Comerciantes.","datePublished":"2020-02-28T18:20:18+00:00","mainEntityOfPage":{"@id":"https:\/\/apymeco.netrotec.com\/reunion-conjunta-hosteleros-y-comerciantes\/"},"wordCount":160,"commentCount":0,"publisher":{"@id":"https:\/\/apymeco.netrotec.com\/#organization"},"image":{"@id":"https:\/\/apymeco.netrotec.com\/reunion-conjunta-hosteleros-y-comerciantes\/#primaryimage"},"thumbnailUrl":"https:\/\/apymeco.netrotec.com\/wp-content\/uploads\/2020\/02\/87557786_3183568628342395_8861073145797279744_n.jpg","articleSection":["Junta directiva"],"inLanguage":"es","potentialAction":[{"@type":"CommentAction","name":"Comment","target":["https:\/\/apymeco.netrotec.com\/reunion-conjunta-hosteleros-y-comerciantes\/#respond"]}]},{"@type":"WebPage","@id":"https:\/\/apymeco.netrotec.com\/reunion-conjunta-hosteleros-y-comerciantes\/","url":"https:\/\/apymeco.netrotec.com\/reunion-conjunta-hosteleros-y-comerciantes\/","name":"Reuni\u00f3n conjunta Hosteleros y Comerciantes. - APYMECO Torrevieja","isPartOf":{"@id":"https:\/\/apymeco.netrotec.com\/#website"},"primaryImageOfPage":{"@id":"https:\/\/apymeco.netrotec.com\/reunion-conjunta-hosteleros-y-comerciantes\/#primaryimage"},"image":{"@id":"https:\/\/apymeco.netrotec.com\/reunion-conjunta-hosteleros-y-comerciantes\/#primaryimage"},"thumbnailUrl":"https:\/\/apymeco.netrotec.com\/wp-content\/uploads\/2020\/02\/87557786_3183568628342395_8861073145797279744_n.jpg","datePublished":"2020-02-28T18:20:18+00:00","breadcrumb":{"@id":"https:\/\/apymeco.netrotec.com\/reunion-conjunta-hosteleros-y-comerciantes\/#breadcrumb"},"inLanguage":"es","potentialAction":[{"@type":"ReadAction","target":["https:\/\/apymeco.netrotec.com\/reunion-conjunta-hosteleros-y-comerciantes\/"]}]},{"@type":"ImageObject","inLanguage":"es","@id":"https:\/\/apymeco.netrotec.com\/reunion-conjunta-hosteleros-y-comerciantes\/#primaryimage","url":"https:\/\/apymeco.netrotec.com\/wp-content\/uploads\/2020\/02\/87557786_3183568628342395_8861073145797279744_n.jpg","contentUrl":"https:\/\/apymeco.netrotec.com\/wp-content\/uploads\/2020\/02\/87557786_3183568628342395_8861073145797279744_n.jpg","width":960,"height":540},{"@type":"BreadcrumbList","@id":"https:\/\/apymeco.netrotec.com\/reunion-conjunta-hosteleros-y-comerciantes\/#breadcrumb","itemListElement":[{"@type":"ListItem","position":1,"name":"Portada","item":"https:\/\/apymeco.netrotec.com\/"},{"@type":"ListItem","position":2,"name":"Reuni\u00f3n conjunta Hosteleros y Comerciantes."}]},{"@type":"WebSite","@id":"https:\/\/apymeco.netrotec.com\/#website","url":"https:\/\/apymeco.netrotec.com\/","name":"APYMECO Torrevieja","description":"","publisher":{"@id":"https:\/\/apymeco.netrotec.com\/#organization"},"potentialAction":[{"@type":"SearchAction","target":{"@type":"EntryPoint","urlTemplate":"https:\/\/apymeco.netrotec.com\/?s={search_term_string}"},"query-input":{"@type":"PropertyValueSpecification","valueRequired":true,"valueName":"search_term_string"}}],"inLanguage":"es"},{"@type":"Organization","@id":"https:\/\/apymeco.netrotec.com\/#organization","name":"APYMECO Torrevieja","url":"https:\/\/apymeco.netrotec.com\/","logo":{"@type":"ImageObject","inLanguage":"es","@id":"https:\/\/apymeco.netrotec.com\/#\/schema\/logo\/image\/","url":"https:\/\/apymeco.netrotec.com\/wp-content\/uploads\/2026\/06\/logo-blanco.png","contentUrl":"https:\/\/apymeco.netrotec.com\/wp-content\/uploads\/2026\/06\/logo-blanco.png","width":1107,"height":444,"caption":"APYMECO Torrevieja"},"image":{"@id":"https:\/\/apymeco.netrotec.com\/#\/schema\/logo\/image\/"}},{"@type":"Person","@id":"https:\/\/apymeco.netrotec.com\/#\/schema\/person\/58f3bb0f5e04e2b6067d17d05470d2dd","name":"Apymeco","url":"https:\/\/apymeco.netrotec.com\/es\/author\/apymeco\/"}]}},"_links":{"self":[{"href":"https:\/\/apymeco.netrotec.com\/es\/wp-json\/wp\/v2\/posts\/5737","targetHints":{"allow":["GET"]}}],"collection":[{"href":"https:\/\/apymeco.netrotec.com\/es\/wp-json\/wp\/v2\/posts"}],"about":[{"href":"https:\/\/apymeco.netrotec.com\/es\/wp-json\/wp\/v2\/types\/post"}],"author":[{"embeddable":true,"href":"https:\/\/apymeco.netrotec.com\/es\/wp-json\/wp\/v2\/users\/2"}],"replies":[{"embeddable":true,"href":"https:\/\/apymeco.netrotec.com\/es\/wp-json\/wp\/v2\/comments?post=5737"}],"version-history":[{"count":0,"href":"https:\/\/apymeco.netrotec.com\/es\/wp-json\/wp\/v2\/posts\/5737\/revisions"}],"wp:featuredmedia":[{"embeddable":true,"href":"https:\/\/apymeco.netrotec.com\/es\/wp-json\/wp\/v2\/media\/5738"}],"wp:attachment":[{"href":"https:\/\/apymeco.netrotec.com\/es\/wp-json\/wp\/v2\/media?parent=5737"}],"wp:term":[{"taxonomy":"category","embeddable":true,"href":"https:\/\/apymeco.netrotec.com\/es\/wp-json\/wp\/v2\/categories?post=5737"},{"taxonomy":"post_tag","embeddable":true,"href":"https:\/\/apymeco.netrotec.com\/es\/wp-json\/wp\/v2\/tags?post=5737"}],"curies":[{"name":"wp","href":"https:\/\/api.w.org\/{rel}","templated":true}]}}