{"id":5807,"date":"2020-03-16T13:12:07","date_gmt":"2020-03-16T12:12:07","guid":{"rendered":"https:\/\/www.apymeco.info\/?p=5807"},"modified":"2020-03-16T13:12:07","modified_gmt":"2020-03-16T12:12:07","slug":"asi-sera-el-justificante-que-deberas-llevar-para-ir-o-volver-del-trabajo","status":"publish","type":"post","link":"https:\/\/apymeco.netrotec.com\/es\/asi-sera-el-justificante-que-deberas-llevar-para-ir-o-volver-del-trabajo\/","title":{"rendered":"As\u00ed ser\u00e1 el justificante que deber\u00e1s llevar para ir o volver del trabajo"},"content":{"rendered":"<p>En estos d\u00edas donde las noticias se han acelerado con la crisis del coronavirus,<strong> existen muchas dudas sobre los deberes y derechos laborales que se tienen<\/strong>. El teletrabajo parece que se ha impuesto en las empresas donde es posible, pero tal como hemos podido comprobar en las \u00faltimas horas, hay<strong> muchos empleados que siguen teniendo que presentarse en las empresas<\/strong>.<\/p>\n<p>Es muy probable que en los pr\u00f3ximos d\u00edas se endurezcan a\u00fan m\u00e1s las<strong> restricciones y controles, por lo que\u00a0los trabajadores deber\u00e1n justificar sus desplazamientos<\/strong>. Para hacerlo se van a expedir certificados que tendr\u00e1n que rellenar las empresas.<\/p>\n<p><strong>En Asturias<\/strong>, las C\u00e1maras de Comercio, la Federaci\u00f3n Asturiana de Empresarios (Fade) y la Delegaci\u00f3n del Gobierno <strong>han mostrado c\u00f3mo ser\u00e1 el certificado<\/strong> que deber\u00e1n llevar las personas que est\u00e9n desplaz\u00e1ndose a sus puestos de trabajo.<\/p>\n<p>&nbsp;<\/p>\n<p>A la espera del certificado oficial desde Apymeco os mostramos como ser\u00e1 ese certificado. RECORDAMOS QUE ESTE CERTIFICADO ES SOLO UNA DEMO. <a href=\"https:\/\/apymeco.netrotec.com\/wp-content\/uploads\/CERTIFICADO-LABORAL.pdf\">CERTIFICADO LABORAL<\/a><\/p>\n","protected":false},"excerpt":{"rendered":"<p>En estos d\u00edas donde las noticias se han acelerado con la crisis del coronavirus, existen muchas dudas sobre los deberes [&hellip;]<\/p>\n","protected":false},"author":2,"featured_media":0,"comment_status":"open","ping_status":"open","sticky":false,"template":"","format":"standard","meta":{"site-sidebar-layout":"default","site-content-layout":"","ast-site-content-layout":"default","site-content-style":"default","site-sidebar-style":"default","ast-global-header-display":"","ast-banner-title-visibility":"","ast-main-header-display":"","ast-hfb-above-header-display":"","ast-hfb-below-header-display":"","ast-hfb-mobile-header-display":"","site-post-title":"","ast-breadcrumbs-content":"","ast-featured-img":"","footer-sml-layout":"","ast-disable-related-posts":"","theme-transparent-header-meta":"","adv-header-id-meta":"","stick-header-meta":"","header-above-stick-meta":"","header-main-stick-meta":"","header-below-stick-meta":"","astra-migrate-meta-layouts":"default","ast-page-background-enabled":"default","ast-page-background-meta":{"desktop":{"background-color":"var(--ast-global-color-5)","background-image":"","background-repeat":"repeat","background-position":"center center","background-size":"auto","background-attachment":"scroll","background-type":"","background-media":"","overlay-type":"","overlay-color":"","overlay-opacity":"","overlay-gradient":""},"tablet":{"background-color":"","background-image":"","background-repeat":"repeat","background-position":"center center","background-size":"auto","background-attachment":"scroll","background-type":"","background-media":"","overlay-type":"","overlay-color":"","overlay-opacity":"","overlay-gradient":""},"mobile":{"background-color":"","background-image":"","background-repeat":"repeat","background-position":"center center","background-size":"auto","background-attachment":"scroll","background-type":"","background-media":"","overlay-type":"","overlay-color":"","overlay-opacity":"","overlay-gradient":""}},"ast-content-background-meta":{"desktop":{"background-color":"var(--ast-global-color-4)","background-image":"","background-repeat":"repeat","background-position":"center center","background-size":"auto","background-attachment":"scroll","background-type":"","background-media":"","overlay-type":"","overlay-color":"","overlay-opacity":"","overlay-gradient":""},"tablet":{"background-color":"var(--ast-global-color-4)","background-image":"","background-repeat":"repeat","background-position":"center center","background-size":"auto","background-attachment":"scroll","background-type":"","background-media":"","overlay-type":"","overlay-color":"","overlay-opacity":"","overlay-gradient":""},"mobile":{"background-color":"var(--ast-global-color-4)","background-image":"","background-repeat":"repeat","background-position":"center center","background-size":"auto","background-attachment":"scroll","background-type":"","background-media":"","overlay-type":"","overlay-color":"","overlay-opacity":"","overlay-gradient":""}},"footnotes":""},"categories":[537],"tags":[],"class_list":["post-5807","post","type-post","status-publish","format-standard","hentry","category-estado-de-alarma"],"yoast_head":"<!-- This site is optimized with the Yoast SEO Premium plugin v27.7 (Yoast SEO v27.8) - https:\/\/yoast.com\/product\/yoast-seo-premium-wordpress\/ -->\n<title>As\u00ed ser\u00e1 el justificante que deber\u00e1s llevar para ir o volver del trabajo - APYMECO Torrevieja<\/title>\n<meta name=\"robots\" content=\"index, follow, max-snippet:-1, max-image-preview:large, max-video-preview:-1\" \/>\n<link rel=\"canonical\" href=\"https:\/\/apymeco.netrotec.com\/es\/asi-sera-el-justificante-que-deberas-llevar-para-ir-o-volver-del-trabajo\/\" \/>\n<meta property=\"og:locale\" content=\"es_ES\" \/>\n<meta property=\"og:type\" content=\"article\" \/>\n<meta property=\"og:title\" content=\"As\u00ed ser\u00e1 el justificante que deber\u00e1s llevar para ir o volver del trabajo\" \/>\n<meta property=\"og:description\" content=\"En estos d\u00edas donde las noticias se han acelerado con la crisis del coronavirus, existen muchas dudas sobre los deberes [&hellip;]\" \/>\n<meta property=\"og:url\" content=\"https:\/\/apymeco.netrotec.com\/es\/asi-sera-el-justificante-que-deberas-llevar-para-ir-o-volver-del-trabajo\/\" \/>\n<meta property=\"og:site_name\" content=\"APYMECO Torrevieja\" \/>\n<meta property=\"article:published_time\" content=\"2020-03-16T12:12:07+00:00\" \/>\n<meta name=\"author\" content=\"Apymeco\" \/>\n<meta name=\"twitter:card\" content=\"summary_large_image\" \/>\n<meta name=\"twitter:label1\" content=\"Escrito por\" \/>\n\t<meta name=\"twitter:data1\" content=\"Apymeco\" \/>\n\t<meta name=\"twitter:label2\" content=\"Tiempo de lectura\" \/>\n\t<meta name=\"twitter:data2\" content=\"1 minuto\" \/>\n<script type=\"application\/ld+json\" class=\"yoast-schema-graph\">{\"@context\":\"https:\\\/\\\/schema.org\",\"@graph\":[{\"@type\":\"Article\",\"@id\":\"https:\\\/\\\/apymeco.netrotec.com\\\/asi-sera-el-justificante-que-deberas-llevar-para-ir-o-volver-del-trabajo\\\/#article\",\"isPartOf\":{\"@id\":\"https:\\\/\\\/apymeco.netrotec.com\\\/asi-sera-el-justificante-que-deberas-llevar-para-ir-o-volver-del-trabajo\\\/\"},\"author\":{\"name\":\"Apymeco\",\"@id\":\"https:\\\/\\\/apymeco.netrotec.com\\\/#\\\/schema\\\/person\\\/58f3bb0f5e04e2b6067d17d05470d2dd\"},\"headline\":\"As\u00ed ser\u00e1 el justificante que deber\u00e1s llevar para ir o volver del trabajo\",\"datePublished\":\"2020-03-16T12:12:07+00:00\",\"mainEntityOfPage\":{\"@id\":\"https:\\\/\\\/apymeco.netrotec.com\\\/asi-sera-el-justificante-que-deberas-llevar-para-ir-o-volver-del-trabajo\\\/\"},\"wordCount\":187,\"commentCount\":0,\"publisher\":{\"@id\":\"https:\\\/\\\/apymeco.netrotec.com\\\/#organization\"},\"articleSection\":[\"Estado de Alarma\"],\"inLanguage\":\"es\",\"potentialAction\":[{\"@type\":\"CommentAction\",\"name\":\"Comment\",\"target\":[\"https:\\\/\\\/apymeco.netrotec.com\\\/asi-sera-el-justificante-que-deberas-llevar-para-ir-o-volver-del-trabajo\\\/#respond\"]}]},{\"@type\":\"WebPage\",\"@id\":\"https:\\\/\\\/apymeco.netrotec.com\\\/asi-sera-el-justificante-que-deberas-llevar-para-ir-o-volver-del-trabajo\\\/\",\"url\":\"https:\\\/\\\/apymeco.netrotec.com\\\/asi-sera-el-justificante-que-deberas-llevar-para-ir-o-volver-del-trabajo\\\/\",\"name\":\"As\u00ed ser\u00e1 el justificante que deber\u00e1s llevar para ir o volver del trabajo - APYMECO Torrevieja\",\"isPartOf\":{\"@id\":\"https:\\\/\\\/apymeco.netrotec.com\\\/#website\"},\"datePublished\":\"2020-03-16T12:12:07+00:00\",\"breadcrumb\":{\"@id\":\"https:\\\/\\\/apymeco.netrotec.com\\\/asi-sera-el-justificante-que-deberas-llevar-para-ir-o-volver-del-trabajo\\\/#breadcrumb\"},\"inLanguage\":\"es\",\"potentialAction\":[{\"@type\":\"ReadAction\",\"target\":[\"https:\\\/\\\/apymeco.netrotec.com\\\/asi-sera-el-justificante-que-deberas-llevar-para-ir-o-volver-del-trabajo\\\/\"]}]},{\"@type\":\"BreadcrumbList\",\"@id\":\"https:\\\/\\\/apymeco.netrotec.com\\\/asi-sera-el-justificante-que-deberas-llevar-para-ir-o-volver-del-trabajo\\\/#breadcrumb\",\"itemListElement\":[{\"@type\":\"ListItem\",\"position\":1,\"name\":\"Portada\",\"item\":\"https:\\\/\\\/apymeco.netrotec.com\\\/\"},{\"@type\":\"ListItem\",\"position\":2,\"name\":\"As\u00ed ser\u00e1 el justificante que deber\u00e1s llevar para ir o volver del trabajo\"}]},{\"@type\":\"WebSite\",\"@id\":\"https:\\\/\\\/apymeco.netrotec.com\\\/#website\",\"url\":\"https:\\\/\\\/apymeco.netrotec.com\\\/\",\"name\":\"APYMECO Torrevieja\",\"description\":\"\",\"publisher\":{\"@id\":\"https:\\\/\\\/apymeco.netrotec.com\\\/#organization\"},\"potentialAction\":[{\"@type\":\"SearchAction\",\"target\":{\"@type\":\"EntryPoint\",\"urlTemplate\":\"https:\\\/\\\/apymeco.netrotec.com\\\/?s={search_term_string}\"},\"query-input\":{\"@type\":\"PropertyValueSpecification\",\"valueRequired\":true,\"valueName\":\"search_term_string\"}}],\"inLanguage\":\"es\"},{\"@type\":\"Organization\",\"@id\":\"https:\\\/\\\/apymeco.netrotec.com\\\/#organization\",\"name\":\"APYMECO Torrevieja\",\"url\":\"https:\\\/\\\/apymeco.netrotec.com\\\/\",\"logo\":{\"@type\":\"ImageObject\",\"inLanguage\":\"es\",\"@id\":\"https:\\\/\\\/apymeco.netrotec.com\\\/#\\\/schema\\\/logo\\\/image\\\/\",\"url\":\"https:\\\/\\\/apymeco.netrotec.com\\\/wp-content\\\/uploads\\\/2026\\\/06\\\/logo-blanco.png\",\"contentUrl\":\"https:\\\/\\\/apymeco.netrotec.com\\\/wp-content\\\/uploads\\\/2026\\\/06\\\/logo-blanco.png\",\"width\":1107,\"height\":444,\"caption\":\"APYMECO Torrevieja\"},\"image\":{\"@id\":\"https:\\\/\\\/apymeco.netrotec.com\\\/#\\\/schema\\\/logo\\\/image\\\/\"}},{\"@type\":\"Person\",\"@id\":\"https:\\\/\\\/apymeco.netrotec.com\\\/#\\\/schema\\\/person\\\/58f3bb0f5e04e2b6067d17d05470d2dd\",\"name\":\"Apymeco\",\"url\":\"https:\\\/\\\/apymeco.netrotec.com\\\/es\\\/author\\\/apymeco\\\/\"}]}<\/script>\n<!-- \/ Yoast SEO Premium plugin. -->","yoast_head_json":{"title":"As\u00ed ser\u00e1 el justificante que deber\u00e1s llevar para ir o volver del trabajo - APYMECO Torrevieja","robots":{"index":"index","follow":"follow","max-snippet":"max-snippet:-1","max-image-preview":"max-image-preview:large","max-video-preview":"max-video-preview:-1"},"canonical":"https:\/\/apymeco.netrotec.com\/es\/asi-sera-el-justificante-que-deberas-llevar-para-ir-o-volver-del-trabajo\/","og_locale":"es_ES","og_type":"article","og_title":"As\u00ed ser\u00e1 el justificante que deber\u00e1s llevar para ir o volver del trabajo","og_description":"En estos d\u00edas donde las noticias se han acelerado con la crisis del coronavirus, existen muchas dudas sobre los deberes [&hellip;]","og_url":"https:\/\/apymeco.netrotec.com\/es\/asi-sera-el-justificante-que-deberas-llevar-para-ir-o-volver-del-trabajo\/","og_site_name":"APYMECO Torrevieja","article_published_time":"2020-03-16T12:12:07+00:00","author":"Apymeco","twitter_card":"summary_large_image","twitter_misc":{"Escrito por":"Apymeco","Tiempo de lectura":"1 minuto"},"schema":{"@context":"https:\/\/schema.org","@graph":[{"@type":"Article","@id":"https:\/\/apymeco.netrotec.com\/asi-sera-el-justificante-que-deberas-llevar-para-ir-o-volver-del-trabajo\/#article","isPartOf":{"@id":"https:\/\/apymeco.netrotec.com\/asi-sera-el-justificante-que-deberas-llevar-para-ir-o-volver-del-trabajo\/"},"author":{"name":"Apymeco","@id":"https:\/\/apymeco.netrotec.com\/#\/schema\/person\/58f3bb0f5e04e2b6067d17d05470d2dd"},"headline":"As\u00ed ser\u00e1 el justificante que deber\u00e1s llevar para ir o volver del trabajo","datePublished":"2020-03-16T12:12:07+00:00","mainEntityOfPage":{"@id":"https:\/\/apymeco.netrotec.com\/asi-sera-el-justificante-que-deberas-llevar-para-ir-o-volver-del-trabajo\/"},"wordCount":187,"commentCount":0,"publisher":{"@id":"https:\/\/apymeco.netrotec.com\/#organization"},"articleSection":["Estado de Alarma"],"inLanguage":"es","potentialAction":[{"@type":"CommentAction","name":"Comment","target":["https:\/\/apymeco.netrotec.com\/asi-sera-el-justificante-que-deberas-llevar-para-ir-o-volver-del-trabajo\/#respond"]}]},{"@type":"WebPage","@id":"https:\/\/apymeco.netrotec.com\/asi-sera-el-justificante-que-deberas-llevar-para-ir-o-volver-del-trabajo\/","url":"https:\/\/apymeco.netrotec.com\/asi-sera-el-justificante-que-deberas-llevar-para-ir-o-volver-del-trabajo\/","name":"As\u00ed ser\u00e1 el justificante que deber\u00e1s llevar para ir o volver del trabajo - APYMECO Torrevieja","isPartOf":{"@id":"https:\/\/apymeco.netrotec.com\/#website"},"datePublished":"2020-03-16T12:12:07+00:00","breadcrumb":{"@id":"https:\/\/apymeco.netrotec.com\/asi-sera-el-justificante-que-deberas-llevar-para-ir-o-volver-del-trabajo\/#breadcrumb"},"inLanguage":"es","potentialAction":[{"@type":"ReadAction","target":["https:\/\/apymeco.netrotec.com\/asi-sera-el-justificante-que-deberas-llevar-para-ir-o-volver-del-trabajo\/"]}]},{"@type":"BreadcrumbList","@id":"https:\/\/apymeco.netrotec.com\/asi-sera-el-justificante-que-deberas-llevar-para-ir-o-volver-del-trabajo\/#breadcrumb","itemListElement":[{"@type":"ListItem","position":1,"name":"Portada","item":"https:\/\/apymeco.netrotec.com\/"},{"@type":"ListItem","position":2,"name":"As\u00ed ser\u00e1 el justificante que deber\u00e1s llevar para ir o volver del trabajo"}]},{"@type":"WebSite","@id":"https:\/\/apymeco.netrotec.com\/#website","url":"https:\/\/apymeco.netrotec.com\/","name":"APYMECO Torrevieja","description":"","publisher":{"@id":"https:\/\/apymeco.netrotec.com\/#organization"},"potentialAction":[{"@type":"SearchAction","target":{"@type":"EntryPoint","urlTemplate":"https:\/\/apymeco.netrotec.com\/?s={search_term_string}"},"query-input":{"@type":"PropertyValueSpecification","valueRequired":true,"valueName":"search_term_string"}}],"inLanguage":"es"},{"@type":"Organization","@id":"https:\/\/apymeco.netrotec.com\/#organization","name":"APYMECO Torrevieja","url":"https:\/\/apymeco.netrotec.com\/","logo":{"@type":"ImageObject","inLanguage":"es","@id":"https:\/\/apymeco.netrotec.com\/#\/schema\/logo\/image\/","url":"https:\/\/apymeco.netrotec.com\/wp-content\/uploads\/2026\/06\/logo-blanco.png","contentUrl":"https:\/\/apymeco.netrotec.com\/wp-content\/uploads\/2026\/06\/logo-blanco.png","width":1107,"height":444,"caption":"APYMECO Torrevieja"},"image":{"@id":"https:\/\/apymeco.netrotec.com\/#\/schema\/logo\/image\/"}},{"@type":"Person","@id":"https:\/\/apymeco.netrotec.com\/#\/schema\/person\/58f3bb0f5e04e2b6067d17d05470d2dd","name":"Apymeco","url":"https:\/\/apymeco.netrotec.com\/es\/author\/apymeco\/"}]}},"_links":{"self":[{"href":"https:\/\/apymeco.netrotec.com\/es\/wp-json\/wp\/v2\/posts\/5807","targetHints":{"allow":["GET"]}}],"collection":[{"href":"https:\/\/apymeco.netrotec.com\/es\/wp-json\/wp\/v2\/posts"}],"about":[{"href":"https:\/\/apymeco.netrotec.com\/es\/wp-json\/wp\/v2\/types\/post"}],"author":[{"embeddable":true,"href":"https:\/\/apymeco.netrotec.com\/es\/wp-json\/wp\/v2\/users\/2"}],"replies":[{"embeddable":true,"href":"https:\/\/apymeco.netrotec.com\/es\/wp-json\/wp\/v2\/comments?post=5807"}],"version-history":[{"count":0,"href":"https:\/\/apymeco.netrotec.com\/es\/wp-json\/wp\/v2\/posts\/5807\/revisions"}],"wp:attachment":[{"href":"https:\/\/apymeco.netrotec.com\/es\/wp-json\/wp\/v2\/media?parent=5807"}],"wp:term":[{"taxonomy":"category","embeddable":true,"href":"https:\/\/apymeco.netrotec.com\/es\/wp-json\/wp\/v2\/categories?post=5807"},{"taxonomy":"post_tag","embeddable":true,"href":"https:\/\/apymeco.netrotec.com\/es\/wp-json\/wp\/v2\/tags?post=5807"}],"curies":[{"name":"wp","href":"https:\/\/api.w.org\/{rel}","templated":true}]}}