{"id":5921,"date":"2020-04-18T10:28:58","date_gmt":"2020-04-18T09:28:58","guid":{"rendered":"https:\/\/www.apymeco.info\/?p=5921"},"modified":"2020-04-18T10:28:58","modified_gmt":"2020-04-18T09:28:58","slug":"el-alcalde-se-reune-con-la-junta-directiva-de-apymeco","status":"publish","type":"post","link":"https:\/\/apymeco.netrotec.com\/es\/el-alcalde-se-reune-con-la-junta-directiva-de-apymeco\/","title":{"rendered":"El alcalde se re\u00fane con la junta directiva de Apymeco."},"content":{"rendered":"<p data-adtags-visited=\"true\">En la ma\u00f1ana de ayer, el alcalde de Torrevieja, Eduardo Dol\u00f3n, mantuvo una reuni\u00f3n telem\u00e1tica con la Junta Directiva de la Asociaci\u00f3n de Peque\u00f1os y Medianos Comerciantes, que preside Jorge Almarcha, en la que ha participado la concejal de Comercio, Rosario Mart\u00ednez Chazarra, y el asesor de Comercio, Jos\u00e9 Rubio. En dicha reuni\u00f3n se abordaron diversos temas relacionados con la situaci\u00f3n de los comerciantes de la ciudad causada por la crisis del Covid-19 <span id=\"more-197411\"><\/span>y se repasaron las medidas lanzadas por el Ayuntamiento, deteni\u00e9ndose especialmente en la que hace referencia a las bonificaciones del IBI a los propietarios de locales comerciales, habiendo propuesto al Ayuntamiento el estudio de otras ayudas directas al comerciante no propietario, baraj\u00e1ndose varias de ellas y que se concretar\u00e1n pr\u00f3ximamente.<\/p>\n<p data-adtags-visited=\"true\">Otro de los temas importantes que se trataron fue la necesidad de estar preparados higi\u00e9nico-sanitariamente para afrontar con tiempo la reapertura de locales, dot\u00e1ndolos de mamparas y otros elementos de aislamiento, que den al cliente y al comerciante una seguridad efectiva, exponi\u00e9ndose al alcalde la posibilidad de que el Ayuntamiento financie, en parte, esos equipamientos de seguridad higi\u00e9nica.<\/p>\n<p data-adtags-visited=\"true\">Los representantes de APYMECO informaron, tanto al alcalde como a la concejala de Comercio, de la futura puesta en marcha de una plataforma del comercio de Torrevieja para venta y gesti\u00f3n online, a imagen de las grandes plataformas nacionales e internacionales, pero de car\u00e1cter local y que ser\u00eda pionera en Espa\u00f1a. Esta plataforma estar\u00e1 dirigida a todos los comercios, industria y hosteler\u00eda de la ciudad, no solo para asociados, aunque la administraci\u00f3n de la misma ser\u00e1 por parte de la asociaci\u00f3n. Se solicit\u00f3 al Ayuntamiento la subvenci\u00f3n de la misma, comprometi\u00e9ndose el alcalde a estudiarla de forma preferente con la intenci\u00f3n de ponerla en marcha lo antes posible.<\/p>\n<p data-adtags-visited=\"true\">Otros temas abordados fueron las campa\u00f1as, actividades y divulgaci\u00f3n de las mismas una vez que el comercio y la hosteler\u00eda reabran, con el fin de dinamizar el comercio y atraer al p\u00fablico a las zonas comerciales para su revitalizaci\u00f3n, as\u00ed como el futuro del Mercado Central \u201cLa Plasa\u201d, asunto que est\u00e1 pendiente de la exposici\u00f3n del proyecto del propietario del edificio.<\/p>\n<p data-adtags-visited=\"true\">Ambas partes se comprometieron a seguir en contacto para hacer un seguimiento mutuo de las acciones propuestas, que contribuir\u00e1n a que la reapertura de la vida comercial de la ciudad sea lo menos traum\u00e1tica posible.<\/p>\n<p data-adtags-visited=\"true\">Fernando Guardiola. Secretario de Apymeco.<\/p>\n","protected":false},"excerpt":{"rendered":"<p>En la ma\u00f1ana de ayer, el alcalde de Torrevieja, Eduardo Dol\u00f3n, mantuvo una reuni\u00f3n telem\u00e1tica con la Junta Directiva de [&hellip;]<\/p>\n","protected":false},"author":2,"featured_media":5924,"comment_status":"open","ping_status":"open","sticky":false,"template":"","format":"standard","meta":{"site-sidebar-layout":"default","site-content-layout":"","ast-site-content-layout":"default","site-content-style":"default","site-sidebar-style":"default","ast-global-header-display":"","ast-banner-title-visibility":"","ast-main-header-display":"","ast-hfb-above-header-display":"","ast-hfb-below-header-display":"","ast-hfb-mobile-header-display":"","site-post-title":"","ast-breadcrumbs-content":"","ast-featured-img":"","footer-sml-layout":"","ast-disable-related-posts":"","theme-transparent-header-meta":"","adv-header-id-meta":"","stick-header-meta":"","header-above-stick-meta":"","header-main-stick-meta":"","header-below-stick-meta":"","astra-migrate-meta-layouts":"default","ast-page-background-enabled":"default","ast-page-background-meta":{"desktop":{"background-color":"var(--ast-global-color-5)","background-image":"","background-repeat":"repeat","background-position":"center center","background-size":"auto","background-attachment":"scroll","background-type":"","background-media":"","overlay-type":"","overlay-color":"","overlay-opacity":"","overlay-gradient":""},"tablet":{"background-color":"","background-image":"","background-repeat":"repeat","background-position":"center center","background-size":"auto","background-attachment":"scroll","background-type":"","background-media":"","overlay-type":"","overlay-color":"","overlay-opacity":"","overlay-gradient":""},"mobile":{"background-color":"","background-image":"","background-repeat":"repeat","background-position":"center center","background-size":"auto","background-attachment":"scroll","background-type":"","background-media":"","overlay-type":"","overlay-color":"","overlay-opacity":"","overlay-gradient":""}},"ast-content-background-meta":{"desktop":{"background-color":"var(--ast-global-color-4)","background-image":"","background-repeat":"repeat","background-position":"center center","background-size":"auto","background-attachment":"scroll","background-type":"","background-media":"","overlay-type":"","overlay-color":"","overlay-opacity":"","overlay-gradient":""},"tablet":{"background-color":"var(--ast-global-color-4)","background-image":"","background-repeat":"repeat","background-position":"center center","background-size":"auto","background-attachment":"scroll","background-type":"","background-media":"","overlay-type":"","overlay-color":"","overlay-opacity":"","overlay-gradient":""},"mobile":{"background-color":"var(--ast-global-color-4)","background-image":"","background-repeat":"repeat","background-position":"center center","background-size":"auto","background-attachment":"scroll","background-type":"","background-media":"","overlay-type":"","overlay-color":"","overlay-opacity":"","overlay-gradient":""}},"footnotes":""},"categories":[537],"tags":[],"class_list":["post-5921","post","type-post","status-publish","format-standard","has-post-thumbnail","hentry","category-estado-de-alarma"],"yoast_head":"<!-- This site is optimized with the Yoast SEO Premium plugin v27.7 (Yoast SEO v27.8) - https:\/\/yoast.com\/product\/yoast-seo-premium-wordpress\/ -->\n<title>El alcalde se re\u00fane con la junta directiva de Apymeco. - APYMECO Torrevieja<\/title>\n<meta name=\"robots\" content=\"index, follow, max-snippet:-1, max-image-preview:large, max-video-preview:-1\" \/>\n<link rel=\"canonical\" href=\"https:\/\/apymeco.netrotec.com\/es\/el-alcalde-se-reune-con-la-junta-directiva-de-apymeco\/\" \/>\n<meta property=\"og:locale\" content=\"es_ES\" \/>\n<meta property=\"og:type\" content=\"article\" \/>\n<meta property=\"og:title\" content=\"El alcalde se re\u00fane con la junta directiva de Apymeco.\" \/>\n<meta property=\"og:description\" content=\"En la ma\u00f1ana de ayer, el alcalde de Torrevieja, Eduardo Dol\u00f3n, mantuvo una reuni\u00f3n telem\u00e1tica con la Junta Directiva de [&hellip;]\" \/>\n<meta property=\"og:url\" content=\"https:\/\/apymeco.netrotec.com\/es\/el-alcalde-se-reune-con-la-junta-directiva-de-apymeco\/\" \/>\n<meta property=\"og:site_name\" content=\"APYMECO Torrevieja\" \/>\n<meta property=\"article:published_time\" content=\"2020-04-18T09:28:58+00:00\" \/>\n<meta property=\"og:image\" content=\"https:\/\/apymeco.netrotec.com\/wp-content\/uploads\/2020\/04\/reunic393n-videoconferencia-alcalde-y-junta-directiva-apymeco-2.png.jpeg\" \/>\n\t<meta property=\"og:image:width\" content=\"468\" \/>\n\t<meta property=\"og:image:height\" content=\"246\" \/>\n\t<meta property=\"og:image:type\" content=\"image\/jpeg\" \/>\n<meta name=\"author\" content=\"Apymeco\" \/>\n<meta name=\"twitter:card\" content=\"summary_large_image\" \/>\n<meta name=\"twitter:label1\" content=\"Escrito por\" \/>\n\t<meta name=\"twitter:data1\" content=\"Apymeco\" \/>\n\t<meta name=\"twitter:label2\" content=\"Tiempo de lectura\" \/>\n\t<meta name=\"twitter:data2\" content=\"2 minutos\" \/>\n<script type=\"application\/ld+json\" class=\"yoast-schema-graph\">{\"@context\":\"https:\\\/\\\/schema.org\",\"@graph\":[{\"@type\":\"Article\",\"@id\":\"https:\\\/\\\/apymeco.netrotec.com\\\/el-alcalde-se-reune-con-la-junta-directiva-de-apymeco\\\/#article\",\"isPartOf\":{\"@id\":\"https:\\\/\\\/apymeco.netrotec.com\\\/el-alcalde-se-reune-con-la-junta-directiva-de-apymeco\\\/\"},\"author\":{\"name\":\"Apymeco\",\"@id\":\"https:\\\/\\\/apymeco.netrotec.com\\\/#\\\/schema\\\/person\\\/58f3bb0f5e04e2b6067d17d05470d2dd\"},\"headline\":\"El alcalde se re\u00fane con la junta directiva de Apymeco.\",\"datePublished\":\"2020-04-18T09:28:58+00:00\",\"mainEntityOfPage\":{\"@id\":\"https:\\\/\\\/apymeco.netrotec.com\\\/el-alcalde-se-reune-con-la-junta-directiva-de-apymeco\\\/\"},\"wordCount\":436,\"commentCount\":0,\"publisher\":{\"@id\":\"https:\\\/\\\/apymeco.netrotec.com\\\/#organization\"},\"image\":{\"@id\":\"https:\\\/\\\/apymeco.netrotec.com\\\/el-alcalde-se-reune-con-la-junta-directiva-de-apymeco\\\/#primaryimage\"},\"thumbnailUrl\":\"https:\\\/\\\/apymeco.netrotec.com\\\/wp-content\\\/uploads\\\/2020\\\/04\\\/reunic393n-videoconferencia-alcalde-y-junta-directiva-apymeco-2.png.jpeg\",\"articleSection\":[\"Estado de Alarma\"],\"inLanguage\":\"es\",\"potentialAction\":[{\"@type\":\"CommentAction\",\"name\":\"Comment\",\"target\":[\"https:\\\/\\\/apymeco.netrotec.com\\\/el-alcalde-se-reune-con-la-junta-directiva-de-apymeco\\\/#respond\"]}]},{\"@type\":\"WebPage\",\"@id\":\"https:\\\/\\\/apymeco.netrotec.com\\\/el-alcalde-se-reune-con-la-junta-directiva-de-apymeco\\\/\",\"url\":\"https:\\\/\\\/apymeco.netrotec.com\\\/el-alcalde-se-reune-con-la-junta-directiva-de-apymeco\\\/\",\"name\":\"El alcalde se re\u00fane con la junta directiva de Apymeco. - APYMECO Torrevieja\",\"isPartOf\":{\"@id\":\"https:\\\/\\\/apymeco.netrotec.com\\\/#website\"},\"primaryImageOfPage\":{\"@id\":\"https:\\\/\\\/apymeco.netrotec.com\\\/el-alcalde-se-reune-con-la-junta-directiva-de-apymeco\\\/#primaryimage\"},\"image\":{\"@id\":\"https:\\\/\\\/apymeco.netrotec.com\\\/el-alcalde-se-reune-con-la-junta-directiva-de-apymeco\\\/#primaryimage\"},\"thumbnailUrl\":\"https:\\\/\\\/apymeco.netrotec.com\\\/wp-content\\\/uploads\\\/2020\\\/04\\\/reunic393n-videoconferencia-alcalde-y-junta-directiva-apymeco-2.png.jpeg\",\"datePublished\":\"2020-04-18T09:28:58+00:00\",\"breadcrumb\":{\"@id\":\"https:\\\/\\\/apymeco.netrotec.com\\\/el-alcalde-se-reune-con-la-junta-directiva-de-apymeco\\\/#breadcrumb\"},\"inLanguage\":\"es\",\"potentialAction\":[{\"@type\":\"ReadAction\",\"target\":[\"https:\\\/\\\/apymeco.netrotec.com\\\/el-alcalde-se-reune-con-la-junta-directiva-de-apymeco\\\/\"]}]},{\"@type\":\"ImageObject\",\"inLanguage\":\"es\",\"@id\":\"https:\\\/\\\/apymeco.netrotec.com\\\/el-alcalde-se-reune-con-la-junta-directiva-de-apymeco\\\/#primaryimage\",\"url\":\"https:\\\/\\\/apymeco.netrotec.com\\\/wp-content\\\/uploads\\\/2020\\\/04\\\/reunic393n-videoconferencia-alcalde-y-junta-directiva-apymeco-2.png.jpeg\",\"contentUrl\":\"https:\\\/\\\/apymeco.netrotec.com\\\/wp-content\\\/uploads\\\/2020\\\/04\\\/reunic393n-videoconferencia-alcalde-y-junta-directiva-apymeco-2.png.jpeg\",\"width\":468,\"height\":246},{\"@type\":\"BreadcrumbList\",\"@id\":\"https:\\\/\\\/apymeco.netrotec.com\\\/el-alcalde-se-reune-con-la-junta-directiva-de-apymeco\\\/#breadcrumb\",\"itemListElement\":[{\"@type\":\"ListItem\",\"position\":1,\"name\":\"Portada\",\"item\":\"https:\\\/\\\/apymeco.netrotec.com\\\/\"},{\"@type\":\"ListItem\",\"position\":2,\"name\":\"El alcalde se re\u00fane con la junta directiva de Apymeco.\"}]},{\"@type\":\"WebSite\",\"@id\":\"https:\\\/\\\/apymeco.netrotec.com\\\/#website\",\"url\":\"https:\\\/\\\/apymeco.netrotec.com\\\/\",\"name\":\"APYMECO Torrevieja\",\"description\":\"\",\"publisher\":{\"@id\":\"https:\\\/\\\/apymeco.netrotec.com\\\/#organization\"},\"potentialAction\":[{\"@type\":\"SearchAction\",\"target\":{\"@type\":\"EntryPoint\",\"urlTemplate\":\"https:\\\/\\\/apymeco.netrotec.com\\\/?s={search_term_string}\"},\"query-input\":{\"@type\":\"PropertyValueSpecification\",\"valueRequired\":true,\"valueName\":\"search_term_string\"}}],\"inLanguage\":\"es\"},{\"@type\":\"Organization\",\"@id\":\"https:\\\/\\\/apymeco.netrotec.com\\\/#organization\",\"name\":\"APYMECO Torrevieja\",\"url\":\"https:\\\/\\\/apymeco.netrotec.com\\\/\",\"logo\":{\"@type\":\"ImageObject\",\"inLanguage\":\"es\",\"@id\":\"https:\\\/\\\/apymeco.netrotec.com\\\/#\\\/schema\\\/logo\\\/image\\\/\",\"url\":\"https:\\\/\\\/apymeco.netrotec.com\\\/wp-content\\\/uploads\\\/2026\\\/06\\\/logo-blanco.png\",\"contentUrl\":\"https:\\\/\\\/apymeco.netrotec.com\\\/wp-content\\\/uploads\\\/2026\\\/06\\\/logo-blanco.png\",\"width\":1107,\"height\":444,\"caption\":\"APYMECO Torrevieja\"},\"image\":{\"@id\":\"https:\\\/\\\/apymeco.netrotec.com\\\/#\\\/schema\\\/logo\\\/image\\\/\"}},{\"@type\":\"Person\",\"@id\":\"https:\\\/\\\/apymeco.netrotec.com\\\/#\\\/schema\\\/person\\\/58f3bb0f5e04e2b6067d17d05470d2dd\",\"name\":\"Apymeco\",\"url\":\"https:\\\/\\\/apymeco.netrotec.com\\\/es\\\/author\\\/apymeco\\\/\"}]}<\/script>\n<!-- \/ Yoast SEO Premium plugin. -->","yoast_head_json":{"title":"El alcalde se re\u00fane con la junta directiva de Apymeco. - APYMECO Torrevieja","robots":{"index":"index","follow":"follow","max-snippet":"max-snippet:-1","max-image-preview":"max-image-preview:large","max-video-preview":"max-video-preview:-1"},"canonical":"https:\/\/apymeco.netrotec.com\/es\/el-alcalde-se-reune-con-la-junta-directiva-de-apymeco\/","og_locale":"es_ES","og_type":"article","og_title":"El alcalde se re\u00fane con la junta directiva de Apymeco.","og_description":"En la ma\u00f1ana de ayer, el alcalde de Torrevieja, Eduardo Dol\u00f3n, mantuvo una reuni\u00f3n telem\u00e1tica con la Junta Directiva de [&hellip;]","og_url":"https:\/\/apymeco.netrotec.com\/es\/el-alcalde-se-reune-con-la-junta-directiva-de-apymeco\/","og_site_name":"APYMECO Torrevieja","article_published_time":"2020-04-18T09:28:58+00:00","og_image":[{"width":468,"height":246,"url":"https:\/\/apymeco.netrotec.com\/wp-content\/uploads\/2020\/04\/reunic393n-videoconferencia-alcalde-y-junta-directiva-apymeco-2.png.jpeg","type":"image\/jpeg"}],"author":"Apymeco","twitter_card":"summary_large_image","twitter_misc":{"Escrito por":"Apymeco","Tiempo de lectura":"2 minutos"},"schema":{"@context":"https:\/\/schema.org","@graph":[{"@type":"Article","@id":"https:\/\/apymeco.netrotec.com\/el-alcalde-se-reune-con-la-junta-directiva-de-apymeco\/#article","isPartOf":{"@id":"https:\/\/apymeco.netrotec.com\/el-alcalde-se-reune-con-la-junta-directiva-de-apymeco\/"},"author":{"name":"Apymeco","@id":"https:\/\/apymeco.netrotec.com\/#\/schema\/person\/58f3bb0f5e04e2b6067d17d05470d2dd"},"headline":"El alcalde se re\u00fane con la junta directiva de Apymeco.","datePublished":"2020-04-18T09:28:58+00:00","mainEntityOfPage":{"@id":"https:\/\/apymeco.netrotec.com\/el-alcalde-se-reune-con-la-junta-directiva-de-apymeco\/"},"wordCount":436,"commentCount":0,"publisher":{"@id":"https:\/\/apymeco.netrotec.com\/#organization"},"image":{"@id":"https:\/\/apymeco.netrotec.com\/el-alcalde-se-reune-con-la-junta-directiva-de-apymeco\/#primaryimage"},"thumbnailUrl":"https:\/\/apymeco.netrotec.com\/wp-content\/uploads\/2020\/04\/reunic393n-videoconferencia-alcalde-y-junta-directiva-apymeco-2.png.jpeg","articleSection":["Estado de Alarma"],"inLanguage":"es","potentialAction":[{"@type":"CommentAction","name":"Comment","target":["https:\/\/apymeco.netrotec.com\/el-alcalde-se-reune-con-la-junta-directiva-de-apymeco\/#respond"]}]},{"@type":"WebPage","@id":"https:\/\/apymeco.netrotec.com\/el-alcalde-se-reune-con-la-junta-directiva-de-apymeco\/","url":"https:\/\/apymeco.netrotec.com\/el-alcalde-se-reune-con-la-junta-directiva-de-apymeco\/","name":"El alcalde se re\u00fane con la junta directiva de Apymeco. - APYMECO Torrevieja","isPartOf":{"@id":"https:\/\/apymeco.netrotec.com\/#website"},"primaryImageOfPage":{"@id":"https:\/\/apymeco.netrotec.com\/el-alcalde-se-reune-con-la-junta-directiva-de-apymeco\/#primaryimage"},"image":{"@id":"https:\/\/apymeco.netrotec.com\/el-alcalde-se-reune-con-la-junta-directiva-de-apymeco\/#primaryimage"},"thumbnailUrl":"https:\/\/apymeco.netrotec.com\/wp-content\/uploads\/2020\/04\/reunic393n-videoconferencia-alcalde-y-junta-directiva-apymeco-2.png.jpeg","datePublished":"2020-04-18T09:28:58+00:00","breadcrumb":{"@id":"https:\/\/apymeco.netrotec.com\/el-alcalde-se-reune-con-la-junta-directiva-de-apymeco\/#breadcrumb"},"inLanguage":"es","potentialAction":[{"@type":"ReadAction","target":["https:\/\/apymeco.netrotec.com\/el-alcalde-se-reune-con-la-junta-directiva-de-apymeco\/"]}]},{"@type":"ImageObject","inLanguage":"es","@id":"https:\/\/apymeco.netrotec.com\/el-alcalde-se-reune-con-la-junta-directiva-de-apymeco\/#primaryimage","url":"https:\/\/apymeco.netrotec.com\/wp-content\/uploads\/2020\/04\/reunic393n-videoconferencia-alcalde-y-junta-directiva-apymeco-2.png.jpeg","contentUrl":"https:\/\/apymeco.netrotec.com\/wp-content\/uploads\/2020\/04\/reunic393n-videoconferencia-alcalde-y-junta-directiva-apymeco-2.png.jpeg","width":468,"height":246},{"@type":"BreadcrumbList","@id":"https:\/\/apymeco.netrotec.com\/el-alcalde-se-reune-con-la-junta-directiva-de-apymeco\/#breadcrumb","itemListElement":[{"@type":"ListItem","position":1,"name":"Portada","item":"https:\/\/apymeco.netrotec.com\/"},{"@type":"ListItem","position":2,"name":"El alcalde se re\u00fane con la junta directiva de Apymeco."}]},{"@type":"WebSite","@id":"https:\/\/apymeco.netrotec.com\/#website","url":"https:\/\/apymeco.netrotec.com\/","name":"APYMECO Torrevieja","description":"","publisher":{"@id":"https:\/\/apymeco.netrotec.com\/#organization"},"potentialAction":[{"@type":"SearchAction","target":{"@type":"EntryPoint","urlTemplate":"https:\/\/apymeco.netrotec.com\/?s={search_term_string}"},"query-input":{"@type":"PropertyValueSpecification","valueRequired":true,"valueName":"search_term_string"}}],"inLanguage":"es"},{"@type":"Organization","@id":"https:\/\/apymeco.netrotec.com\/#organization","name":"APYMECO Torrevieja","url":"https:\/\/apymeco.netrotec.com\/","logo":{"@type":"ImageObject","inLanguage":"es","@id":"https:\/\/apymeco.netrotec.com\/#\/schema\/logo\/image\/","url":"https:\/\/apymeco.netrotec.com\/wp-content\/uploads\/2026\/06\/logo-blanco.png","contentUrl":"https:\/\/apymeco.netrotec.com\/wp-content\/uploads\/2026\/06\/logo-blanco.png","width":1107,"height":444,"caption":"APYMECO Torrevieja"},"image":{"@id":"https:\/\/apymeco.netrotec.com\/#\/schema\/logo\/image\/"}},{"@type":"Person","@id":"https:\/\/apymeco.netrotec.com\/#\/schema\/person\/58f3bb0f5e04e2b6067d17d05470d2dd","name":"Apymeco","url":"https:\/\/apymeco.netrotec.com\/es\/author\/apymeco\/"}]}},"_links":{"self":[{"href":"https:\/\/apymeco.netrotec.com\/es\/wp-json\/wp\/v2\/posts\/5921","targetHints":{"allow":["GET"]}}],"collection":[{"href":"https:\/\/apymeco.netrotec.com\/es\/wp-json\/wp\/v2\/posts"}],"about":[{"href":"https:\/\/apymeco.netrotec.com\/es\/wp-json\/wp\/v2\/types\/post"}],"author":[{"embeddable":true,"href":"https:\/\/apymeco.netrotec.com\/es\/wp-json\/wp\/v2\/users\/2"}],"replies":[{"embeddable":true,"href":"https:\/\/apymeco.netrotec.com\/es\/wp-json\/wp\/v2\/comments?post=5921"}],"version-history":[{"count":0,"href":"https:\/\/apymeco.netrotec.com\/es\/wp-json\/wp\/v2\/posts\/5921\/revisions"}],"wp:featuredmedia":[{"embeddable":true,"href":"https:\/\/apymeco.netrotec.com\/es\/wp-json\/wp\/v2\/media\/5924"}],"wp:attachment":[{"href":"https:\/\/apymeco.netrotec.com\/es\/wp-json\/wp\/v2\/media?parent=5921"}],"wp:term":[{"taxonomy":"category","embeddable":true,"href":"https:\/\/apymeco.netrotec.com\/es\/wp-json\/wp\/v2\/categories?post=5921"},{"taxonomy":"post_tag","embeddable":true,"href":"https:\/\/apymeco.netrotec.com\/es\/wp-json\/wp\/v2\/tags?post=5921"}],"curies":[{"name":"wp","href":"https:\/\/api.w.org\/{rel}","templated":true}]}}