{"id":5959,"date":"2020-05-14T09:54:59","date_gmt":"2020-05-14T08:54:59","guid":{"rendered":"https:\/\/www.apymeco.info\/?p=5959"},"modified":"2020-05-14T09:54:59","modified_gmt":"2020-05-14T08:54:59","slug":"disponible-las-senalizaciones-covid-19","status":"publish","type":"post","link":"https:\/\/apymeco.netrotec.com\/es\/disponible-las-senalizaciones-covid-19\/","title":{"rendered":"Disponible las se\u00f1alizaciones COVID-19"},"content":{"rendered":"<p><strong><em>La Asociaci\u00f3n de Peque\u00f1os y Medianos Comerciantes de Torrevieja,\u00a0 distribuir\u00e1 a partir de hoy, entre sus comercios asociados, la se\u00f1alizaci\u00f3n necesaria para la prevenci\u00f3n\u00a0 y cumplimiento de la normativa sanitaria, dictada en el \u00faltimo B.O.E. del pasado s\u00e1bado, por la que el \u00c1rea\u00a0 de Salud 22 de Torrevieja, pasa a la Fase 1.<\/em><\/strong><\/p>\n<p>Dos elementos, que consideramos necesarios, como son una pegatina\u00a0 que certifica el cumplimento de los requisitos de seguridad y que han sido donadas por la empresa <strong><em>\u201cARG R\u00f3tulos\u201d<\/em><\/strong> y\u00a0 unas bandas de se\u00f1alizaci\u00f3n horizontal, para salvaguardar la distancia social entre los clientes y personal de atenci\u00f3n al p\u00fablico, donadas por\u00a0 la empresa <strong><em>\u201cR\u00f3tulos y Luminosos\u00a0 CoSings\u201d<\/em><\/strong> de Guardamar del Segura.<\/p>\n<p>El reparto de pegatinas y bandas se realizar\u00e1 a partir de hoy 13 de mayo, en la tienda de Inform\u00e1tica <em>\u201cDoctor Computers\u201d,<\/em> en la\u00a0 calle Orihuela, 24 en horarios de 10,00 a 14,00 h. y de 17,00 a 19,00 h. de Lunes a Viernes.<\/p>\n<p>Cada socio podr\u00e1 retirar una pegatina informativa y dos bandas de se\u00f1alizaci\u00f3n horizontal por comercio.<\/p>\n<p>Jorge Almarcha, presidente de Apymeco quiere dar p\u00fablicamente las gracias a estas empresas que conscientes de que la seguridad en nuestro comercio es primordial, no ha dudado en facilitarnos elementos tan necesarios como los que son objeto de este comunicado.<\/p>\n","protected":false},"excerpt":{"rendered":"<p>La Asociaci\u00f3n de Peque\u00f1os y Medianos Comerciantes de Torrevieja,\u00a0 distribuir\u00e1 a partir de hoy, entre sus comercios asociados, la se\u00f1alizaci\u00f3n [&hellip;]<\/p>\n","protected":false},"author":2,"featured_media":5960,"comment_status":"open","ping_status":"open","sticky":false,"template":"","format":"standard","meta":{"site-sidebar-layout":"default","site-content-layout":"","ast-site-content-layout":"default","site-content-style":"default","site-sidebar-style":"default","ast-global-header-display":"","ast-banner-title-visibility":"","ast-main-header-display":"","ast-hfb-above-header-display":"","ast-hfb-below-header-display":"","ast-hfb-mobile-header-display":"","site-post-title":"","ast-breadcrumbs-content":"","ast-featured-img":"","footer-sml-layout":"","ast-disable-related-posts":"","theme-transparent-header-meta":"","adv-header-id-meta":"","stick-header-meta":"","header-above-stick-meta":"","header-main-stick-meta":"","header-below-stick-meta":"","astra-migrate-meta-layouts":"default","ast-page-background-enabled":"default","ast-page-background-meta":{"desktop":{"background-color":"var(--ast-global-color-5)","background-image":"","background-repeat":"repeat","background-position":"center center","background-size":"auto","background-attachment":"scroll","background-type":"","background-media":"","overlay-type":"","overlay-color":"","overlay-opacity":"","overlay-gradient":""},"tablet":{"background-color":"","background-image":"","background-repeat":"repeat","background-position":"center center","background-size":"auto","background-attachment":"scroll","background-type":"","background-media":"","overlay-type":"","overlay-color":"","overlay-opacity":"","overlay-gradient":""},"mobile":{"background-color":"","background-image":"","background-repeat":"repeat","background-position":"center center","background-size":"auto","background-attachment":"scroll","background-type":"","background-media":"","overlay-type":"","overlay-color":"","overlay-opacity":"","overlay-gradient":""}},"ast-content-background-meta":{"desktop":{"background-color":"var(--ast-global-color-4)","background-image":"","background-repeat":"repeat","background-position":"center center","background-size":"auto","background-attachment":"scroll","background-type":"","background-media":"","overlay-type":"","overlay-color":"","overlay-opacity":"","overlay-gradient":""},"tablet":{"background-color":"var(--ast-global-color-4)","background-image":"","background-repeat":"repeat","background-position":"center center","background-size":"auto","background-attachment":"scroll","background-type":"","background-media":"","overlay-type":"","overlay-color":"","overlay-opacity":"","overlay-gradient":""},"mobile":{"background-color":"var(--ast-global-color-4)","background-image":"","background-repeat":"repeat","background-position":"center center","background-size":"auto","background-attachment":"scroll","background-type":"","background-media":"","overlay-type":"","overlay-color":"","overlay-opacity":"","overlay-gradient":""}},"footnotes":""},"categories":[537],"tags":[],"class_list":["post-5959","post","type-post","status-publish","format-standard","has-post-thumbnail","hentry","category-estado-de-alarma"],"yoast_head":"<!-- This site is optimized with the Yoast SEO Premium plugin v27.7 (Yoast SEO v27.8) - https:\/\/yoast.com\/product\/yoast-seo-premium-wordpress\/ -->\n<title>Disponible las se\u00f1alizaciones COVID-19 - APYMECO Torrevieja<\/title>\n<meta name=\"robots\" content=\"index, follow, max-snippet:-1, max-image-preview:large, max-video-preview:-1\" \/>\n<link rel=\"canonical\" href=\"https:\/\/apymeco.netrotec.com\/es\/disponible-las-senalizaciones-covid-19\/\" \/>\n<meta property=\"og:locale\" content=\"es_ES\" \/>\n<meta property=\"og:type\" content=\"article\" \/>\n<meta property=\"og:title\" content=\"Disponible las se\u00f1alizaciones COVID-19\" \/>\n<meta property=\"og:description\" content=\"La Asociaci\u00f3n de Peque\u00f1os y Medianos Comerciantes de Torrevieja,\u00a0 distribuir\u00e1 a partir de hoy, entre sus comercios asociados, la se\u00f1alizaci\u00f3n [&hellip;]\" \/>\n<meta property=\"og:url\" content=\"https:\/\/apymeco.netrotec.com\/es\/disponible-las-senalizaciones-covid-19\/\" \/>\n<meta property=\"og:site_name\" content=\"APYMECO Torrevieja\" \/>\n<meta property=\"article:published_time\" content=\"2020-05-14T08:54:59+00:00\" \/>\n<meta property=\"og:image\" content=\"https:\/\/apymeco.netrotec.com\/wp-content\/uploads\/2020\/05\/apymeco-728x1030-1.jpg\" \/>\n\t<meta property=\"og:image:width\" content=\"728\" \/>\n\t<meta property=\"og:image:height\" content=\"1030\" \/>\n\t<meta property=\"og:image:type\" content=\"image\/jpeg\" \/>\n<meta name=\"author\" content=\"Apymeco\" \/>\n<meta name=\"twitter:card\" content=\"summary_large_image\" \/>\n<meta name=\"twitter:label1\" content=\"Escrito por\" \/>\n\t<meta name=\"twitter:data1\" content=\"Apymeco\" \/>\n\t<meta name=\"twitter:label2\" content=\"Tiempo de lectura\" \/>\n\t<meta name=\"twitter:data2\" content=\"1 minuto\" \/>\n<script type=\"application\/ld+json\" class=\"yoast-schema-graph\">{\"@context\":\"https:\\\/\\\/schema.org\",\"@graph\":[{\"@type\":\"Article\",\"@id\":\"https:\\\/\\\/apymeco.netrotec.com\\\/disponible-las-senalizaciones-covid-19\\\/#article\",\"isPartOf\":{\"@id\":\"https:\\\/\\\/apymeco.netrotec.com\\\/disponible-las-senalizaciones-covid-19\\\/\"},\"author\":{\"name\":\"Apymeco\",\"@id\":\"https:\\\/\\\/apymeco.netrotec.com\\\/#\\\/schema\\\/person\\\/58f3bb0f5e04e2b6067d17d05470d2dd\"},\"headline\":\"Disponible las se\u00f1alizaciones COVID-19\",\"datePublished\":\"2020-05-14T08:54:59+00:00\",\"mainEntityOfPage\":{\"@id\":\"https:\\\/\\\/apymeco.netrotec.com\\\/disponible-las-senalizaciones-covid-19\\\/\"},\"wordCount\":227,\"commentCount\":0,\"publisher\":{\"@id\":\"https:\\\/\\\/apymeco.netrotec.com\\\/#organization\"},\"image\":{\"@id\":\"https:\\\/\\\/apymeco.netrotec.com\\\/disponible-las-senalizaciones-covid-19\\\/#primaryimage\"},\"thumbnailUrl\":\"https:\\\/\\\/apymeco.netrotec.com\\\/wp-content\\\/uploads\\\/2020\\\/05\\\/apymeco-728x1030-1.jpg\",\"articleSection\":[\"Estado de Alarma\"],\"inLanguage\":\"es\",\"potentialAction\":[{\"@type\":\"CommentAction\",\"name\":\"Comment\",\"target\":[\"https:\\\/\\\/apymeco.netrotec.com\\\/disponible-las-senalizaciones-covid-19\\\/#respond\"]}]},{\"@type\":\"WebPage\",\"@id\":\"https:\\\/\\\/apymeco.netrotec.com\\\/disponible-las-senalizaciones-covid-19\\\/\",\"url\":\"https:\\\/\\\/apymeco.netrotec.com\\\/disponible-las-senalizaciones-covid-19\\\/\",\"name\":\"Disponible las se\u00f1alizaciones COVID-19 - APYMECO Torrevieja\",\"isPartOf\":{\"@id\":\"https:\\\/\\\/apymeco.netrotec.com\\\/#website\"},\"primaryImageOfPage\":{\"@id\":\"https:\\\/\\\/apymeco.netrotec.com\\\/disponible-las-senalizaciones-covid-19\\\/#primaryimage\"},\"image\":{\"@id\":\"https:\\\/\\\/apymeco.netrotec.com\\\/disponible-las-senalizaciones-covid-19\\\/#primaryimage\"},\"thumbnailUrl\":\"https:\\\/\\\/apymeco.netrotec.com\\\/wp-content\\\/uploads\\\/2020\\\/05\\\/apymeco-728x1030-1.jpg\",\"datePublished\":\"2020-05-14T08:54:59+00:00\",\"breadcrumb\":{\"@id\":\"https:\\\/\\\/apymeco.netrotec.com\\\/disponible-las-senalizaciones-covid-19\\\/#breadcrumb\"},\"inLanguage\":\"es\",\"potentialAction\":[{\"@type\":\"ReadAction\",\"target\":[\"https:\\\/\\\/apymeco.netrotec.com\\\/disponible-las-senalizaciones-covid-19\\\/\"]}]},{\"@type\":\"ImageObject\",\"inLanguage\":\"es\",\"@id\":\"https:\\\/\\\/apymeco.netrotec.com\\\/disponible-las-senalizaciones-covid-19\\\/#primaryimage\",\"url\":\"https:\\\/\\\/apymeco.netrotec.com\\\/wp-content\\\/uploads\\\/2020\\\/05\\\/apymeco-728x1030-1.jpg\",\"contentUrl\":\"https:\\\/\\\/apymeco.netrotec.com\\\/wp-content\\\/uploads\\\/2020\\\/05\\\/apymeco-728x1030-1.jpg\",\"width\":728,\"height\":1030},{\"@type\":\"BreadcrumbList\",\"@id\":\"https:\\\/\\\/apymeco.netrotec.com\\\/disponible-las-senalizaciones-covid-19\\\/#breadcrumb\",\"itemListElement\":[{\"@type\":\"ListItem\",\"position\":1,\"name\":\"Portada\",\"item\":\"https:\\\/\\\/apymeco.netrotec.com\\\/\"},{\"@type\":\"ListItem\",\"position\":2,\"name\":\"Disponible las se\u00f1alizaciones COVID-19\"}]},{\"@type\":\"WebSite\",\"@id\":\"https:\\\/\\\/apymeco.netrotec.com\\\/#website\",\"url\":\"https:\\\/\\\/apymeco.netrotec.com\\\/\",\"name\":\"APYMECO Torrevieja\",\"description\":\"\",\"publisher\":{\"@id\":\"https:\\\/\\\/apymeco.netrotec.com\\\/#organization\"},\"potentialAction\":[{\"@type\":\"SearchAction\",\"target\":{\"@type\":\"EntryPoint\",\"urlTemplate\":\"https:\\\/\\\/apymeco.netrotec.com\\\/?s={search_term_string}\"},\"query-input\":{\"@type\":\"PropertyValueSpecification\",\"valueRequired\":true,\"valueName\":\"search_term_string\"}}],\"inLanguage\":\"es\"},{\"@type\":\"Organization\",\"@id\":\"https:\\\/\\\/apymeco.netrotec.com\\\/#organization\",\"name\":\"APYMECO Torrevieja\",\"url\":\"https:\\\/\\\/apymeco.netrotec.com\\\/\",\"logo\":{\"@type\":\"ImageObject\",\"inLanguage\":\"es\",\"@id\":\"https:\\\/\\\/apymeco.netrotec.com\\\/#\\\/schema\\\/logo\\\/image\\\/\",\"url\":\"https:\\\/\\\/apymeco.netrotec.com\\\/wp-content\\\/uploads\\\/2026\\\/06\\\/logo-blanco.png\",\"contentUrl\":\"https:\\\/\\\/apymeco.netrotec.com\\\/wp-content\\\/uploads\\\/2026\\\/06\\\/logo-blanco.png\",\"width\":1107,\"height\":444,\"caption\":\"APYMECO Torrevieja\"},\"image\":{\"@id\":\"https:\\\/\\\/apymeco.netrotec.com\\\/#\\\/schema\\\/logo\\\/image\\\/\"}},{\"@type\":\"Person\",\"@id\":\"https:\\\/\\\/apymeco.netrotec.com\\\/#\\\/schema\\\/person\\\/58f3bb0f5e04e2b6067d17d05470d2dd\",\"name\":\"Apymeco\",\"url\":\"https:\\\/\\\/apymeco.netrotec.com\\\/es\\\/author\\\/apymeco\\\/\"}]}<\/script>\n<!-- \/ Yoast SEO Premium plugin. -->","yoast_head_json":{"title":"Disponible las se\u00f1alizaciones COVID-19 - APYMECO Torrevieja","robots":{"index":"index","follow":"follow","max-snippet":"max-snippet:-1","max-image-preview":"max-image-preview:large","max-video-preview":"max-video-preview:-1"},"canonical":"https:\/\/apymeco.netrotec.com\/es\/disponible-las-senalizaciones-covid-19\/","og_locale":"es_ES","og_type":"article","og_title":"Disponible las se\u00f1alizaciones COVID-19","og_description":"La Asociaci\u00f3n de Peque\u00f1os y Medianos Comerciantes de Torrevieja,\u00a0 distribuir\u00e1 a partir de hoy, entre sus comercios asociados, la se\u00f1alizaci\u00f3n [&hellip;]","og_url":"https:\/\/apymeco.netrotec.com\/es\/disponible-las-senalizaciones-covid-19\/","og_site_name":"APYMECO Torrevieja","article_published_time":"2020-05-14T08:54:59+00:00","og_image":[{"width":728,"height":1030,"url":"https:\/\/apymeco.netrotec.com\/wp-content\/uploads\/2020\/05\/apymeco-728x1030-1.jpg","type":"image\/jpeg"}],"author":"Apymeco","twitter_card":"summary_large_image","twitter_misc":{"Escrito por":"Apymeco","Tiempo de lectura":"1 minuto"},"schema":{"@context":"https:\/\/schema.org","@graph":[{"@type":"Article","@id":"https:\/\/apymeco.netrotec.com\/disponible-las-senalizaciones-covid-19\/#article","isPartOf":{"@id":"https:\/\/apymeco.netrotec.com\/disponible-las-senalizaciones-covid-19\/"},"author":{"name":"Apymeco","@id":"https:\/\/apymeco.netrotec.com\/#\/schema\/person\/58f3bb0f5e04e2b6067d17d05470d2dd"},"headline":"Disponible las se\u00f1alizaciones COVID-19","datePublished":"2020-05-14T08:54:59+00:00","mainEntityOfPage":{"@id":"https:\/\/apymeco.netrotec.com\/disponible-las-senalizaciones-covid-19\/"},"wordCount":227,"commentCount":0,"publisher":{"@id":"https:\/\/apymeco.netrotec.com\/#organization"},"image":{"@id":"https:\/\/apymeco.netrotec.com\/disponible-las-senalizaciones-covid-19\/#primaryimage"},"thumbnailUrl":"https:\/\/apymeco.netrotec.com\/wp-content\/uploads\/2020\/05\/apymeco-728x1030-1.jpg","articleSection":["Estado de Alarma"],"inLanguage":"es","potentialAction":[{"@type":"CommentAction","name":"Comment","target":["https:\/\/apymeco.netrotec.com\/disponible-las-senalizaciones-covid-19\/#respond"]}]},{"@type":"WebPage","@id":"https:\/\/apymeco.netrotec.com\/disponible-las-senalizaciones-covid-19\/","url":"https:\/\/apymeco.netrotec.com\/disponible-las-senalizaciones-covid-19\/","name":"Disponible las se\u00f1alizaciones COVID-19 - APYMECO Torrevieja","isPartOf":{"@id":"https:\/\/apymeco.netrotec.com\/#website"},"primaryImageOfPage":{"@id":"https:\/\/apymeco.netrotec.com\/disponible-las-senalizaciones-covid-19\/#primaryimage"},"image":{"@id":"https:\/\/apymeco.netrotec.com\/disponible-las-senalizaciones-covid-19\/#primaryimage"},"thumbnailUrl":"https:\/\/apymeco.netrotec.com\/wp-content\/uploads\/2020\/05\/apymeco-728x1030-1.jpg","datePublished":"2020-05-14T08:54:59+00:00","breadcrumb":{"@id":"https:\/\/apymeco.netrotec.com\/disponible-las-senalizaciones-covid-19\/#breadcrumb"},"inLanguage":"es","potentialAction":[{"@type":"ReadAction","target":["https:\/\/apymeco.netrotec.com\/disponible-las-senalizaciones-covid-19\/"]}]},{"@type":"ImageObject","inLanguage":"es","@id":"https:\/\/apymeco.netrotec.com\/disponible-las-senalizaciones-covid-19\/#primaryimage","url":"https:\/\/apymeco.netrotec.com\/wp-content\/uploads\/2020\/05\/apymeco-728x1030-1.jpg","contentUrl":"https:\/\/apymeco.netrotec.com\/wp-content\/uploads\/2020\/05\/apymeco-728x1030-1.jpg","width":728,"height":1030},{"@type":"BreadcrumbList","@id":"https:\/\/apymeco.netrotec.com\/disponible-las-senalizaciones-covid-19\/#breadcrumb","itemListElement":[{"@type":"ListItem","position":1,"name":"Portada","item":"https:\/\/apymeco.netrotec.com\/"},{"@type":"ListItem","position":2,"name":"Disponible las se\u00f1alizaciones COVID-19"}]},{"@type":"WebSite","@id":"https:\/\/apymeco.netrotec.com\/#website","url":"https:\/\/apymeco.netrotec.com\/","name":"APYMECO Torrevieja","description":"","publisher":{"@id":"https:\/\/apymeco.netrotec.com\/#organization"},"potentialAction":[{"@type":"SearchAction","target":{"@type":"EntryPoint","urlTemplate":"https:\/\/apymeco.netrotec.com\/?s={search_term_string}"},"query-input":{"@type":"PropertyValueSpecification","valueRequired":true,"valueName":"search_term_string"}}],"inLanguage":"es"},{"@type":"Organization","@id":"https:\/\/apymeco.netrotec.com\/#organization","name":"APYMECO Torrevieja","url":"https:\/\/apymeco.netrotec.com\/","logo":{"@type":"ImageObject","inLanguage":"es","@id":"https:\/\/apymeco.netrotec.com\/#\/schema\/logo\/image\/","url":"https:\/\/apymeco.netrotec.com\/wp-content\/uploads\/2026\/06\/logo-blanco.png","contentUrl":"https:\/\/apymeco.netrotec.com\/wp-content\/uploads\/2026\/06\/logo-blanco.png","width":1107,"height":444,"caption":"APYMECO Torrevieja"},"image":{"@id":"https:\/\/apymeco.netrotec.com\/#\/schema\/logo\/image\/"}},{"@type":"Person","@id":"https:\/\/apymeco.netrotec.com\/#\/schema\/person\/58f3bb0f5e04e2b6067d17d05470d2dd","name":"Apymeco","url":"https:\/\/apymeco.netrotec.com\/es\/author\/apymeco\/"}]}},"_links":{"self":[{"href":"https:\/\/apymeco.netrotec.com\/es\/wp-json\/wp\/v2\/posts\/5959","targetHints":{"allow":["GET"]}}],"collection":[{"href":"https:\/\/apymeco.netrotec.com\/es\/wp-json\/wp\/v2\/posts"}],"about":[{"href":"https:\/\/apymeco.netrotec.com\/es\/wp-json\/wp\/v2\/types\/post"}],"author":[{"embeddable":true,"href":"https:\/\/apymeco.netrotec.com\/es\/wp-json\/wp\/v2\/users\/2"}],"replies":[{"embeddable":true,"href":"https:\/\/apymeco.netrotec.com\/es\/wp-json\/wp\/v2\/comments?post=5959"}],"version-history":[{"count":0,"href":"https:\/\/apymeco.netrotec.com\/es\/wp-json\/wp\/v2\/posts\/5959\/revisions"}],"wp:featuredmedia":[{"embeddable":true,"href":"https:\/\/apymeco.netrotec.com\/es\/wp-json\/wp\/v2\/media\/5960"}],"wp:attachment":[{"href":"https:\/\/apymeco.netrotec.com\/es\/wp-json\/wp\/v2\/media?parent=5959"}],"wp:term":[{"taxonomy":"category","embeddable":true,"href":"https:\/\/apymeco.netrotec.com\/es\/wp-json\/wp\/v2\/categories?post=5959"},{"taxonomy":"post_tag","embeddable":true,"href":"https:\/\/apymeco.netrotec.com\/es\/wp-json\/wp\/v2\/tags?post=5959"}],"curies":[{"name":"wp","href":"https:\/\/api.w.org\/{rel}","templated":true}]}}