{"id":6587,"date":"2020-08-03T12:26:37","date_gmt":"2020-08-03T10:26:37","guid":{"rendered":"https:\/\/www.apymeco.info\/?p=6587"},"modified":"2020-08-03T12:26:37","modified_gmt":"2020-08-03T10:26:37","slug":"concurso-una-foto-de-verano","status":"publish","type":"post","link":"https:\/\/apymeco.netrotec.com\/es\/concurso-una-foto-de-verano\/","title":{"rendered":"CONCURSO \u00ab\u00a1UNA FOTO DE VERANO!\u00bb"},"content":{"rendered":"<h2 style=\"text-align: center;\">APYMECO Y LA CONCEJAL\u00cdA DE COMERCIO\u00a0 PRESENTAN EL CONCURSO<\/h2>\n<h2 style=\"text-align: center;\">\u201c\u00a1UNA FOTO DE VERANO!\u201d<\/h2>\n<h2 style=\"text-align: center;\">CON PREMIOS VALORADOS EN 1.000\u20ac<\/h2>\n<h4 style=\"text-align: center;\">El concurso estar\u00e1 vigente desde el 28 de julio hasta el 6 de septiembre.<br \/>\nPara participar los interesados deber\u00e1n de subir una fotograf\u00eda a Instagram con el hashtag <span style=\"color: #333333;\"><strong>#veranoapymeco2020.<\/strong><\/span><\/h4>\n<p>TORREVIEJA (03-08-20). La concejal de Comercio, Hosteler\u00eda e Industria, Rosario Mart\u00ednez, y el presidente de la Asociaci\u00f3n de Peque\u00f1os y Medianos Empresarios de Torrevieja (APYMECO), Jorge Almarcha, han presentado en la ma\u00f1ana de hoy el concurso \u201c\u00a1Una foto de verano!\u201d que estar\u00e1 vigente hasta el pr\u00f3ximo 6 de septiembre, con un valor de 1.000\u20ac en premios.<br \/>\nEl concurso fotogr\u00e1fico que se ha presentado es una acci\u00f3n englobada dentro de la campa\u00f1a \u201cGanas de comercio\u201d, que puso en marcha la concejal\u00eda, en colaboraci\u00f3n con la asociaci\u00f3n, en el pasado mes de julio y que tiene como objetivo principal la potenciaci\u00f3n del comercio de la ciudad, a trav\u00e9s de cinco puntos de informaci\u00f3n que se encuentran en las principales playas del termino municipal de Torrevieja.<br \/>\nPara poder tomar parte en el concurso los participantes deber\u00e1n de ser mayores de 16 a\u00f1os, haber realizado una compra en cualquiera de los establecimientos asociados a APYMECO, as\u00ed como seguir a la cuenta de Instagram @apymecotorrevieja. Para entrar en el concurso las personas interesadas deber\u00e1n tomarse una fotograf\u00eda en uno de los cinco puntos de informaci\u00f3n en las playas del t\u00e9rmino municipal, y dicha imagen deber\u00e1 aparecer de fondo los carteles publicitarios de la asociaci\u00f3n, que se encuentran en dichos puntos. La fotograf\u00eda se publicar\u00e1 en la red social Instagram con el hashtag #veranoapymeco2020 y deber\u00e1 llevar la ubicaci\u00f3n de la playa en la que se haya tomado (playa de Los N\u00e1ufragos, El Cura, Los Locos, y los dos puntos en la playa de La Mata).<br \/>\nEl jurado elegir\u00e1 cada semana las fotograf\u00edas ganadoras, hasta el pr\u00f3ximo 6 de septiembre. Las personas que resulten premiadas recibir\u00e1n regalos y\/o bonos de compra v\u00e1lidos en la red de establecimientos de APYMECO. Para la retirada del premio se imprescindible presentar el ticket del comercio donde haya hecho previamente la compra. Cada persona podr\u00e1 participar un m\u00e1ximo de cinco veces, en las diferentes carpas ubicadas en las playas.<br \/>\nLa concejal de Comercio, Rosario Mart\u00ednez, ha invitado a todos los vecinos y visitantes a participar en este concurso, as\u00ed como a \u201cechar una mano en la reactivaci\u00f3n del peque\u00f1o y mediano comercio de Torrevieja\u201d consumiendo y comprando en los establecimientos de la ciudad, \u201chaciendo barrio, haciendo ciudad\u201d. Mart\u00ednez ha agradecido a la asociaci\u00f3n, y a todos sus miembros, el esfuerzo que supone lanzar este concurso en la situaci\u00f3n en la que nos encontramos, as\u00ed como su involucraci\u00f3n por hacer llegar el comercio cercano y de proximidad no solo a los vecinos de Torrevieja, sino tambi\u00e9n a todos aquellos que nos visitan.<\/p>\n","protected":false},"excerpt":{"rendered":"<p>APYMECO Y LA CONCEJAL\u00cdA DE COMERCIO\u00a0 PRESENTAN EL CONCURSO \u201c\u00a1UNA FOTO DE VERANO!\u201d CON PREMIOS VALORADOS EN 1.000\u20ac El concurso [&hellip;]<\/p>\n","protected":false},"author":2,"featured_media":0,"comment_status":"open","ping_status":"open","sticky":false,"template":"","format":"standard","meta":{"site-sidebar-layout":"default","site-content-layout":"","ast-site-content-layout":"default","site-content-style":"default","site-sidebar-style":"default","ast-global-header-display":"","ast-banner-title-visibility":"","ast-main-header-display":"","ast-hfb-above-header-display":"","ast-hfb-below-header-display":"","ast-hfb-mobile-header-display":"","site-post-title":"","ast-breadcrumbs-content":"","ast-featured-img":"","footer-sml-layout":"","ast-disable-related-posts":"","theme-transparent-header-meta":"","adv-header-id-meta":"","stick-header-meta":"","header-above-stick-meta":"","header-main-stick-meta":"","header-below-stick-meta":"","astra-migrate-meta-layouts":"default","ast-page-background-enabled":"default","ast-page-background-meta":{"desktop":{"background-color":"var(--ast-global-color-5)","background-image":"","background-repeat":"repeat","background-position":"center center","background-size":"auto","background-attachment":"scroll","background-type":"","background-media":"","overlay-type":"","overlay-color":"","overlay-opacity":"","overlay-gradient":""},"tablet":{"background-color":"","background-image":"","background-repeat":"repeat","background-position":"center center","background-size":"auto","background-attachment":"scroll","background-type":"","background-media":"","overlay-type":"","overlay-color":"","overlay-opacity":"","overlay-gradient":""},"mobile":{"background-color":"","background-image":"","background-repeat":"repeat","background-position":"center center","background-size":"auto","background-attachment":"scroll","background-type":"","background-media":"","overlay-type":"","overlay-color":"","overlay-opacity":"","overlay-gradient":""}},"ast-content-background-meta":{"desktop":{"background-color":"var(--ast-global-color-4)","background-image":"","background-repeat":"repeat","background-position":"center center","background-size":"auto","background-attachment":"scroll","background-type":"","background-media":"","overlay-type":"","overlay-color":"","overlay-opacity":"","overlay-gradient":""},"tablet":{"background-color":"var(--ast-global-color-4)","background-image":"","background-repeat":"repeat","background-position":"center center","background-size":"auto","background-attachment":"scroll","background-type":"","background-media":"","overlay-type":"","overlay-color":"","overlay-opacity":"","overlay-gradient":""},"mobile":{"background-color":"var(--ast-global-color-4)","background-image":"","background-repeat":"repeat","background-position":"center center","background-size":"auto","background-attachment":"scroll","background-type":"","background-media":"","overlay-type":"","overlay-color":"","overlay-opacity":"","overlay-gradient":""}},"footnotes":""},"categories":[524],"tags":[552,553,554,545,555,547],"class_list":["post-6587","post","type-post","status-publish","format-standard","hentry","category-campanas","tag-apymecotorrevieja","tag-concurso-de-verano","tag-foto","tag-ganasdecomercio","tag-playas","tag-veranoapymeco2020"],"yoast_head":"<!-- This site is optimized with the Yoast SEO Premium plugin v27.7 (Yoast SEO v27.8) - https:\/\/yoast.com\/product\/yoast-seo-premium-wordpress\/ -->\n<title>CONCURSO &quot;\u00a1UNA FOTO DE VERANO!&quot; - APYMECO Torrevieja<\/title>\n<meta name=\"robots\" content=\"index, follow, max-snippet:-1, max-image-preview:large, max-video-preview:-1\" \/>\n<link rel=\"canonical\" href=\"https:\/\/apymeco.netrotec.com\/es\/concurso-una-foto-de-verano\/\" \/>\n<meta property=\"og:locale\" content=\"es_ES\" \/>\n<meta property=\"og:type\" content=\"article\" \/>\n<meta property=\"og:title\" content=\"CONCURSO &quot;\u00a1UNA FOTO DE VERANO!&quot;\" \/>\n<meta property=\"og:description\" content=\"APYMECO Y LA CONCEJAL\u00cdA DE COMERCIO\u00a0 PRESENTAN EL CONCURSO \u201c\u00a1UNA FOTO DE VERANO!\u201d CON PREMIOS VALORADOS EN 1.000\u20ac El concurso [&hellip;]\" \/>\n<meta property=\"og:url\" content=\"https:\/\/apymeco.netrotec.com\/es\/concurso-una-foto-de-verano\/\" \/>\n<meta property=\"og:site_name\" content=\"APYMECO Torrevieja\" \/>\n<meta property=\"article:published_time\" content=\"2020-08-03T10:26:37+00:00\" \/>\n<meta name=\"author\" content=\"Apymeco\" \/>\n<meta name=\"twitter:card\" content=\"summary_large_image\" \/>\n<meta name=\"twitter:label1\" content=\"Escrito por\" \/>\n\t<meta name=\"twitter:data1\" content=\"Apymeco\" \/>\n\t<meta name=\"twitter:label2\" content=\"Tiempo de lectura\" \/>\n\t<meta name=\"twitter:data2\" content=\"3 minutos\" \/>\n<script type=\"application\/ld+json\" class=\"yoast-schema-graph\">{\"@context\":\"https:\\\/\\\/schema.org\",\"@graph\":[{\"@type\":\"Article\",\"@id\":\"https:\\\/\\\/apymeco.netrotec.com\\\/concurso-una-foto-de-verano\\\/#article\",\"isPartOf\":{\"@id\":\"https:\\\/\\\/apymeco.netrotec.com\\\/concurso-una-foto-de-verano\\\/\"},\"author\":{\"name\":\"Apymeco\",\"@id\":\"https:\\\/\\\/apymeco.netrotec.com\\\/#\\\/schema\\\/person\\\/58f3bb0f5e04e2b6067d17d05470d2dd\"},\"headline\":\"CONCURSO \u00ab\u00a1UNA FOTO DE VERANO!\u00bb\",\"datePublished\":\"2020-08-03T10:26:37+00:00\",\"mainEntityOfPage\":{\"@id\":\"https:\\\/\\\/apymeco.netrotec.com\\\/concurso-una-foto-de-verano\\\/\"},\"wordCount\":508,\"commentCount\":0,\"publisher\":{\"@id\":\"https:\\\/\\\/apymeco.netrotec.com\\\/#organization\"},\"keywords\":[\"APYMECOTORREVIEJA\",\"CONCURSO DE VERANO\",\"FOTO\",\"ganasdecomercio\",\"PLAYAS\",\"veranoapymeco2020\"],\"articleSection\":[\"Campa\u00f1as\"],\"inLanguage\":\"es\",\"potentialAction\":[{\"@type\":\"CommentAction\",\"name\":\"Comment\",\"target\":[\"https:\\\/\\\/apymeco.netrotec.com\\\/concurso-una-foto-de-verano\\\/#respond\"]}]},{\"@type\":\"WebPage\",\"@id\":\"https:\\\/\\\/apymeco.netrotec.com\\\/concurso-una-foto-de-verano\\\/\",\"url\":\"https:\\\/\\\/apymeco.netrotec.com\\\/concurso-una-foto-de-verano\\\/\",\"name\":\"CONCURSO \\\"\u00a1UNA FOTO DE VERANO!\\\" - APYMECO Torrevieja\",\"isPartOf\":{\"@id\":\"https:\\\/\\\/apymeco.netrotec.com\\\/#website\"},\"datePublished\":\"2020-08-03T10:26:37+00:00\",\"breadcrumb\":{\"@id\":\"https:\\\/\\\/apymeco.netrotec.com\\\/concurso-una-foto-de-verano\\\/#breadcrumb\"},\"inLanguage\":\"es\",\"potentialAction\":[{\"@type\":\"ReadAction\",\"target\":[\"https:\\\/\\\/apymeco.netrotec.com\\\/concurso-una-foto-de-verano\\\/\"]}]},{\"@type\":\"BreadcrumbList\",\"@id\":\"https:\\\/\\\/apymeco.netrotec.com\\\/concurso-una-foto-de-verano\\\/#breadcrumb\",\"itemListElement\":[{\"@type\":\"ListItem\",\"position\":1,\"name\":\"Portada\",\"item\":\"https:\\\/\\\/apymeco.netrotec.com\\\/\"},{\"@type\":\"ListItem\",\"position\":2,\"name\":\"CONCURSO \u00ab\u00a1UNA FOTO DE VERANO!\u00bb\"}]},{\"@type\":\"WebSite\",\"@id\":\"https:\\\/\\\/apymeco.netrotec.com\\\/#website\",\"url\":\"https:\\\/\\\/apymeco.netrotec.com\\\/\",\"name\":\"APYMECO Torrevieja\",\"description\":\"\",\"publisher\":{\"@id\":\"https:\\\/\\\/apymeco.netrotec.com\\\/#organization\"},\"potentialAction\":[{\"@type\":\"SearchAction\",\"target\":{\"@type\":\"EntryPoint\",\"urlTemplate\":\"https:\\\/\\\/apymeco.netrotec.com\\\/?s={search_term_string}\"},\"query-input\":{\"@type\":\"PropertyValueSpecification\",\"valueRequired\":true,\"valueName\":\"search_term_string\"}}],\"inLanguage\":\"es\"},{\"@type\":\"Organization\",\"@id\":\"https:\\\/\\\/apymeco.netrotec.com\\\/#organization\",\"name\":\"APYMECO Torrevieja\",\"url\":\"https:\\\/\\\/apymeco.netrotec.com\\\/\",\"logo\":{\"@type\":\"ImageObject\",\"inLanguage\":\"es\",\"@id\":\"https:\\\/\\\/apymeco.netrotec.com\\\/#\\\/schema\\\/logo\\\/image\\\/\",\"url\":\"https:\\\/\\\/apymeco.netrotec.com\\\/wp-content\\\/uploads\\\/2026\\\/06\\\/logo-blanco.png\",\"contentUrl\":\"https:\\\/\\\/apymeco.netrotec.com\\\/wp-content\\\/uploads\\\/2026\\\/06\\\/logo-blanco.png\",\"width\":1107,\"height\":444,\"caption\":\"APYMECO Torrevieja\"},\"image\":{\"@id\":\"https:\\\/\\\/apymeco.netrotec.com\\\/#\\\/schema\\\/logo\\\/image\\\/\"}},{\"@type\":\"Person\",\"@id\":\"https:\\\/\\\/apymeco.netrotec.com\\\/#\\\/schema\\\/person\\\/58f3bb0f5e04e2b6067d17d05470d2dd\",\"name\":\"Apymeco\",\"url\":\"https:\\\/\\\/apymeco.netrotec.com\\\/es\\\/author\\\/apymeco\\\/\"}]}<\/script>\n<!-- \/ Yoast SEO Premium plugin. -->","yoast_head_json":{"title":"CONCURSO \"\u00a1UNA FOTO DE VERANO!\" - APYMECO Torrevieja","robots":{"index":"index","follow":"follow","max-snippet":"max-snippet:-1","max-image-preview":"max-image-preview:large","max-video-preview":"max-video-preview:-1"},"canonical":"https:\/\/apymeco.netrotec.com\/es\/concurso-una-foto-de-verano\/","og_locale":"es_ES","og_type":"article","og_title":"CONCURSO \"\u00a1UNA FOTO DE VERANO!\"","og_description":"APYMECO Y LA CONCEJAL\u00cdA DE COMERCIO\u00a0 PRESENTAN EL CONCURSO \u201c\u00a1UNA FOTO DE VERANO!\u201d CON PREMIOS VALORADOS EN 1.000\u20ac El concurso [&hellip;]","og_url":"https:\/\/apymeco.netrotec.com\/es\/concurso-una-foto-de-verano\/","og_site_name":"APYMECO Torrevieja","article_published_time":"2020-08-03T10:26:37+00:00","author":"Apymeco","twitter_card":"summary_large_image","twitter_misc":{"Escrito por":"Apymeco","Tiempo de lectura":"3 minutos"},"schema":{"@context":"https:\/\/schema.org","@graph":[{"@type":"Article","@id":"https:\/\/apymeco.netrotec.com\/concurso-una-foto-de-verano\/#article","isPartOf":{"@id":"https:\/\/apymeco.netrotec.com\/concurso-una-foto-de-verano\/"},"author":{"name":"Apymeco","@id":"https:\/\/apymeco.netrotec.com\/#\/schema\/person\/58f3bb0f5e04e2b6067d17d05470d2dd"},"headline":"CONCURSO \u00ab\u00a1UNA FOTO DE VERANO!\u00bb","datePublished":"2020-08-03T10:26:37+00:00","mainEntityOfPage":{"@id":"https:\/\/apymeco.netrotec.com\/concurso-una-foto-de-verano\/"},"wordCount":508,"commentCount":0,"publisher":{"@id":"https:\/\/apymeco.netrotec.com\/#organization"},"keywords":["APYMECOTORREVIEJA","CONCURSO DE VERANO","FOTO","ganasdecomercio","PLAYAS","veranoapymeco2020"],"articleSection":["Campa\u00f1as"],"inLanguage":"es","potentialAction":[{"@type":"CommentAction","name":"Comment","target":["https:\/\/apymeco.netrotec.com\/concurso-una-foto-de-verano\/#respond"]}]},{"@type":"WebPage","@id":"https:\/\/apymeco.netrotec.com\/concurso-una-foto-de-verano\/","url":"https:\/\/apymeco.netrotec.com\/concurso-una-foto-de-verano\/","name":"CONCURSO \"\u00a1UNA FOTO DE VERANO!\" - APYMECO Torrevieja","isPartOf":{"@id":"https:\/\/apymeco.netrotec.com\/#website"},"datePublished":"2020-08-03T10:26:37+00:00","breadcrumb":{"@id":"https:\/\/apymeco.netrotec.com\/concurso-una-foto-de-verano\/#breadcrumb"},"inLanguage":"es","potentialAction":[{"@type":"ReadAction","target":["https:\/\/apymeco.netrotec.com\/concurso-una-foto-de-verano\/"]}]},{"@type":"BreadcrumbList","@id":"https:\/\/apymeco.netrotec.com\/concurso-una-foto-de-verano\/#breadcrumb","itemListElement":[{"@type":"ListItem","position":1,"name":"Portada","item":"https:\/\/apymeco.netrotec.com\/"},{"@type":"ListItem","position":2,"name":"CONCURSO \u00ab\u00a1UNA FOTO DE VERANO!\u00bb"}]},{"@type":"WebSite","@id":"https:\/\/apymeco.netrotec.com\/#website","url":"https:\/\/apymeco.netrotec.com\/","name":"APYMECO Torrevieja","description":"","publisher":{"@id":"https:\/\/apymeco.netrotec.com\/#organization"},"potentialAction":[{"@type":"SearchAction","target":{"@type":"EntryPoint","urlTemplate":"https:\/\/apymeco.netrotec.com\/?s={search_term_string}"},"query-input":{"@type":"PropertyValueSpecification","valueRequired":true,"valueName":"search_term_string"}}],"inLanguage":"es"},{"@type":"Organization","@id":"https:\/\/apymeco.netrotec.com\/#organization","name":"APYMECO Torrevieja","url":"https:\/\/apymeco.netrotec.com\/","logo":{"@type":"ImageObject","inLanguage":"es","@id":"https:\/\/apymeco.netrotec.com\/#\/schema\/logo\/image\/","url":"https:\/\/apymeco.netrotec.com\/wp-content\/uploads\/2026\/06\/logo-blanco.png","contentUrl":"https:\/\/apymeco.netrotec.com\/wp-content\/uploads\/2026\/06\/logo-blanco.png","width":1107,"height":444,"caption":"APYMECO Torrevieja"},"image":{"@id":"https:\/\/apymeco.netrotec.com\/#\/schema\/logo\/image\/"}},{"@type":"Person","@id":"https:\/\/apymeco.netrotec.com\/#\/schema\/person\/58f3bb0f5e04e2b6067d17d05470d2dd","name":"Apymeco","url":"https:\/\/apymeco.netrotec.com\/es\/author\/apymeco\/"}]}},"_links":{"self":[{"href":"https:\/\/apymeco.netrotec.com\/es\/wp-json\/wp\/v2\/posts\/6587","targetHints":{"allow":["GET"]}}],"collection":[{"href":"https:\/\/apymeco.netrotec.com\/es\/wp-json\/wp\/v2\/posts"}],"about":[{"href":"https:\/\/apymeco.netrotec.com\/es\/wp-json\/wp\/v2\/types\/post"}],"author":[{"embeddable":true,"href":"https:\/\/apymeco.netrotec.com\/es\/wp-json\/wp\/v2\/users\/2"}],"replies":[{"embeddable":true,"href":"https:\/\/apymeco.netrotec.com\/es\/wp-json\/wp\/v2\/comments?post=6587"}],"version-history":[{"count":0,"href":"https:\/\/apymeco.netrotec.com\/es\/wp-json\/wp\/v2\/posts\/6587\/revisions"}],"wp:attachment":[{"href":"https:\/\/apymeco.netrotec.com\/es\/wp-json\/wp\/v2\/media?parent=6587"}],"wp:term":[{"taxonomy":"category","embeddable":true,"href":"https:\/\/apymeco.netrotec.com\/es\/wp-json\/wp\/v2\/categories?post=6587"},{"taxonomy":"post_tag","embeddable":true,"href":"https:\/\/apymeco.netrotec.com\/es\/wp-json\/wp\/v2\/tags?post=6587"}],"curies":[{"name":"wp","href":"https:\/\/api.w.org\/{rel}","templated":true}]}}