{"id":6594,"date":"2020-08-11T22:35:38","date_gmt":"2020-08-11T20:35:38","guid":{"rendered":"https:\/\/www.apymeco.info\/?p=6594"},"modified":"2020-08-11T22:35:38","modified_gmt":"2020-08-11T20:35:38","slug":"apymeco-junto-con-confecomerc-presentan-la-campana-pequeno-comercio-el-futuro-que-compras","status":"publish","type":"post","link":"https:\/\/apymeco.netrotec.com\/es\/apymeco-junto-con-confecomerc-presentan-la-campana-pequeno-comercio-el-futuro-que-compras\/","title":{"rendered":"APYMECO JUNTO CON CONFECOMER\u00c7 PRESENTAN LA CAMPA\u00d1A \u00abPEQUE\u00d1O COMERCIO. EL FUTURO QUE COMPRAS\u00bb"},"content":{"rendered":"<h3 style=\"text-align: left;\"><span style=\"color: #000000;\">APYMECO, PROMOCIONA EL MERCADO CENTRAL\u00a0<\/span><\/h3>\n<h3 style=\"text-align: left;\"><span style=\"color: #000000;\"> \u201cLA PLASA\u201d\u00a0A TRAV\u00c9S DE LA CAMPA\u00d1A\u00a0<\/span><\/h3>\n<h3 style=\"text-align: left;\"><span style=\"color: #000000;\">\u201cPEQUE\u00d1O COMERCIO. EL FUTURO QUE COMPRAS\u201d<\/span><strong style=\"color: #333333;\"><img decoding=\"async\" class=\"wp-image-6597 alignright\" src=\"https:\/\/apymeco.netrotec.com\/wp-content\/uploads\/2-MERCADO-LA-PLASA-11-AGOSTO-8-300x155.jpeg\" alt=\"\" width=\"291\" height=\"150\" \/><\/strong><\/h3>\n<p>&nbsp;<\/p>\n<p><strong><em>(Torrevieja, 11.8.200).-<\/em><\/strong> La Asociaci\u00f3n de Peque\u00f1os y Medianos Comerciantes de Torrevieja (APYMECO), miembro de Confecomer\u00e7 CV, patronal del comercio de la Comunitat Valenciana, ha iniciado esta ma\u00f1ana la campa\u00f1a \u201c<em>Peque\u00f1o Comercio. El Futuro que compras<\/em>\u201d, iniciativa que se desarrollar\u00e1 a nivel local en el nuestro municipio.<\/p>\n<p>La Campa\u00f1a financiada en su totalidad por Confecomer\u00e7 CV,\u00a0 pretende poner de relieve la repercusi\u00f3n que supone comprar en el comercio local, siendo una iniciativa que se desarrollar\u00e1 a nivel auton\u00f3mico, por lo que generar\u00e1 un gran impacto social. \u00a0Adem\u00e1s, se abordar\u00e1 la situaci\u00f3n actual del sector tras la crisis del coronavirus, as\u00ed como otros temas de actualidad.<\/p>\n<p>Apymeco ha querido enfocar esta campa\u00f1a en unos de los centros m\u00e1s emblem\u00e1ticos de la ciudad, como es el <strong>Mercado Central \u201cLa Plasa\u201d,<\/strong> a los que se pretende dar as\u00ed mayor visibilidad y mostrarles el apoyo de la Asociaci\u00f3n en estos momentos de tanta incertidumbre como los que estamos viviendo.<\/p>\n<p>Para la ocasi\u00f3n, la vicealcaldesa la ciudad y concejal de comercio, Rosario Mart\u00ednez Charraza, junto al coordinador de \u00e1rea, Jos\u00e9 Rubio, han participado con Jorge Almarcha y Pedro\u00a0 A. Garc\u00eda, presidente y vicepresidente de Apymeco, en la instalaci\u00f3n de diferentes vinilos de suelo, que sirven a la vez para marcar la distancia m\u00ednima de seguridad entre las personas a la entrada de los comercios y para que los clientes fijen su atenci\u00f3n en los principales mensajes de la campa\u00f1a, contenidos en las tiras adhesivas.<\/p>\n<p>Adem\u00e1s, se han repartido bolsas de papel con la imagen corporativa de la iniciativa, que lleva como frase principal \u201c<em>Aqu\u00ed cabe un futuro mejor<\/em>\u201d. La campa\u00f1a es la primera en colaboraci\u00f3n con Confecomer\u00e7,\u00a0 como punto de partida de otras actividades que desarrollaremos conjuntamente en el futuro.<\/p>\n<p><img fetchpriority=\"high\" decoding=\"async\" class=\"wp-image-6603 alignleft\" src=\"https:\/\/apymeco.netrotec.com\/wp-content\/uploads\/2-MERCADO-LA-PLASA-11-AGOSTO-2-169x300.jpeg\" alt=\"\" width=\"227\" height=\"402\" \/><img decoding=\"async\" class=\"wp-image-6604 size-medium aligncenter\" src=\"https:\/\/apymeco.netrotec.com\/wp-content\/uploads\/2-MERCADO-LA-PLASA-11-AGOSTO-3-300x169.jpeg\" alt=\"\" width=\"300\" height=\"169\" \/><\/p>\n<p><img loading=\"lazy\" decoding=\"async\" class=\"wp-image-6598 size-medium alignnone\" src=\"https:\/\/apymeco.netrotec.com\/wp-content\/uploads\/MERCADO-LA-PLASA-11-AGOSTO15-300x169.jpeg\" alt=\"\" width=\"300\" height=\"169\" \/><\/p>\n<p><img loading=\"lazy\" decoding=\"async\" class=\"wp-image-6605 size-medium alignright\" src=\"https:\/\/apymeco.netrotec.com\/wp-content\/uploads\/2-MERCADO-LA-PLASA-11-AGOSTO-4-300x169.jpeg\" alt=\"\" width=\"300\" height=\"169\" \/><\/p>\n","protected":false},"excerpt":{"rendered":"<p>APYMECO, PROMOCIONA EL MERCADO CENTRAL\u00a0 \u201cLA PLASA\u201d\u00a0A TRAV\u00c9S DE LA CAMPA\u00d1A\u00a0 \u201cPEQUE\u00d1O COMERCIO. EL FUTURO QUE COMPRAS\u201d &nbsp; (Torrevieja, 11.8.200).- [&hellip;]<\/p>\n","protected":false},"author":2,"featured_media":6596,"comment_status":"open","ping_status":"open","sticky":false,"template":"","format":"standard","meta":{"site-sidebar-layout":"default","site-content-layout":"","ast-site-content-layout":"default","site-content-style":"default","site-sidebar-style":"default","ast-global-header-display":"","ast-banner-title-visibility":"","ast-main-header-display":"","ast-hfb-above-header-display":"","ast-hfb-below-header-display":"","ast-hfb-mobile-header-display":"","site-post-title":"","ast-breadcrumbs-content":"","ast-featured-img":"","footer-sml-layout":"","ast-disable-related-posts":"","theme-transparent-header-meta":"","adv-header-id-meta":"","stick-header-meta":"","header-above-stick-meta":"","header-main-stick-meta":"","header-below-stick-meta":"","astra-migrate-meta-layouts":"default","ast-page-background-enabled":"default","ast-page-background-meta":{"desktop":{"background-color":"var(--ast-global-color-5)","background-image":"","background-repeat":"repeat","background-position":"center center","background-size":"auto","background-attachment":"scroll","background-type":"","background-media":"","overlay-type":"","overlay-color":"","overlay-opacity":"","overlay-gradient":""},"tablet":{"background-color":"","background-image":"","background-repeat":"repeat","background-position":"center center","background-size":"auto","background-attachment":"scroll","background-type":"","background-media":"","overlay-type":"","overlay-color":"","overlay-opacity":"","overlay-gradient":""},"mobile":{"background-color":"","background-image":"","background-repeat":"repeat","background-position":"center center","background-size":"auto","background-attachment":"scroll","background-type":"","background-media":"","overlay-type":"","overlay-color":"","overlay-opacity":"","overlay-gradient":""}},"ast-content-background-meta":{"desktop":{"background-color":"var(--ast-global-color-4)","background-image":"","background-repeat":"repeat","background-position":"center center","background-size":"auto","background-attachment":"scroll","background-type":"","background-media":"","overlay-type":"","overlay-color":"","overlay-opacity":"","overlay-gradient":""},"tablet":{"background-color":"var(--ast-global-color-4)","background-image":"","background-repeat":"repeat","background-position":"center center","background-size":"auto","background-attachment":"scroll","background-type":"","background-media":"","overlay-type":"","overlay-color":"","overlay-opacity":"","overlay-gradient":""},"mobile":{"background-color":"var(--ast-global-color-4)","background-image":"","background-repeat":"repeat","background-position":"center center","background-size":"auto","background-attachment":"scroll","background-type":"","background-media":"","overlay-type":"","overlay-color":"","overlay-opacity":"","overlay-gradient":""}},"footnotes":""},"categories":[524,526],"tags":[556,557,558,559],"class_list":["post-6594","post","type-post","status-publish","format-standard","has-post-thumbnail","hentry","category-campanas","category-eventos","tag-apymeco-y-la-plasa","tag-aqui-hay-futuro","tag-el-futuro-que-compras","tag-pequeno-comercio"],"yoast_head":"<!-- This site is optimized with the Yoast SEO Premium plugin v27.7 (Yoast SEO v27.8) - https:\/\/yoast.com\/product\/yoast-seo-premium-wordpress\/ -->\n<title>APYMECO JUNTO CON CONFECOMER\u00c7 PRESENTAN LA CAMPA\u00d1A &quot;PEQUE\u00d1O COMERCIO. EL FUTURO QUE COMPRAS&quot; - APYMECO Torrevieja<\/title>\n<meta name=\"robots\" content=\"index, follow, max-snippet:-1, max-image-preview:large, max-video-preview:-1\" \/>\n<link rel=\"canonical\" href=\"https:\/\/apymeco.netrotec.com\/es\/apymeco-junto-con-confecomerc-presentan-la-campana-pequeno-comercio-el-futuro-que-compras\/\" \/>\n<meta property=\"og:locale\" content=\"es_ES\" \/>\n<meta property=\"og:type\" content=\"article\" \/>\n<meta property=\"og:title\" content=\"APYMECO JUNTO CON CONFECOMER\u00c7 PRESENTAN LA CAMPA\u00d1A &quot;PEQUE\u00d1O COMERCIO. EL FUTURO QUE COMPRAS&quot;\" \/>\n<meta property=\"og:description\" content=\"APYMECO, PROMOCIONA EL MERCADO CENTRAL\u00a0 \u201cLA PLASA\u201d\u00a0A TRAV\u00c9S DE LA CAMPA\u00d1A\u00a0 \u201cPEQUE\u00d1O COMERCIO. EL FUTURO QUE COMPRAS\u201d &nbsp; (Torrevieja, 11.8.200).- [&hellip;]\" \/>\n<meta property=\"og:url\" content=\"https:\/\/apymeco.netrotec.com\/es\/apymeco-junto-con-confecomerc-presentan-la-campana-pequeno-comercio-el-futuro-que-compras\/\" \/>\n<meta property=\"og:site_name\" content=\"APYMECO Torrevieja\" \/>\n<meta property=\"article:published_time\" content=\"2020-08-11T20:35:38+00:00\" \/>\n<meta property=\"og:image\" content=\"https:\/\/apymeco.netrotec.com\/wp-content\/uploads\/2020\/08\/2-MERCADO-LA-PLASA-11-AGOSTO-7.jpeg\" \/>\n\t<meta property=\"og:image:width\" content=\"1600\" \/>\n\t<meta property=\"og:image:height\" content=\"900\" \/>\n\t<meta property=\"og:image:type\" content=\"image\/jpeg\" \/>\n<meta name=\"author\" content=\"Apymeco\" \/>\n<meta name=\"twitter:card\" content=\"summary_large_image\" \/>\n<meta name=\"twitter:label1\" content=\"Escrito por\" \/>\n\t<meta name=\"twitter:data1\" content=\"Apymeco\" \/>\n\t<meta name=\"twitter:label2\" content=\"Tiempo de lectura\" \/>\n\t<meta name=\"twitter:data2\" content=\"2 minutos\" \/>\n<script type=\"application\/ld+json\" class=\"yoast-schema-graph\">{\"@context\":\"https:\\\/\\\/schema.org\",\"@graph\":[{\"@type\":\"Article\",\"@id\":\"https:\\\/\\\/apymeco.netrotec.com\\\/apymeco-junto-con-confecomerc-presentan-la-campana-pequeno-comercio-el-futuro-que-compras\\\/#article\",\"isPartOf\":{\"@id\":\"https:\\\/\\\/apymeco.netrotec.com\\\/apymeco-junto-con-confecomerc-presentan-la-campana-pequeno-comercio-el-futuro-que-compras\\\/\"},\"author\":{\"name\":\"Apymeco\",\"@id\":\"https:\\\/\\\/apymeco.netrotec.com\\\/#\\\/schema\\\/person\\\/58f3bb0f5e04e2b6067d17d05470d2dd\"},\"headline\":\"APYMECO JUNTO CON CONFECOMER\u00c7 PRESENTAN LA CAMPA\u00d1A \u00abPEQUE\u00d1O COMERCIO. EL FUTURO QUE COMPRAS\u00bb\",\"datePublished\":\"2020-08-11T20:35:38+00:00\",\"mainEntityOfPage\":{\"@id\":\"https:\\\/\\\/apymeco.netrotec.com\\\/apymeco-junto-con-confecomerc-presentan-la-campana-pequeno-comercio-el-futuro-que-compras\\\/\"},\"wordCount\":345,\"commentCount\":0,\"publisher\":{\"@id\":\"https:\\\/\\\/apymeco.netrotec.com\\\/#organization\"},\"image\":{\"@id\":\"https:\\\/\\\/apymeco.netrotec.com\\\/apymeco-junto-con-confecomerc-presentan-la-campana-pequeno-comercio-el-futuro-que-compras\\\/#primaryimage\"},\"thumbnailUrl\":\"https:\\\/\\\/apymeco.netrotec.com\\\/wp-content\\\/uploads\\\/2020\\\/08\\\/2-MERCADO-LA-PLASA-11-AGOSTO-7.jpeg\",\"keywords\":[\"apymeco y la plasa\",\"aqui hay futuro\",\"el futuro que compras\",\"peque\u00f1o comercio\"],\"articleSection\":[\"Campa\u00f1as\",\"Eventos\"],\"inLanguage\":\"es\",\"potentialAction\":[{\"@type\":\"CommentAction\",\"name\":\"Comment\",\"target\":[\"https:\\\/\\\/apymeco.netrotec.com\\\/apymeco-junto-con-confecomerc-presentan-la-campana-pequeno-comercio-el-futuro-que-compras\\\/#respond\"]}]},{\"@type\":\"WebPage\",\"@id\":\"https:\\\/\\\/apymeco.netrotec.com\\\/apymeco-junto-con-confecomerc-presentan-la-campana-pequeno-comercio-el-futuro-que-compras\\\/\",\"url\":\"https:\\\/\\\/apymeco.netrotec.com\\\/apymeco-junto-con-confecomerc-presentan-la-campana-pequeno-comercio-el-futuro-que-compras\\\/\",\"name\":\"APYMECO JUNTO CON CONFECOMER\u00c7 PRESENTAN LA CAMPA\u00d1A \\\"PEQUE\u00d1O COMERCIO. EL FUTURO QUE COMPRAS\\\" - APYMECO Torrevieja\",\"isPartOf\":{\"@id\":\"https:\\\/\\\/apymeco.netrotec.com\\\/#website\"},\"primaryImageOfPage\":{\"@id\":\"https:\\\/\\\/apymeco.netrotec.com\\\/apymeco-junto-con-confecomerc-presentan-la-campana-pequeno-comercio-el-futuro-que-compras\\\/#primaryimage\"},\"image\":{\"@id\":\"https:\\\/\\\/apymeco.netrotec.com\\\/apymeco-junto-con-confecomerc-presentan-la-campana-pequeno-comercio-el-futuro-que-compras\\\/#primaryimage\"},\"thumbnailUrl\":\"https:\\\/\\\/apymeco.netrotec.com\\\/wp-content\\\/uploads\\\/2020\\\/08\\\/2-MERCADO-LA-PLASA-11-AGOSTO-7.jpeg\",\"datePublished\":\"2020-08-11T20:35:38+00:00\",\"breadcrumb\":{\"@id\":\"https:\\\/\\\/apymeco.netrotec.com\\\/apymeco-junto-con-confecomerc-presentan-la-campana-pequeno-comercio-el-futuro-que-compras\\\/#breadcrumb\"},\"inLanguage\":\"es\",\"potentialAction\":[{\"@type\":\"ReadAction\",\"target\":[\"https:\\\/\\\/apymeco.netrotec.com\\\/apymeco-junto-con-confecomerc-presentan-la-campana-pequeno-comercio-el-futuro-que-compras\\\/\"]}]},{\"@type\":\"ImageObject\",\"inLanguage\":\"es\",\"@id\":\"https:\\\/\\\/apymeco.netrotec.com\\\/apymeco-junto-con-confecomerc-presentan-la-campana-pequeno-comercio-el-futuro-que-compras\\\/#primaryimage\",\"url\":\"https:\\\/\\\/apymeco.netrotec.com\\\/wp-content\\\/uploads\\\/2020\\\/08\\\/2-MERCADO-LA-PLASA-11-AGOSTO-7.jpeg\",\"contentUrl\":\"https:\\\/\\\/apymeco.netrotec.com\\\/wp-content\\\/uploads\\\/2020\\\/08\\\/2-MERCADO-LA-PLASA-11-AGOSTO-7.jpeg\",\"width\":1600,\"height\":900},{\"@type\":\"BreadcrumbList\",\"@id\":\"https:\\\/\\\/apymeco.netrotec.com\\\/apymeco-junto-con-confecomerc-presentan-la-campana-pequeno-comercio-el-futuro-que-compras\\\/#breadcrumb\",\"itemListElement\":[{\"@type\":\"ListItem\",\"position\":1,\"name\":\"Portada\",\"item\":\"https:\\\/\\\/apymeco.netrotec.com\\\/\"},{\"@type\":\"ListItem\",\"position\":2,\"name\":\"APYMECO JUNTO CON CONFECOMER\u00c7 PRESENTAN LA CAMPA\u00d1A \u00abPEQUE\u00d1O COMERCIO. EL FUTURO QUE COMPRAS\u00bb\"}]},{\"@type\":\"WebSite\",\"@id\":\"https:\\\/\\\/apymeco.netrotec.com\\\/#website\",\"url\":\"https:\\\/\\\/apymeco.netrotec.com\\\/\",\"name\":\"APYMECO Torrevieja\",\"description\":\"\",\"publisher\":{\"@id\":\"https:\\\/\\\/apymeco.netrotec.com\\\/#organization\"},\"potentialAction\":[{\"@type\":\"SearchAction\",\"target\":{\"@type\":\"EntryPoint\",\"urlTemplate\":\"https:\\\/\\\/apymeco.netrotec.com\\\/?s={search_term_string}\"},\"query-input\":{\"@type\":\"PropertyValueSpecification\",\"valueRequired\":true,\"valueName\":\"search_term_string\"}}],\"inLanguage\":\"es\"},{\"@type\":\"Organization\",\"@id\":\"https:\\\/\\\/apymeco.netrotec.com\\\/#organization\",\"name\":\"APYMECO Torrevieja\",\"url\":\"https:\\\/\\\/apymeco.netrotec.com\\\/\",\"logo\":{\"@type\":\"ImageObject\",\"inLanguage\":\"es\",\"@id\":\"https:\\\/\\\/apymeco.netrotec.com\\\/#\\\/schema\\\/logo\\\/image\\\/\",\"url\":\"https:\\\/\\\/apymeco.netrotec.com\\\/wp-content\\\/uploads\\\/2026\\\/06\\\/logo-blanco.png\",\"contentUrl\":\"https:\\\/\\\/apymeco.netrotec.com\\\/wp-content\\\/uploads\\\/2026\\\/06\\\/logo-blanco.png\",\"width\":1107,\"height\":444,\"caption\":\"APYMECO Torrevieja\"},\"image\":{\"@id\":\"https:\\\/\\\/apymeco.netrotec.com\\\/#\\\/schema\\\/logo\\\/image\\\/\"}},{\"@type\":\"Person\",\"@id\":\"https:\\\/\\\/apymeco.netrotec.com\\\/#\\\/schema\\\/person\\\/58f3bb0f5e04e2b6067d17d05470d2dd\",\"name\":\"Apymeco\",\"url\":\"https:\\\/\\\/apymeco.netrotec.com\\\/es\\\/author\\\/apymeco\\\/\"}]}<\/script>\n<!-- \/ Yoast SEO Premium plugin. -->","yoast_head_json":{"title":"APYMECO JUNTO CON CONFECOMER\u00c7 PRESENTAN LA CAMPA\u00d1A \"PEQUE\u00d1O COMERCIO. EL FUTURO QUE COMPRAS\" - APYMECO Torrevieja","robots":{"index":"index","follow":"follow","max-snippet":"max-snippet:-1","max-image-preview":"max-image-preview:large","max-video-preview":"max-video-preview:-1"},"canonical":"https:\/\/apymeco.netrotec.com\/es\/apymeco-junto-con-confecomerc-presentan-la-campana-pequeno-comercio-el-futuro-que-compras\/","og_locale":"es_ES","og_type":"article","og_title":"APYMECO JUNTO CON CONFECOMER\u00c7 PRESENTAN LA CAMPA\u00d1A \"PEQUE\u00d1O COMERCIO. EL FUTURO QUE COMPRAS\"","og_description":"APYMECO, PROMOCIONA EL MERCADO CENTRAL\u00a0 \u201cLA PLASA\u201d\u00a0A TRAV\u00c9S DE LA CAMPA\u00d1A\u00a0 \u201cPEQUE\u00d1O COMERCIO. EL FUTURO QUE COMPRAS\u201d &nbsp; (Torrevieja, 11.8.200).- [&hellip;]","og_url":"https:\/\/apymeco.netrotec.com\/es\/apymeco-junto-con-confecomerc-presentan-la-campana-pequeno-comercio-el-futuro-que-compras\/","og_site_name":"APYMECO Torrevieja","article_published_time":"2020-08-11T20:35:38+00:00","og_image":[{"width":1600,"height":900,"url":"https:\/\/apymeco.netrotec.com\/wp-content\/uploads\/2020\/08\/2-MERCADO-LA-PLASA-11-AGOSTO-7.jpeg","type":"image\/jpeg"}],"author":"Apymeco","twitter_card":"summary_large_image","twitter_misc":{"Escrito por":"Apymeco","Tiempo de lectura":"2 minutos"},"schema":{"@context":"https:\/\/schema.org","@graph":[{"@type":"Article","@id":"https:\/\/apymeco.netrotec.com\/apymeco-junto-con-confecomerc-presentan-la-campana-pequeno-comercio-el-futuro-que-compras\/#article","isPartOf":{"@id":"https:\/\/apymeco.netrotec.com\/apymeco-junto-con-confecomerc-presentan-la-campana-pequeno-comercio-el-futuro-que-compras\/"},"author":{"name":"Apymeco","@id":"https:\/\/apymeco.netrotec.com\/#\/schema\/person\/58f3bb0f5e04e2b6067d17d05470d2dd"},"headline":"APYMECO JUNTO CON CONFECOMER\u00c7 PRESENTAN LA CAMPA\u00d1A \u00abPEQUE\u00d1O COMERCIO. EL FUTURO QUE COMPRAS\u00bb","datePublished":"2020-08-11T20:35:38+00:00","mainEntityOfPage":{"@id":"https:\/\/apymeco.netrotec.com\/apymeco-junto-con-confecomerc-presentan-la-campana-pequeno-comercio-el-futuro-que-compras\/"},"wordCount":345,"commentCount":0,"publisher":{"@id":"https:\/\/apymeco.netrotec.com\/#organization"},"image":{"@id":"https:\/\/apymeco.netrotec.com\/apymeco-junto-con-confecomerc-presentan-la-campana-pequeno-comercio-el-futuro-que-compras\/#primaryimage"},"thumbnailUrl":"https:\/\/apymeco.netrotec.com\/wp-content\/uploads\/2020\/08\/2-MERCADO-LA-PLASA-11-AGOSTO-7.jpeg","keywords":["apymeco y la plasa","aqui hay futuro","el futuro que compras","peque\u00f1o comercio"],"articleSection":["Campa\u00f1as","Eventos"],"inLanguage":"es","potentialAction":[{"@type":"CommentAction","name":"Comment","target":["https:\/\/apymeco.netrotec.com\/apymeco-junto-con-confecomerc-presentan-la-campana-pequeno-comercio-el-futuro-que-compras\/#respond"]}]},{"@type":"WebPage","@id":"https:\/\/apymeco.netrotec.com\/apymeco-junto-con-confecomerc-presentan-la-campana-pequeno-comercio-el-futuro-que-compras\/","url":"https:\/\/apymeco.netrotec.com\/apymeco-junto-con-confecomerc-presentan-la-campana-pequeno-comercio-el-futuro-que-compras\/","name":"APYMECO JUNTO CON CONFECOMER\u00c7 PRESENTAN LA CAMPA\u00d1A \"PEQUE\u00d1O COMERCIO. EL FUTURO QUE COMPRAS\" - APYMECO Torrevieja","isPartOf":{"@id":"https:\/\/apymeco.netrotec.com\/#website"},"primaryImageOfPage":{"@id":"https:\/\/apymeco.netrotec.com\/apymeco-junto-con-confecomerc-presentan-la-campana-pequeno-comercio-el-futuro-que-compras\/#primaryimage"},"image":{"@id":"https:\/\/apymeco.netrotec.com\/apymeco-junto-con-confecomerc-presentan-la-campana-pequeno-comercio-el-futuro-que-compras\/#primaryimage"},"thumbnailUrl":"https:\/\/apymeco.netrotec.com\/wp-content\/uploads\/2020\/08\/2-MERCADO-LA-PLASA-11-AGOSTO-7.jpeg","datePublished":"2020-08-11T20:35:38+00:00","breadcrumb":{"@id":"https:\/\/apymeco.netrotec.com\/apymeco-junto-con-confecomerc-presentan-la-campana-pequeno-comercio-el-futuro-que-compras\/#breadcrumb"},"inLanguage":"es","potentialAction":[{"@type":"ReadAction","target":["https:\/\/apymeco.netrotec.com\/apymeco-junto-con-confecomerc-presentan-la-campana-pequeno-comercio-el-futuro-que-compras\/"]}]},{"@type":"ImageObject","inLanguage":"es","@id":"https:\/\/apymeco.netrotec.com\/apymeco-junto-con-confecomerc-presentan-la-campana-pequeno-comercio-el-futuro-que-compras\/#primaryimage","url":"https:\/\/apymeco.netrotec.com\/wp-content\/uploads\/2020\/08\/2-MERCADO-LA-PLASA-11-AGOSTO-7.jpeg","contentUrl":"https:\/\/apymeco.netrotec.com\/wp-content\/uploads\/2020\/08\/2-MERCADO-LA-PLASA-11-AGOSTO-7.jpeg","width":1600,"height":900},{"@type":"BreadcrumbList","@id":"https:\/\/apymeco.netrotec.com\/apymeco-junto-con-confecomerc-presentan-la-campana-pequeno-comercio-el-futuro-que-compras\/#breadcrumb","itemListElement":[{"@type":"ListItem","position":1,"name":"Portada","item":"https:\/\/apymeco.netrotec.com\/"},{"@type":"ListItem","position":2,"name":"APYMECO JUNTO CON CONFECOMER\u00c7 PRESENTAN LA CAMPA\u00d1A \u00abPEQUE\u00d1O COMERCIO. EL FUTURO QUE COMPRAS\u00bb"}]},{"@type":"WebSite","@id":"https:\/\/apymeco.netrotec.com\/#website","url":"https:\/\/apymeco.netrotec.com\/","name":"APYMECO Torrevieja","description":"","publisher":{"@id":"https:\/\/apymeco.netrotec.com\/#organization"},"potentialAction":[{"@type":"SearchAction","target":{"@type":"EntryPoint","urlTemplate":"https:\/\/apymeco.netrotec.com\/?s={search_term_string}"},"query-input":{"@type":"PropertyValueSpecification","valueRequired":true,"valueName":"search_term_string"}}],"inLanguage":"es"},{"@type":"Organization","@id":"https:\/\/apymeco.netrotec.com\/#organization","name":"APYMECO Torrevieja","url":"https:\/\/apymeco.netrotec.com\/","logo":{"@type":"ImageObject","inLanguage":"es","@id":"https:\/\/apymeco.netrotec.com\/#\/schema\/logo\/image\/","url":"https:\/\/apymeco.netrotec.com\/wp-content\/uploads\/2026\/06\/logo-blanco.png","contentUrl":"https:\/\/apymeco.netrotec.com\/wp-content\/uploads\/2026\/06\/logo-blanco.png","width":1107,"height":444,"caption":"APYMECO Torrevieja"},"image":{"@id":"https:\/\/apymeco.netrotec.com\/#\/schema\/logo\/image\/"}},{"@type":"Person","@id":"https:\/\/apymeco.netrotec.com\/#\/schema\/person\/58f3bb0f5e04e2b6067d17d05470d2dd","name":"Apymeco","url":"https:\/\/apymeco.netrotec.com\/es\/author\/apymeco\/"}]}},"_links":{"self":[{"href":"https:\/\/apymeco.netrotec.com\/es\/wp-json\/wp\/v2\/posts\/6594","targetHints":{"allow":["GET"]}}],"collection":[{"href":"https:\/\/apymeco.netrotec.com\/es\/wp-json\/wp\/v2\/posts"}],"about":[{"href":"https:\/\/apymeco.netrotec.com\/es\/wp-json\/wp\/v2\/types\/post"}],"author":[{"embeddable":true,"href":"https:\/\/apymeco.netrotec.com\/es\/wp-json\/wp\/v2\/users\/2"}],"replies":[{"embeddable":true,"href":"https:\/\/apymeco.netrotec.com\/es\/wp-json\/wp\/v2\/comments?post=6594"}],"version-history":[{"count":0,"href":"https:\/\/apymeco.netrotec.com\/es\/wp-json\/wp\/v2\/posts\/6594\/revisions"}],"wp:featuredmedia":[{"embeddable":true,"href":"https:\/\/apymeco.netrotec.com\/es\/wp-json\/wp\/v2\/media\/6596"}],"wp:attachment":[{"href":"https:\/\/apymeco.netrotec.com\/es\/wp-json\/wp\/v2\/media?parent=6594"}],"wp:term":[{"taxonomy":"category","embeddable":true,"href":"https:\/\/apymeco.netrotec.com\/es\/wp-json\/wp\/v2\/categories?post=6594"},{"taxonomy":"post_tag","embeddable":true,"href":"https:\/\/apymeco.netrotec.com\/es\/wp-json\/wp\/v2\/tags?post=6594"}],"curies":[{"name":"wp","href":"https:\/\/api.w.org\/{rel}","templated":true}]}}