{"id":6670,"date":"2020-09-11T23:21:41","date_gmt":"2020-09-11T21:21:41","guid":{"rendered":"https:\/\/www.apymeco.info\/?p=6670"},"modified":"2020-09-11T23:21:41","modified_gmt":"2020-09-11T21:21:41","slug":"campana-vuelta-al-cole","status":"publish","type":"post","link":"https:\/\/apymeco.netrotec.com\/es\/campana-vuelta-al-cole\/","title":{"rendered":"CAMPA\u00d1A VUELTA AL COLE"},"content":{"rendered":"<p>&nbsp;<\/p>\n<p><img fetchpriority=\"high\" decoding=\"async\" class=\"wp-image-6680 size-large aligncenter\" src=\"https:\/\/apymeco.netrotec.com\/wp-content\/uploads\/WhatsApp-Image-2020-09-11-at-13.31.41-1024x683.jpeg\" alt=\"PRESENTACION DE LA CAMPA\u00d1A VUELTA AL COLE \" width=\"1024\" height=\"683\" \/><\/p>\n<p><strong>TORREVIEJA (11-09-20).<\/strong> La concejal de Comercio del Ayuntamiento de Torrevieja, Rosario Mart\u00ednez Chazarra; el presidente de APYMECO, Jorge Almarcha; Ra\u00fal Rodr\u00edguez, presidente de la Hermandad Motera \u201cDorsal Zero\u201d y el P\u00e1rroco de San Pedro y San Pablo, Pedro Pay\u00e1, en representaci\u00f3n de C\u00e1ritas de la Parroquia, han presentado esta ma\u00f1ana en la plaza de la Constituci\u00f3n la campa\u00f1a \u201cVuelta al Cole\u201d del curso 2020\/21.<\/p>\n<p>La misma tendr\u00e1 dos actividades, una comercial y otra solidaria.<\/p>\n<p>La <span style=\"color: #000000;\"><strong>comercial<\/strong> <\/span>consistir\u00e1 en la realizaci\u00f3n de importantes descuentos a los clientes que acudan a las tiendas asociadas, que aparecer\u00e1n en las redes sociales de APYMECO, enfocadas a la actividad escolar, como tiendas de ropa, zapater\u00edas, librer\u00edas, tiendas de electr\u00f3nica, \u00f3pticas y cl\u00ednicas dentales. La duraci\u00f3n de esta campa\u00f1a tendr\u00e1 su final el 8 de octubre.<\/p>\n<p>La parte <span style=\"color: #000000;\"><strong>solidaria<\/strong><\/span> de la campa\u00f1a estar\u00e1 protagonizada por la Hermandad Motera \u201cDorsal Zero\u201d, que realizar\u00e1 el s\u00e1bado 26 de septiembre, a partir de las 11:00 horas, una \u201cCaravana Solidaria\u201d en la que se recoger\u00e1n, en los distintos establecimientos que se presten voluntarios como puntos de recogida, del material escolar que se haya donado, desde el lunes 14 hasta el d\u00eda 25 de este mes.<\/p>\n<p>La concejal\u00eda ha distribuido por calles, avenidas, plazas y paseos de la ciudad carteles promocionales de la campa\u00f1a que hoy se ha presentado, en los que mediante c\u00f3digos QR se puede visualizar los comercios de la asociaci\u00f3n y sus diferentes promociones, situados en los mupis instalados a tal efecto. Las donaciones ser\u00e1n entregadas a la Ong C\u00e1ritas de la Parroquia de San Pedro y San Pablo, que preside Cristina L\u00f3pez Corona.<\/p>\n<p>Hay que destacar que por motivos de seguridad, por la situaci\u00f3n de pandemia que vivimos, y para prevenir contagios, las donaciones de material escolar deben realizarse envueltas en papel film o en bolsas herm\u00e9ticas, siendo desinfectadas antes de su distribuci\u00f3n final a los beneficiarios de las mismas.<\/p>\n<p>Rosario Mart\u00ednez inform\u00f3, por \u00faltimo, que el objetivo de la campa\u00f1a \u201cVuelta al Cole\u201d es ayudar al comercio local, ofertando sus productos con las mismas ventajas que los grandes centros comerciales, e intentar ayudar a las familias que est\u00e1n pasando por una situaci\u00f3n de necesidad, tras varios meses sin ingresos provocados por el estado de alarma del COVID-19.<\/p>\n<p>&nbsp;<\/p>\n<p><img decoding=\"async\" class=\"aligncenter wp-image-6685\" src=\"https:\/\/apymeco.netrotec.com\/wp-content\/uploads\/MOTOS-212x300.jpg\" alt=\"\" width=\"264\" height=\"374\" \/><\/p>\n<p>&nbsp;<\/p>\n<p><img decoding=\"async\" class=\"size-medium wp-image-6682 alignleft\" src=\"https:\/\/apymeco.netrotec.com\/wp-content\/uploads\/MUPIS-VUELTA-AL-COLE-2-300x300.jpeg\" alt=\"\" width=\"300\" height=\"300\" \/> <img loading=\"lazy\" decoding=\"async\" class=\"size-medium wp-image-6683 alignright\" src=\"https:\/\/apymeco.netrotec.com\/wp-content\/uploads\/MUPIS-VUELTA-AL-COLE-3-300x300.jpeg\" alt=\"\" width=\"300\" height=\"300\" \/> <img loading=\"lazy\" decoding=\"async\" class=\"size-medium wp-image-6684 aligncenter\" src=\"https:\/\/apymeco.netrotec.com\/wp-content\/uploads\/MUPIS-VUELTA-AL-COLE-1-300x300.jpeg\" alt=\"\" width=\"300\" height=\"300\" \/><\/p>\n<p>&nbsp;<\/p>\n","protected":false},"excerpt":{"rendered":"<p>&nbsp; TORREVIEJA (11-09-20). La concejal de Comercio del Ayuntamiento de Torrevieja, Rosario Mart\u00ednez Chazarra; el presidente de APYMECO, Jorge Almarcha; [&hellip;]<\/p>\n","protected":false},"author":2,"featured_media":0,"comment_status":"open","ping_status":"open","sticky":false,"template":"","format":"standard","meta":{"site-sidebar-layout":"default","site-content-layout":"","ast-site-content-layout":"default","site-content-style":"default","site-sidebar-style":"default","ast-global-header-display":"","ast-banner-title-visibility":"","ast-main-header-display":"","ast-hfb-above-header-display":"","ast-hfb-below-header-display":"","ast-hfb-mobile-header-display":"","site-post-title":"","ast-breadcrumbs-content":"","ast-featured-img":"","footer-sml-layout":"","ast-disable-related-posts":"","theme-transparent-header-meta":"","adv-header-id-meta":"","stick-header-meta":"","header-above-stick-meta":"","header-main-stick-meta":"","header-below-stick-meta":"","astra-migrate-meta-layouts":"default","ast-page-background-enabled":"default","ast-page-background-meta":{"desktop":{"background-color":"var(--ast-global-color-5)","background-image":"","background-repeat":"repeat","background-position":"center center","background-size":"auto","background-attachment":"scroll","background-type":"","background-media":"","overlay-type":"","overlay-color":"","overlay-opacity":"","overlay-gradient":""},"tablet":{"background-color":"","background-image":"","background-repeat":"repeat","background-position":"center center","background-size":"auto","background-attachment":"scroll","background-type":"","background-media":"","overlay-type":"","overlay-color":"","overlay-opacity":"","overlay-gradient":""},"mobile":{"background-color":"","background-image":"","background-repeat":"repeat","background-position":"center center","background-size":"auto","background-attachment":"scroll","background-type":"","background-media":"","overlay-type":"","overlay-color":"","overlay-opacity":"","overlay-gradient":""}},"ast-content-background-meta":{"desktop":{"background-color":"var(--ast-global-color-4)","background-image":"","background-repeat":"repeat","background-position":"center center","background-size":"auto","background-attachment":"scroll","background-type":"","background-media":"","overlay-type":"","overlay-color":"","overlay-opacity":"","overlay-gradient":""},"tablet":{"background-color":"var(--ast-global-color-4)","background-image":"","background-repeat":"repeat","background-position":"center center","background-size":"auto","background-attachment":"scroll","background-type":"","background-media":"","overlay-type":"","overlay-color":"","overlay-opacity":"","overlay-gradient":""},"mobile":{"background-color":"var(--ast-global-color-4)","background-image":"","background-repeat":"repeat","background-position":"center center","background-size":"auto","background-attachment":"scroll","background-type":"","background-media":"","overlay-type":"","overlay-color":"","overlay-opacity":"","overlay-gradient":""}},"footnotes":""},"categories":[524,526],"tags":[531,562,563,564],"class_list":["post-6670","post","type-post","status-publish","format-standard","hentry","category-campanas","category-eventos","tag-apymeco-torrevieja","tag-caravana-solidaria","tag-dorsal-zero","tag-vuelta-al-cole"],"yoast_head":"<!-- This site is optimized with the Yoast SEO Premium plugin v27.7 (Yoast SEO v27.8) - https:\/\/yoast.com\/product\/yoast-seo-premium-wordpress\/ -->\n<title>CAMPA\u00d1A VUELTA AL COLE - APYMECO Torrevieja<\/title>\n<meta name=\"robots\" content=\"index, follow, max-snippet:-1, max-image-preview:large, max-video-preview:-1\" \/>\n<link rel=\"canonical\" href=\"https:\/\/apymeco.netrotec.com\/es\/campana-vuelta-al-cole\/\" \/>\n<meta property=\"og:locale\" content=\"es_ES\" \/>\n<meta property=\"og:type\" content=\"article\" \/>\n<meta property=\"og:title\" content=\"CAMPA\u00d1A VUELTA AL COLE\" \/>\n<meta property=\"og:description\" content=\"&nbsp; TORREVIEJA (11-09-20). La concejal de Comercio del Ayuntamiento de Torrevieja, Rosario Mart\u00ednez Chazarra; el presidente de APYMECO, Jorge Almarcha; [&hellip;]\" \/>\n<meta property=\"og:url\" content=\"https:\/\/apymeco.netrotec.com\/es\/campana-vuelta-al-cole\/\" \/>\n<meta property=\"og:site_name\" content=\"APYMECO Torrevieja\" \/>\n<meta property=\"article:published_time\" content=\"2020-09-11T21:21:41+00:00\" \/>\n<meta property=\"og:image\" content=\"https:\/\/apymeco.netrotec.com\/wp-content\/uploads\/2020\/09\/WhatsApp-Image-2020-09-11-at-13.31.41.jpeg\" \/>\n\t<meta property=\"og:image:width\" content=\"1599\" \/>\n\t<meta property=\"og:image:height\" content=\"1066\" \/>\n\t<meta property=\"og:image:type\" content=\"image\/jpeg\" \/>\n<meta name=\"author\" content=\"Apymeco\" \/>\n<meta name=\"twitter:card\" content=\"summary_large_image\" \/>\n<meta name=\"twitter:label1\" content=\"Escrito por\" \/>\n\t<meta name=\"twitter:data1\" content=\"Apymeco\" \/>\n\t<meta name=\"twitter:label2\" content=\"Tiempo de lectura\" \/>\n\t<meta name=\"twitter:data2\" content=\"2 minutos\" \/>\n<script type=\"application\/ld+json\" class=\"yoast-schema-graph\">{\"@context\":\"https:\\\/\\\/schema.org\",\"@graph\":[{\"@type\":\"Article\",\"@id\":\"https:\\\/\\\/apymeco.netrotec.com\\\/campana-vuelta-al-cole\\\/#article\",\"isPartOf\":{\"@id\":\"https:\\\/\\\/apymeco.netrotec.com\\\/campana-vuelta-al-cole\\\/\"},\"author\":{\"name\":\"Apymeco\",\"@id\":\"https:\\\/\\\/apymeco.netrotec.com\\\/#\\\/schema\\\/person\\\/58f3bb0f5e04e2b6067d17d05470d2dd\"},\"headline\":\"CAMPA\u00d1A VUELTA AL COLE\",\"datePublished\":\"2020-09-11T21:21:41+00:00\",\"mainEntityOfPage\":{\"@id\":\"https:\\\/\\\/apymeco.netrotec.com\\\/campana-vuelta-al-cole\\\/\"},\"wordCount\":410,\"commentCount\":0,\"publisher\":{\"@id\":\"https:\\\/\\\/apymeco.netrotec.com\\\/#organization\"},\"image\":{\"@id\":\"https:\\\/\\\/apymeco.netrotec.com\\\/campana-vuelta-al-cole\\\/#primaryimage\"},\"thumbnailUrl\":\"https:\\\/\\\/apymeco.netrotec.com\\\/wp-content\\\/uploads\\\/WhatsApp-Image-2020-09-11-at-13.31.41-1024x683.jpeg\",\"keywords\":[\"apymeco torrevieja\",\"CARAVANA SOLIDARIA\",\"DORSAL ZERO\",\"VUELTA AL COLE\"],\"articleSection\":[\"Campa\u00f1as\",\"Eventos\"],\"inLanguage\":\"es\",\"potentialAction\":[{\"@type\":\"CommentAction\",\"name\":\"Comment\",\"target\":[\"https:\\\/\\\/apymeco.netrotec.com\\\/campana-vuelta-al-cole\\\/#respond\"]}]},{\"@type\":\"WebPage\",\"@id\":\"https:\\\/\\\/apymeco.netrotec.com\\\/campana-vuelta-al-cole\\\/\",\"url\":\"https:\\\/\\\/apymeco.netrotec.com\\\/campana-vuelta-al-cole\\\/\",\"name\":\"CAMPA\u00d1A VUELTA AL COLE - APYMECO Torrevieja\",\"isPartOf\":{\"@id\":\"https:\\\/\\\/apymeco.netrotec.com\\\/#website\"},\"primaryImageOfPage\":{\"@id\":\"https:\\\/\\\/apymeco.netrotec.com\\\/campana-vuelta-al-cole\\\/#primaryimage\"},\"image\":{\"@id\":\"https:\\\/\\\/apymeco.netrotec.com\\\/campana-vuelta-al-cole\\\/#primaryimage\"},\"thumbnailUrl\":\"https:\\\/\\\/apymeco.netrotec.com\\\/wp-content\\\/uploads\\\/WhatsApp-Image-2020-09-11-at-13.31.41-1024x683.jpeg\",\"datePublished\":\"2020-09-11T21:21:41+00:00\",\"breadcrumb\":{\"@id\":\"https:\\\/\\\/apymeco.netrotec.com\\\/campana-vuelta-al-cole\\\/#breadcrumb\"},\"inLanguage\":\"es\",\"potentialAction\":[{\"@type\":\"ReadAction\",\"target\":[\"https:\\\/\\\/apymeco.netrotec.com\\\/campana-vuelta-al-cole\\\/\"]}]},{\"@type\":\"ImageObject\",\"inLanguage\":\"es\",\"@id\":\"https:\\\/\\\/apymeco.netrotec.com\\\/campana-vuelta-al-cole\\\/#primaryimage\",\"url\":\"https:\\\/\\\/apymeco.netrotec.com\\\/wp-content\\\/uploads\\\/WhatsApp-Image-2020-09-11-at-13.31.41-1024x683.jpeg\",\"contentUrl\":\"https:\\\/\\\/apymeco.netrotec.com\\\/wp-content\\\/uploads\\\/WhatsApp-Image-2020-09-11-at-13.31.41-1024x683.jpeg\"},{\"@type\":\"BreadcrumbList\",\"@id\":\"https:\\\/\\\/apymeco.netrotec.com\\\/campana-vuelta-al-cole\\\/#breadcrumb\",\"itemListElement\":[{\"@type\":\"ListItem\",\"position\":1,\"name\":\"Portada\",\"item\":\"https:\\\/\\\/apymeco.netrotec.com\\\/\"},{\"@type\":\"ListItem\",\"position\":2,\"name\":\"CAMPA\u00d1A VUELTA AL COLE\"}]},{\"@type\":\"WebSite\",\"@id\":\"https:\\\/\\\/apymeco.netrotec.com\\\/#website\",\"url\":\"https:\\\/\\\/apymeco.netrotec.com\\\/\",\"name\":\"APYMECO Torrevieja\",\"description\":\"\",\"publisher\":{\"@id\":\"https:\\\/\\\/apymeco.netrotec.com\\\/#organization\"},\"potentialAction\":[{\"@type\":\"SearchAction\",\"target\":{\"@type\":\"EntryPoint\",\"urlTemplate\":\"https:\\\/\\\/apymeco.netrotec.com\\\/?s={search_term_string}\"},\"query-input\":{\"@type\":\"PropertyValueSpecification\",\"valueRequired\":true,\"valueName\":\"search_term_string\"}}],\"inLanguage\":\"es\"},{\"@type\":\"Organization\",\"@id\":\"https:\\\/\\\/apymeco.netrotec.com\\\/#organization\",\"name\":\"APYMECO Torrevieja\",\"url\":\"https:\\\/\\\/apymeco.netrotec.com\\\/\",\"logo\":{\"@type\":\"ImageObject\",\"inLanguage\":\"es\",\"@id\":\"https:\\\/\\\/apymeco.netrotec.com\\\/#\\\/schema\\\/logo\\\/image\\\/\",\"url\":\"https:\\\/\\\/apymeco.netrotec.com\\\/wp-content\\\/uploads\\\/2026\\\/06\\\/logo-blanco.png\",\"contentUrl\":\"https:\\\/\\\/apymeco.netrotec.com\\\/wp-content\\\/uploads\\\/2026\\\/06\\\/logo-blanco.png\",\"width\":1107,\"height\":444,\"caption\":\"APYMECO Torrevieja\"},\"image\":{\"@id\":\"https:\\\/\\\/apymeco.netrotec.com\\\/#\\\/schema\\\/logo\\\/image\\\/\"}},{\"@type\":\"Person\",\"@id\":\"https:\\\/\\\/apymeco.netrotec.com\\\/#\\\/schema\\\/person\\\/58f3bb0f5e04e2b6067d17d05470d2dd\",\"name\":\"Apymeco\",\"url\":\"https:\\\/\\\/apymeco.netrotec.com\\\/es\\\/author\\\/apymeco\\\/\"}]}<\/script>\n<!-- \/ Yoast SEO Premium plugin. -->","yoast_head_json":{"title":"CAMPA\u00d1A VUELTA AL COLE - APYMECO Torrevieja","robots":{"index":"index","follow":"follow","max-snippet":"max-snippet:-1","max-image-preview":"max-image-preview:large","max-video-preview":"max-video-preview:-1"},"canonical":"https:\/\/apymeco.netrotec.com\/es\/campana-vuelta-al-cole\/","og_locale":"es_ES","og_type":"article","og_title":"CAMPA\u00d1A VUELTA AL COLE","og_description":"&nbsp; TORREVIEJA (11-09-20). La concejal de Comercio del Ayuntamiento de Torrevieja, Rosario Mart\u00ednez Chazarra; el presidente de APYMECO, Jorge Almarcha; [&hellip;]","og_url":"https:\/\/apymeco.netrotec.com\/es\/campana-vuelta-al-cole\/","og_site_name":"APYMECO Torrevieja","article_published_time":"2020-09-11T21:21:41+00:00","og_image":[{"width":1599,"height":1066,"url":"https:\/\/apymeco.netrotec.com\/wp-content\/uploads\/2020\/09\/WhatsApp-Image-2020-09-11-at-13.31.41.jpeg","type":"image\/jpeg"}],"author":"Apymeco","twitter_card":"summary_large_image","twitter_misc":{"Escrito por":"Apymeco","Tiempo de lectura":"2 minutos"},"schema":{"@context":"https:\/\/schema.org","@graph":[{"@type":"Article","@id":"https:\/\/apymeco.netrotec.com\/campana-vuelta-al-cole\/#article","isPartOf":{"@id":"https:\/\/apymeco.netrotec.com\/campana-vuelta-al-cole\/"},"author":{"name":"Apymeco","@id":"https:\/\/apymeco.netrotec.com\/#\/schema\/person\/58f3bb0f5e04e2b6067d17d05470d2dd"},"headline":"CAMPA\u00d1A VUELTA AL COLE","datePublished":"2020-09-11T21:21:41+00:00","mainEntityOfPage":{"@id":"https:\/\/apymeco.netrotec.com\/campana-vuelta-al-cole\/"},"wordCount":410,"commentCount":0,"publisher":{"@id":"https:\/\/apymeco.netrotec.com\/#organization"},"image":{"@id":"https:\/\/apymeco.netrotec.com\/campana-vuelta-al-cole\/#primaryimage"},"thumbnailUrl":"https:\/\/apymeco.netrotec.com\/wp-content\/uploads\/WhatsApp-Image-2020-09-11-at-13.31.41-1024x683.jpeg","keywords":["apymeco torrevieja","CARAVANA SOLIDARIA","DORSAL ZERO","VUELTA AL COLE"],"articleSection":["Campa\u00f1as","Eventos"],"inLanguage":"es","potentialAction":[{"@type":"CommentAction","name":"Comment","target":["https:\/\/apymeco.netrotec.com\/campana-vuelta-al-cole\/#respond"]}]},{"@type":"WebPage","@id":"https:\/\/apymeco.netrotec.com\/campana-vuelta-al-cole\/","url":"https:\/\/apymeco.netrotec.com\/campana-vuelta-al-cole\/","name":"CAMPA\u00d1A VUELTA AL COLE - APYMECO Torrevieja","isPartOf":{"@id":"https:\/\/apymeco.netrotec.com\/#website"},"primaryImageOfPage":{"@id":"https:\/\/apymeco.netrotec.com\/campana-vuelta-al-cole\/#primaryimage"},"image":{"@id":"https:\/\/apymeco.netrotec.com\/campana-vuelta-al-cole\/#primaryimage"},"thumbnailUrl":"https:\/\/apymeco.netrotec.com\/wp-content\/uploads\/WhatsApp-Image-2020-09-11-at-13.31.41-1024x683.jpeg","datePublished":"2020-09-11T21:21:41+00:00","breadcrumb":{"@id":"https:\/\/apymeco.netrotec.com\/campana-vuelta-al-cole\/#breadcrumb"},"inLanguage":"es","potentialAction":[{"@type":"ReadAction","target":["https:\/\/apymeco.netrotec.com\/campana-vuelta-al-cole\/"]}]},{"@type":"ImageObject","inLanguage":"es","@id":"https:\/\/apymeco.netrotec.com\/campana-vuelta-al-cole\/#primaryimage","url":"https:\/\/apymeco.netrotec.com\/wp-content\/uploads\/WhatsApp-Image-2020-09-11-at-13.31.41-1024x683.jpeg","contentUrl":"https:\/\/apymeco.netrotec.com\/wp-content\/uploads\/WhatsApp-Image-2020-09-11-at-13.31.41-1024x683.jpeg"},{"@type":"BreadcrumbList","@id":"https:\/\/apymeco.netrotec.com\/campana-vuelta-al-cole\/#breadcrumb","itemListElement":[{"@type":"ListItem","position":1,"name":"Portada","item":"https:\/\/apymeco.netrotec.com\/"},{"@type":"ListItem","position":2,"name":"CAMPA\u00d1A VUELTA AL COLE"}]},{"@type":"WebSite","@id":"https:\/\/apymeco.netrotec.com\/#website","url":"https:\/\/apymeco.netrotec.com\/","name":"APYMECO Torrevieja","description":"","publisher":{"@id":"https:\/\/apymeco.netrotec.com\/#organization"},"potentialAction":[{"@type":"SearchAction","target":{"@type":"EntryPoint","urlTemplate":"https:\/\/apymeco.netrotec.com\/?s={search_term_string}"},"query-input":{"@type":"PropertyValueSpecification","valueRequired":true,"valueName":"search_term_string"}}],"inLanguage":"es"},{"@type":"Organization","@id":"https:\/\/apymeco.netrotec.com\/#organization","name":"APYMECO Torrevieja","url":"https:\/\/apymeco.netrotec.com\/","logo":{"@type":"ImageObject","inLanguage":"es","@id":"https:\/\/apymeco.netrotec.com\/#\/schema\/logo\/image\/","url":"https:\/\/apymeco.netrotec.com\/wp-content\/uploads\/2026\/06\/logo-blanco.png","contentUrl":"https:\/\/apymeco.netrotec.com\/wp-content\/uploads\/2026\/06\/logo-blanco.png","width":1107,"height":444,"caption":"APYMECO Torrevieja"},"image":{"@id":"https:\/\/apymeco.netrotec.com\/#\/schema\/logo\/image\/"}},{"@type":"Person","@id":"https:\/\/apymeco.netrotec.com\/#\/schema\/person\/58f3bb0f5e04e2b6067d17d05470d2dd","name":"Apymeco","url":"https:\/\/apymeco.netrotec.com\/es\/author\/apymeco\/"}]}},"_links":{"self":[{"href":"https:\/\/apymeco.netrotec.com\/es\/wp-json\/wp\/v2\/posts\/6670","targetHints":{"allow":["GET"]}}],"collection":[{"href":"https:\/\/apymeco.netrotec.com\/es\/wp-json\/wp\/v2\/posts"}],"about":[{"href":"https:\/\/apymeco.netrotec.com\/es\/wp-json\/wp\/v2\/types\/post"}],"author":[{"embeddable":true,"href":"https:\/\/apymeco.netrotec.com\/es\/wp-json\/wp\/v2\/users\/2"}],"replies":[{"embeddable":true,"href":"https:\/\/apymeco.netrotec.com\/es\/wp-json\/wp\/v2\/comments?post=6670"}],"version-history":[{"count":0,"href":"https:\/\/apymeco.netrotec.com\/es\/wp-json\/wp\/v2\/posts\/6670\/revisions"}],"wp:attachment":[{"href":"https:\/\/apymeco.netrotec.com\/es\/wp-json\/wp\/v2\/media?parent=6670"}],"wp:term":[{"taxonomy":"category","embeddable":true,"href":"https:\/\/apymeco.netrotec.com\/es\/wp-json\/wp\/v2\/categories?post=6670"},{"taxonomy":"post_tag","embeddable":true,"href":"https:\/\/apymeco.netrotec.com\/es\/wp-json\/wp\/v2\/tags?post=6670"}],"curies":[{"name":"wp","href":"https:\/\/api.w.org\/{rel}","templated":true}]}}