{"id":6701,"date":"2020-09-26T11:12:38","date_gmt":"2020-09-26T09:12:38","guid":{"rendered":"https:\/\/www.apymeco.info\/?p=6701"},"modified":"2020-09-26T11:12:38","modified_gmt":"2020-09-26T09:12:38","slug":"torrevieja-se-lleno-de-color-con-la-gran-caravana-solidaria-motera","status":"publish","type":"post","link":"https:\/\/apymeco.netrotec.com\/es\/torrevieja-se-lleno-de-color-con-la-gran-caravana-solidaria-motera\/","title":{"rendered":"TORREVIEJA SE LLEN\u00d3 DE COLOR CON LA GRAN CARAVANA SOLIDARIA MOTERA"},"content":{"rendered":"<h2 style=\"text-align: center;\"><span style=\"color: #000000;\"><strong><img fetchpriority=\"high\" decoding=\"async\" class=\"aligncenter wp-image-6704\" src=\"https:\/\/apymeco.netrotec.com\/wp-content\/uploads\/WhatsApp-Image-2020-09-28-at-11.32.33-300x169.jpeg\" alt=\"\" width=\"469\" height=\"264\" \/>M\u00e1s de\u00a0 400 art\u00edculos de material escolar y unas 40 mochilas, \u00a0fueron recogidos y\u00a0 entregadas a Caritas de San Pedro y San Pablo<\/strong><\/span><\/h2>\n<p style=\"text-align: left;\">Este S\u00e1bado Torrevieja con el rugir de las motos se convirti\u00f3 en la partitura de una canci\u00f3n de solidaridad, entonada por m\u00e1s de cuarenta motos conducidas por miembros de la Hermandad Motera \u201cDorsal Zero\u201d, a la que se han unido otros compa\u00f1eros venidos de Elche y Orihuela, que se han sumado a la recogida de material escolar, que dentro de la Campa\u00f1a \u201cVuelta al Cole\u201d, puso en marcha la concejal\u00eda de Comercio y la Asociaci\u00f3n de Peque\u00f1os y Medianos Empresarios \u2013Apymeco-.<\/p>\n<p style=\"text-align: left;\">Quince comercios asociados a Apymeco, en representaci\u00f3n del colectivo local, han ido recibiendo durante estos d\u00edas las donaciones de particulares, con el fin de facilitarles, la cercan\u00eda para tal menester.<\/p>\n<p style=\"text-align: left;\">Establecimientos que han sido objeto de visita, de la caravana motera, que ha tomado las calles de la ciudad, escoltados por motos y veh\u00edculos de la Polic\u00eda Local, entre los aplausos de los ciudadanos que se sorprend\u00edan a su paso.<br \/>\nUna vez terminado el recorrido, la caravana se ha dirigido hasta el Templo de San Pedro y San Pablo, donde han sido recibidos por la Presidenta de Caritas de la Parroquia, Cristina L\u00f3pez Corona; Pedro Pay\u00e1, p\u00e1rroco de la misma y Jos\u00e9 Rubio, coordinador de Comercio.<\/p>\n<p style=\"text-align: left;\">El presidente de Apymeco, Jorge Almarcha y el de la Hermandad Motera \u201cDorsal Cero\u201d, Ra\u00fal Cajas, han hecho entrega de todo el material recogido y que en breve, ser\u00e1 desinfectado en aplicaci\u00f3n de la normativa del Covid-19 y entregado los ni\u00f1os que lo necesiten.<\/p>\n<p style=\"text-align: left;\">Tanto Apymeco como \u201cDorsal Zero\u201d, quieren agradecer p\u00fablicamente a todos los ciudadanos sus donaciones, as\u00ed como a los comerciantes su implicaci\u00f3n. Destacar el apoyo incondicional del Ayuntamiento de Torrevieja, desde la concejal\u00eda de Comercio, con Rosario Mart\u00ednez Chazarra a la cabeza y a la Polic\u00eda Local, por su gran trabajo y paciencia, al acompa\u00f1arnos regulando el tr\u00e1fico desde el inici\u00f3 hasta llegar al destino.<\/p>\n<p><img decoding=\"async\" class=\"wp-image-6731 alignleft\" src=\"https:\/\/apymeco.netrotec.com\/wp-content\/uploads\/parimpar-300x225.jpeg\" alt=\"\" width=\"304\" height=\"228\" \/><img decoding=\"async\" class=\"wp-image-6733 alignright\" src=\"https:\/\/apymeco.netrotec.com\/wp-content\/uploads\/hipershoes-300x225.jpeg\" alt=\"\" width=\"290\" height=\"217\" \/><\/p>\n<p>&nbsp;<\/p>\n<p>&nbsp;<\/p>\n<p>&nbsp;<\/p>\n<p>&nbsp;<\/p>\n<p><img loading=\"lazy\" decoding=\"async\" class=\"alignnone wp-image-6719\" src=\"https:\/\/apymeco.netrotec.com\/wp-content\/uploads\/opcticamar-300x217.jpeg\" alt=\"\" width=\"227\" height=\"165\" \/><img loading=\"lazy\" decoding=\"async\" class=\"wp-image-6722 alignright\" src=\"https:\/\/apymeco.netrotec.com\/wp-content\/uploads\/doctor-223x300.jpeg\" alt=\"\" width=\"164\" height=\"220\" \/><img loading=\"lazy\" decoding=\"async\" class=\"wp-image-6718 alignleft\" src=\"https:\/\/apymeco.netrotec.com\/wp-content\/uploads\/OPOPTICA-MAR-300x225.jpeg\" alt=\"\" width=\"212\" height=\"159\" \/><\/p>\n<p><img loading=\"lazy\" decoding=\"async\" class=\"wp-image-6721 alignright\" src=\"https:\/\/apymeco.netrotec.com\/wp-content\/uploads\/estanco-300x263.jpeg\" alt=\"\" width=\"219\" height=\"192\" \/><\/p>\n<p>&nbsp;<\/p>\n<p>&nbsp;<\/p>\n<p>&nbsp;<\/p>\n<p>&nbsp;<\/p>\n<p>&nbsp;<\/p>\n<p><img loading=\"lazy\" decoding=\"async\" class=\"size-medium wp-image-6737 alignleft\" src=\"https:\/\/apymeco.netrotec.com\/wp-content\/uploads\/andres-2-300x225.jpeg\" alt=\"\" width=\"300\" height=\"225\" \/> <img loading=\"lazy\" decoding=\"async\" class=\"size-medium wp-image-6739 alignright\" src=\"https:\/\/apymeco.netrotec.com\/wp-content\/uploads\/andres-1-300x225.jpeg\" alt=\"\" width=\"300\" height=\"225\" \/><\/p>\n<p>&nbsp;<\/p>\n<p>&nbsp;<\/p>\n<p>&nbsp;<\/p>\n<p>&nbsp;<\/p>\n<p>&nbsp;<\/p>\n<p><img loading=\"lazy\" decoding=\"async\" class=\"wp-image-6728 alignleft\" src=\"https:\/\/apymeco.netrotec.com\/wp-content\/uploads\/aloes-1-300x225.jpeg\" alt=\"\" width=\"227\" height=\"170\" \/><\/p>\n<p><img loading=\"lazy\" decoding=\"async\" class=\"wp-image-6738 alignleft\" src=\"https:\/\/apymeco.netrotec.com\/wp-content\/uploads\/aloes-3-300x225.jpeg\" alt=\"\" width=\"225\" height=\"169\" \/><\/p>\n<p><img loading=\"lazy\" decoding=\"async\" class=\"wp-image-6724 alignleft\" src=\"https:\/\/apymeco.netrotec.com\/wp-content\/uploads\/TONEER-220x300.jpeg\" alt=\"\" width=\"161\" height=\"220\" \/><\/p>\n<p>&nbsp;<\/p>\n<p>&nbsp;<\/p>\n<p>&nbsp;<\/p>\n<p>&nbsp;<\/p>\n<p>&nbsp;<\/p>\n<p><img loading=\"lazy\" decoding=\"async\" class=\" wp-image-6725 alignleft\" src=\"https:\/\/apymeco.netrotec.com\/wp-content\/uploads\/PARTY2-225x300.jpeg\" alt=\"\" width=\"190\" height=\"254\" \/><\/p>\n<p><img loading=\"lazy\" decoding=\"async\" class=\"wp-image-6720 alignleft\" src=\"https:\/\/apymeco.netrotec.com\/wp-content\/uploads\/movilsystem-268x300.jpeg\" alt=\"\" width=\"225\" height=\"252\" \/> <img loading=\"lazy\" decoding=\"async\" class=\"wp-image-6735 alignright\" src=\"https:\/\/apymeco.netrotec.com\/wp-content\/uploads\/pulsar2-300x225.jpeg\" alt=\"\" width=\"213\" height=\"160\" \/> <img loading=\"lazy\" decoding=\"async\" class=\"wp-image-6729 alignright\" src=\"https:\/\/apymeco.netrotec.com\/wp-content\/uploads\/pulsar-300x225.jpeg\" alt=\"\" width=\"216\" height=\"162\" \/> <img loading=\"lazy\" decoding=\"async\" class=\"wp-image-6727 alignright\" src=\"https:\/\/apymeco.netrotec.com\/wp-content\/uploads\/PIOLIN-300x225.jpeg\" alt=\"\" width=\"251\" height=\"188\" \/><img loading=\"lazy\" decoding=\"async\" class=\"wp-image-6734 aligncenter\" src=\"https:\/\/apymeco.netrotec.com\/wp-content\/uploads\/furgoneta-225x300.jpeg\" alt=\"\" width=\"197\" height=\"262\" \/><\/p>\n<p>&nbsp;<\/p>\n<p>&nbsp;<\/p>\n","protected":false},"excerpt":{"rendered":"<p>M\u00e1s de\u00a0 400 art\u00edculos de material escolar y unas 40 mochilas, \u00a0fueron recogidos y\u00a0 entregadas a Caritas de San Pedro [&hellip;]<\/p>\n","protected":false},"author":2,"featured_media":0,"comment_status":"open","ping_status":"open","sticky":false,"template":"","format":"standard","meta":{"site-sidebar-layout":"default","site-content-layout":"","ast-site-content-layout":"default","site-content-style":"default","site-sidebar-style":"default","ast-global-header-display":"","ast-banner-title-visibility":"","ast-main-header-display":"","ast-hfb-above-header-display":"","ast-hfb-below-header-display":"","ast-hfb-mobile-header-display":"","site-post-title":"","ast-breadcrumbs-content":"","ast-featured-img":"","footer-sml-layout":"","ast-disable-related-posts":"","theme-transparent-header-meta":"","adv-header-id-meta":"","stick-header-meta":"","header-above-stick-meta":"","header-main-stick-meta":"","header-below-stick-meta":"","astra-migrate-meta-layouts":"default","ast-page-background-enabled":"default","ast-page-background-meta":{"desktop":{"background-color":"var(--ast-global-color-5)","background-image":"","background-repeat":"repeat","background-position":"center center","background-size":"auto","background-attachment":"scroll","background-type":"","background-media":"","overlay-type":"","overlay-color":"","overlay-opacity":"","overlay-gradient":""},"tablet":{"background-color":"","background-image":"","background-repeat":"repeat","background-position":"center center","background-size":"auto","background-attachment":"scroll","background-type":"","background-media":"","overlay-type":"","overlay-color":"","overlay-opacity":"","overlay-gradient":""},"mobile":{"background-color":"","background-image":"","background-repeat":"repeat","background-position":"center center","background-size":"auto","background-attachment":"scroll","background-type":"","background-media":"","overlay-type":"","overlay-color":"","overlay-opacity":"","overlay-gradient":""}},"ast-content-background-meta":{"desktop":{"background-color":"var(--ast-global-color-4)","background-image":"","background-repeat":"repeat","background-position":"center center","background-size":"auto","background-attachment":"scroll","background-type":"","background-media":"","overlay-type":"","overlay-color":"","overlay-opacity":"","overlay-gradient":""},"tablet":{"background-color":"var(--ast-global-color-4)","background-image":"","background-repeat":"repeat","background-position":"center center","background-size":"auto","background-attachment":"scroll","background-type":"","background-media":"","overlay-type":"","overlay-color":"","overlay-opacity":"","overlay-gradient":""},"mobile":{"background-color":"var(--ast-global-color-4)","background-image":"","background-repeat":"repeat","background-position":"center center","background-size":"auto","background-attachment":"scroll","background-type":"","background-media":"","overlay-type":"","overlay-color":"","overlay-opacity":"","overlay-gradient":""}},"footnotes":""},"categories":[524,526],"tags":[],"class_list":["post-6701","post","type-post","status-publish","format-standard","hentry","category-campanas","category-eventos"],"yoast_head":"<!-- This site is optimized with the Yoast SEO Premium plugin v27.7 (Yoast SEO v27.8) - https:\/\/yoast.com\/product\/yoast-seo-premium-wordpress\/ -->\n<title>TORREVIEJA SE LLEN\u00d3 DE COLOR CON LA GRAN CARAVANA SOLIDARIA MOTERA - APYMECO Torrevieja<\/title>\n<meta name=\"robots\" content=\"index, follow, max-snippet:-1, max-image-preview:large, max-video-preview:-1\" \/>\n<link rel=\"canonical\" href=\"https:\/\/apymeco.netrotec.com\/es\/torrevieja-se-lleno-de-color-con-la-gran-caravana-solidaria-motera\/\" \/>\n<meta property=\"og:locale\" content=\"es_ES\" \/>\n<meta property=\"og:type\" content=\"article\" \/>\n<meta property=\"og:title\" content=\"TORREVIEJA SE LLEN\u00d3 DE COLOR CON LA GRAN CARAVANA SOLIDARIA MOTERA\" \/>\n<meta property=\"og:description\" content=\"M\u00e1s de\u00a0 400 art\u00edculos de material escolar y unas 40 mochilas, \u00a0fueron recogidos y\u00a0 entregadas a Caritas de San Pedro [&hellip;]\" \/>\n<meta property=\"og:url\" content=\"https:\/\/apymeco.netrotec.com\/es\/torrevieja-se-lleno-de-color-con-la-gran-caravana-solidaria-motera\/\" \/>\n<meta property=\"og:site_name\" content=\"APYMECO Torrevieja\" \/>\n<meta property=\"article:published_time\" content=\"2020-09-26T09:12:38+00:00\" \/>\n<meta property=\"og:image\" content=\"https:\/\/apymeco.netrotec.com\/wp-content\/uploads\/2020\/09\/WhatsApp-Image-2020-09-28-at-11.32.33.jpeg\" \/>\n\t<meta property=\"og:image:width\" content=\"1600\" \/>\n\t<meta property=\"og:image:height\" content=\"900\" \/>\n\t<meta property=\"og:image:type\" content=\"image\/jpeg\" \/>\n<meta name=\"author\" content=\"Apymeco\" \/>\n<meta name=\"twitter:card\" content=\"summary_large_image\" \/>\n<meta name=\"twitter:label1\" content=\"Escrito por\" \/>\n\t<meta name=\"twitter:data1\" content=\"Apymeco\" \/>\n\t<meta name=\"twitter:label2\" content=\"Tiempo de lectura\" \/>\n\t<meta name=\"twitter:data2\" content=\"2 minutos\" \/>\n<script type=\"application\/ld+json\" class=\"yoast-schema-graph\">{\"@context\":\"https:\\\/\\\/schema.org\",\"@graph\":[{\"@type\":\"Article\",\"@id\":\"https:\\\/\\\/apymeco.netrotec.com\\\/torrevieja-se-lleno-de-color-con-la-gran-caravana-solidaria-motera\\\/#article\",\"isPartOf\":{\"@id\":\"https:\\\/\\\/apymeco.netrotec.com\\\/torrevieja-se-lleno-de-color-con-la-gran-caravana-solidaria-motera\\\/\"},\"author\":{\"name\":\"Apymeco\",\"@id\":\"https:\\\/\\\/apymeco.netrotec.com\\\/#\\\/schema\\\/person\\\/58f3bb0f5e04e2b6067d17d05470d2dd\"},\"headline\":\"TORREVIEJA SE LLEN\u00d3 DE COLOR CON LA GRAN CARAVANA SOLIDARIA MOTERA\",\"datePublished\":\"2020-09-26T09:12:38+00:00\",\"mainEntityOfPage\":{\"@id\":\"https:\\\/\\\/apymeco.netrotec.com\\\/torrevieja-se-lleno-de-color-con-la-gran-caravana-solidaria-motera\\\/\"},\"wordCount\":386,\"commentCount\":0,\"publisher\":{\"@id\":\"https:\\\/\\\/apymeco.netrotec.com\\\/#organization\"},\"image\":{\"@id\":\"https:\\\/\\\/apymeco.netrotec.com\\\/torrevieja-se-lleno-de-color-con-la-gran-caravana-solidaria-motera\\\/#primaryimage\"},\"thumbnailUrl\":\"https:\\\/\\\/apymeco.netrotec.com\\\/wp-content\\\/uploads\\\/WhatsApp-Image-2020-09-28-at-11.32.33-300x169.jpeg\",\"articleSection\":[\"Campa\u00f1as\",\"Eventos\"],\"inLanguage\":\"es\",\"potentialAction\":[{\"@type\":\"CommentAction\",\"name\":\"Comment\",\"target\":[\"https:\\\/\\\/apymeco.netrotec.com\\\/torrevieja-se-lleno-de-color-con-la-gran-caravana-solidaria-motera\\\/#respond\"]}]},{\"@type\":\"WebPage\",\"@id\":\"https:\\\/\\\/apymeco.netrotec.com\\\/torrevieja-se-lleno-de-color-con-la-gran-caravana-solidaria-motera\\\/\",\"url\":\"https:\\\/\\\/apymeco.netrotec.com\\\/torrevieja-se-lleno-de-color-con-la-gran-caravana-solidaria-motera\\\/\",\"name\":\"TORREVIEJA SE LLEN\u00d3 DE COLOR CON LA GRAN CARAVANA SOLIDARIA MOTERA - APYMECO Torrevieja\",\"isPartOf\":{\"@id\":\"https:\\\/\\\/apymeco.netrotec.com\\\/#website\"},\"primaryImageOfPage\":{\"@id\":\"https:\\\/\\\/apymeco.netrotec.com\\\/torrevieja-se-lleno-de-color-con-la-gran-caravana-solidaria-motera\\\/#primaryimage\"},\"image\":{\"@id\":\"https:\\\/\\\/apymeco.netrotec.com\\\/torrevieja-se-lleno-de-color-con-la-gran-caravana-solidaria-motera\\\/#primaryimage\"},\"thumbnailUrl\":\"https:\\\/\\\/apymeco.netrotec.com\\\/wp-content\\\/uploads\\\/WhatsApp-Image-2020-09-28-at-11.32.33-300x169.jpeg\",\"datePublished\":\"2020-09-26T09:12:38+00:00\",\"breadcrumb\":{\"@id\":\"https:\\\/\\\/apymeco.netrotec.com\\\/torrevieja-se-lleno-de-color-con-la-gran-caravana-solidaria-motera\\\/#breadcrumb\"},\"inLanguage\":\"es\",\"potentialAction\":[{\"@type\":\"ReadAction\",\"target\":[\"https:\\\/\\\/apymeco.netrotec.com\\\/torrevieja-se-lleno-de-color-con-la-gran-caravana-solidaria-motera\\\/\"]}]},{\"@type\":\"ImageObject\",\"inLanguage\":\"es\",\"@id\":\"https:\\\/\\\/apymeco.netrotec.com\\\/torrevieja-se-lleno-de-color-con-la-gran-caravana-solidaria-motera\\\/#primaryimage\",\"url\":\"https:\\\/\\\/apymeco.netrotec.com\\\/wp-content\\\/uploads\\\/WhatsApp-Image-2020-09-28-at-11.32.33-300x169.jpeg\",\"contentUrl\":\"https:\\\/\\\/apymeco.netrotec.com\\\/wp-content\\\/uploads\\\/WhatsApp-Image-2020-09-28-at-11.32.33-300x169.jpeg\"},{\"@type\":\"BreadcrumbList\",\"@id\":\"https:\\\/\\\/apymeco.netrotec.com\\\/torrevieja-se-lleno-de-color-con-la-gran-caravana-solidaria-motera\\\/#breadcrumb\",\"itemListElement\":[{\"@type\":\"ListItem\",\"position\":1,\"name\":\"Portada\",\"item\":\"https:\\\/\\\/apymeco.netrotec.com\\\/\"},{\"@type\":\"ListItem\",\"position\":2,\"name\":\"TORREVIEJA SE LLEN\u00d3 DE COLOR CON LA GRAN CARAVANA SOLIDARIA MOTERA\"}]},{\"@type\":\"WebSite\",\"@id\":\"https:\\\/\\\/apymeco.netrotec.com\\\/#website\",\"url\":\"https:\\\/\\\/apymeco.netrotec.com\\\/\",\"name\":\"APYMECO Torrevieja\",\"description\":\"\",\"publisher\":{\"@id\":\"https:\\\/\\\/apymeco.netrotec.com\\\/#organization\"},\"potentialAction\":[{\"@type\":\"SearchAction\",\"target\":{\"@type\":\"EntryPoint\",\"urlTemplate\":\"https:\\\/\\\/apymeco.netrotec.com\\\/?s={search_term_string}\"},\"query-input\":{\"@type\":\"PropertyValueSpecification\",\"valueRequired\":true,\"valueName\":\"search_term_string\"}}],\"inLanguage\":\"es\"},{\"@type\":\"Organization\",\"@id\":\"https:\\\/\\\/apymeco.netrotec.com\\\/#organization\",\"name\":\"APYMECO Torrevieja\",\"url\":\"https:\\\/\\\/apymeco.netrotec.com\\\/\",\"logo\":{\"@type\":\"ImageObject\",\"inLanguage\":\"es\",\"@id\":\"https:\\\/\\\/apymeco.netrotec.com\\\/#\\\/schema\\\/logo\\\/image\\\/\",\"url\":\"https:\\\/\\\/apymeco.netrotec.com\\\/wp-content\\\/uploads\\\/2026\\\/06\\\/logo-blanco.png\",\"contentUrl\":\"https:\\\/\\\/apymeco.netrotec.com\\\/wp-content\\\/uploads\\\/2026\\\/06\\\/logo-blanco.png\",\"width\":1107,\"height\":444,\"caption\":\"APYMECO Torrevieja\"},\"image\":{\"@id\":\"https:\\\/\\\/apymeco.netrotec.com\\\/#\\\/schema\\\/logo\\\/image\\\/\"}},{\"@type\":\"Person\",\"@id\":\"https:\\\/\\\/apymeco.netrotec.com\\\/#\\\/schema\\\/person\\\/58f3bb0f5e04e2b6067d17d05470d2dd\",\"name\":\"Apymeco\",\"url\":\"https:\\\/\\\/apymeco.netrotec.com\\\/es\\\/author\\\/apymeco\\\/\"}]}<\/script>\n<!-- \/ Yoast SEO Premium plugin. -->","yoast_head_json":{"title":"TORREVIEJA SE LLEN\u00d3 DE COLOR CON LA GRAN CARAVANA SOLIDARIA MOTERA - APYMECO Torrevieja","robots":{"index":"index","follow":"follow","max-snippet":"max-snippet:-1","max-image-preview":"max-image-preview:large","max-video-preview":"max-video-preview:-1"},"canonical":"https:\/\/apymeco.netrotec.com\/es\/torrevieja-se-lleno-de-color-con-la-gran-caravana-solidaria-motera\/","og_locale":"es_ES","og_type":"article","og_title":"TORREVIEJA SE LLEN\u00d3 DE COLOR CON LA GRAN CARAVANA SOLIDARIA MOTERA","og_description":"M\u00e1s de\u00a0 400 art\u00edculos de material escolar y unas 40 mochilas, \u00a0fueron recogidos y\u00a0 entregadas a Caritas de San Pedro [&hellip;]","og_url":"https:\/\/apymeco.netrotec.com\/es\/torrevieja-se-lleno-de-color-con-la-gran-caravana-solidaria-motera\/","og_site_name":"APYMECO Torrevieja","article_published_time":"2020-09-26T09:12:38+00:00","og_image":[{"width":1600,"height":900,"url":"https:\/\/apymeco.netrotec.com\/wp-content\/uploads\/2020\/09\/WhatsApp-Image-2020-09-28-at-11.32.33.jpeg","type":"image\/jpeg"}],"author":"Apymeco","twitter_card":"summary_large_image","twitter_misc":{"Escrito por":"Apymeco","Tiempo de lectura":"2 minutos"},"schema":{"@context":"https:\/\/schema.org","@graph":[{"@type":"Article","@id":"https:\/\/apymeco.netrotec.com\/torrevieja-se-lleno-de-color-con-la-gran-caravana-solidaria-motera\/#article","isPartOf":{"@id":"https:\/\/apymeco.netrotec.com\/torrevieja-se-lleno-de-color-con-la-gran-caravana-solidaria-motera\/"},"author":{"name":"Apymeco","@id":"https:\/\/apymeco.netrotec.com\/#\/schema\/person\/58f3bb0f5e04e2b6067d17d05470d2dd"},"headline":"TORREVIEJA SE LLEN\u00d3 DE COLOR CON LA GRAN CARAVANA SOLIDARIA MOTERA","datePublished":"2020-09-26T09:12:38+00:00","mainEntityOfPage":{"@id":"https:\/\/apymeco.netrotec.com\/torrevieja-se-lleno-de-color-con-la-gran-caravana-solidaria-motera\/"},"wordCount":386,"commentCount":0,"publisher":{"@id":"https:\/\/apymeco.netrotec.com\/#organization"},"image":{"@id":"https:\/\/apymeco.netrotec.com\/torrevieja-se-lleno-de-color-con-la-gran-caravana-solidaria-motera\/#primaryimage"},"thumbnailUrl":"https:\/\/apymeco.netrotec.com\/wp-content\/uploads\/WhatsApp-Image-2020-09-28-at-11.32.33-300x169.jpeg","articleSection":["Campa\u00f1as","Eventos"],"inLanguage":"es","potentialAction":[{"@type":"CommentAction","name":"Comment","target":["https:\/\/apymeco.netrotec.com\/torrevieja-se-lleno-de-color-con-la-gran-caravana-solidaria-motera\/#respond"]}]},{"@type":"WebPage","@id":"https:\/\/apymeco.netrotec.com\/torrevieja-se-lleno-de-color-con-la-gran-caravana-solidaria-motera\/","url":"https:\/\/apymeco.netrotec.com\/torrevieja-se-lleno-de-color-con-la-gran-caravana-solidaria-motera\/","name":"TORREVIEJA SE LLEN\u00d3 DE COLOR CON LA GRAN CARAVANA SOLIDARIA MOTERA - APYMECO Torrevieja","isPartOf":{"@id":"https:\/\/apymeco.netrotec.com\/#website"},"primaryImageOfPage":{"@id":"https:\/\/apymeco.netrotec.com\/torrevieja-se-lleno-de-color-con-la-gran-caravana-solidaria-motera\/#primaryimage"},"image":{"@id":"https:\/\/apymeco.netrotec.com\/torrevieja-se-lleno-de-color-con-la-gran-caravana-solidaria-motera\/#primaryimage"},"thumbnailUrl":"https:\/\/apymeco.netrotec.com\/wp-content\/uploads\/WhatsApp-Image-2020-09-28-at-11.32.33-300x169.jpeg","datePublished":"2020-09-26T09:12:38+00:00","breadcrumb":{"@id":"https:\/\/apymeco.netrotec.com\/torrevieja-se-lleno-de-color-con-la-gran-caravana-solidaria-motera\/#breadcrumb"},"inLanguage":"es","potentialAction":[{"@type":"ReadAction","target":["https:\/\/apymeco.netrotec.com\/torrevieja-se-lleno-de-color-con-la-gran-caravana-solidaria-motera\/"]}]},{"@type":"ImageObject","inLanguage":"es","@id":"https:\/\/apymeco.netrotec.com\/torrevieja-se-lleno-de-color-con-la-gran-caravana-solidaria-motera\/#primaryimage","url":"https:\/\/apymeco.netrotec.com\/wp-content\/uploads\/WhatsApp-Image-2020-09-28-at-11.32.33-300x169.jpeg","contentUrl":"https:\/\/apymeco.netrotec.com\/wp-content\/uploads\/WhatsApp-Image-2020-09-28-at-11.32.33-300x169.jpeg"},{"@type":"BreadcrumbList","@id":"https:\/\/apymeco.netrotec.com\/torrevieja-se-lleno-de-color-con-la-gran-caravana-solidaria-motera\/#breadcrumb","itemListElement":[{"@type":"ListItem","position":1,"name":"Portada","item":"https:\/\/apymeco.netrotec.com\/"},{"@type":"ListItem","position":2,"name":"TORREVIEJA SE LLEN\u00d3 DE COLOR CON LA GRAN CARAVANA SOLIDARIA MOTERA"}]},{"@type":"WebSite","@id":"https:\/\/apymeco.netrotec.com\/#website","url":"https:\/\/apymeco.netrotec.com\/","name":"APYMECO Torrevieja","description":"","publisher":{"@id":"https:\/\/apymeco.netrotec.com\/#organization"},"potentialAction":[{"@type":"SearchAction","target":{"@type":"EntryPoint","urlTemplate":"https:\/\/apymeco.netrotec.com\/?s={search_term_string}"},"query-input":{"@type":"PropertyValueSpecification","valueRequired":true,"valueName":"search_term_string"}}],"inLanguage":"es"},{"@type":"Organization","@id":"https:\/\/apymeco.netrotec.com\/#organization","name":"APYMECO Torrevieja","url":"https:\/\/apymeco.netrotec.com\/","logo":{"@type":"ImageObject","inLanguage":"es","@id":"https:\/\/apymeco.netrotec.com\/#\/schema\/logo\/image\/","url":"https:\/\/apymeco.netrotec.com\/wp-content\/uploads\/2026\/06\/logo-blanco.png","contentUrl":"https:\/\/apymeco.netrotec.com\/wp-content\/uploads\/2026\/06\/logo-blanco.png","width":1107,"height":444,"caption":"APYMECO Torrevieja"},"image":{"@id":"https:\/\/apymeco.netrotec.com\/#\/schema\/logo\/image\/"}},{"@type":"Person","@id":"https:\/\/apymeco.netrotec.com\/#\/schema\/person\/58f3bb0f5e04e2b6067d17d05470d2dd","name":"Apymeco","url":"https:\/\/apymeco.netrotec.com\/es\/author\/apymeco\/"}]}},"_links":{"self":[{"href":"https:\/\/apymeco.netrotec.com\/es\/wp-json\/wp\/v2\/posts\/6701","targetHints":{"allow":["GET"]}}],"collection":[{"href":"https:\/\/apymeco.netrotec.com\/es\/wp-json\/wp\/v2\/posts"}],"about":[{"href":"https:\/\/apymeco.netrotec.com\/es\/wp-json\/wp\/v2\/types\/post"}],"author":[{"embeddable":true,"href":"https:\/\/apymeco.netrotec.com\/es\/wp-json\/wp\/v2\/users\/2"}],"replies":[{"embeddable":true,"href":"https:\/\/apymeco.netrotec.com\/es\/wp-json\/wp\/v2\/comments?post=6701"}],"version-history":[{"count":0,"href":"https:\/\/apymeco.netrotec.com\/es\/wp-json\/wp\/v2\/posts\/6701\/revisions"}],"wp:attachment":[{"href":"https:\/\/apymeco.netrotec.com\/es\/wp-json\/wp\/v2\/media?parent=6701"}],"wp:term":[{"taxonomy":"category","embeddable":true,"href":"https:\/\/apymeco.netrotec.com\/es\/wp-json\/wp\/v2\/categories?post=6701"},{"taxonomy":"post_tag","embeddable":true,"href":"https:\/\/apymeco.netrotec.com\/es\/wp-json\/wp\/v2\/tags?post=6701"}],"curies":[{"name":"wp","href":"https:\/\/api.w.org\/{rel}","templated":true}]}}