{"id":6807,"date":"2020-11-06T15:52:52","date_gmt":"2020-11-06T13:52:52","guid":{"rendered":"https:\/\/www.apymeco.info\/?p=6807"},"modified":"2020-11-06T15:52:52","modified_gmt":"2020-11-06T13:52:52","slug":"colaboracion-social-entre-apymeco-y-afecancer-torrevieja","status":"publish","type":"post","link":"https:\/\/apymeco.netrotec.com\/es\/colaboracion-social-entre-apymeco-y-afecancer-torrevieja\/","title":{"rendered":"COLABORACION SOCIAL ENTRE APYMECO Y AFECANCER TORREVIEJA"},"content":{"rendered":"<h2 style=\"text-align: center;\">Apymeco y Afec\u00e1ncer firman un programa de colaboraci\u00f3n social<\/h2>\n<p><img fetchpriority=\"high\" decoding=\"async\" class=\"aligncenter wp-image-6810\" src=\"https:\/\/apymeco.netrotec.com\/wp-content\/uploads\/WhatsApp-Image-2020-11-05-at-12.34.55-300x169.jpeg\" alt=\"\" width=\"506\" height=\"285\" \/><\/p>\n<p>Victoria Meneses, presidenta de la Asociaci\u00f3n de Enfermos y Familiares de C\u00e1ncer \u2013Afec\u00e1ncer- y Jorge Almarcha, presidente de la Asociaci\u00f3n de Peque\u00f1os y Medianos Comerciantes de Torrevieja -Apymeco-mantuvieron hace unos d\u00edas una reuni\u00f3n, junto con algunos miembros de sus respectivas directivas, en la que acordaron, que Apymeco colaborar\u00eda con Afec\u00e1ncer en la distribuci\u00f3n de huchas recaudatorias en los comercios asociados.<\/p>\n<p><img decoding=\"async\" class=\"size-medium wp-image-6809 alignright\" src=\"https:\/\/apymeco.netrotec.com\/wp-content\/uploads\/WhatsApp-Image-2020-11-05-at-12.34.55-1-300x169.jpeg\" alt=\"\" width=\"300\" height=\"169\" \/><\/p>\n<p>Tambi\u00e9n se firm\u00f3 un acuerdo por el que los asociados a Afec\u00e1ncer podr\u00e1n obtener descuentos especiales en los comercios asociados a Apymeco que se adhieran a esta Promoci\u00f3n especial, presentando la tarjeta de Asociado de Afec\u00e1ncer.<\/p>\n<p>Esta promoci\u00f3n solidaria entrar\u00e1 en vigor en pr\u00f3ximas fechas, que se comunicar\u00e1n a trav\u00e9s de la prensa y redes sociales.<\/p>\n<p>&nbsp;<\/p>\n","protected":false},"excerpt":{"rendered":"<p>Apymeco y Afec\u00e1ncer firman un programa de colaboraci\u00f3n social Victoria Meneses, presidenta de la Asociaci\u00f3n de Enfermos y Familiares de [&hellip;]<\/p>\n","protected":false},"author":2,"featured_media":0,"comment_status":"open","ping_status":"open","sticky":false,"template":"","format":"standard","meta":{"site-sidebar-layout":"default","site-content-layout":"","ast-site-content-layout":"default","site-content-style":"default","site-sidebar-style":"default","ast-global-header-display":"","ast-banner-title-visibility":"","ast-main-header-display":"","ast-hfb-above-header-display":"","ast-hfb-below-header-display":"","ast-hfb-mobile-header-display":"","site-post-title":"","ast-breadcrumbs-content":"","ast-featured-img":"","footer-sml-layout":"","ast-disable-related-posts":"","theme-transparent-header-meta":"","adv-header-id-meta":"","stick-header-meta":"","header-above-stick-meta":"","header-main-stick-meta":"","header-below-stick-meta":"","astra-migrate-meta-layouts":"default","ast-page-background-enabled":"default","ast-page-background-meta":{"desktop":{"background-color":"var(--ast-global-color-5)","background-image":"","background-repeat":"repeat","background-position":"center center","background-size":"auto","background-attachment":"scroll","background-type":"","background-media":"","overlay-type":"","overlay-color":"","overlay-opacity":"","overlay-gradient":""},"tablet":{"background-color":"","background-image":"","background-repeat":"repeat","background-position":"center center","background-size":"auto","background-attachment":"scroll","background-type":"","background-media":"","overlay-type":"","overlay-color":"","overlay-opacity":"","overlay-gradient":""},"mobile":{"background-color":"","background-image":"","background-repeat":"repeat","background-position":"center center","background-size":"auto","background-attachment":"scroll","background-type":"","background-media":"","overlay-type":"","overlay-color":"","overlay-opacity":"","overlay-gradient":""}},"ast-content-background-meta":{"desktop":{"background-color":"var(--ast-global-color-4)","background-image":"","background-repeat":"repeat","background-position":"center center","background-size":"auto","background-attachment":"scroll","background-type":"","background-media":"","overlay-type":"","overlay-color":"","overlay-opacity":"","overlay-gradient":""},"tablet":{"background-color":"var(--ast-global-color-4)","background-image":"","background-repeat":"repeat","background-position":"center center","background-size":"auto","background-attachment":"scroll","background-type":"","background-media":"","overlay-type":"","overlay-color":"","overlay-opacity":"","overlay-gradient":""},"mobile":{"background-color":"var(--ast-global-color-4)","background-image":"","background-repeat":"repeat","background-position":"center center","background-size":"auto","background-attachment":"scroll","background-type":"","background-media":"","overlay-type":"","overlay-color":"","overlay-opacity":"","overlay-gradient":""}},"footnotes":""},"categories":[1],"tags":[],"class_list":["post-6807","post","type-post","status-publish","format-standard","hentry","category-sin-categoria"],"yoast_head":"<!-- This site is optimized with the Yoast SEO Premium plugin v27.7 (Yoast SEO v27.8) - https:\/\/yoast.com\/product\/yoast-seo-premium-wordpress\/ -->\n<title>COLABORACION SOCIAL ENTRE APYMECO Y AFECANCER TORREVIEJA - APYMECO Torrevieja<\/title>\n<meta name=\"robots\" content=\"index, follow, max-snippet:-1, max-image-preview:large, max-video-preview:-1\" \/>\n<link rel=\"canonical\" href=\"https:\/\/apymeco.netrotec.com\/es\/colaboracion-social-entre-apymeco-y-afecancer-torrevieja\/\" \/>\n<meta property=\"og:locale\" content=\"es_ES\" \/>\n<meta property=\"og:type\" content=\"article\" \/>\n<meta property=\"og:title\" content=\"COLABORACION SOCIAL ENTRE APYMECO Y AFECANCER TORREVIEJA\" \/>\n<meta property=\"og:description\" content=\"Apymeco y Afec\u00e1ncer firman un programa de colaboraci\u00f3n social Victoria Meneses, presidenta de la Asociaci\u00f3n de Enfermos y Familiares de [&hellip;]\" \/>\n<meta property=\"og:url\" content=\"https:\/\/apymeco.netrotec.com\/es\/colaboracion-social-entre-apymeco-y-afecancer-torrevieja\/\" \/>\n<meta property=\"og:site_name\" content=\"APYMECO Torrevieja\" \/>\n<meta property=\"article:published_time\" content=\"2020-11-06T13:52:52+00:00\" \/>\n<meta property=\"og:image\" content=\"https:\/\/apymeco.netrotec.com\/wp-content\/uploads\/2020\/11\/WhatsApp-Image-2020-11-05-at-12.34.55.jpeg\" \/>\n\t<meta property=\"og:image:width\" content=\"1600\" \/>\n\t<meta property=\"og:image:height\" content=\"900\" \/>\n\t<meta property=\"og:image:type\" content=\"image\/jpeg\" \/>\n<meta name=\"author\" content=\"Apymeco\" \/>\n<meta name=\"twitter:card\" content=\"summary_large_image\" \/>\n<meta name=\"twitter:label1\" content=\"Escrito por\" \/>\n\t<meta name=\"twitter:data1\" content=\"Apymeco\" \/>\n\t<meta name=\"twitter:label2\" content=\"Tiempo de lectura\" \/>\n\t<meta name=\"twitter:data2\" content=\"1 minuto\" \/>\n<script type=\"application\/ld+json\" class=\"yoast-schema-graph\">{\"@context\":\"https:\\\/\\\/schema.org\",\"@graph\":[{\"@type\":\"Article\",\"@id\":\"https:\\\/\\\/apymeco.netrotec.com\\\/colaboracion-social-entre-apymeco-y-afecancer-torrevieja\\\/#article\",\"isPartOf\":{\"@id\":\"https:\\\/\\\/apymeco.netrotec.com\\\/colaboracion-social-entre-apymeco-y-afecancer-torrevieja\\\/\"},\"author\":{\"name\":\"Apymeco\",\"@id\":\"https:\\\/\\\/apymeco.netrotec.com\\\/#\\\/schema\\\/person\\\/58f3bb0f5e04e2b6067d17d05470d2dd\"},\"headline\":\"COLABORACION SOCIAL ENTRE APYMECO Y AFECANCER TORREVIEJA\",\"datePublished\":\"2020-11-06T13:52:52+00:00\",\"mainEntityOfPage\":{\"@id\":\"https:\\\/\\\/apymeco.netrotec.com\\\/colaboracion-social-entre-apymeco-y-afecancer-torrevieja\\\/\"},\"wordCount\":154,\"commentCount\":0,\"publisher\":{\"@id\":\"https:\\\/\\\/apymeco.netrotec.com\\\/#organization\"},\"image\":{\"@id\":\"https:\\\/\\\/apymeco.netrotec.com\\\/colaboracion-social-entre-apymeco-y-afecancer-torrevieja\\\/#primaryimage\"},\"thumbnailUrl\":\"https:\\\/\\\/apymeco.netrotec.com\\\/wp-content\\\/uploads\\\/WhatsApp-Image-2020-11-05-at-12.34.55-300x169.jpeg\",\"inLanguage\":\"es\",\"potentialAction\":[{\"@type\":\"CommentAction\",\"name\":\"Comment\",\"target\":[\"https:\\\/\\\/apymeco.netrotec.com\\\/colaboracion-social-entre-apymeco-y-afecancer-torrevieja\\\/#respond\"]}]},{\"@type\":\"WebPage\",\"@id\":\"https:\\\/\\\/apymeco.netrotec.com\\\/colaboracion-social-entre-apymeco-y-afecancer-torrevieja\\\/\",\"url\":\"https:\\\/\\\/apymeco.netrotec.com\\\/colaboracion-social-entre-apymeco-y-afecancer-torrevieja\\\/\",\"name\":\"COLABORACION SOCIAL ENTRE APYMECO Y AFECANCER TORREVIEJA - APYMECO Torrevieja\",\"isPartOf\":{\"@id\":\"https:\\\/\\\/apymeco.netrotec.com\\\/#website\"},\"primaryImageOfPage\":{\"@id\":\"https:\\\/\\\/apymeco.netrotec.com\\\/colaboracion-social-entre-apymeco-y-afecancer-torrevieja\\\/#primaryimage\"},\"image\":{\"@id\":\"https:\\\/\\\/apymeco.netrotec.com\\\/colaboracion-social-entre-apymeco-y-afecancer-torrevieja\\\/#primaryimage\"},\"thumbnailUrl\":\"https:\\\/\\\/apymeco.netrotec.com\\\/wp-content\\\/uploads\\\/WhatsApp-Image-2020-11-05-at-12.34.55-300x169.jpeg\",\"datePublished\":\"2020-11-06T13:52:52+00:00\",\"breadcrumb\":{\"@id\":\"https:\\\/\\\/apymeco.netrotec.com\\\/colaboracion-social-entre-apymeco-y-afecancer-torrevieja\\\/#breadcrumb\"},\"inLanguage\":\"es\",\"potentialAction\":[{\"@type\":\"ReadAction\",\"target\":[\"https:\\\/\\\/apymeco.netrotec.com\\\/colaboracion-social-entre-apymeco-y-afecancer-torrevieja\\\/\"]}]},{\"@type\":\"ImageObject\",\"inLanguage\":\"es\",\"@id\":\"https:\\\/\\\/apymeco.netrotec.com\\\/colaboracion-social-entre-apymeco-y-afecancer-torrevieja\\\/#primaryimage\",\"url\":\"https:\\\/\\\/apymeco.netrotec.com\\\/wp-content\\\/uploads\\\/WhatsApp-Image-2020-11-05-at-12.34.55-300x169.jpeg\",\"contentUrl\":\"https:\\\/\\\/apymeco.netrotec.com\\\/wp-content\\\/uploads\\\/WhatsApp-Image-2020-11-05-at-12.34.55-300x169.jpeg\"},{\"@type\":\"BreadcrumbList\",\"@id\":\"https:\\\/\\\/apymeco.netrotec.com\\\/colaboracion-social-entre-apymeco-y-afecancer-torrevieja\\\/#breadcrumb\",\"itemListElement\":[{\"@type\":\"ListItem\",\"position\":1,\"name\":\"Portada\",\"item\":\"https:\\\/\\\/apymeco.netrotec.com\\\/\"},{\"@type\":\"ListItem\",\"position\":2,\"name\":\"COLABORACION SOCIAL ENTRE APYMECO Y AFECANCER TORREVIEJA\"}]},{\"@type\":\"WebSite\",\"@id\":\"https:\\\/\\\/apymeco.netrotec.com\\\/#website\",\"url\":\"https:\\\/\\\/apymeco.netrotec.com\\\/\",\"name\":\"APYMECO Torrevieja\",\"description\":\"\",\"publisher\":{\"@id\":\"https:\\\/\\\/apymeco.netrotec.com\\\/#organization\"},\"potentialAction\":[{\"@type\":\"SearchAction\",\"target\":{\"@type\":\"EntryPoint\",\"urlTemplate\":\"https:\\\/\\\/apymeco.netrotec.com\\\/?s={search_term_string}\"},\"query-input\":{\"@type\":\"PropertyValueSpecification\",\"valueRequired\":true,\"valueName\":\"search_term_string\"}}],\"inLanguage\":\"es\"},{\"@type\":\"Organization\",\"@id\":\"https:\\\/\\\/apymeco.netrotec.com\\\/#organization\",\"name\":\"APYMECO Torrevieja\",\"url\":\"https:\\\/\\\/apymeco.netrotec.com\\\/\",\"logo\":{\"@type\":\"ImageObject\",\"inLanguage\":\"es\",\"@id\":\"https:\\\/\\\/apymeco.netrotec.com\\\/#\\\/schema\\\/logo\\\/image\\\/\",\"url\":\"https:\\\/\\\/apymeco.netrotec.com\\\/wp-content\\\/uploads\\\/2026\\\/06\\\/logo-blanco.png\",\"contentUrl\":\"https:\\\/\\\/apymeco.netrotec.com\\\/wp-content\\\/uploads\\\/2026\\\/06\\\/logo-blanco.png\",\"width\":1107,\"height\":444,\"caption\":\"APYMECO Torrevieja\"},\"image\":{\"@id\":\"https:\\\/\\\/apymeco.netrotec.com\\\/#\\\/schema\\\/logo\\\/image\\\/\"}},{\"@type\":\"Person\",\"@id\":\"https:\\\/\\\/apymeco.netrotec.com\\\/#\\\/schema\\\/person\\\/58f3bb0f5e04e2b6067d17d05470d2dd\",\"name\":\"Apymeco\",\"url\":\"https:\\\/\\\/apymeco.netrotec.com\\\/es\\\/author\\\/apymeco\\\/\"}]}<\/script>\n<!-- \/ Yoast SEO Premium plugin. -->","yoast_head_json":{"title":"COLABORACION SOCIAL ENTRE APYMECO Y AFECANCER TORREVIEJA - APYMECO Torrevieja","robots":{"index":"index","follow":"follow","max-snippet":"max-snippet:-1","max-image-preview":"max-image-preview:large","max-video-preview":"max-video-preview:-1"},"canonical":"https:\/\/apymeco.netrotec.com\/es\/colaboracion-social-entre-apymeco-y-afecancer-torrevieja\/","og_locale":"es_ES","og_type":"article","og_title":"COLABORACION SOCIAL ENTRE APYMECO Y AFECANCER TORREVIEJA","og_description":"Apymeco y Afec\u00e1ncer firman un programa de colaboraci\u00f3n social Victoria Meneses, presidenta de la Asociaci\u00f3n de Enfermos y Familiares de [&hellip;]","og_url":"https:\/\/apymeco.netrotec.com\/es\/colaboracion-social-entre-apymeco-y-afecancer-torrevieja\/","og_site_name":"APYMECO Torrevieja","article_published_time":"2020-11-06T13:52:52+00:00","og_image":[{"width":1600,"height":900,"url":"https:\/\/apymeco.netrotec.com\/wp-content\/uploads\/2020\/11\/WhatsApp-Image-2020-11-05-at-12.34.55.jpeg","type":"image\/jpeg"}],"author":"Apymeco","twitter_card":"summary_large_image","twitter_misc":{"Escrito por":"Apymeco","Tiempo de lectura":"1 minuto"},"schema":{"@context":"https:\/\/schema.org","@graph":[{"@type":"Article","@id":"https:\/\/apymeco.netrotec.com\/colaboracion-social-entre-apymeco-y-afecancer-torrevieja\/#article","isPartOf":{"@id":"https:\/\/apymeco.netrotec.com\/colaboracion-social-entre-apymeco-y-afecancer-torrevieja\/"},"author":{"name":"Apymeco","@id":"https:\/\/apymeco.netrotec.com\/#\/schema\/person\/58f3bb0f5e04e2b6067d17d05470d2dd"},"headline":"COLABORACION SOCIAL ENTRE APYMECO Y AFECANCER TORREVIEJA","datePublished":"2020-11-06T13:52:52+00:00","mainEntityOfPage":{"@id":"https:\/\/apymeco.netrotec.com\/colaboracion-social-entre-apymeco-y-afecancer-torrevieja\/"},"wordCount":154,"commentCount":0,"publisher":{"@id":"https:\/\/apymeco.netrotec.com\/#organization"},"image":{"@id":"https:\/\/apymeco.netrotec.com\/colaboracion-social-entre-apymeco-y-afecancer-torrevieja\/#primaryimage"},"thumbnailUrl":"https:\/\/apymeco.netrotec.com\/wp-content\/uploads\/WhatsApp-Image-2020-11-05-at-12.34.55-300x169.jpeg","inLanguage":"es","potentialAction":[{"@type":"CommentAction","name":"Comment","target":["https:\/\/apymeco.netrotec.com\/colaboracion-social-entre-apymeco-y-afecancer-torrevieja\/#respond"]}]},{"@type":"WebPage","@id":"https:\/\/apymeco.netrotec.com\/colaboracion-social-entre-apymeco-y-afecancer-torrevieja\/","url":"https:\/\/apymeco.netrotec.com\/colaboracion-social-entre-apymeco-y-afecancer-torrevieja\/","name":"COLABORACION SOCIAL ENTRE APYMECO Y AFECANCER TORREVIEJA - APYMECO Torrevieja","isPartOf":{"@id":"https:\/\/apymeco.netrotec.com\/#website"},"primaryImageOfPage":{"@id":"https:\/\/apymeco.netrotec.com\/colaboracion-social-entre-apymeco-y-afecancer-torrevieja\/#primaryimage"},"image":{"@id":"https:\/\/apymeco.netrotec.com\/colaboracion-social-entre-apymeco-y-afecancer-torrevieja\/#primaryimage"},"thumbnailUrl":"https:\/\/apymeco.netrotec.com\/wp-content\/uploads\/WhatsApp-Image-2020-11-05-at-12.34.55-300x169.jpeg","datePublished":"2020-11-06T13:52:52+00:00","breadcrumb":{"@id":"https:\/\/apymeco.netrotec.com\/colaboracion-social-entre-apymeco-y-afecancer-torrevieja\/#breadcrumb"},"inLanguage":"es","potentialAction":[{"@type":"ReadAction","target":["https:\/\/apymeco.netrotec.com\/colaboracion-social-entre-apymeco-y-afecancer-torrevieja\/"]}]},{"@type":"ImageObject","inLanguage":"es","@id":"https:\/\/apymeco.netrotec.com\/colaboracion-social-entre-apymeco-y-afecancer-torrevieja\/#primaryimage","url":"https:\/\/apymeco.netrotec.com\/wp-content\/uploads\/WhatsApp-Image-2020-11-05-at-12.34.55-300x169.jpeg","contentUrl":"https:\/\/apymeco.netrotec.com\/wp-content\/uploads\/WhatsApp-Image-2020-11-05-at-12.34.55-300x169.jpeg"},{"@type":"BreadcrumbList","@id":"https:\/\/apymeco.netrotec.com\/colaboracion-social-entre-apymeco-y-afecancer-torrevieja\/#breadcrumb","itemListElement":[{"@type":"ListItem","position":1,"name":"Portada","item":"https:\/\/apymeco.netrotec.com\/"},{"@type":"ListItem","position":2,"name":"COLABORACION SOCIAL ENTRE APYMECO Y AFECANCER TORREVIEJA"}]},{"@type":"WebSite","@id":"https:\/\/apymeco.netrotec.com\/#website","url":"https:\/\/apymeco.netrotec.com\/","name":"APYMECO Torrevieja","description":"","publisher":{"@id":"https:\/\/apymeco.netrotec.com\/#organization"},"potentialAction":[{"@type":"SearchAction","target":{"@type":"EntryPoint","urlTemplate":"https:\/\/apymeco.netrotec.com\/?s={search_term_string}"},"query-input":{"@type":"PropertyValueSpecification","valueRequired":true,"valueName":"search_term_string"}}],"inLanguage":"es"},{"@type":"Organization","@id":"https:\/\/apymeco.netrotec.com\/#organization","name":"APYMECO Torrevieja","url":"https:\/\/apymeco.netrotec.com\/","logo":{"@type":"ImageObject","inLanguage":"es","@id":"https:\/\/apymeco.netrotec.com\/#\/schema\/logo\/image\/","url":"https:\/\/apymeco.netrotec.com\/wp-content\/uploads\/2026\/06\/logo-blanco.png","contentUrl":"https:\/\/apymeco.netrotec.com\/wp-content\/uploads\/2026\/06\/logo-blanco.png","width":1107,"height":444,"caption":"APYMECO Torrevieja"},"image":{"@id":"https:\/\/apymeco.netrotec.com\/#\/schema\/logo\/image\/"}},{"@type":"Person","@id":"https:\/\/apymeco.netrotec.com\/#\/schema\/person\/58f3bb0f5e04e2b6067d17d05470d2dd","name":"Apymeco","url":"https:\/\/apymeco.netrotec.com\/es\/author\/apymeco\/"}]}},"_links":{"self":[{"href":"https:\/\/apymeco.netrotec.com\/es\/wp-json\/wp\/v2\/posts\/6807","targetHints":{"allow":["GET"]}}],"collection":[{"href":"https:\/\/apymeco.netrotec.com\/es\/wp-json\/wp\/v2\/posts"}],"about":[{"href":"https:\/\/apymeco.netrotec.com\/es\/wp-json\/wp\/v2\/types\/post"}],"author":[{"embeddable":true,"href":"https:\/\/apymeco.netrotec.com\/es\/wp-json\/wp\/v2\/users\/2"}],"replies":[{"embeddable":true,"href":"https:\/\/apymeco.netrotec.com\/es\/wp-json\/wp\/v2\/comments?post=6807"}],"version-history":[{"count":0,"href":"https:\/\/apymeco.netrotec.com\/es\/wp-json\/wp\/v2\/posts\/6807\/revisions"}],"wp:attachment":[{"href":"https:\/\/apymeco.netrotec.com\/es\/wp-json\/wp\/v2\/media?parent=6807"}],"wp:term":[{"taxonomy":"category","embeddable":true,"href":"https:\/\/apymeco.netrotec.com\/es\/wp-json\/wp\/v2\/categories?post=6807"},{"taxonomy":"post_tag","embeddable":true,"href":"https:\/\/apymeco.netrotec.com\/es\/wp-json\/wp\/v2\/tags?post=6807"}],"curies":[{"name":"wp","href":"https:\/\/api.w.org\/{rel}","templated":true}]}}