{"id":6859,"date":"2020-11-17T11:55:52","date_gmt":"2020-11-17T09:55:52","guid":{"rendered":"https:\/\/www.apymeco.info\/?p=6859"},"modified":"2020-11-17T11:55:52","modified_gmt":"2020-11-17T09:55:52","slug":"bases-legales-concurso-black-friday-2020-unfuturomenosblack","status":"publish","type":"post","link":"https:\/\/apymeco.netrotec.com\/es\/bases-legales-concurso-black-friday-2020-unfuturomenosblack\/","title":{"rendered":"BASES LEGALES CONCURSO BLACK FRIDAY 2020 #UNFUTUROMENOSBLACK"},"content":{"rendered":"<ol>\n<li><strong>Objeto<\/strong><\/li>\n<\/ol>\n<p>La Confederaci\u00f3 d\u2019Empresaris de Comer\u00e7, Servicis i Aut\u00f2noms de la Comunitat Valenciana ( en adelante Confecomer\u00e7 CV), con domicilio social en C\/ Hern\u00e1n Cort\u00e9s 4-1\u00ba de Valencia, organiza la promoci\u00f3n \u201cUn Futuro Menos Black\u201d con motivo de la campa\u00f1a comercial de Black Friday 2020 y con la finalidad de promover las compras en el comercio asociado de la Comunitat Valenciana durante las semanas previas al Black Friday (desde el 16 al 29 de noviembre)<\/p>\n<p>Esta promoci\u00f3n cuenta con la colaboraci\u00f3n de la C\u00e1mara de Espa\u00f1a, Consejo Superior de C\u00e1maras de la Comunitat Valencia y C\u00e1maras de Alicante, Castell\u00f3n y Valencia, as\u00ed como de la Conselleria de Econom\u00eda Sostenible, Sectores Productivos, Comercio y Trabajo de la Generalitat Valenciana. La campa\u00f1a est\u00e1 incluida en el Programa de Comercio Minorista 2020, financiado por la Uni\u00f3n Europea a trav\u00e9s de Fondos de Desarrollo Regional (Feder) y por el Ministerio de Industria Comercio y Turismo.<\/p>\n<ol start=\"2\">\n<li><strong>\u00c1mbito y duraci\u00f3n<\/strong><\/li>\n<\/ol>\n<p>El \u00e1mbito territorial de la promoci\u00f3n es la Comunitat Valenciana. La fecha de comienzo de la promoci\u00f3n ser\u00e1 el lunes 16 de noviembre 6:00 h y finalizar\u00e1 el domingo 29 de noviembre a las 23:59h.<\/p>\n<p>El \u00e1mbito lo conforman los comercios que participan de esta campa\u00f1a y que son miembros de asociaciones integradas en Confecomer\u00e7 CV adheridas a la promoci\u00f3n.<\/p>\n<ol start=\"3\">\n<li><strong>Finalidad<\/strong><\/li>\n<\/ol>\n<p>El concurso tiene como finalidad premiar con 3 premios de 1.000 euros y 60 premios de 200 euros a los usuarios\/as que sigan todos los pasos indicados en el apartado Mec\u00e1nica de la promoci\u00f3n (6).<\/p>\n<ol start=\"4\">\n<li><strong>Requisitos para participar<\/strong><\/li>\n<\/ol>\n<p>Podr\u00e1n participar en la promoci\u00f3n todas las personas f\u00edsicas mayores de 18 a\u00f1os que realicen una compra superior a 10 euros en alg\u00fan comercio adherido a la promoci\u00f3n.<\/p>\n<p>Si resulta ganadora alguna de las personas que no cumpla los requisitos de participaci\u00f3n, perder\u00e1 su derecho a obtener el premio ganado.<\/p>\n<ol start=\"5\">\n<li><strong>Premios-Condiciones generales<\/strong><\/li>\n<\/ol>\n<p>La promoci\u00f3n se compone de diferentes premios por un valor total de 15.000 euros que se distribuir\u00e1n equitativamente en cada una de las tres provincias de la Comunitat Valenciana:<\/p>\n<p>Provincia de Castell\u00f3n: 1 vale de 1.000 euros y 20 vales de 200 euros<\/p>\n<p>Provincia de Valencia: 1 vale de 1.000 euros y 20 vales de 200 euros<\/p>\n<p>Provincia de Alicante: 1 vale de 1.000 euros y 20 vales de 200 euros<\/p>\n<p>Los vales se podr\u00e1n gastar en los comercios asociados participantes en la campa\u00f1a de Black Friday 2020 de la localidad donde la persona ganadora realiz\u00f3 la compra premiada durante las fechas de la promoci\u00f3n (16-29 de noviembre) o, en caso de que no exista o no haya participado la asociaci\u00f3n de comercio local, en cualquier localidad de la provincia donde haya comercios participantes.<\/p>\n<p>El premio se deber\u00e1 consumir entre el 1 y el 5 de diciembre.<\/p>\n<p>El premio en ning\u00fan caso es canjeable por su importe en met\u00e1lico y deber\u00e1 ser gastado en compras en los comercios adheridos a la promoci\u00f3n.<\/p>\n<p>Cada participante s\u00f3lo podr\u00e1 optar a un premio.<\/p>\n<ol start=\"6\">\n<li><strong>Mec\u00e1nica de la promoci\u00f3n<\/strong><\/li>\n<\/ol>\n<p>El concurso tendr\u00e1 lugar en la plataforma <a href=\"http:\/\/www.comerciopromos.es\/\">www.comerciopromos.es<\/a>.<\/p>\n<p>Para participar en el sorteo ser\u00e1 necesario que las personas participantes realicen una compra superior a 10 \u20ac en un comercio asociado adherido a la campa\u00f1a, que el\/la cliente reconocer\u00e1 por los elementos identificativos de la campa\u00f1a (cartel, estrella, folleto).<\/p>\n<p>Para participar en el concurso, las personas deber\u00e1n acceder a la web de la promoci\u00f3n, bien escaneando el c\u00f3digo QR incluido en el folleto explicativo a su disposici\u00f3n en los comercios participantes, bien navegando a la url de la campa\u00f1a, y deber\u00e1n rellenar el formulario de participaci\u00f3n, indicando los datos personales que se solicitan y subiendo una foto del ticket de compra por valor de m\u00e1s de 10 euros.<\/p>\n<p>Cada compra superior a 10 euros da lugar a una participaci\u00f3n en el concurso.<\/p>\n<p>Las personas ganadoras ser\u00e1n seleccionadas de entre todas las participantes que cumplan con los requisitos especificados en estas Bases Legales. Los ganadores se publicar\u00e1n el d\u00eda 30 de noviembre a las 18.00 horas.<\/p>\n<p>Los establecimientos en los que podr\u00e1 realizar las compras para participar en el concurso ser\u00e1n los comercios adheridos a esta campa\u00f1a y que son miembros de las asociaciones integradas en Confecomer\u00e7 CV\u00a0\u00a0\u00a0\u00a0\u00a0\u00a0\u00a0\u00a0\u00a0\u00a0\u00a0 referenciadas\u00a0 en: (<a href=\"https:\/\/confecomerc.es\/organizaciones-miembro\">https:\/\/confecomerc.es\/organizaciones-miembro<\/a>).<\/p>\n<p>Las asociaciones y\/o los establecimientos podr\u00e1n variar, sin que esto genere ninguna responsabilidad sobre ninguna asociaci\u00f3n, establecimiento o entidades organizadoras (Confecomer\u00e7 CV e instituciones colaboradoras).<\/p>\n<ol start=\"7\">\n<li><strong>Selecci\u00f3n de ganadores<\/strong><\/li>\n<\/ol>\n<p>Las personas ganadoras se seleccionar\u00e1n de acuerdo con lo establecido en Mec\u00e1nica de la promoci\u00f3n.<\/p>\n<p>CONFECOMER\u00c7 CV se encargar\u00e1 de contactar con los ganadores y gestionar el premio con ellos.<\/p>\n<ol start=\"8\">\n<li><strong>Comunicaci\u00f3n de los ganadores<\/strong><\/li>\n<\/ol>\n<p>CONFECOMER\u00c7 CV comunicar\u00e1 los nombres de las personas ganadoras en su p\u00e1gina web (<a href=\"http:\/\/www.confecomerc.es\/\">www.confecomerc.es<\/a>), en la p\u00e1gina de la promoci\u00f3n (<a href=\"http:\/\/www.comerciopromos.es\/\">www.comerciopromos.es<\/a>) y en sus redes sociales. Se pondr\u00e1 en contacto con los ganadores por e-mail y\/o por tel\u00e9fono m\u00f3vil con el fin de comunicarles que han obtenido el premio y darles indicaciones de los datos necesarios para hacerles entrega del mismo.<\/p>\n<p>En el plazo de 2 d\u00edas la persona ganadora deber\u00e1 responder al e-mail enviado por CONFECOMER\u00c7 CV confirmando que acepta el premio.<\/p>\n<p>En el caso de que la persona ganadora no conteste por e-mail en el plazo indicado para aceptar el premio, si no cumple todas o algunas de las normas o no quiere o no puede disfrutar del premio, el ganador quedar\u00e1 descartado, perdiendo su derecho a reclamar el premio y CONFECOMER\u00c7 CV se reserva el derecho de seleccionar un nuevo ganador.<\/p>\n<p>CONFECOMER\u00c7 CV se reserva el derecho a que el premio quede desierto en el caso que las personas ganadoras no cumplan los requisitos citados en estas bases.<\/p>\n<p>El premio no podr\u00e1 ser cambiado por su importe en met\u00e1lico.<\/p>\n<ol start=\"9\">\n<li><strong>Normas de control y seguridad<\/strong><\/li>\n<\/ol>\n<p>Cualquier utilizaci\u00f3n abusiva o fraudulenta de estas Bases dar\u00e1 lugar a la consecuente descalificaci\u00f3n del participante de la Promoci\u00f3n, as\u00ed como a la p\u00e9rdida del premio si se hubiera otorgado.<\/p>\n<p>CONFECOMER\u00c7 CV se reserva la facultad de adoptar cuantas medidas resulten oportunas para evitar cualquier conducta de la que se sospeche que tenga por finalidad o efecto cualquier intento de actuar en fraude de la presente promoci\u00f3n o en incumplimiento de sus normas o en perjuicio de otros participantes, que su primera e inmediata consecuencia ser\u00e1 la exclusi\u00f3n del participante y la p\u00e9rdida de todo derecho al premio que hubiera obtenido.<\/p>\n<p>CONFECOMER\u00c7 CV se reserva el derecho de invalidar, expulsar, eliminar o no tener en cuenta en el c\u00f3mputo aquellas personas que se consideren sospechosas de cualquier intento de participaci\u00f3n fraudulenta. Igualmente, CONFECOMER\u00c7 CV se reserva el derecho a emprender las acciones legales que correspondan.<\/p>\n<p>CONFECOMER\u00c7 CV se reserva el derecho a descartar y excluir del concurso cualquier respuesta enviada por los usuarios cuando lo considere oportuno.<\/p>\n<p>CONFECOMER\u00c7 CV se reserva el derecho a eliminar de la promoci\u00f3n por cualquier causa justificada a cualquier usuario que altere el transcurso normal de la misma.<\/p>\n<p>No podr\u00e1n participar las personas que forman parte de la organizaci\u00f3n ni sus familiares en primer grado. Del mismo modo tampoco podr\u00e1n participar los trabajadores de la agencia de comunicaci\u00f3n encargada de su gesti\u00f3n.<\/p>\n<ol start=\"10\">\n<li><strong>Limitaciones de responsabilidad<\/strong><\/li>\n<\/ol>\n<p>CONFECOMER\u00c7 CV y las entidades colaboradoras se excluyen de cualquier responsabilidad por da\u00f1os y perjuicios de toda naturaleza que puedan deberse a la falta temporal de disponibilidad o de continuidad del funcionamiento de los servicios a trav\u00e9s de los cuales se participa en la promoci\u00f3n, al fraude en la utilidad que los usuarios hayan podido atribuir a los mismos y, en particular, aunque no de manera exclusiva, a los fallos en el acceso a las diferentes p\u00e1ginas.<\/p>\n<p>CONFECOMER\u00c7 CV se reserva el derecho de emprender acciones judiciales contra aquellas personas que realicen cualquier tipo de acto susceptible considerado manipulaci\u00f3n o falsificaci\u00f3n de la promoci\u00f3n.<\/p>\n<p>CONFECOMER\u00c7 CV se reserva el derecho de reducir o ampliar el periodo de promoci\u00f3n, as\u00ed como la facultad de interpretar las presentes bases legales.<\/p>\n<p>CONFECOMER\u00c7 CV se reserva el derecho de acortar, prorrogar, modificar o cancelar esta promoci\u00f3n, si ocurren circunstancias excepcionales que impidan su realizaci\u00f3n, comunicando esta circunstancia de manera que se evite cualquier perjuicio para los participantes de la promoci\u00f3n.<\/p>\n<p>CONFECOMER\u00c7 CV no ser\u00e1 responsable de retrasos, p\u00e9rdidas o deterioros por causas que no le sean imputables. La empresa organizadora tampoco responder\u00e1 de los casos de fuerza mayor que puedan impedir al ganador el disfrute total o parcial de su premio.<\/p>\n<p>Del mismo modo, CONFECOMER\u00c7 CV quedar\u00e1 exento de toda responsabilidad si ocurriese alguno de los casos se\u00f1alados, as\u00ed como de cualquier responsabilidad por los da\u00f1os o perjuicios ocasionados durante el disfrute del premio.<\/p>\n<ol start=\"11\">\n<li><strong>Aceptaci\u00f3n de las bases<\/strong><\/li>\n<\/ol>\n<p>La simple participaci\u00f3n implica la aceptaci\u00f3n de las presentes bases, por lo cual la manifestaci\u00f3n en el sentido de no aceptar la totalidad o parte de las mismas implicar\u00e1 la exclusi\u00f3n de participante.<\/p>\n<p>Participando en esta promoci\u00f3n se reconoce y aceptan los derechos de propiedad intelectual sobre los materiales de la promoci\u00f3n.<\/p>\n<ol start=\"12\">\n<li><strong>Protecci\u00f3n de datos personales<\/strong><\/li>\n<\/ol>\n<p>La empresa responsable del tratamiento de los datos de las personas participantes es Confecomer\u00e7 CV, con domicilio en calle Hern\u00e1n Cort\u00e9s, 4 1\u00ba, 46004, Valencia y n\u00famero identificativo CIF G40539322 .<\/p>\n<p>CONFECOMER\u00c7 CV se toma muy en serio la protecci\u00f3n de la privacidad y de tus datos personales. Por lo tanto, la informaci\u00f3n personal de los\/las participantes se conserva de forma segura y se trata con el m\u00e1ximo cuidado.<\/p>\n<p>De conformidad con lo establecido en la normativa aplicable en materia de protecci\u00f3n de datos, y concretamente en el Reglamento (UE) 2016\/679 del Parlamento Europeo y del Consejo, de 27 de abril de 2016, relativo a la protecci\u00f3n de las personas f\u00edsicas en lo que respecta al tratamiento de datos personales y a la libre circulaci\u00f3n de estos datos, cada Participante, con la aceptaci\u00f3n de estas Bases Legales, consiente que los datos personales facilitados para la participaci\u00f3n en este concurso sean incorporados a un fichero titularidad de CONFECOMER\u00c7 CV para tramitar la participaci\u00f3n en el concurso y para comunicarle el premio en caso de que resultase Ganador.<\/p>\n<p>Le informamos de que sus datos personales de contacto ser\u00e1n utilizados para las siguientes finalidades:<\/p>\n<ul>\n<li>Tramitar la participaci\u00f3n en el concurso<\/li>\n<li>Comunicarle el premio en caso de resultar ganador\/a<\/li>\n<li>Hacerle llegar publicidad e informaci\u00f3n comercial sobre otras campa\u00f1as y promociones que impulse y desarrolle Confecomer\u00e7 CV<\/li>\n<\/ul>\n<p>Los participantes garantizan que los datos personales facilitados son veraces y se hacen responsables de comunicar a CONFECOMER\u00c7 CV cualquier modificaci\u00f3n de los mismos. CONFECOMER\u00c7 CV se reserva el derecho a excluir de la presente promoci\u00f3n a todo Participante que haya facilitado datos falsos. Se recomienda tener la m\u00e1xima diligencia en materia de Protecci\u00f3n de Datos mediante la utilizaci\u00f3n de herramientas de seguridad, no pudi\u00e9ndose responsabilizar a CONFECOMER\u00c7 CV de sustracciones, modificaciones o p\u00e9rdidas de datos il\u00edcitas.<\/p>\n<p>Los Participantes tienen derecho a (i) acceder a sus datos personales, as\u00ed como a (ii) solicitar la rectificaci\u00f3n de los datos inexactos o, en su caso, solicitar su supresi\u00f3n, (iii) solicitar la limitaci\u00f3n del tratamiento de sus datos, (iv) oponerse al tratamiento de sus datos y (v) solicitar su portabilidad. Los y las participantes pueden ejercer todos estos derechos en la siguiente direcci\u00f3n de email <a href=\"mailto:privacidad@confecomerc.es\">privacidad@confecomerc.es, <\/a>indicando el motivo de su petici\u00f3n.<\/p>\n<p>Las personas participantes pueden tambi\u00e9n, enviar su petici\u00f3n por correo ordinario a la siguiente direcci\u00f3n: calle Hern\u00e1n Cort\u00e9s, 4 1\u00ba, 46004, Valencia.<\/p>\n<p>Sin perjuicio de cualquier otro recurso administrativo o acci\u00f3n judicial, el participante tendr\u00e1 derecho a presentar una reclamaci\u00f3n ante una Autoridad de Control, en particular en el Estado miembro en el que tenga su residencia habitual, lugar de trabajo o lugar de la supuesta infracci\u00f3n, en caso de que considere que el tratamiento de sus datos personales no es adecuado a la normativa, as\u00ed como en el caso de no ver satisfecho el ejercicio de sus derechos.<\/p>\n<p>La Autoridad de Control ante la que se haya presentado la reclamaci\u00f3n informar\u00e1 al reclamante sobre el curso y el resultado de la reclamaci\u00f3n.<\/p>\n<ol start=\"13\">\n<li><strong>Legislaci\u00f3n aplicable y jurisdicci\u00f3n<\/strong><\/li>\n<\/ol>\n<p>Estas bases legales se regir\u00e1n de conformidad con la ley RGPD. Ser\u00e1n competentes para resolver cualquier reclamaci\u00f3n o controversia que pudiera plantearse en relaci\u00f3n con la validez, interpretaci\u00f3n o cumplimiento de estas bases los Juzgados y Tribunales de la ciudad de VALENCIA.<\/p>\n","protected":false},"excerpt":{"rendered":"<p>Objeto La Confederaci\u00f3 d\u2019Empresaris de Comer\u00e7, Servicis i Aut\u00f2noms de la Comunitat Valenciana ( en adelante Confecomer\u00e7 CV), con domicilio [&hellip;]<\/p>\n","protected":false},"author":2,"featured_media":0,"comment_status":"open","ping_status":"open","sticky":false,"template":"","format":"standard","meta":{"site-sidebar-layout":"default","site-content-layout":"","ast-site-content-layout":"default","site-content-style":"default","site-sidebar-style":"default","ast-global-header-display":"","ast-banner-title-visibility":"","ast-main-header-display":"","ast-hfb-above-header-display":"","ast-hfb-below-header-display":"","ast-hfb-mobile-header-display":"","site-post-title":"","ast-breadcrumbs-content":"","ast-featured-img":"","footer-sml-layout":"","ast-disable-related-posts":"","theme-transparent-header-meta":"","adv-header-id-meta":"","stick-header-meta":"","header-above-stick-meta":"","header-main-stick-meta":"","header-below-stick-meta":"","astra-migrate-meta-layouts":"default","ast-page-background-enabled":"default","ast-page-background-meta":{"desktop":{"background-color":"var(--ast-global-color-5)","background-image":"","background-repeat":"repeat","background-position":"center center","background-size":"auto","background-attachment":"scroll","background-type":"","background-media":"","overlay-type":"","overlay-color":"","overlay-opacity":"","overlay-gradient":""},"tablet":{"background-color":"","background-image":"","background-repeat":"repeat","background-position":"center center","background-size":"auto","background-attachment":"scroll","background-type":"","background-media":"","overlay-type":"","overlay-color":"","overlay-opacity":"","overlay-gradient":""},"mobile":{"background-color":"","background-image":"","background-repeat":"repeat","background-position":"center center","background-size":"auto","background-attachment":"scroll","background-type":"","background-media":"","overlay-type":"","overlay-color":"","overlay-opacity":"","overlay-gradient":""}},"ast-content-background-meta":{"desktop":{"background-color":"var(--ast-global-color-4)","background-image":"","background-repeat":"repeat","background-position":"center center","background-size":"auto","background-attachment":"scroll","background-type":"","background-media":"","overlay-type":"","overlay-color":"","overlay-opacity":"","overlay-gradient":""},"tablet":{"background-color":"var(--ast-global-color-4)","background-image":"","background-repeat":"repeat","background-position":"center center","background-size":"auto","background-attachment":"scroll","background-type":"","background-media":"","overlay-type":"","overlay-color":"","overlay-opacity":"","overlay-gradient":""},"mobile":{"background-color":"var(--ast-global-color-4)","background-image":"","background-repeat":"repeat","background-position":"center center","background-size":"auto","background-attachment":"scroll","background-type":"","background-media":"","overlay-type":"","overlay-color":"","overlay-opacity":"","overlay-gradient":""}},"footnotes":""},"categories":[538,524],"tags":[],"class_list":["post-6859","post","type-post","status-publish","format-standard","hentry","category-bases-de-concursos","category-campanas"],"yoast_head":"<!-- This site is optimized with the Yoast SEO Premium plugin v27.7 (Yoast SEO v27.8) - https:\/\/yoast.com\/product\/yoast-seo-premium-wordpress\/ -->\n<title>BASES LEGALES CONCURSO BLACK FRIDAY 2020 #UNFUTUROMENOSBLACK - APYMECO Torrevieja<\/title>\n<meta name=\"robots\" content=\"index, follow, max-snippet:-1, max-image-preview:large, max-video-preview:-1\" \/>\n<link rel=\"canonical\" href=\"https:\/\/apymeco.netrotec.com\/es\/bases-legales-concurso-black-friday-2020-unfuturomenosblack\/\" \/>\n<meta property=\"og:locale\" content=\"es_ES\" \/>\n<meta property=\"og:type\" content=\"article\" \/>\n<meta property=\"og:title\" content=\"BASES LEGALES CONCURSO BLACK FRIDAY 2020 #UNFUTUROMENOSBLACK\" \/>\n<meta property=\"og:description\" content=\"Objeto La Confederaci\u00f3 d\u2019Empresaris de Comer\u00e7, Servicis i Aut\u00f2noms de la Comunitat Valenciana ( en adelante Confecomer\u00e7 CV), con domicilio [&hellip;]\" \/>\n<meta property=\"og:url\" content=\"https:\/\/apymeco.netrotec.com\/es\/bases-legales-concurso-black-friday-2020-unfuturomenosblack\/\" \/>\n<meta property=\"og:site_name\" content=\"APYMECO Torrevieja\" \/>\n<meta property=\"article:published_time\" content=\"2020-11-17T09:55:52+00:00\" \/>\n<meta name=\"author\" content=\"Apymeco\" \/>\n<meta name=\"twitter:card\" content=\"summary_large_image\" \/>\n<meta name=\"twitter:label1\" content=\"Escrito por\" \/>\n\t<meta name=\"twitter:data1\" content=\"Apymeco\" \/>\n\t<meta name=\"twitter:label2\" content=\"Tiempo de lectura\" \/>\n\t<meta name=\"twitter:data2\" content=\"11 minutos\" \/>\n<script type=\"application\/ld+json\" class=\"yoast-schema-graph\">{\"@context\":\"https:\\\/\\\/schema.org\",\"@graph\":[{\"@type\":\"Article\",\"@id\":\"https:\\\/\\\/apymeco.netrotec.com\\\/bases-legales-concurso-black-friday-2020-unfuturomenosblack\\\/#article\",\"isPartOf\":{\"@id\":\"https:\\\/\\\/apymeco.netrotec.com\\\/bases-legales-concurso-black-friday-2020-unfuturomenosblack\\\/\"},\"author\":{\"name\":\"Apymeco\",\"@id\":\"https:\\\/\\\/apymeco.netrotec.com\\\/#\\\/schema\\\/person\\\/58f3bb0f5e04e2b6067d17d05470d2dd\"},\"headline\":\"BASES LEGALES CONCURSO BLACK FRIDAY 2020 #UNFUTUROMENOSBLACK\",\"datePublished\":\"2020-11-17T09:55:52+00:00\",\"mainEntityOfPage\":{\"@id\":\"https:\\\/\\\/apymeco.netrotec.com\\\/bases-legales-concurso-black-friday-2020-unfuturomenosblack\\\/\"},\"wordCount\":2140,\"commentCount\":0,\"publisher\":{\"@id\":\"https:\\\/\\\/apymeco.netrotec.com\\\/#organization\"},\"articleSection\":[\"Bases de Concursos\",\"Campa\u00f1as\"],\"inLanguage\":\"es\",\"potentialAction\":[{\"@type\":\"CommentAction\",\"name\":\"Comment\",\"target\":[\"https:\\\/\\\/apymeco.netrotec.com\\\/bases-legales-concurso-black-friday-2020-unfuturomenosblack\\\/#respond\"]}]},{\"@type\":\"WebPage\",\"@id\":\"https:\\\/\\\/apymeco.netrotec.com\\\/bases-legales-concurso-black-friday-2020-unfuturomenosblack\\\/\",\"url\":\"https:\\\/\\\/apymeco.netrotec.com\\\/bases-legales-concurso-black-friday-2020-unfuturomenosblack\\\/\",\"name\":\"BASES LEGALES CONCURSO BLACK FRIDAY 2020 #UNFUTUROMENOSBLACK - APYMECO Torrevieja\",\"isPartOf\":{\"@id\":\"https:\\\/\\\/apymeco.netrotec.com\\\/#website\"},\"datePublished\":\"2020-11-17T09:55:52+00:00\",\"breadcrumb\":{\"@id\":\"https:\\\/\\\/apymeco.netrotec.com\\\/bases-legales-concurso-black-friday-2020-unfuturomenosblack\\\/#breadcrumb\"},\"inLanguage\":\"es\",\"potentialAction\":[{\"@type\":\"ReadAction\",\"target\":[\"https:\\\/\\\/apymeco.netrotec.com\\\/bases-legales-concurso-black-friday-2020-unfuturomenosblack\\\/\"]}]},{\"@type\":\"BreadcrumbList\",\"@id\":\"https:\\\/\\\/apymeco.netrotec.com\\\/bases-legales-concurso-black-friday-2020-unfuturomenosblack\\\/#breadcrumb\",\"itemListElement\":[{\"@type\":\"ListItem\",\"position\":1,\"name\":\"Portada\",\"item\":\"https:\\\/\\\/apymeco.netrotec.com\\\/\"},{\"@type\":\"ListItem\",\"position\":2,\"name\":\"BASES LEGALES CONCURSO BLACK FRIDAY 2020 #UNFUTUROMENOSBLACK\"}]},{\"@type\":\"WebSite\",\"@id\":\"https:\\\/\\\/apymeco.netrotec.com\\\/#website\",\"url\":\"https:\\\/\\\/apymeco.netrotec.com\\\/\",\"name\":\"APYMECO Torrevieja\",\"description\":\"\",\"publisher\":{\"@id\":\"https:\\\/\\\/apymeco.netrotec.com\\\/#organization\"},\"potentialAction\":[{\"@type\":\"SearchAction\",\"target\":{\"@type\":\"EntryPoint\",\"urlTemplate\":\"https:\\\/\\\/apymeco.netrotec.com\\\/?s={search_term_string}\"},\"query-input\":{\"@type\":\"PropertyValueSpecification\",\"valueRequired\":true,\"valueName\":\"search_term_string\"}}],\"inLanguage\":\"es\"},{\"@type\":\"Organization\",\"@id\":\"https:\\\/\\\/apymeco.netrotec.com\\\/#organization\",\"name\":\"APYMECO Torrevieja\",\"url\":\"https:\\\/\\\/apymeco.netrotec.com\\\/\",\"logo\":{\"@type\":\"ImageObject\",\"inLanguage\":\"es\",\"@id\":\"https:\\\/\\\/apymeco.netrotec.com\\\/#\\\/schema\\\/logo\\\/image\\\/\",\"url\":\"https:\\\/\\\/apymeco.netrotec.com\\\/wp-content\\\/uploads\\\/2026\\\/06\\\/logo-blanco.png\",\"contentUrl\":\"https:\\\/\\\/apymeco.netrotec.com\\\/wp-content\\\/uploads\\\/2026\\\/06\\\/logo-blanco.png\",\"width\":1107,\"height\":444,\"caption\":\"APYMECO Torrevieja\"},\"image\":{\"@id\":\"https:\\\/\\\/apymeco.netrotec.com\\\/#\\\/schema\\\/logo\\\/image\\\/\"}},{\"@type\":\"Person\",\"@id\":\"https:\\\/\\\/apymeco.netrotec.com\\\/#\\\/schema\\\/person\\\/58f3bb0f5e04e2b6067d17d05470d2dd\",\"name\":\"Apymeco\",\"url\":\"https:\\\/\\\/apymeco.netrotec.com\\\/es\\\/author\\\/apymeco\\\/\"}]}<\/script>\n<!-- \/ Yoast SEO Premium plugin. -->","yoast_head_json":{"title":"BASES LEGALES CONCURSO BLACK FRIDAY 2020 #UNFUTUROMENOSBLACK - APYMECO Torrevieja","robots":{"index":"index","follow":"follow","max-snippet":"max-snippet:-1","max-image-preview":"max-image-preview:large","max-video-preview":"max-video-preview:-1"},"canonical":"https:\/\/apymeco.netrotec.com\/es\/bases-legales-concurso-black-friday-2020-unfuturomenosblack\/","og_locale":"es_ES","og_type":"article","og_title":"BASES LEGALES CONCURSO BLACK FRIDAY 2020 #UNFUTUROMENOSBLACK","og_description":"Objeto La Confederaci\u00f3 d\u2019Empresaris de Comer\u00e7, Servicis i Aut\u00f2noms de la Comunitat Valenciana ( en adelante Confecomer\u00e7 CV), con domicilio [&hellip;]","og_url":"https:\/\/apymeco.netrotec.com\/es\/bases-legales-concurso-black-friday-2020-unfuturomenosblack\/","og_site_name":"APYMECO Torrevieja","article_published_time":"2020-11-17T09:55:52+00:00","author":"Apymeco","twitter_card":"summary_large_image","twitter_misc":{"Escrito por":"Apymeco","Tiempo de lectura":"11 minutos"},"schema":{"@context":"https:\/\/schema.org","@graph":[{"@type":"Article","@id":"https:\/\/apymeco.netrotec.com\/bases-legales-concurso-black-friday-2020-unfuturomenosblack\/#article","isPartOf":{"@id":"https:\/\/apymeco.netrotec.com\/bases-legales-concurso-black-friday-2020-unfuturomenosblack\/"},"author":{"name":"Apymeco","@id":"https:\/\/apymeco.netrotec.com\/#\/schema\/person\/58f3bb0f5e04e2b6067d17d05470d2dd"},"headline":"BASES LEGALES CONCURSO BLACK FRIDAY 2020 #UNFUTUROMENOSBLACK","datePublished":"2020-11-17T09:55:52+00:00","mainEntityOfPage":{"@id":"https:\/\/apymeco.netrotec.com\/bases-legales-concurso-black-friday-2020-unfuturomenosblack\/"},"wordCount":2140,"commentCount":0,"publisher":{"@id":"https:\/\/apymeco.netrotec.com\/#organization"},"articleSection":["Bases de Concursos","Campa\u00f1as"],"inLanguage":"es","potentialAction":[{"@type":"CommentAction","name":"Comment","target":["https:\/\/apymeco.netrotec.com\/bases-legales-concurso-black-friday-2020-unfuturomenosblack\/#respond"]}]},{"@type":"WebPage","@id":"https:\/\/apymeco.netrotec.com\/bases-legales-concurso-black-friday-2020-unfuturomenosblack\/","url":"https:\/\/apymeco.netrotec.com\/bases-legales-concurso-black-friday-2020-unfuturomenosblack\/","name":"BASES LEGALES CONCURSO BLACK FRIDAY 2020 #UNFUTUROMENOSBLACK - APYMECO Torrevieja","isPartOf":{"@id":"https:\/\/apymeco.netrotec.com\/#website"},"datePublished":"2020-11-17T09:55:52+00:00","breadcrumb":{"@id":"https:\/\/apymeco.netrotec.com\/bases-legales-concurso-black-friday-2020-unfuturomenosblack\/#breadcrumb"},"inLanguage":"es","potentialAction":[{"@type":"ReadAction","target":["https:\/\/apymeco.netrotec.com\/bases-legales-concurso-black-friday-2020-unfuturomenosblack\/"]}]},{"@type":"BreadcrumbList","@id":"https:\/\/apymeco.netrotec.com\/bases-legales-concurso-black-friday-2020-unfuturomenosblack\/#breadcrumb","itemListElement":[{"@type":"ListItem","position":1,"name":"Portada","item":"https:\/\/apymeco.netrotec.com\/"},{"@type":"ListItem","position":2,"name":"BASES LEGALES CONCURSO BLACK FRIDAY 2020 #UNFUTUROMENOSBLACK"}]},{"@type":"WebSite","@id":"https:\/\/apymeco.netrotec.com\/#website","url":"https:\/\/apymeco.netrotec.com\/","name":"APYMECO Torrevieja","description":"","publisher":{"@id":"https:\/\/apymeco.netrotec.com\/#organization"},"potentialAction":[{"@type":"SearchAction","target":{"@type":"EntryPoint","urlTemplate":"https:\/\/apymeco.netrotec.com\/?s={search_term_string}"},"query-input":{"@type":"PropertyValueSpecification","valueRequired":true,"valueName":"search_term_string"}}],"inLanguage":"es"},{"@type":"Organization","@id":"https:\/\/apymeco.netrotec.com\/#organization","name":"APYMECO Torrevieja","url":"https:\/\/apymeco.netrotec.com\/","logo":{"@type":"ImageObject","inLanguage":"es","@id":"https:\/\/apymeco.netrotec.com\/#\/schema\/logo\/image\/","url":"https:\/\/apymeco.netrotec.com\/wp-content\/uploads\/2026\/06\/logo-blanco.png","contentUrl":"https:\/\/apymeco.netrotec.com\/wp-content\/uploads\/2026\/06\/logo-blanco.png","width":1107,"height":444,"caption":"APYMECO Torrevieja"},"image":{"@id":"https:\/\/apymeco.netrotec.com\/#\/schema\/logo\/image\/"}},{"@type":"Person","@id":"https:\/\/apymeco.netrotec.com\/#\/schema\/person\/58f3bb0f5e04e2b6067d17d05470d2dd","name":"Apymeco","url":"https:\/\/apymeco.netrotec.com\/es\/author\/apymeco\/"}]}},"_links":{"self":[{"href":"https:\/\/apymeco.netrotec.com\/es\/wp-json\/wp\/v2\/posts\/6859","targetHints":{"allow":["GET"]}}],"collection":[{"href":"https:\/\/apymeco.netrotec.com\/es\/wp-json\/wp\/v2\/posts"}],"about":[{"href":"https:\/\/apymeco.netrotec.com\/es\/wp-json\/wp\/v2\/types\/post"}],"author":[{"embeddable":true,"href":"https:\/\/apymeco.netrotec.com\/es\/wp-json\/wp\/v2\/users\/2"}],"replies":[{"embeddable":true,"href":"https:\/\/apymeco.netrotec.com\/es\/wp-json\/wp\/v2\/comments?post=6859"}],"version-history":[{"count":0,"href":"https:\/\/apymeco.netrotec.com\/es\/wp-json\/wp\/v2\/posts\/6859\/revisions"}],"wp:attachment":[{"href":"https:\/\/apymeco.netrotec.com\/es\/wp-json\/wp\/v2\/media?parent=6859"}],"wp:term":[{"taxonomy":"category","embeddable":true,"href":"https:\/\/apymeco.netrotec.com\/es\/wp-json\/wp\/v2\/categories?post=6859"},{"taxonomy":"post_tag","embeddable":true,"href":"https:\/\/apymeco.netrotec.com\/es\/wp-json\/wp\/v2\/tags?post=6859"}],"curies":[{"name":"wp","href":"https:\/\/api.w.org\/{rel}","templated":true}]}}