{"id":6998,"date":"2020-12-14T23:29:55","date_gmt":"2020-12-14T21:29:55","guid":{"rendered":"https:\/\/www.apymeco.info\/?p=6998"},"modified":"2020-12-14T23:29:55","modified_gmt":"2020-12-14T21:29:55","slug":"6998-2","status":"publish","type":"post","link":"https:\/\/apymeco.netrotec.com\/es\/6998-2\/","title":{"rendered":"LA RULETA DEL COMERCIO DE TORREVIEJA"},"content":{"rendered":"<p>&nbsp;<\/p>\n<p>La Concejal\u00eda de Comercio del Ayuntami<img fetchpriority=\"high\" decoding=\"async\" class=\" wp-image-6989 alignleft\" src=\"https:\/\/apymeco.netrotec.com\/wp-content\/uploads\/RULETA-212x300.jpeg\" alt=\"\" width=\"372\" height=\"526\" \/>ento de Torrevieja y la Asociaci\u00f3n de Peque\u00f1os y Medianos Comerciantes de Torrevieja (APYMECO), ponen en marcha a partir de ma\u00f1ana martes, 15 de diciembre, \u201cLa Ruleta del Comercio de Torrevieja\u201d, una divertida forma de obtener regalos y descuentos, comprando en los comercios de la localidad.<br \/>\nEste nuevo proyecto pionero es una herramienta inform\u00e1tica pensada para dinamizar el comercio de la ciudad.\u00a0 A trav\u00e9s de este \u201cjuego\u201d cualquier persona que compre en los comercios adheridos podr\u00e1 participar en el mismo instante, en el sorteo inmediato de premios, como cheques regalo o importantes descuentos. Es tan sencillo que s\u00f3lo se tendr\u00e1 que escanear el c\u00f3digo impreso en el cup\u00f3n con la c\u00e1mara de su m\u00f3vil y podr\u00e1 acceder a la aplicaci\u00f3n desde su navegador web, rellenar sus datos y participar.<br \/>\nDe esta forma se pretende potenciar las compras en el comercio local a lo largo de todo el a\u00f1o y aumentar la competitividad de los establecimientos asociados. Torrevieja va a tener la oportunidad de ser pionera en empezar a utilizar este divertido sistema de fidelizaci\u00f3n comercial, esperando que cuente con la aceptaci\u00f3n de los clientes, tanto residentes como visitantes.<\/p>\n<p>La concejala de Comercio, Rosario Mart\u00ednez Chazarra y el presidente de Apymeco, Jorge Almarcha Vicente, esperan que este proyecto cale pronto en nuestra ciudad y sea una forma premiar a los clientes del comercio local.<\/p>\n<p>&nbsp;<\/p>\n","protected":false},"excerpt":{"rendered":"<p>&nbsp; La Concejal\u00eda de Comercio del Ayuntamiento de Torrevieja y la Asociaci\u00f3n de Peque\u00f1os y Medianos Comerciantes de Torrevieja (APYMECO), [&hellip;]<\/p>\n","protected":false},"author":2,"featured_media":0,"comment_status":"open","ping_status":"open","sticky":false,"template":"","format":"standard","meta":{"site-sidebar-layout":"default","site-content-layout":"","ast-site-content-layout":"default","site-content-style":"default","site-sidebar-style":"default","ast-global-header-display":"","ast-banner-title-visibility":"","ast-main-header-display":"","ast-hfb-above-header-display":"","ast-hfb-below-header-display":"","ast-hfb-mobile-header-display":"","site-post-title":"","ast-breadcrumbs-content":"","ast-featured-img":"","footer-sml-layout":"","ast-disable-related-posts":"","theme-transparent-header-meta":"","adv-header-id-meta":"","stick-header-meta":"","header-above-stick-meta":"","header-main-stick-meta":"","header-below-stick-meta":"","astra-migrate-meta-layouts":"default","ast-page-background-enabled":"default","ast-page-background-meta":{"desktop":{"background-color":"var(--ast-global-color-5)","background-image":"","background-repeat":"repeat","background-position":"center center","background-size":"auto","background-attachment":"scroll","background-type":"","background-media":"","overlay-type":"","overlay-color":"","overlay-opacity":"","overlay-gradient":""},"tablet":{"background-color":"","background-image":"","background-repeat":"repeat","background-position":"center center","background-size":"auto","background-attachment":"scroll","background-type":"","background-media":"","overlay-type":"","overlay-color":"","overlay-opacity":"","overlay-gradient":""},"mobile":{"background-color":"","background-image":"","background-repeat":"repeat","background-position":"center center","background-size":"auto","background-attachment":"scroll","background-type":"","background-media":"","overlay-type":"","overlay-color":"","overlay-opacity":"","overlay-gradient":""}},"ast-content-background-meta":{"desktop":{"background-color":"var(--ast-global-color-4)","background-image":"","background-repeat":"repeat","background-position":"center center","background-size":"auto","background-attachment":"scroll","background-type":"","background-media":"","overlay-type":"","overlay-color":"","overlay-opacity":"","overlay-gradient":""},"tablet":{"background-color":"var(--ast-global-color-4)","background-image":"","background-repeat":"repeat","background-position":"center center","background-size":"auto","background-attachment":"scroll","background-type":"","background-media":"","overlay-type":"","overlay-color":"","overlay-opacity":"","overlay-gradient":""},"mobile":{"background-color":"var(--ast-global-color-4)","background-image":"","background-repeat":"repeat","background-position":"center center","background-size":"auto","background-attachment":"scroll","background-type":"","background-media":"","overlay-type":"","overlay-color":"","overlay-opacity":"","overlay-gradient":""}},"footnotes":""},"categories":[526],"tags":[575,576],"class_list":["post-6998","post","type-post","status-publish","format-standard","hentry","category-eventos","tag-la-ruleta","tag-ruleta-comercio"],"yoast_head":"<!-- This site is optimized with the Yoast SEO Premium plugin v27.7 (Yoast SEO v27.8) - https:\/\/yoast.com\/product\/yoast-seo-premium-wordpress\/ -->\n<title>LA RULETA DEL COMERCIO DE TORREVIEJA - APYMECO Torrevieja<\/title>\n<meta name=\"robots\" content=\"index, follow, max-snippet:-1, max-image-preview:large, max-video-preview:-1\" \/>\n<link rel=\"canonical\" href=\"https:\/\/apymeco.netrotec.com\/es\/6998-2\/\" \/>\n<meta property=\"og:locale\" content=\"es_ES\" \/>\n<meta property=\"og:type\" content=\"article\" \/>\n<meta property=\"og:title\" content=\"LA RULETA DEL COMERCIO DE TORREVIEJA\" \/>\n<meta property=\"og:description\" content=\"&nbsp; La Concejal\u00eda de Comercio del Ayuntamiento de Torrevieja y la Asociaci\u00f3n de Peque\u00f1os y Medianos Comerciantes de Torrevieja (APYMECO), [&hellip;]\" \/>\n<meta property=\"og:url\" content=\"https:\/\/apymeco.netrotec.com\/es\/6998-2\/\" \/>\n<meta property=\"og:site_name\" content=\"APYMECO Torrevieja\" \/>\n<meta property=\"article:published_time\" content=\"2020-12-14T21:29:55+00:00\" \/>\n<meta property=\"og:image\" content=\"https:\/\/apymeco.netrotec.com\/wp-content\/uploads\/2021\/02\/RULETA.jpeg\" \/>\n\t<meta property=\"og:image:width\" content=\"1131\" \/>\n\t<meta property=\"og:image:height\" content=\"1600\" \/>\n\t<meta property=\"og:image:type\" content=\"image\/jpeg\" \/>\n<meta name=\"author\" content=\"Apymeco\" \/>\n<meta name=\"twitter:card\" content=\"summary_large_image\" \/>\n<meta name=\"twitter:label1\" content=\"Escrito por\" \/>\n\t<meta name=\"twitter:data1\" content=\"Apymeco\" \/>\n\t<meta name=\"twitter:label2\" content=\"Tiempo de lectura\" \/>\n\t<meta name=\"twitter:data2\" content=\"2 minutos\" \/>\n<script type=\"application\/ld+json\" class=\"yoast-schema-graph\">{\"@context\":\"https:\\\/\\\/schema.org\",\"@graph\":[{\"@type\":\"Article\",\"@id\":\"https:\\\/\\\/apymeco.netrotec.com\\\/6998-2\\\/#article\",\"isPartOf\":{\"@id\":\"https:\\\/\\\/apymeco.netrotec.com\\\/6998-2\\\/\"},\"author\":{\"name\":\"Apymeco\",\"@id\":\"https:\\\/\\\/apymeco.netrotec.com\\\/#\\\/schema\\\/person\\\/58f3bb0f5e04e2b6067d17d05470d2dd\"},\"headline\":\"LA RULETA DEL COMERCIO DE TORREVIEJA\",\"datePublished\":\"2020-12-14T21:29:55+00:00\",\"mainEntityOfPage\":{\"@id\":\"https:\\\/\\\/apymeco.netrotec.com\\\/6998-2\\\/\"},\"wordCount\":251,\"commentCount\":0,\"publisher\":{\"@id\":\"https:\\\/\\\/apymeco.netrotec.com\\\/#organization\"},\"image\":{\"@id\":\"https:\\\/\\\/apymeco.netrotec.com\\\/6998-2\\\/#primaryimage\"},\"thumbnailUrl\":\"https:\\\/\\\/apymeco.netrotec.com\\\/wp-content\\\/uploads\\\/RULETA-212x300.jpeg\",\"keywords\":[\"la ruleta\",\"ruleta comercio\"],\"articleSection\":[\"Eventos\"],\"inLanguage\":\"es\",\"potentialAction\":[{\"@type\":\"CommentAction\",\"name\":\"Comment\",\"target\":[\"https:\\\/\\\/apymeco.netrotec.com\\\/6998-2\\\/#respond\"]}]},{\"@type\":\"WebPage\",\"@id\":\"https:\\\/\\\/apymeco.netrotec.com\\\/6998-2\\\/\",\"url\":\"https:\\\/\\\/apymeco.netrotec.com\\\/6998-2\\\/\",\"name\":\"LA RULETA DEL COMERCIO DE TORREVIEJA - APYMECO Torrevieja\",\"isPartOf\":{\"@id\":\"https:\\\/\\\/apymeco.netrotec.com\\\/#website\"},\"primaryImageOfPage\":{\"@id\":\"https:\\\/\\\/apymeco.netrotec.com\\\/6998-2\\\/#primaryimage\"},\"image\":{\"@id\":\"https:\\\/\\\/apymeco.netrotec.com\\\/6998-2\\\/#primaryimage\"},\"thumbnailUrl\":\"https:\\\/\\\/apymeco.netrotec.com\\\/wp-content\\\/uploads\\\/RULETA-212x300.jpeg\",\"datePublished\":\"2020-12-14T21:29:55+00:00\",\"breadcrumb\":{\"@id\":\"https:\\\/\\\/apymeco.netrotec.com\\\/6998-2\\\/#breadcrumb\"},\"inLanguage\":\"es\",\"potentialAction\":[{\"@type\":\"ReadAction\",\"target\":[\"https:\\\/\\\/apymeco.netrotec.com\\\/6998-2\\\/\"]}]},{\"@type\":\"ImageObject\",\"inLanguage\":\"es\",\"@id\":\"https:\\\/\\\/apymeco.netrotec.com\\\/6998-2\\\/#primaryimage\",\"url\":\"https:\\\/\\\/apymeco.netrotec.com\\\/wp-content\\\/uploads\\\/RULETA-212x300.jpeg\",\"contentUrl\":\"https:\\\/\\\/apymeco.netrotec.com\\\/wp-content\\\/uploads\\\/RULETA-212x300.jpeg\"},{\"@type\":\"BreadcrumbList\",\"@id\":\"https:\\\/\\\/apymeco.netrotec.com\\\/6998-2\\\/#breadcrumb\",\"itemListElement\":[{\"@type\":\"ListItem\",\"position\":1,\"name\":\"Portada\",\"item\":\"https:\\\/\\\/apymeco.netrotec.com\\\/\"},{\"@type\":\"ListItem\",\"position\":2,\"name\":\"LA RULETA DEL COMERCIO DE TORREVIEJA\"}]},{\"@type\":\"WebSite\",\"@id\":\"https:\\\/\\\/apymeco.netrotec.com\\\/#website\",\"url\":\"https:\\\/\\\/apymeco.netrotec.com\\\/\",\"name\":\"APYMECO Torrevieja\",\"description\":\"\",\"publisher\":{\"@id\":\"https:\\\/\\\/apymeco.netrotec.com\\\/#organization\"},\"potentialAction\":[{\"@type\":\"SearchAction\",\"target\":{\"@type\":\"EntryPoint\",\"urlTemplate\":\"https:\\\/\\\/apymeco.netrotec.com\\\/?s={search_term_string}\"},\"query-input\":{\"@type\":\"PropertyValueSpecification\",\"valueRequired\":true,\"valueName\":\"search_term_string\"}}],\"inLanguage\":\"es\"},{\"@type\":\"Organization\",\"@id\":\"https:\\\/\\\/apymeco.netrotec.com\\\/#organization\",\"name\":\"APYMECO Torrevieja\",\"url\":\"https:\\\/\\\/apymeco.netrotec.com\\\/\",\"logo\":{\"@type\":\"ImageObject\",\"inLanguage\":\"es\",\"@id\":\"https:\\\/\\\/apymeco.netrotec.com\\\/#\\\/schema\\\/logo\\\/image\\\/\",\"url\":\"https:\\\/\\\/apymeco.netrotec.com\\\/wp-content\\\/uploads\\\/2026\\\/06\\\/logo-blanco.png\",\"contentUrl\":\"https:\\\/\\\/apymeco.netrotec.com\\\/wp-content\\\/uploads\\\/2026\\\/06\\\/logo-blanco.png\",\"width\":1107,\"height\":444,\"caption\":\"APYMECO Torrevieja\"},\"image\":{\"@id\":\"https:\\\/\\\/apymeco.netrotec.com\\\/#\\\/schema\\\/logo\\\/image\\\/\"}},{\"@type\":\"Person\",\"@id\":\"https:\\\/\\\/apymeco.netrotec.com\\\/#\\\/schema\\\/person\\\/58f3bb0f5e04e2b6067d17d05470d2dd\",\"name\":\"Apymeco\",\"url\":\"https:\\\/\\\/apymeco.netrotec.com\\\/es\\\/author\\\/apymeco\\\/\"}]}<\/script>\n<!-- \/ Yoast SEO Premium plugin. -->","yoast_head_json":{"title":"LA RULETA DEL COMERCIO DE TORREVIEJA - APYMECO Torrevieja","robots":{"index":"index","follow":"follow","max-snippet":"max-snippet:-1","max-image-preview":"max-image-preview:large","max-video-preview":"max-video-preview:-1"},"canonical":"https:\/\/apymeco.netrotec.com\/es\/6998-2\/","og_locale":"es_ES","og_type":"article","og_title":"LA RULETA DEL COMERCIO DE TORREVIEJA","og_description":"&nbsp; La Concejal\u00eda de Comercio del Ayuntamiento de Torrevieja y la Asociaci\u00f3n de Peque\u00f1os y Medianos Comerciantes de Torrevieja (APYMECO), [&hellip;]","og_url":"https:\/\/apymeco.netrotec.com\/es\/6998-2\/","og_site_name":"APYMECO Torrevieja","article_published_time":"2020-12-14T21:29:55+00:00","og_image":[{"width":1131,"height":1600,"url":"https:\/\/apymeco.netrotec.com\/wp-content\/uploads\/2021\/02\/RULETA.jpeg","type":"image\/jpeg"}],"author":"Apymeco","twitter_card":"summary_large_image","twitter_misc":{"Escrito por":"Apymeco","Tiempo de lectura":"2 minutos"},"schema":{"@context":"https:\/\/schema.org","@graph":[{"@type":"Article","@id":"https:\/\/apymeco.netrotec.com\/6998-2\/#article","isPartOf":{"@id":"https:\/\/apymeco.netrotec.com\/6998-2\/"},"author":{"name":"Apymeco","@id":"https:\/\/apymeco.netrotec.com\/#\/schema\/person\/58f3bb0f5e04e2b6067d17d05470d2dd"},"headline":"LA RULETA DEL COMERCIO DE TORREVIEJA","datePublished":"2020-12-14T21:29:55+00:00","mainEntityOfPage":{"@id":"https:\/\/apymeco.netrotec.com\/6998-2\/"},"wordCount":251,"commentCount":0,"publisher":{"@id":"https:\/\/apymeco.netrotec.com\/#organization"},"image":{"@id":"https:\/\/apymeco.netrotec.com\/6998-2\/#primaryimage"},"thumbnailUrl":"https:\/\/apymeco.netrotec.com\/wp-content\/uploads\/RULETA-212x300.jpeg","keywords":["la ruleta","ruleta comercio"],"articleSection":["Eventos"],"inLanguage":"es","potentialAction":[{"@type":"CommentAction","name":"Comment","target":["https:\/\/apymeco.netrotec.com\/6998-2\/#respond"]}]},{"@type":"WebPage","@id":"https:\/\/apymeco.netrotec.com\/6998-2\/","url":"https:\/\/apymeco.netrotec.com\/6998-2\/","name":"LA RULETA DEL COMERCIO DE TORREVIEJA - APYMECO Torrevieja","isPartOf":{"@id":"https:\/\/apymeco.netrotec.com\/#website"},"primaryImageOfPage":{"@id":"https:\/\/apymeco.netrotec.com\/6998-2\/#primaryimage"},"image":{"@id":"https:\/\/apymeco.netrotec.com\/6998-2\/#primaryimage"},"thumbnailUrl":"https:\/\/apymeco.netrotec.com\/wp-content\/uploads\/RULETA-212x300.jpeg","datePublished":"2020-12-14T21:29:55+00:00","breadcrumb":{"@id":"https:\/\/apymeco.netrotec.com\/6998-2\/#breadcrumb"},"inLanguage":"es","potentialAction":[{"@type":"ReadAction","target":["https:\/\/apymeco.netrotec.com\/6998-2\/"]}]},{"@type":"ImageObject","inLanguage":"es","@id":"https:\/\/apymeco.netrotec.com\/6998-2\/#primaryimage","url":"https:\/\/apymeco.netrotec.com\/wp-content\/uploads\/RULETA-212x300.jpeg","contentUrl":"https:\/\/apymeco.netrotec.com\/wp-content\/uploads\/RULETA-212x300.jpeg"},{"@type":"BreadcrumbList","@id":"https:\/\/apymeco.netrotec.com\/6998-2\/#breadcrumb","itemListElement":[{"@type":"ListItem","position":1,"name":"Portada","item":"https:\/\/apymeco.netrotec.com\/"},{"@type":"ListItem","position":2,"name":"LA RULETA DEL COMERCIO DE TORREVIEJA"}]},{"@type":"WebSite","@id":"https:\/\/apymeco.netrotec.com\/#website","url":"https:\/\/apymeco.netrotec.com\/","name":"APYMECO Torrevieja","description":"","publisher":{"@id":"https:\/\/apymeco.netrotec.com\/#organization"},"potentialAction":[{"@type":"SearchAction","target":{"@type":"EntryPoint","urlTemplate":"https:\/\/apymeco.netrotec.com\/?s={search_term_string}"},"query-input":{"@type":"PropertyValueSpecification","valueRequired":true,"valueName":"search_term_string"}}],"inLanguage":"es"},{"@type":"Organization","@id":"https:\/\/apymeco.netrotec.com\/#organization","name":"APYMECO Torrevieja","url":"https:\/\/apymeco.netrotec.com\/","logo":{"@type":"ImageObject","inLanguage":"es","@id":"https:\/\/apymeco.netrotec.com\/#\/schema\/logo\/image\/","url":"https:\/\/apymeco.netrotec.com\/wp-content\/uploads\/2026\/06\/logo-blanco.png","contentUrl":"https:\/\/apymeco.netrotec.com\/wp-content\/uploads\/2026\/06\/logo-blanco.png","width":1107,"height":444,"caption":"APYMECO Torrevieja"},"image":{"@id":"https:\/\/apymeco.netrotec.com\/#\/schema\/logo\/image\/"}},{"@type":"Person","@id":"https:\/\/apymeco.netrotec.com\/#\/schema\/person\/58f3bb0f5e04e2b6067d17d05470d2dd","name":"Apymeco","url":"https:\/\/apymeco.netrotec.com\/es\/author\/apymeco\/"}]}},"_links":{"self":[{"href":"https:\/\/apymeco.netrotec.com\/es\/wp-json\/wp\/v2\/posts\/6998","targetHints":{"allow":["GET"]}}],"collection":[{"href":"https:\/\/apymeco.netrotec.com\/es\/wp-json\/wp\/v2\/posts"}],"about":[{"href":"https:\/\/apymeco.netrotec.com\/es\/wp-json\/wp\/v2\/types\/post"}],"author":[{"embeddable":true,"href":"https:\/\/apymeco.netrotec.com\/es\/wp-json\/wp\/v2\/users\/2"}],"replies":[{"embeddable":true,"href":"https:\/\/apymeco.netrotec.com\/es\/wp-json\/wp\/v2\/comments?post=6998"}],"version-history":[{"count":0,"href":"https:\/\/apymeco.netrotec.com\/es\/wp-json\/wp\/v2\/posts\/6998\/revisions"}],"wp:attachment":[{"href":"https:\/\/apymeco.netrotec.com\/es\/wp-json\/wp\/v2\/media?parent=6998"}],"wp:term":[{"taxonomy":"category","embeddable":true,"href":"https:\/\/apymeco.netrotec.com\/es\/wp-json\/wp\/v2\/categories?post=6998"},{"taxonomy":"post_tag","embeddable":true,"href":"https:\/\/apymeco.netrotec.com\/es\/wp-json\/wp\/v2\/tags?post=6998"}],"curies":[{"name":"wp","href":"https:\/\/api.w.org\/{rel}","templated":true}]}}