{"id":7009,"date":"2021-03-08T00:01:09","date_gmt":"2021-03-07T22:01:09","guid":{"rendered":"https:\/\/www.apymeco.info\/?p=7009"},"modified":"2021-03-08T00:01:09","modified_gmt":"2021-03-07T22:01:09","slug":"las-mujeres-de-la-junta-directiva-dan-su-opinion-con-motivo-al-dia-de-la-mujer","status":"publish","type":"post","link":"https:\/\/apymeco.netrotec.com\/es\/las-mujeres-de-la-junta-directiva-dan-su-opinion-con-motivo-al-dia-de-la-mujer\/","title":{"rendered":"LAS MUJERES DE LA JUNTA DIRECTIVA DAN SU OPINION CON MOTIVO AL DIA DE LA MUJER"},"content":{"rendered":"<p>&nbsp;<\/p>\n<p>El\u00a0 8 de marzo se celebra en todo el mundo el <em>\u201c<strong>D\u00eda de la Mujer\u201d<\/strong><\/em><\/p>\n<p>Una celebraci\u00f3n reivindicativa de la mujer frente a la posici\u00f3n primordial y social frente al hombre.<\/p>\n<p><i>Entrevista a las mujeres que forman parte de la Junta Directiva de APYMECO desd<\/i><i>e <\/i>hace poco m\u00e1s de un a\u00f1o.<\/p>\n<p><em>Nicoletta Predassi,<\/em><\/p>\n<p><em>Encarnaci\u00f3n\u00a0 Mart\u00ednez Garc\u00eda, <\/em><img fetchpriority=\"high\" decoding=\"async\" class=\"wp-image-7012 alignright\" src=\"https:\/\/apymeco.netrotec.com\/wp-content\/uploads\/WhatsApp-Image-2021-03-02-at-21.47.05-300x122.jpeg\" alt=\"\" width=\"371\" height=\"151\" \/><\/p>\n<p><em>\u00a0y\u00a0\u00a0<\/em><em>Marta Mercader Hern\u00e1ndez.<\/em><\/p>\n<p>&nbsp;<\/p>\n<p>&nbsp;<\/p>\n<p><strong>\u00bfConsiderais que la mujer de 2021 est\u00e1 tan discriminada como hace 20 a\u00f1os?<\/strong><\/p>\n<p><strong>M.A.:<\/strong>\u00a0No, con suerte vamos evolucionando aunque a\u00fan falta recorrido por hacer en cuestiones igualdad de oportunidades, conciliaci\u00f3n familiar, brecha salarial. Las mujeres estamos en constante b\u00fasqueda del equilibrio perfecto para poder cumplir en todos los frentes. Nos autoexigimos mucho y la sociedad tambi\u00e9n. A\u00fan hay mucho para\u00a0 hacer.<\/p>\n<p><strong>C\u00f3mo miembro de una Asociaci\u00f3n tan importante en la ciudad como Apymeco, \u00bf<\/strong><strong>Qu\u00e9 les dir\u00edais a aquellas mujeres que se planteen<\/strong><strong>\u00a0montar un negocio por su cuenta?<\/strong><\/p>\n<p><strong>M.A.:<\/strong>\u00a0Si crees en un proyecto lucha por \u00e9l, si crees en ti misma no tengas dudas\u2026 simplemente haz que pase! Ahora si, tienes que ser sincera contigo misma, saber tus limitaciones y que el camino no va a ser f\u00e1cil pero va a merecer la pena por la experiencia que te regalar\u00e1. Ponte peque\u00f1as metas diarias y el poderla cumplir te dar\u00e1n \u00e1nimo para seguir.\u00a0 Cuando te pares y mires atr\u00e1s ver\u00e1s todo lo que habr\u00e1s logrado.<\/p>\n<p>&nbsp;<\/p>\n<p><strong>\u00bfConsider\u00e1is que la mujer lo sigue teniendo m\u00e1s dif\u00edcil a la hora de sacar adelante un negocio comercial?<\/strong><\/p>\n<p><strong>M.A.: Si<\/strong>, como ya mencion\u00e9 lo m\u00e1s dif\u00edcil es la conciliaci\u00f3n.\u00a0 A nivel social a\u00fan hay una brecha entre lo que se espera de una mujer y de un hombre. Entiendo que viene por el tipo de ejemplo que hemos vivido, el tipo de educaci\u00f3n que hemos recibido. En pasado la mujer tuvo que buscar su importancia , su val\u00eda y su lugar en un contesto muy diferente del actual. Estamos en continua evoluci\u00f3n intentando adaptarnos a una sociedad muy dura.<\/p>\n<p>&nbsp;<\/p>\n<p><strong>Estamos en\u00a0 una pandemia que est\u00e1 recortando las condiciones de los comercios, \u00bfcu\u00e1l ser\u00eda vuestras propuesta para poder seguir viviendo sin\u00a0 bajar la persiana?<\/strong><\/p>\n<p><strong>M.A.:<\/strong>\u00a0Un cambio r\u00e1pido a esta nueva realidad, creando nuevos canales de comercializaci\u00f3n. Tenemos una oportunidad estupenda para poder hacer este salto digital que ya no se puede aplazar m\u00e1s. Tenemos herramientas de sobra para poder utilizar (redes sociales, plataformas digitales para e-commerce). Quien no se adapte est\u00e1 destinado a cerrar.<\/p>\n<p>Hay que fomentar el \u201cNet working\u201d. A nivel local es fundamental remar todos por la misma direcci\u00f3n tendiendo el apoyo de las instituciones gubernativas para poder crear una plataforma de comercio virtual que ayude a paliar los efectos de los gigantes del comercio on-line.<\/p>\n<p><strong>\u00bfQu\u00e9 pedir\u00edais a los diferentes gobiernos, nacionales, regionales y locales para que no \u201cmuera\u201d\u00a0 el comercio en tiempos de pandemia?<\/strong><\/p>\n<p><strong>M.A.: <\/strong>Que apoyen econ\u00f3micamente a los aut\u00f3nomos, a las empresas d\u00e1ndole facilidades para sobrevivir en estos tiempos tan duros, que aceleren el proceso de vacunaci\u00f3n al m\u00e1ximo posible, apoy\u00e1ndose a las infraestructuras privadas si hiciera falta para poder volver a la normalidad lo antes posible.\u00a0 El comercio es el motor de la econom\u00eda y es vital que goce de buena salud para que todo el mundo se beneficie. Sin comercio no hay econom\u00eda y sin econom\u00eda la sociedad se para.<\/p>\n<p>&nbsp;<\/p>\n<p><img decoding=\"async\" class=\"aligncenter wp-image-7017\" src=\"https:\/\/apymeco.netrotec.com\/wp-content\/uploads\/web-ok-300x128.jpeg\" alt=\"\" width=\"361\" height=\"154\" \/><\/p>\n","protected":false},"excerpt":{"rendered":"<p>&nbsp; El\u00a0 8 de marzo se celebra en todo el mundo el \u201cD\u00eda de la Mujer\u201d Una celebraci\u00f3n reivindicativa de [&hellip;]<\/p>\n","protected":false},"author":2,"featured_media":0,"comment_status":"open","ping_status":"open","sticky":false,"template":"","format":"standard","meta":{"site-sidebar-layout":"default","site-content-layout":"","ast-site-content-layout":"default","site-content-style":"default","site-sidebar-style":"default","ast-global-header-display":"","ast-banner-title-visibility":"","ast-main-header-display":"","ast-hfb-above-header-display":"","ast-hfb-below-header-display":"","ast-hfb-mobile-header-display":"","site-post-title":"","ast-breadcrumbs-content":"","ast-featured-img":"","footer-sml-layout":"","ast-disable-related-posts":"","theme-transparent-header-meta":"","adv-header-id-meta":"","stick-header-meta":"","header-above-stick-meta":"","header-main-stick-meta":"","header-below-stick-meta":"","astra-migrate-meta-layouts":"default","ast-page-background-enabled":"default","ast-page-background-meta":{"desktop":{"background-color":"var(--ast-global-color-5)","background-image":"","background-repeat":"repeat","background-position":"center center","background-size":"auto","background-attachment":"scroll","background-type":"","background-media":"","overlay-type":"","overlay-color":"","overlay-opacity":"","overlay-gradient":""},"tablet":{"background-color":"","background-image":"","background-repeat":"repeat","background-position":"center center","background-size":"auto","background-attachment":"scroll","background-type":"","background-media":"","overlay-type":"","overlay-color":"","overlay-opacity":"","overlay-gradient":""},"mobile":{"background-color":"","background-image":"","background-repeat":"repeat","background-position":"center center","background-size":"auto","background-attachment":"scroll","background-type":"","background-media":"","overlay-type":"","overlay-color":"","overlay-opacity":"","overlay-gradient":""}},"ast-content-background-meta":{"desktop":{"background-color":"var(--ast-global-color-4)","background-image":"","background-repeat":"repeat","background-position":"center center","background-size":"auto","background-attachment":"scroll","background-type":"","background-media":"","overlay-type":"","overlay-color":"","overlay-opacity":"","overlay-gradient":""},"tablet":{"background-color":"var(--ast-global-color-4)","background-image":"","background-repeat":"repeat","background-position":"center center","background-size":"auto","background-attachment":"scroll","background-type":"","background-media":"","overlay-type":"","overlay-color":"","overlay-opacity":"","overlay-gradient":""},"mobile":{"background-color":"var(--ast-global-color-4)","background-image":"","background-repeat":"repeat","background-position":"center center","background-size":"auto","background-attachment":"scroll","background-type":"","background-media":"","overlay-type":"","overlay-color":"","overlay-opacity":"","overlay-gradient":""}},"footnotes":""},"categories":[521],"tags":[577,578,579],"class_list":["post-7009","post","type-post","status-publish","format-standard","hentry","category-junta-directiva","tag-8-marzo","tag-dia-internacional-de-la-mujer","tag-entrevista-mujeres-junta-directiva-apymeco"],"yoast_head":"<!-- This site is optimized with the Yoast SEO Premium plugin v27.7 (Yoast SEO v27.8) - https:\/\/yoast.com\/product\/yoast-seo-premium-wordpress\/ -->\n<title>LAS MUJERES DE LA JUNTA DIRECTIVA DAN SU OPINION CON MOTIVO AL DIA DE LA MUJER - APYMECO Torrevieja<\/title>\n<meta name=\"robots\" content=\"index, follow, max-snippet:-1, max-image-preview:large, max-video-preview:-1\" \/>\n<link rel=\"canonical\" href=\"https:\/\/apymeco.netrotec.com\/es\/las-mujeres-de-la-junta-directiva-dan-su-opinion-con-motivo-al-dia-de-la-mujer\/\" \/>\n<meta property=\"og:locale\" content=\"es_ES\" \/>\n<meta property=\"og:type\" content=\"article\" \/>\n<meta property=\"og:title\" content=\"LAS MUJERES DE LA JUNTA DIRECTIVA DAN SU OPINION CON MOTIVO AL DIA DE LA MUJER\" \/>\n<meta property=\"og:description\" content=\"&nbsp; El\u00a0 8 de marzo se celebra en todo el mundo el \u201cD\u00eda de la Mujer\u201d Una celebraci\u00f3n reivindicativa de [&hellip;]\" \/>\n<meta property=\"og:url\" content=\"https:\/\/apymeco.netrotec.com\/es\/las-mujeres-de-la-junta-directiva-dan-su-opinion-con-motivo-al-dia-de-la-mujer\/\" \/>\n<meta property=\"og:site_name\" content=\"APYMECO Torrevieja\" \/>\n<meta property=\"article:published_time\" content=\"2021-03-07T22:01:09+00:00\" \/>\n<meta property=\"og:image\" content=\"https:\/\/apymeco.netrotec.com\/wp-content\/uploads\/2021\/03\/WhatsApp-Image-2021-03-02-at-21.47.05.jpeg\" \/>\n\t<meta property=\"og:image:width\" content=\"1600\" \/>\n\t<meta property=\"og:image:height\" content=\"653\" \/>\n\t<meta property=\"og:image:type\" content=\"image\/jpeg\" \/>\n<meta name=\"author\" content=\"Apymeco\" \/>\n<meta name=\"twitter:card\" content=\"summary_large_image\" \/>\n<meta name=\"twitter:label1\" content=\"Escrito por\" \/>\n\t<meta name=\"twitter:data1\" content=\"Apymeco\" \/>\n\t<meta name=\"twitter:label2\" content=\"Tiempo de lectura\" \/>\n\t<meta name=\"twitter:data2\" content=\"4 minutos\" \/>\n<script type=\"application\/ld+json\" class=\"yoast-schema-graph\">{\"@context\":\"https:\\\/\\\/schema.org\",\"@graph\":[{\"@type\":\"Article\",\"@id\":\"https:\\\/\\\/apymeco.netrotec.com\\\/las-mujeres-de-la-junta-directiva-dan-su-opinion-con-motivo-al-dia-de-la-mujer\\\/#article\",\"isPartOf\":{\"@id\":\"https:\\\/\\\/apymeco.netrotec.com\\\/las-mujeres-de-la-junta-directiva-dan-su-opinion-con-motivo-al-dia-de-la-mujer\\\/\"},\"author\":{\"name\":\"Apymeco\",\"@id\":\"https:\\\/\\\/apymeco.netrotec.com\\\/#\\\/schema\\\/person\\\/58f3bb0f5e04e2b6067d17d05470d2dd\"},\"headline\":\"LAS MUJERES DE LA JUNTA DIRECTIVA DAN SU OPINION CON MOTIVO AL DIA DE LA MUJER\",\"datePublished\":\"2021-03-07T22:01:09+00:00\",\"mainEntityOfPage\":{\"@id\":\"https:\\\/\\\/apymeco.netrotec.com\\\/las-mujeres-de-la-junta-directiva-dan-su-opinion-con-motivo-al-dia-de-la-mujer\\\/\"},\"wordCount\":619,\"commentCount\":0,\"publisher\":{\"@id\":\"https:\\\/\\\/apymeco.netrotec.com\\\/#organization\"},\"image\":{\"@id\":\"https:\\\/\\\/apymeco.netrotec.com\\\/las-mujeres-de-la-junta-directiva-dan-su-opinion-con-motivo-al-dia-de-la-mujer\\\/#primaryimage\"},\"thumbnailUrl\":\"https:\\\/\\\/apymeco.netrotec.com\\\/wp-content\\\/uploads\\\/WhatsApp-Image-2021-03-02-at-21.47.05-300x122.jpeg\",\"keywords\":[\"8 MARZO\",\"DIA INTERNACIONAL DE LA MUJER\",\"ENTREVISTA MUJERES JUNTA DIRECTIVA APYMECO\"],\"articleSection\":[\"Junta directiva\"],\"inLanguage\":\"es\",\"potentialAction\":[{\"@type\":\"CommentAction\",\"name\":\"Comment\",\"target\":[\"https:\\\/\\\/apymeco.netrotec.com\\\/las-mujeres-de-la-junta-directiva-dan-su-opinion-con-motivo-al-dia-de-la-mujer\\\/#respond\"]}]},{\"@type\":\"WebPage\",\"@id\":\"https:\\\/\\\/apymeco.netrotec.com\\\/las-mujeres-de-la-junta-directiva-dan-su-opinion-con-motivo-al-dia-de-la-mujer\\\/\",\"url\":\"https:\\\/\\\/apymeco.netrotec.com\\\/las-mujeres-de-la-junta-directiva-dan-su-opinion-con-motivo-al-dia-de-la-mujer\\\/\",\"name\":\"LAS MUJERES DE LA JUNTA DIRECTIVA DAN SU OPINION CON MOTIVO AL DIA DE LA MUJER - APYMECO Torrevieja\",\"isPartOf\":{\"@id\":\"https:\\\/\\\/apymeco.netrotec.com\\\/#website\"},\"primaryImageOfPage\":{\"@id\":\"https:\\\/\\\/apymeco.netrotec.com\\\/las-mujeres-de-la-junta-directiva-dan-su-opinion-con-motivo-al-dia-de-la-mujer\\\/#primaryimage\"},\"image\":{\"@id\":\"https:\\\/\\\/apymeco.netrotec.com\\\/las-mujeres-de-la-junta-directiva-dan-su-opinion-con-motivo-al-dia-de-la-mujer\\\/#primaryimage\"},\"thumbnailUrl\":\"https:\\\/\\\/apymeco.netrotec.com\\\/wp-content\\\/uploads\\\/WhatsApp-Image-2021-03-02-at-21.47.05-300x122.jpeg\",\"datePublished\":\"2021-03-07T22:01:09+00:00\",\"breadcrumb\":{\"@id\":\"https:\\\/\\\/apymeco.netrotec.com\\\/las-mujeres-de-la-junta-directiva-dan-su-opinion-con-motivo-al-dia-de-la-mujer\\\/#breadcrumb\"},\"inLanguage\":\"es\",\"potentialAction\":[{\"@type\":\"ReadAction\",\"target\":[\"https:\\\/\\\/apymeco.netrotec.com\\\/las-mujeres-de-la-junta-directiva-dan-su-opinion-con-motivo-al-dia-de-la-mujer\\\/\"]}]},{\"@type\":\"ImageObject\",\"inLanguage\":\"es\",\"@id\":\"https:\\\/\\\/apymeco.netrotec.com\\\/las-mujeres-de-la-junta-directiva-dan-su-opinion-con-motivo-al-dia-de-la-mujer\\\/#primaryimage\",\"url\":\"https:\\\/\\\/apymeco.netrotec.com\\\/wp-content\\\/uploads\\\/WhatsApp-Image-2021-03-02-at-21.47.05-300x122.jpeg\",\"contentUrl\":\"https:\\\/\\\/apymeco.netrotec.com\\\/wp-content\\\/uploads\\\/WhatsApp-Image-2021-03-02-at-21.47.05-300x122.jpeg\"},{\"@type\":\"BreadcrumbList\",\"@id\":\"https:\\\/\\\/apymeco.netrotec.com\\\/las-mujeres-de-la-junta-directiva-dan-su-opinion-con-motivo-al-dia-de-la-mujer\\\/#breadcrumb\",\"itemListElement\":[{\"@type\":\"ListItem\",\"position\":1,\"name\":\"Portada\",\"item\":\"https:\\\/\\\/apymeco.netrotec.com\\\/\"},{\"@type\":\"ListItem\",\"position\":2,\"name\":\"LAS MUJERES DE LA JUNTA DIRECTIVA DAN SU OPINION CON MOTIVO AL DIA DE LA MUJER\"}]},{\"@type\":\"WebSite\",\"@id\":\"https:\\\/\\\/apymeco.netrotec.com\\\/#website\",\"url\":\"https:\\\/\\\/apymeco.netrotec.com\\\/\",\"name\":\"APYMECO Torrevieja\",\"description\":\"\",\"publisher\":{\"@id\":\"https:\\\/\\\/apymeco.netrotec.com\\\/#organization\"},\"potentialAction\":[{\"@type\":\"SearchAction\",\"target\":{\"@type\":\"EntryPoint\",\"urlTemplate\":\"https:\\\/\\\/apymeco.netrotec.com\\\/?s={search_term_string}\"},\"query-input\":{\"@type\":\"PropertyValueSpecification\",\"valueRequired\":true,\"valueName\":\"search_term_string\"}}],\"inLanguage\":\"es\"},{\"@type\":\"Organization\",\"@id\":\"https:\\\/\\\/apymeco.netrotec.com\\\/#organization\",\"name\":\"APYMECO Torrevieja\",\"url\":\"https:\\\/\\\/apymeco.netrotec.com\\\/\",\"logo\":{\"@type\":\"ImageObject\",\"inLanguage\":\"es\",\"@id\":\"https:\\\/\\\/apymeco.netrotec.com\\\/#\\\/schema\\\/logo\\\/image\\\/\",\"url\":\"https:\\\/\\\/apymeco.netrotec.com\\\/wp-content\\\/uploads\\\/2026\\\/06\\\/logo-blanco.png\",\"contentUrl\":\"https:\\\/\\\/apymeco.netrotec.com\\\/wp-content\\\/uploads\\\/2026\\\/06\\\/logo-blanco.png\",\"width\":1107,\"height\":444,\"caption\":\"APYMECO Torrevieja\"},\"image\":{\"@id\":\"https:\\\/\\\/apymeco.netrotec.com\\\/#\\\/schema\\\/logo\\\/image\\\/\"}},{\"@type\":\"Person\",\"@id\":\"https:\\\/\\\/apymeco.netrotec.com\\\/#\\\/schema\\\/person\\\/58f3bb0f5e04e2b6067d17d05470d2dd\",\"name\":\"Apymeco\",\"url\":\"https:\\\/\\\/apymeco.netrotec.com\\\/es\\\/author\\\/apymeco\\\/\"}]}<\/script>\n<!-- \/ Yoast SEO Premium plugin. -->","yoast_head_json":{"title":"LAS MUJERES DE LA JUNTA DIRECTIVA DAN SU OPINION CON MOTIVO AL DIA DE LA MUJER - APYMECO Torrevieja","robots":{"index":"index","follow":"follow","max-snippet":"max-snippet:-1","max-image-preview":"max-image-preview:large","max-video-preview":"max-video-preview:-1"},"canonical":"https:\/\/apymeco.netrotec.com\/es\/las-mujeres-de-la-junta-directiva-dan-su-opinion-con-motivo-al-dia-de-la-mujer\/","og_locale":"es_ES","og_type":"article","og_title":"LAS MUJERES DE LA JUNTA DIRECTIVA DAN SU OPINION CON MOTIVO AL DIA DE LA MUJER","og_description":"&nbsp; El\u00a0 8 de marzo se celebra en todo el mundo el \u201cD\u00eda de la Mujer\u201d Una celebraci\u00f3n reivindicativa de [&hellip;]","og_url":"https:\/\/apymeco.netrotec.com\/es\/las-mujeres-de-la-junta-directiva-dan-su-opinion-con-motivo-al-dia-de-la-mujer\/","og_site_name":"APYMECO Torrevieja","article_published_time":"2021-03-07T22:01:09+00:00","og_image":[{"width":1600,"height":653,"url":"https:\/\/apymeco.netrotec.com\/wp-content\/uploads\/2021\/03\/WhatsApp-Image-2021-03-02-at-21.47.05.jpeg","type":"image\/jpeg"}],"author":"Apymeco","twitter_card":"summary_large_image","twitter_misc":{"Escrito por":"Apymeco","Tiempo de lectura":"4 minutos"},"schema":{"@context":"https:\/\/schema.org","@graph":[{"@type":"Article","@id":"https:\/\/apymeco.netrotec.com\/las-mujeres-de-la-junta-directiva-dan-su-opinion-con-motivo-al-dia-de-la-mujer\/#article","isPartOf":{"@id":"https:\/\/apymeco.netrotec.com\/las-mujeres-de-la-junta-directiva-dan-su-opinion-con-motivo-al-dia-de-la-mujer\/"},"author":{"name":"Apymeco","@id":"https:\/\/apymeco.netrotec.com\/#\/schema\/person\/58f3bb0f5e04e2b6067d17d05470d2dd"},"headline":"LAS MUJERES DE LA JUNTA DIRECTIVA DAN SU OPINION CON MOTIVO AL DIA DE LA MUJER","datePublished":"2021-03-07T22:01:09+00:00","mainEntityOfPage":{"@id":"https:\/\/apymeco.netrotec.com\/las-mujeres-de-la-junta-directiva-dan-su-opinion-con-motivo-al-dia-de-la-mujer\/"},"wordCount":619,"commentCount":0,"publisher":{"@id":"https:\/\/apymeco.netrotec.com\/#organization"},"image":{"@id":"https:\/\/apymeco.netrotec.com\/las-mujeres-de-la-junta-directiva-dan-su-opinion-con-motivo-al-dia-de-la-mujer\/#primaryimage"},"thumbnailUrl":"https:\/\/apymeco.netrotec.com\/wp-content\/uploads\/WhatsApp-Image-2021-03-02-at-21.47.05-300x122.jpeg","keywords":["8 MARZO","DIA INTERNACIONAL DE LA MUJER","ENTREVISTA MUJERES JUNTA DIRECTIVA APYMECO"],"articleSection":["Junta directiva"],"inLanguage":"es","potentialAction":[{"@type":"CommentAction","name":"Comment","target":["https:\/\/apymeco.netrotec.com\/las-mujeres-de-la-junta-directiva-dan-su-opinion-con-motivo-al-dia-de-la-mujer\/#respond"]}]},{"@type":"WebPage","@id":"https:\/\/apymeco.netrotec.com\/las-mujeres-de-la-junta-directiva-dan-su-opinion-con-motivo-al-dia-de-la-mujer\/","url":"https:\/\/apymeco.netrotec.com\/las-mujeres-de-la-junta-directiva-dan-su-opinion-con-motivo-al-dia-de-la-mujer\/","name":"LAS MUJERES DE LA JUNTA DIRECTIVA DAN SU OPINION CON MOTIVO AL DIA DE LA MUJER - APYMECO Torrevieja","isPartOf":{"@id":"https:\/\/apymeco.netrotec.com\/#website"},"primaryImageOfPage":{"@id":"https:\/\/apymeco.netrotec.com\/las-mujeres-de-la-junta-directiva-dan-su-opinion-con-motivo-al-dia-de-la-mujer\/#primaryimage"},"image":{"@id":"https:\/\/apymeco.netrotec.com\/las-mujeres-de-la-junta-directiva-dan-su-opinion-con-motivo-al-dia-de-la-mujer\/#primaryimage"},"thumbnailUrl":"https:\/\/apymeco.netrotec.com\/wp-content\/uploads\/WhatsApp-Image-2021-03-02-at-21.47.05-300x122.jpeg","datePublished":"2021-03-07T22:01:09+00:00","breadcrumb":{"@id":"https:\/\/apymeco.netrotec.com\/las-mujeres-de-la-junta-directiva-dan-su-opinion-con-motivo-al-dia-de-la-mujer\/#breadcrumb"},"inLanguage":"es","potentialAction":[{"@type":"ReadAction","target":["https:\/\/apymeco.netrotec.com\/las-mujeres-de-la-junta-directiva-dan-su-opinion-con-motivo-al-dia-de-la-mujer\/"]}]},{"@type":"ImageObject","inLanguage":"es","@id":"https:\/\/apymeco.netrotec.com\/las-mujeres-de-la-junta-directiva-dan-su-opinion-con-motivo-al-dia-de-la-mujer\/#primaryimage","url":"https:\/\/apymeco.netrotec.com\/wp-content\/uploads\/WhatsApp-Image-2021-03-02-at-21.47.05-300x122.jpeg","contentUrl":"https:\/\/apymeco.netrotec.com\/wp-content\/uploads\/WhatsApp-Image-2021-03-02-at-21.47.05-300x122.jpeg"},{"@type":"BreadcrumbList","@id":"https:\/\/apymeco.netrotec.com\/las-mujeres-de-la-junta-directiva-dan-su-opinion-con-motivo-al-dia-de-la-mujer\/#breadcrumb","itemListElement":[{"@type":"ListItem","position":1,"name":"Portada","item":"https:\/\/apymeco.netrotec.com\/"},{"@type":"ListItem","position":2,"name":"LAS MUJERES DE LA JUNTA DIRECTIVA DAN SU OPINION CON MOTIVO AL DIA DE LA MUJER"}]},{"@type":"WebSite","@id":"https:\/\/apymeco.netrotec.com\/#website","url":"https:\/\/apymeco.netrotec.com\/","name":"APYMECO Torrevieja","description":"","publisher":{"@id":"https:\/\/apymeco.netrotec.com\/#organization"},"potentialAction":[{"@type":"SearchAction","target":{"@type":"EntryPoint","urlTemplate":"https:\/\/apymeco.netrotec.com\/?s={search_term_string}"},"query-input":{"@type":"PropertyValueSpecification","valueRequired":true,"valueName":"search_term_string"}}],"inLanguage":"es"},{"@type":"Organization","@id":"https:\/\/apymeco.netrotec.com\/#organization","name":"APYMECO Torrevieja","url":"https:\/\/apymeco.netrotec.com\/","logo":{"@type":"ImageObject","inLanguage":"es","@id":"https:\/\/apymeco.netrotec.com\/#\/schema\/logo\/image\/","url":"https:\/\/apymeco.netrotec.com\/wp-content\/uploads\/2026\/06\/logo-blanco.png","contentUrl":"https:\/\/apymeco.netrotec.com\/wp-content\/uploads\/2026\/06\/logo-blanco.png","width":1107,"height":444,"caption":"APYMECO Torrevieja"},"image":{"@id":"https:\/\/apymeco.netrotec.com\/#\/schema\/logo\/image\/"}},{"@type":"Person","@id":"https:\/\/apymeco.netrotec.com\/#\/schema\/person\/58f3bb0f5e04e2b6067d17d05470d2dd","name":"Apymeco","url":"https:\/\/apymeco.netrotec.com\/es\/author\/apymeco\/"}]}},"_links":{"self":[{"href":"https:\/\/apymeco.netrotec.com\/es\/wp-json\/wp\/v2\/posts\/7009","targetHints":{"allow":["GET"]}}],"collection":[{"href":"https:\/\/apymeco.netrotec.com\/es\/wp-json\/wp\/v2\/posts"}],"about":[{"href":"https:\/\/apymeco.netrotec.com\/es\/wp-json\/wp\/v2\/types\/post"}],"author":[{"embeddable":true,"href":"https:\/\/apymeco.netrotec.com\/es\/wp-json\/wp\/v2\/users\/2"}],"replies":[{"embeddable":true,"href":"https:\/\/apymeco.netrotec.com\/es\/wp-json\/wp\/v2\/comments?post=7009"}],"version-history":[{"count":0,"href":"https:\/\/apymeco.netrotec.com\/es\/wp-json\/wp\/v2\/posts\/7009\/revisions"}],"wp:attachment":[{"href":"https:\/\/apymeco.netrotec.com\/es\/wp-json\/wp\/v2\/media?parent=7009"}],"wp:term":[{"taxonomy":"category","embeddable":true,"href":"https:\/\/apymeco.netrotec.com\/es\/wp-json\/wp\/v2\/categories?post=7009"},{"taxonomy":"post_tag","embeddable":true,"href":"https:\/\/apymeco.netrotec.com\/es\/wp-json\/wp\/v2\/tags?post=7009"}],"curies":[{"name":"wp","href":"https:\/\/api.w.org\/{rel}","templated":true}]}}