{"id":7081,"date":"2021-03-26T12:23:22","date_gmt":"2021-03-26T10:23:22","guid":{"rendered":"https:\/\/www.apymeco.info\/?p=7081"},"modified":"2021-03-26T12:23:22","modified_gmt":"2021-03-26T10:23:22","slug":"el-comercio-con-la-semana-santa-2021","status":"publish","type":"post","link":"https:\/\/apymeco.netrotec.com\/es\/el-comercio-con-la-semana-santa-2021\/","title":{"rendered":"EL COMERCIO CON LA SEMANA SANTA 2021"},"content":{"rendered":"<h3 style=\"text-align: center;\"><strong>M\u00e1s de 120 fotograf\u00edas \u00a0llenar\u00e1n los escaparates de la ciudad, componiendo una \u201cprocesi\u00f3n est\u00e1tica\u201d \u00a0de nuestra Semana de Pasi\u00f3n<\/strong><\/h3>\n<p><img fetchpriority=\"high\" decoding=\"async\" class=\" wp-image-7084 alignright\" src=\"https:\/\/apymeco.netrotec.com\/wp-content\/uploads\/20210329123912516_0001-1-300x212.jpg\" alt=\"\" width=\"404\" height=\"286\" \/><\/p>\n<p>Los salones del Real Club N\u00e1utico de Torrevieja acogieron en la tarde de ayer, la presentaci\u00f3n de la Campa\u00f1a <em><strong>\u201cEl comercio con la Semana Santa\u201d<\/strong>, <\/em>interviniendo en primer lugar el presidente de la Asociaci\u00f3n de Peque\u00f1os y Medianos Comerciantes de Torrevieja (APYMECO), Jorge Almarcha, que agradeci\u00f3 a la concejal\u00eda su motivaci\u00f3n, para hacer llegar a la Junta Mayor de Cofrad\u00edas y Hermandades de la Semana Santa, una propuesta que Apymeco, quiere que permanezca en el tiempo, como es la puesta a disposici\u00f3n de algo tan importante como los escaparates de nuestros comercios, para dar a conocer los eventos e inquietudes culturales de nuestra ciudad, como la de Semana Santa, o en el futuro el Certamen de Habaneras, Carnaval, o como reclamo de los diferentes eventos que se celebran en el Teatro Municipal.<\/p>\n<p>Resumi\u00f3 la campa\u00f1a como la realizaci\u00f3n de una \u201cprocesi\u00f3n est\u00e1tica\u201d, donde los veinticuatro escaparates que se han adherido a la campa\u00f1a, ser\u00e1n adem\u00e1s\u00a0 una exposici\u00f3n\u00a0 del\u00a0 arte de nuestros fot\u00f3grafos locales.<\/p>\n<p>Por su parte el presidente de la Junta Mayor de Cofrad\u00edas, Ignacio Suarez, coment\u00f3 los pormenores que se han seguido, para que las fotograf\u00edas de todos los colaboradores que cada a\u00f1o plasman con sus c\u00e1maras la Semana Santa de Torrevieja, aportaran tal cantidad de fotos, que no hubiera sido imposible exponerlas todas, por lo que se ha realizado una selecci\u00f3n de 120, las cuales se han enmarcado con los logos de los patrocinadores y colaboradores y que a partir de ma\u00f1ana se podr\u00e1n disfrutar en nuestros escaparates.<\/p>\n<p><img decoding=\"async\" class=\" wp-image-7087 alignleft\" src=\"https:\/\/apymeco.netrotec.com\/wp-content\/uploads\/libros-300x201.jpg\" alt=\"\" width=\"269\" height=\"180\" \/><\/p>\n<p>&nbsp;<\/p>\n<p>Por otra parte ha querido agradecer el ofrecimiento de Apymeco para distribuir en sus comercios asociados, los cuadernos para colorear y las pulseras conmemorativas del 40 Aniversario para su venta, la cual ir\u00e1 destinada a las Caritas Parroquiales de la Ciudad.<\/p>\n<p>&nbsp;<\/p>\n<p>&nbsp;<\/p>\n<p>El gerente del Real Club N\u00e1utico, Carlos Torrado, intervino para agradecer que entidades como las presentes y el propio Ayuntamiento, acudan a la sede del club para cualquier evento que se precise, al igual que para todas las asociaciones, pues como bien dijo, el Club N\u00e1utico es \u201cde Torrevieja\u201d.<\/p>\n<p>Miguel Fern\u00e1ndez, gerente de Instituto Municipal de Cultura \u201cJoaqu\u00edn Chapaprieta\u201d, destac\u00f3 ante todo que la cultura siga viva, pese al Covid y que asociaciones como la Junta Mayor se reinventen para que las tradiciones no desaparezcan, al tiempo que destac\u00f3 la labor de Apymeco, como elemento difusor de la cultura a trav\u00e9s del Comercio.<\/p>\n<p>Por \u00faltimo la concejala de Comercio y Turismo, dio las gracias a ambas asociaciones por la facilidad y eficacia con la que se ha trabajado en esta campa\u00f1a y coment\u00f3 que el futuro que espera al turismo y al comercio de Torrevieja, es ilusionante y en el que entidades como Apymeco, Hosteler\u00eda, la Junta Mayor de Cofrad\u00edas y otras entidades culturales y festivas, tienen mucho que aportar.<\/p>\n<p><img decoding=\"async\" class=\"aligncenter  wp-image-7091\" src=\"https:\/\/apymeco.netrotec.com\/wp-content\/uploads\/logos-300x73.png\" alt=\"\" width=\"584\" height=\"142\" \/><\/p>\n","protected":false},"excerpt":{"rendered":"<p>M\u00e1s de 120 fotograf\u00edas \u00a0llenar\u00e1n los escaparates de la ciudad, componiendo una \u201cprocesi\u00f3n est\u00e1tica\u201d \u00a0de nuestra Semana de Pasi\u00f3n Los [&hellip;]<\/p>\n","protected":false},"author":2,"featured_media":0,"comment_status":"open","ping_status":"open","sticky":false,"template":"","format":"standard","meta":{"site-sidebar-layout":"default","site-content-layout":"","ast-site-content-layout":"default","site-content-style":"default","site-sidebar-style":"default","ast-global-header-display":"","ast-banner-title-visibility":"","ast-main-header-display":"","ast-hfb-above-header-display":"","ast-hfb-below-header-display":"","ast-hfb-mobile-header-display":"","site-post-title":"","ast-breadcrumbs-content":"","ast-featured-img":"","footer-sml-layout":"","ast-disable-related-posts":"","theme-transparent-header-meta":"","adv-header-id-meta":"","stick-header-meta":"","header-above-stick-meta":"","header-main-stick-meta":"","header-below-stick-meta":"","astra-migrate-meta-layouts":"default","ast-page-background-enabled":"default","ast-page-background-meta":{"desktop":{"background-color":"var(--ast-global-color-5)","background-image":"","background-repeat":"repeat","background-position":"center center","background-size":"auto","background-attachment":"scroll","background-type":"","background-media":"","overlay-type":"","overlay-color":"","overlay-opacity":"","overlay-gradient":""},"tablet":{"background-color":"","background-image":"","background-repeat":"repeat","background-position":"center center","background-size":"auto","background-attachment":"scroll","background-type":"","background-media":"","overlay-type":"","overlay-color":"","overlay-opacity":"","overlay-gradient":""},"mobile":{"background-color":"","background-image":"","background-repeat":"repeat","background-position":"center center","background-size":"auto","background-attachment":"scroll","background-type":"","background-media":"","overlay-type":"","overlay-color":"","overlay-opacity":"","overlay-gradient":""}},"ast-content-background-meta":{"desktop":{"background-color":"var(--ast-global-color-4)","background-image":"","background-repeat":"repeat","background-position":"center center","background-size":"auto","background-attachment":"scroll","background-type":"","background-media":"","overlay-type":"","overlay-color":"","overlay-opacity":"","overlay-gradient":""},"tablet":{"background-color":"var(--ast-global-color-4)","background-image":"","background-repeat":"repeat","background-position":"center center","background-size":"auto","background-attachment":"scroll","background-type":"","background-media":"","overlay-type":"","overlay-color":"","overlay-opacity":"","overlay-gradient":""},"mobile":{"background-color":"var(--ast-global-color-4)","background-image":"","background-repeat":"repeat","background-position":"center center","background-size":"auto","background-attachment":"scroll","background-type":"","background-media":"","overlay-type":"","overlay-color":"","overlay-opacity":"","overlay-gradient":""}},"footnotes":""},"categories":[524,526,585],"tags":[595,596,597,598,599],"class_list":["post-7081","post","type-post","status-publish","format-standard","hentry","category-campanas","category-eventos","category-notas-de-prensa","tag-apymeco-y-junta-mayor-de-cofradias","tag-comercio-y-semana-santa","tag-el-comercio-con-la-semana-santa-de-torrevieja","tag-junta-mayor-de-cofradias-y-apymeco","tag-semana-santa-torrevieja-2021"],"yoast_head":"<!-- This site is optimized with the Yoast SEO Premium plugin v27.7 (Yoast SEO v27.8) - https:\/\/yoast.com\/product\/yoast-seo-premium-wordpress\/ -->\n<title>EL COMERCIO CON LA SEMANA SANTA 2021 - APYMECO Torrevieja<\/title>\n<meta name=\"robots\" content=\"index, follow, max-snippet:-1, max-image-preview:large, max-video-preview:-1\" \/>\n<link rel=\"canonical\" href=\"https:\/\/apymeco.netrotec.com\/es\/el-comercio-con-la-semana-santa-2021\/\" \/>\n<meta property=\"og:locale\" content=\"es_ES\" \/>\n<meta property=\"og:type\" content=\"article\" \/>\n<meta property=\"og:title\" content=\"EL COMERCIO CON LA SEMANA SANTA 2021\" \/>\n<meta property=\"og:description\" content=\"M\u00e1s de 120 fotograf\u00edas \u00a0llenar\u00e1n los escaparates de la ciudad, componiendo una \u201cprocesi\u00f3n est\u00e1tica\u201d \u00a0de nuestra Semana de Pasi\u00f3n Los [&hellip;]\" \/>\n<meta property=\"og:url\" content=\"https:\/\/apymeco.netrotec.com\/es\/el-comercio-con-la-semana-santa-2021\/\" \/>\n<meta property=\"og:site_name\" content=\"APYMECO Torrevieja\" \/>\n<meta property=\"article:published_time\" content=\"2021-03-26T10:23:22+00:00\" \/>\n<meta property=\"og:image\" content=\"https:\/\/apymeco.netrotec.com\/wp-content\/uploads\/2021\/03\/20210329123912516_0001-1-scaled-1.jpg\" \/>\n\t<meta property=\"og:image:width\" content=\"2560\" \/>\n\t<meta property=\"og:image:height\" content=\"1811\" \/>\n\t<meta property=\"og:image:type\" content=\"image\/jpeg\" \/>\n<meta name=\"author\" content=\"Apymeco\" \/>\n<meta name=\"twitter:card\" content=\"summary_large_image\" \/>\n<meta name=\"twitter:label1\" content=\"Escrito por\" \/>\n\t<meta name=\"twitter:data1\" content=\"Apymeco\" \/>\n\t<meta name=\"twitter:label2\" content=\"Tiempo de lectura\" \/>\n\t<meta name=\"twitter:data2\" content=\"3 minutos\" \/>\n<script type=\"application\/ld+json\" class=\"yoast-schema-graph\">{\"@context\":\"https:\\\/\\\/schema.org\",\"@graph\":[{\"@type\":\"Article\",\"@id\":\"https:\\\/\\\/apymeco.netrotec.com\\\/el-comercio-con-la-semana-santa-2021\\\/#article\",\"isPartOf\":{\"@id\":\"https:\\\/\\\/apymeco.netrotec.com\\\/el-comercio-con-la-semana-santa-2021\\\/\"},\"author\":{\"name\":\"Apymeco\",\"@id\":\"https:\\\/\\\/apymeco.netrotec.com\\\/#\\\/schema\\\/person\\\/58f3bb0f5e04e2b6067d17d05470d2dd\"},\"headline\":\"EL COMERCIO CON LA SEMANA SANTA 2021\",\"datePublished\":\"2021-03-26T10:23:22+00:00\",\"mainEntityOfPage\":{\"@id\":\"https:\\\/\\\/apymeco.netrotec.com\\\/el-comercio-con-la-semana-santa-2021\\\/\"},\"wordCount\":525,\"commentCount\":0,\"publisher\":{\"@id\":\"https:\\\/\\\/apymeco.netrotec.com\\\/#organization\"},\"image\":{\"@id\":\"https:\\\/\\\/apymeco.netrotec.com\\\/el-comercio-con-la-semana-santa-2021\\\/#primaryimage\"},\"thumbnailUrl\":\"https:\\\/\\\/apymeco.netrotec.com\\\/wp-content\\\/uploads\\\/20210329123912516_0001-1-300x212.jpg\",\"keywords\":[\"apymeco y junta mayor de cofradias\",\"comercio y semana santa\",\"el comercio con la semana santa de torrevieja\",\"junta mayor de cofradias y apymeco\",\"semana santa torrevieja 2021\"],\"articleSection\":[\"Campa\u00f1as\",\"Eventos\",\"Notas de Prensa\"],\"inLanguage\":\"es\",\"potentialAction\":[{\"@type\":\"CommentAction\",\"name\":\"Comment\",\"target\":[\"https:\\\/\\\/apymeco.netrotec.com\\\/el-comercio-con-la-semana-santa-2021\\\/#respond\"]}]},{\"@type\":\"WebPage\",\"@id\":\"https:\\\/\\\/apymeco.netrotec.com\\\/el-comercio-con-la-semana-santa-2021\\\/\",\"url\":\"https:\\\/\\\/apymeco.netrotec.com\\\/el-comercio-con-la-semana-santa-2021\\\/\",\"name\":\"EL COMERCIO CON LA SEMANA SANTA 2021 - APYMECO Torrevieja\",\"isPartOf\":{\"@id\":\"https:\\\/\\\/apymeco.netrotec.com\\\/#website\"},\"primaryImageOfPage\":{\"@id\":\"https:\\\/\\\/apymeco.netrotec.com\\\/el-comercio-con-la-semana-santa-2021\\\/#primaryimage\"},\"image\":{\"@id\":\"https:\\\/\\\/apymeco.netrotec.com\\\/el-comercio-con-la-semana-santa-2021\\\/#primaryimage\"},\"thumbnailUrl\":\"https:\\\/\\\/apymeco.netrotec.com\\\/wp-content\\\/uploads\\\/20210329123912516_0001-1-300x212.jpg\",\"datePublished\":\"2021-03-26T10:23:22+00:00\",\"breadcrumb\":{\"@id\":\"https:\\\/\\\/apymeco.netrotec.com\\\/el-comercio-con-la-semana-santa-2021\\\/#breadcrumb\"},\"inLanguage\":\"es\",\"potentialAction\":[{\"@type\":\"ReadAction\",\"target\":[\"https:\\\/\\\/apymeco.netrotec.com\\\/el-comercio-con-la-semana-santa-2021\\\/\"]}]},{\"@type\":\"ImageObject\",\"inLanguage\":\"es\",\"@id\":\"https:\\\/\\\/apymeco.netrotec.com\\\/el-comercio-con-la-semana-santa-2021\\\/#primaryimage\",\"url\":\"https:\\\/\\\/apymeco.netrotec.com\\\/wp-content\\\/uploads\\\/20210329123912516_0001-1-300x212.jpg\",\"contentUrl\":\"https:\\\/\\\/apymeco.netrotec.com\\\/wp-content\\\/uploads\\\/20210329123912516_0001-1-300x212.jpg\"},{\"@type\":\"BreadcrumbList\",\"@id\":\"https:\\\/\\\/apymeco.netrotec.com\\\/el-comercio-con-la-semana-santa-2021\\\/#breadcrumb\",\"itemListElement\":[{\"@type\":\"ListItem\",\"position\":1,\"name\":\"Portada\",\"item\":\"https:\\\/\\\/apymeco.netrotec.com\\\/\"},{\"@type\":\"ListItem\",\"position\":2,\"name\":\"EL COMERCIO CON LA SEMANA SANTA 2021\"}]},{\"@type\":\"WebSite\",\"@id\":\"https:\\\/\\\/apymeco.netrotec.com\\\/#website\",\"url\":\"https:\\\/\\\/apymeco.netrotec.com\\\/\",\"name\":\"APYMECO Torrevieja\",\"description\":\"\",\"publisher\":{\"@id\":\"https:\\\/\\\/apymeco.netrotec.com\\\/#organization\"},\"potentialAction\":[{\"@type\":\"SearchAction\",\"target\":{\"@type\":\"EntryPoint\",\"urlTemplate\":\"https:\\\/\\\/apymeco.netrotec.com\\\/?s={search_term_string}\"},\"query-input\":{\"@type\":\"PropertyValueSpecification\",\"valueRequired\":true,\"valueName\":\"search_term_string\"}}],\"inLanguage\":\"es\"},{\"@type\":\"Organization\",\"@id\":\"https:\\\/\\\/apymeco.netrotec.com\\\/#organization\",\"name\":\"APYMECO Torrevieja\",\"url\":\"https:\\\/\\\/apymeco.netrotec.com\\\/\",\"logo\":{\"@type\":\"ImageObject\",\"inLanguage\":\"es\",\"@id\":\"https:\\\/\\\/apymeco.netrotec.com\\\/#\\\/schema\\\/logo\\\/image\\\/\",\"url\":\"https:\\\/\\\/apymeco.netrotec.com\\\/wp-content\\\/uploads\\\/2026\\\/06\\\/logo-blanco.png\",\"contentUrl\":\"https:\\\/\\\/apymeco.netrotec.com\\\/wp-content\\\/uploads\\\/2026\\\/06\\\/logo-blanco.png\",\"width\":1107,\"height\":444,\"caption\":\"APYMECO Torrevieja\"},\"image\":{\"@id\":\"https:\\\/\\\/apymeco.netrotec.com\\\/#\\\/schema\\\/logo\\\/image\\\/\"}},{\"@type\":\"Person\",\"@id\":\"https:\\\/\\\/apymeco.netrotec.com\\\/#\\\/schema\\\/person\\\/58f3bb0f5e04e2b6067d17d05470d2dd\",\"name\":\"Apymeco\",\"url\":\"https:\\\/\\\/apymeco.netrotec.com\\\/es\\\/author\\\/apymeco\\\/\"}]}<\/script>\n<!-- \/ Yoast SEO Premium plugin. -->","yoast_head_json":{"title":"EL COMERCIO CON LA SEMANA SANTA 2021 - APYMECO Torrevieja","robots":{"index":"index","follow":"follow","max-snippet":"max-snippet:-1","max-image-preview":"max-image-preview:large","max-video-preview":"max-video-preview:-1"},"canonical":"https:\/\/apymeco.netrotec.com\/es\/el-comercio-con-la-semana-santa-2021\/","og_locale":"es_ES","og_type":"article","og_title":"EL COMERCIO CON LA SEMANA SANTA 2021","og_description":"M\u00e1s de 120 fotograf\u00edas \u00a0llenar\u00e1n los escaparates de la ciudad, componiendo una \u201cprocesi\u00f3n est\u00e1tica\u201d \u00a0de nuestra Semana de Pasi\u00f3n Los [&hellip;]","og_url":"https:\/\/apymeco.netrotec.com\/es\/el-comercio-con-la-semana-santa-2021\/","og_site_name":"APYMECO Torrevieja","article_published_time":"2021-03-26T10:23:22+00:00","og_image":[{"width":2560,"height":1811,"url":"https:\/\/apymeco.netrotec.com\/wp-content\/uploads\/2021\/03\/20210329123912516_0001-1-scaled-1.jpg","type":"image\/jpeg"}],"author":"Apymeco","twitter_card":"summary_large_image","twitter_misc":{"Escrito por":"Apymeco","Tiempo de lectura":"3 minutos"},"schema":{"@context":"https:\/\/schema.org","@graph":[{"@type":"Article","@id":"https:\/\/apymeco.netrotec.com\/el-comercio-con-la-semana-santa-2021\/#article","isPartOf":{"@id":"https:\/\/apymeco.netrotec.com\/el-comercio-con-la-semana-santa-2021\/"},"author":{"name":"Apymeco","@id":"https:\/\/apymeco.netrotec.com\/#\/schema\/person\/58f3bb0f5e04e2b6067d17d05470d2dd"},"headline":"EL COMERCIO CON LA SEMANA SANTA 2021","datePublished":"2021-03-26T10:23:22+00:00","mainEntityOfPage":{"@id":"https:\/\/apymeco.netrotec.com\/el-comercio-con-la-semana-santa-2021\/"},"wordCount":525,"commentCount":0,"publisher":{"@id":"https:\/\/apymeco.netrotec.com\/#organization"},"image":{"@id":"https:\/\/apymeco.netrotec.com\/el-comercio-con-la-semana-santa-2021\/#primaryimage"},"thumbnailUrl":"https:\/\/apymeco.netrotec.com\/wp-content\/uploads\/20210329123912516_0001-1-300x212.jpg","keywords":["apymeco y junta mayor de cofradias","comercio y semana santa","el comercio con la semana santa de torrevieja","junta mayor de cofradias y apymeco","semana santa torrevieja 2021"],"articleSection":["Campa\u00f1as","Eventos","Notas de Prensa"],"inLanguage":"es","potentialAction":[{"@type":"CommentAction","name":"Comment","target":["https:\/\/apymeco.netrotec.com\/el-comercio-con-la-semana-santa-2021\/#respond"]}]},{"@type":"WebPage","@id":"https:\/\/apymeco.netrotec.com\/el-comercio-con-la-semana-santa-2021\/","url":"https:\/\/apymeco.netrotec.com\/el-comercio-con-la-semana-santa-2021\/","name":"EL COMERCIO CON LA SEMANA SANTA 2021 - APYMECO Torrevieja","isPartOf":{"@id":"https:\/\/apymeco.netrotec.com\/#website"},"primaryImageOfPage":{"@id":"https:\/\/apymeco.netrotec.com\/el-comercio-con-la-semana-santa-2021\/#primaryimage"},"image":{"@id":"https:\/\/apymeco.netrotec.com\/el-comercio-con-la-semana-santa-2021\/#primaryimage"},"thumbnailUrl":"https:\/\/apymeco.netrotec.com\/wp-content\/uploads\/20210329123912516_0001-1-300x212.jpg","datePublished":"2021-03-26T10:23:22+00:00","breadcrumb":{"@id":"https:\/\/apymeco.netrotec.com\/el-comercio-con-la-semana-santa-2021\/#breadcrumb"},"inLanguage":"es","potentialAction":[{"@type":"ReadAction","target":["https:\/\/apymeco.netrotec.com\/el-comercio-con-la-semana-santa-2021\/"]}]},{"@type":"ImageObject","inLanguage":"es","@id":"https:\/\/apymeco.netrotec.com\/el-comercio-con-la-semana-santa-2021\/#primaryimage","url":"https:\/\/apymeco.netrotec.com\/wp-content\/uploads\/20210329123912516_0001-1-300x212.jpg","contentUrl":"https:\/\/apymeco.netrotec.com\/wp-content\/uploads\/20210329123912516_0001-1-300x212.jpg"},{"@type":"BreadcrumbList","@id":"https:\/\/apymeco.netrotec.com\/el-comercio-con-la-semana-santa-2021\/#breadcrumb","itemListElement":[{"@type":"ListItem","position":1,"name":"Portada","item":"https:\/\/apymeco.netrotec.com\/"},{"@type":"ListItem","position":2,"name":"EL COMERCIO CON LA SEMANA SANTA 2021"}]},{"@type":"WebSite","@id":"https:\/\/apymeco.netrotec.com\/#website","url":"https:\/\/apymeco.netrotec.com\/","name":"APYMECO Torrevieja","description":"","publisher":{"@id":"https:\/\/apymeco.netrotec.com\/#organization"},"potentialAction":[{"@type":"SearchAction","target":{"@type":"EntryPoint","urlTemplate":"https:\/\/apymeco.netrotec.com\/?s={search_term_string}"},"query-input":{"@type":"PropertyValueSpecification","valueRequired":true,"valueName":"search_term_string"}}],"inLanguage":"es"},{"@type":"Organization","@id":"https:\/\/apymeco.netrotec.com\/#organization","name":"APYMECO Torrevieja","url":"https:\/\/apymeco.netrotec.com\/","logo":{"@type":"ImageObject","inLanguage":"es","@id":"https:\/\/apymeco.netrotec.com\/#\/schema\/logo\/image\/","url":"https:\/\/apymeco.netrotec.com\/wp-content\/uploads\/2026\/06\/logo-blanco.png","contentUrl":"https:\/\/apymeco.netrotec.com\/wp-content\/uploads\/2026\/06\/logo-blanco.png","width":1107,"height":444,"caption":"APYMECO Torrevieja"},"image":{"@id":"https:\/\/apymeco.netrotec.com\/#\/schema\/logo\/image\/"}},{"@type":"Person","@id":"https:\/\/apymeco.netrotec.com\/#\/schema\/person\/58f3bb0f5e04e2b6067d17d05470d2dd","name":"Apymeco","url":"https:\/\/apymeco.netrotec.com\/es\/author\/apymeco\/"}]}},"_links":{"self":[{"href":"https:\/\/apymeco.netrotec.com\/es\/wp-json\/wp\/v2\/posts\/7081","targetHints":{"allow":["GET"]}}],"collection":[{"href":"https:\/\/apymeco.netrotec.com\/es\/wp-json\/wp\/v2\/posts"}],"about":[{"href":"https:\/\/apymeco.netrotec.com\/es\/wp-json\/wp\/v2\/types\/post"}],"author":[{"embeddable":true,"href":"https:\/\/apymeco.netrotec.com\/es\/wp-json\/wp\/v2\/users\/2"}],"replies":[{"embeddable":true,"href":"https:\/\/apymeco.netrotec.com\/es\/wp-json\/wp\/v2\/comments?post=7081"}],"version-history":[{"count":0,"href":"https:\/\/apymeco.netrotec.com\/es\/wp-json\/wp\/v2\/posts\/7081\/revisions"}],"wp:attachment":[{"href":"https:\/\/apymeco.netrotec.com\/es\/wp-json\/wp\/v2\/media?parent=7081"}],"wp:term":[{"taxonomy":"category","embeddable":true,"href":"https:\/\/apymeco.netrotec.com\/es\/wp-json\/wp\/v2\/categories?post=7081"},{"taxonomy":"post_tag","embeddable":true,"href":"https:\/\/apymeco.netrotec.com\/es\/wp-json\/wp\/v2\/tags?post=7081"}],"curies":[{"name":"wp","href":"https:\/\/api.w.org\/{rel}","templated":true}]}}