{"id":7234,"date":"2021-09-19T12:36:52","date_gmt":"2021-09-19T10:36:52","guid":{"rendered":"https:\/\/www.apymeco.info\/?p=7234"},"modified":"2021-09-19T12:36:52","modified_gmt":"2021-09-19T10:36:52","slug":"exito-de-la-caravana-motera","status":"publish","type":"post","link":"https:\/\/apymeco.netrotec.com\/es\/exito-de-la-caravana-motera\/","title":{"rendered":"EXITO DE LA CARAVANA SOLIDARIA MOTERA 2021"},"content":{"rendered":"<p><img fetchpriority=\"high\" decoding=\"async\" class=\"aligncenter wp-image-7236\" src=\"https:\/\/apymeco.netrotec.com\/wp-content\/uploads\/CARAVANA-18-SEP-5-300x138.jpeg\" alt=\"\" width=\"511\" height=\"235\" \/><\/p>\n<p><img decoding=\"async\" class=\" wp-image-7238 alignright\" src=\"https:\/\/apymeco.netrotec.com\/wp-content\/uploads\/CARAVANA-2-11-224x300.jpg\" alt=\"\" width=\"163\" height=\"218\" \/><\/p>\n<p>Torrevieja se convirti\u00f3 el pasado s\u00e1bado 18\u00a0 en un colorido circuito donde el rugir de las motos se convirti\u00f3 en la partitura de una canci\u00f3n de solidaridad, entonada por m\u00e1s de veinte motos conducidas por miembros de la Hermandad Motera <em>\u201cDorsal Zero\u201d<\/em>, que participaron en la recogida de material escolar, que dentro de la Campa\u00f1a \u201cVuelta al Cole\u201d, puso en marcha la concejal\u00eda de Comercio y la Asociaci\u00f3n de Peque\u00f1os y Medianos Comerciantes de Torrevieja &#8211; Apymeco.<\/p>\n<p>Una veintena de comercios asociados a Apymeco, en representaci\u00f3n del colectivo local, han ido recibiendo durante estos d\u00edas las donaciones de particulares, con el fin de facilitar a los moteros, puntos fijos de recogida. \u00a0La caravana tom\u00f3 su salida desde el nuevo centro de restauraci\u00f3n \u201cLa Food Truck\u201d, visitando todos los establecimientos colaboradores, tomando las calles de la ciudad, escoltados por veh\u00edculos de la Polic\u00eda Local, entre los aplausos de los ciudadanos que se sorprend\u00edan a su paso, hasta terminar en la terraza del Restaurante \u201cAlma Drava\u201d en el Centro Comercial Carrefour.<\/p>\n<p>Tras un breve receso, la caravana se dirigi\u00f3 hasta el Templo de San Pedro y San Pablo, donde fueron recibidos por Cristina L\u00f3pez Corona, Presidenta de Caritas de la Parroquia; Rosario Mart\u00ednez Chazarra, Vicealcaldesa y Concejal de Comercio de Torrevieja y Jos\u00e9 Rubio, coordinador de Comercio.<\/p>\n<p><img decoding=\"async\" class=\"size-medium wp-image-7243 alignleft\" src=\"https:\/\/apymeco.netrotec.com\/wp-content\/uploads\/CARAVANA-2-7-300x225.jpg\" alt=\"\" width=\"300\" height=\"225\" \/><\/p>\n<p>El presidente de\u00a0Apymeco, Jorge Almarcha y el de la Hermandad Motera \u201cDorsal Cero\u201d, Ra\u00fal Cajas, hicieron entrega de todo el material\u00a0recogido que en breve ser\u00e1 entregado a los escolares de las familias beneficiarias de Caritas.<\/p>\n<p><img loading=\"lazy\" decoding=\"async\" class=\"size-medium wp-image-7241 alignright\" src=\"https:\/\/apymeco.netrotec.com\/wp-content\/uploads\/CARAVANA-2-18-SEP-21-1-300x158.jpeg\" alt=\"\" width=\"300\" height=\"158\" \/><\/p>\n<p>&nbsp;<\/p>\n<p>&nbsp;<\/p>\n<p>&nbsp;<\/p>\n<p>&nbsp;<\/p>\n<p>Tanto Apymeco como \u201cDorsal Zero\u201d, quieren agradecer p\u00fablicamente a todos los ciudadanos sus donaciones, as\u00ed como a los comerciantes su implicaci\u00f3n. Destacar el apoyo incondicional del Ayuntamiento de Torrevieja, la Concejal\u00eda de Comercio y la de Seguridad y Emergencias que aport\u00f3 la presencia de la Polic\u00eda Local que, con su gran trabajo y paciencia, acompa\u00f1\u00f3 a la caravana, regulando el tr\u00e1fico desde el inici\u00f3 hasta llegar al destino.<img loading=\"lazy\" decoding=\"async\" class=\"aligncenter wp-image-7209\" src=\"https:\/\/apymeco.netrotec.com\/wp-content\/uploads\/CARAVANA-SOLIDARIA-MOTERA-PUNTOS-300x136.png\" alt=\"\" width=\"585\" height=\"265\" \/><img loading=\"lazy\" decoding=\"async\" class=\"aligncenter wp-image-7245\" src=\"https:\/\/apymeco.netrotec.com\/wp-content\/uploads\/logos-fondo-blanco-300x74.png\" alt=\"\" width=\"717\" height=\"177\" \/><\/p>\n","protected":false},"excerpt":{"rendered":"<p>Torrevieja se convirti\u00f3 el pasado s\u00e1bado 18\u00a0 en un colorido circuito donde el rugir de las motos se convirti\u00f3 en [&hellip;]<\/p>\n","protected":false},"author":2,"featured_media":0,"comment_status":"open","ping_status":"open","sticky":false,"template":"","format":"standard","meta":{"site-sidebar-layout":"default","site-content-layout":"","ast-site-content-layout":"default","site-content-style":"default","site-sidebar-style":"default","ast-global-header-display":"","ast-banner-title-visibility":"","ast-main-header-display":"","ast-hfb-above-header-display":"","ast-hfb-below-header-display":"","ast-hfb-mobile-header-display":"","site-post-title":"","ast-breadcrumbs-content":"","ast-featured-img":"","footer-sml-layout":"","ast-disable-related-posts":"","theme-transparent-header-meta":"","adv-header-id-meta":"","stick-header-meta":"","header-above-stick-meta":"","header-main-stick-meta":"","header-below-stick-meta":"","astra-migrate-meta-layouts":"default","ast-page-background-enabled":"default","ast-page-background-meta":{"desktop":{"background-color":"var(--ast-global-color-5)","background-image":"","background-repeat":"repeat","background-position":"center center","background-size":"auto","background-attachment":"scroll","background-type":"","background-media":"","overlay-type":"","overlay-color":"","overlay-opacity":"","overlay-gradient":""},"tablet":{"background-color":"","background-image":"","background-repeat":"repeat","background-position":"center center","background-size":"auto","background-attachment":"scroll","background-type":"","background-media":"","overlay-type":"","overlay-color":"","overlay-opacity":"","overlay-gradient":""},"mobile":{"background-color":"","background-image":"","background-repeat":"repeat","background-position":"center center","background-size":"auto","background-attachment":"scroll","background-type":"","background-media":"","overlay-type":"","overlay-color":"","overlay-opacity":"","overlay-gradient":""}},"ast-content-background-meta":{"desktop":{"background-color":"var(--ast-global-color-4)","background-image":"","background-repeat":"repeat","background-position":"center center","background-size":"auto","background-attachment":"scroll","background-type":"","background-media":"","overlay-type":"","overlay-color":"","overlay-opacity":"","overlay-gradient":""},"tablet":{"background-color":"var(--ast-global-color-4)","background-image":"","background-repeat":"repeat","background-position":"center center","background-size":"auto","background-attachment":"scroll","background-type":"","background-media":"","overlay-type":"","overlay-color":"","overlay-opacity":"","overlay-gradient":""},"mobile":{"background-color":"var(--ast-global-color-4)","background-image":"","background-repeat":"repeat","background-position":"center center","background-size":"auto","background-attachment":"scroll","background-type":"","background-media":"","overlay-type":"","overlay-color":"","overlay-opacity":"","overlay-gradient":""}},"footnotes":""},"categories":[524,526,585],"tags":[616,562,617,618,619],"class_list":["post-7234","post","type-post","status-publish","format-standard","hentry","category-campanas","category-eventos","category-notas-de-prensa","tag-apymeco-y-dorsal-zero-caravana","tag-caravana-solidaria","tag-caravana-solidaria-apymeco","tag-caravanamotera2021","tag-vuelta-al-cole-2021"],"yoast_head":"<!-- This site is optimized with the Yoast SEO Premium plugin v27.7 (Yoast SEO v27.8) - https:\/\/yoast.com\/product\/yoast-seo-premium-wordpress\/ -->\n<title>EXITO DE LA CARAVANA SOLIDARIA MOTERA 2021 - APYMECO Torrevieja<\/title>\n<meta name=\"robots\" content=\"index, follow, max-snippet:-1, max-image-preview:large, max-video-preview:-1\" \/>\n<link rel=\"canonical\" href=\"https:\/\/apymeco.netrotec.com\/es\/exito-de-la-caravana-motera\/\" \/>\n<meta property=\"og:locale\" content=\"es_ES\" \/>\n<meta property=\"og:type\" content=\"article\" \/>\n<meta property=\"og:title\" content=\"EXITO DE LA CARAVANA SOLIDARIA MOTERA 2021\" \/>\n<meta property=\"og:description\" content=\"Torrevieja se convirti\u00f3 el pasado s\u00e1bado 18\u00a0 en un colorido circuito donde el rugir de las motos se convirti\u00f3 en [&hellip;]\" \/>\n<meta property=\"og:url\" content=\"https:\/\/apymeco.netrotec.com\/es\/exito-de-la-caravana-motera\/\" \/>\n<meta property=\"og:site_name\" content=\"APYMECO Torrevieja\" \/>\n<meta property=\"article:published_time\" content=\"2021-09-19T10:36:52+00:00\" \/>\n<meta property=\"og:image\" content=\"https:\/\/apymeco.netrotec.com\/wp-content\/uploads\/2021\/09\/CARAVANA-18-SEP-5.jpeg\" \/>\n\t<meta property=\"og:image:width\" content=\"1600\" \/>\n\t<meta property=\"og:image:height\" content=\"738\" \/>\n\t<meta property=\"og:image:type\" content=\"image\/jpeg\" \/>\n<meta name=\"author\" content=\"Apymeco\" \/>\n<meta name=\"twitter:card\" content=\"summary_large_image\" \/>\n<meta name=\"twitter:label1\" content=\"Escrito por\" \/>\n\t<meta name=\"twitter:data1\" content=\"Apymeco\" \/>\n\t<meta name=\"twitter:label2\" content=\"Tiempo de lectura\" \/>\n\t<meta name=\"twitter:data2\" content=\"2 minutos\" \/>\n<script type=\"application\/ld+json\" class=\"yoast-schema-graph\">{\"@context\":\"https:\\\/\\\/schema.org\",\"@graph\":[{\"@type\":\"Article\",\"@id\":\"https:\\\/\\\/apymeco.netrotec.com\\\/exito-de-la-caravana-motera\\\/#article\",\"isPartOf\":{\"@id\":\"https:\\\/\\\/apymeco.netrotec.com\\\/exito-de-la-caravana-motera\\\/\"},\"author\":{\"name\":\"Apymeco\",\"@id\":\"https:\\\/\\\/apymeco.netrotec.com\\\/#\\\/schema\\\/person\\\/58f3bb0f5e04e2b6067d17d05470d2dd\"},\"headline\":\"EXITO DE LA CARAVANA SOLIDARIA MOTERA 2021\",\"datePublished\":\"2021-09-19T10:36:52+00:00\",\"mainEntityOfPage\":{\"@id\":\"https:\\\/\\\/apymeco.netrotec.com\\\/exito-de-la-caravana-motera\\\/\"},\"wordCount\":350,\"commentCount\":0,\"publisher\":{\"@id\":\"https:\\\/\\\/apymeco.netrotec.com\\\/#organization\"},\"image\":{\"@id\":\"https:\\\/\\\/apymeco.netrotec.com\\\/exito-de-la-caravana-motera\\\/#primaryimage\"},\"thumbnailUrl\":\"https:\\\/\\\/apymeco.netrotec.com\\\/wp-content\\\/uploads\\\/CARAVANA-18-SEP-5-300x138.jpeg\",\"keywords\":[\"APYMECO Y DORSAL ZERO CARAVANA\",\"CARAVANA SOLIDARIA\",\"CARAVANA SOLIDARIA APYMECO\",\"CARAVANAMOTERA2021\",\"VUELTA AL COLE 2021\"],\"articleSection\":[\"Campa\u00f1as\",\"Eventos\",\"Notas de Prensa\"],\"inLanguage\":\"es\",\"potentialAction\":[{\"@type\":\"CommentAction\",\"name\":\"Comment\",\"target\":[\"https:\\\/\\\/apymeco.netrotec.com\\\/exito-de-la-caravana-motera\\\/#respond\"]}]},{\"@type\":\"WebPage\",\"@id\":\"https:\\\/\\\/apymeco.netrotec.com\\\/exito-de-la-caravana-motera\\\/\",\"url\":\"https:\\\/\\\/apymeco.netrotec.com\\\/exito-de-la-caravana-motera\\\/\",\"name\":\"EXITO DE LA CARAVANA SOLIDARIA MOTERA 2021 - APYMECO Torrevieja\",\"isPartOf\":{\"@id\":\"https:\\\/\\\/apymeco.netrotec.com\\\/#website\"},\"primaryImageOfPage\":{\"@id\":\"https:\\\/\\\/apymeco.netrotec.com\\\/exito-de-la-caravana-motera\\\/#primaryimage\"},\"image\":{\"@id\":\"https:\\\/\\\/apymeco.netrotec.com\\\/exito-de-la-caravana-motera\\\/#primaryimage\"},\"thumbnailUrl\":\"https:\\\/\\\/apymeco.netrotec.com\\\/wp-content\\\/uploads\\\/CARAVANA-18-SEP-5-300x138.jpeg\",\"datePublished\":\"2021-09-19T10:36:52+00:00\",\"breadcrumb\":{\"@id\":\"https:\\\/\\\/apymeco.netrotec.com\\\/exito-de-la-caravana-motera\\\/#breadcrumb\"},\"inLanguage\":\"es\",\"potentialAction\":[{\"@type\":\"ReadAction\",\"target\":[\"https:\\\/\\\/apymeco.netrotec.com\\\/exito-de-la-caravana-motera\\\/\"]}]},{\"@type\":\"ImageObject\",\"inLanguage\":\"es\",\"@id\":\"https:\\\/\\\/apymeco.netrotec.com\\\/exito-de-la-caravana-motera\\\/#primaryimage\",\"url\":\"https:\\\/\\\/apymeco.netrotec.com\\\/wp-content\\\/uploads\\\/CARAVANA-18-SEP-5-300x138.jpeg\",\"contentUrl\":\"https:\\\/\\\/apymeco.netrotec.com\\\/wp-content\\\/uploads\\\/CARAVANA-18-SEP-5-300x138.jpeg\"},{\"@type\":\"BreadcrumbList\",\"@id\":\"https:\\\/\\\/apymeco.netrotec.com\\\/exito-de-la-caravana-motera\\\/#breadcrumb\",\"itemListElement\":[{\"@type\":\"ListItem\",\"position\":1,\"name\":\"Portada\",\"item\":\"https:\\\/\\\/apymeco.netrotec.com\\\/\"},{\"@type\":\"ListItem\",\"position\":2,\"name\":\"EXITO DE LA CARAVANA SOLIDARIA MOTERA 2021\"}]},{\"@type\":\"WebSite\",\"@id\":\"https:\\\/\\\/apymeco.netrotec.com\\\/#website\",\"url\":\"https:\\\/\\\/apymeco.netrotec.com\\\/\",\"name\":\"APYMECO Torrevieja\",\"description\":\"\",\"publisher\":{\"@id\":\"https:\\\/\\\/apymeco.netrotec.com\\\/#organization\"},\"potentialAction\":[{\"@type\":\"SearchAction\",\"target\":{\"@type\":\"EntryPoint\",\"urlTemplate\":\"https:\\\/\\\/apymeco.netrotec.com\\\/?s={search_term_string}\"},\"query-input\":{\"@type\":\"PropertyValueSpecification\",\"valueRequired\":true,\"valueName\":\"search_term_string\"}}],\"inLanguage\":\"es\"},{\"@type\":\"Organization\",\"@id\":\"https:\\\/\\\/apymeco.netrotec.com\\\/#organization\",\"name\":\"APYMECO Torrevieja\",\"url\":\"https:\\\/\\\/apymeco.netrotec.com\\\/\",\"logo\":{\"@type\":\"ImageObject\",\"inLanguage\":\"es\",\"@id\":\"https:\\\/\\\/apymeco.netrotec.com\\\/#\\\/schema\\\/logo\\\/image\\\/\",\"url\":\"https:\\\/\\\/apymeco.netrotec.com\\\/wp-content\\\/uploads\\\/2026\\\/06\\\/logo-blanco.png\",\"contentUrl\":\"https:\\\/\\\/apymeco.netrotec.com\\\/wp-content\\\/uploads\\\/2026\\\/06\\\/logo-blanco.png\",\"width\":1107,\"height\":444,\"caption\":\"APYMECO Torrevieja\"},\"image\":{\"@id\":\"https:\\\/\\\/apymeco.netrotec.com\\\/#\\\/schema\\\/logo\\\/image\\\/\"}},{\"@type\":\"Person\",\"@id\":\"https:\\\/\\\/apymeco.netrotec.com\\\/#\\\/schema\\\/person\\\/58f3bb0f5e04e2b6067d17d05470d2dd\",\"name\":\"Apymeco\",\"url\":\"https:\\\/\\\/apymeco.netrotec.com\\\/es\\\/author\\\/apymeco\\\/\"}]}<\/script>\n<!-- \/ Yoast SEO Premium plugin. -->","yoast_head_json":{"title":"EXITO DE LA CARAVANA SOLIDARIA MOTERA 2021 - APYMECO Torrevieja","robots":{"index":"index","follow":"follow","max-snippet":"max-snippet:-1","max-image-preview":"max-image-preview:large","max-video-preview":"max-video-preview:-1"},"canonical":"https:\/\/apymeco.netrotec.com\/es\/exito-de-la-caravana-motera\/","og_locale":"es_ES","og_type":"article","og_title":"EXITO DE LA CARAVANA SOLIDARIA MOTERA 2021","og_description":"Torrevieja se convirti\u00f3 el pasado s\u00e1bado 18\u00a0 en un colorido circuito donde el rugir de las motos se convirti\u00f3 en [&hellip;]","og_url":"https:\/\/apymeco.netrotec.com\/es\/exito-de-la-caravana-motera\/","og_site_name":"APYMECO Torrevieja","article_published_time":"2021-09-19T10:36:52+00:00","og_image":[{"width":1600,"height":738,"url":"https:\/\/apymeco.netrotec.com\/wp-content\/uploads\/2021\/09\/CARAVANA-18-SEP-5.jpeg","type":"image\/jpeg"}],"author":"Apymeco","twitter_card":"summary_large_image","twitter_misc":{"Escrito por":"Apymeco","Tiempo de lectura":"2 minutos"},"schema":{"@context":"https:\/\/schema.org","@graph":[{"@type":"Article","@id":"https:\/\/apymeco.netrotec.com\/exito-de-la-caravana-motera\/#article","isPartOf":{"@id":"https:\/\/apymeco.netrotec.com\/exito-de-la-caravana-motera\/"},"author":{"name":"Apymeco","@id":"https:\/\/apymeco.netrotec.com\/#\/schema\/person\/58f3bb0f5e04e2b6067d17d05470d2dd"},"headline":"EXITO DE LA CARAVANA SOLIDARIA MOTERA 2021","datePublished":"2021-09-19T10:36:52+00:00","mainEntityOfPage":{"@id":"https:\/\/apymeco.netrotec.com\/exito-de-la-caravana-motera\/"},"wordCount":350,"commentCount":0,"publisher":{"@id":"https:\/\/apymeco.netrotec.com\/#organization"},"image":{"@id":"https:\/\/apymeco.netrotec.com\/exito-de-la-caravana-motera\/#primaryimage"},"thumbnailUrl":"https:\/\/apymeco.netrotec.com\/wp-content\/uploads\/CARAVANA-18-SEP-5-300x138.jpeg","keywords":["APYMECO Y DORSAL ZERO CARAVANA","CARAVANA SOLIDARIA","CARAVANA SOLIDARIA APYMECO","CARAVANAMOTERA2021","VUELTA AL COLE 2021"],"articleSection":["Campa\u00f1as","Eventos","Notas de Prensa"],"inLanguage":"es","potentialAction":[{"@type":"CommentAction","name":"Comment","target":["https:\/\/apymeco.netrotec.com\/exito-de-la-caravana-motera\/#respond"]}]},{"@type":"WebPage","@id":"https:\/\/apymeco.netrotec.com\/exito-de-la-caravana-motera\/","url":"https:\/\/apymeco.netrotec.com\/exito-de-la-caravana-motera\/","name":"EXITO DE LA CARAVANA SOLIDARIA MOTERA 2021 - APYMECO Torrevieja","isPartOf":{"@id":"https:\/\/apymeco.netrotec.com\/#website"},"primaryImageOfPage":{"@id":"https:\/\/apymeco.netrotec.com\/exito-de-la-caravana-motera\/#primaryimage"},"image":{"@id":"https:\/\/apymeco.netrotec.com\/exito-de-la-caravana-motera\/#primaryimage"},"thumbnailUrl":"https:\/\/apymeco.netrotec.com\/wp-content\/uploads\/CARAVANA-18-SEP-5-300x138.jpeg","datePublished":"2021-09-19T10:36:52+00:00","breadcrumb":{"@id":"https:\/\/apymeco.netrotec.com\/exito-de-la-caravana-motera\/#breadcrumb"},"inLanguage":"es","potentialAction":[{"@type":"ReadAction","target":["https:\/\/apymeco.netrotec.com\/exito-de-la-caravana-motera\/"]}]},{"@type":"ImageObject","inLanguage":"es","@id":"https:\/\/apymeco.netrotec.com\/exito-de-la-caravana-motera\/#primaryimage","url":"https:\/\/apymeco.netrotec.com\/wp-content\/uploads\/CARAVANA-18-SEP-5-300x138.jpeg","contentUrl":"https:\/\/apymeco.netrotec.com\/wp-content\/uploads\/CARAVANA-18-SEP-5-300x138.jpeg"},{"@type":"BreadcrumbList","@id":"https:\/\/apymeco.netrotec.com\/exito-de-la-caravana-motera\/#breadcrumb","itemListElement":[{"@type":"ListItem","position":1,"name":"Portada","item":"https:\/\/apymeco.netrotec.com\/"},{"@type":"ListItem","position":2,"name":"EXITO DE LA CARAVANA SOLIDARIA MOTERA 2021"}]},{"@type":"WebSite","@id":"https:\/\/apymeco.netrotec.com\/#website","url":"https:\/\/apymeco.netrotec.com\/","name":"APYMECO Torrevieja","description":"","publisher":{"@id":"https:\/\/apymeco.netrotec.com\/#organization"},"potentialAction":[{"@type":"SearchAction","target":{"@type":"EntryPoint","urlTemplate":"https:\/\/apymeco.netrotec.com\/?s={search_term_string}"},"query-input":{"@type":"PropertyValueSpecification","valueRequired":true,"valueName":"search_term_string"}}],"inLanguage":"es"},{"@type":"Organization","@id":"https:\/\/apymeco.netrotec.com\/#organization","name":"APYMECO Torrevieja","url":"https:\/\/apymeco.netrotec.com\/","logo":{"@type":"ImageObject","inLanguage":"es","@id":"https:\/\/apymeco.netrotec.com\/#\/schema\/logo\/image\/","url":"https:\/\/apymeco.netrotec.com\/wp-content\/uploads\/2026\/06\/logo-blanco.png","contentUrl":"https:\/\/apymeco.netrotec.com\/wp-content\/uploads\/2026\/06\/logo-blanco.png","width":1107,"height":444,"caption":"APYMECO Torrevieja"},"image":{"@id":"https:\/\/apymeco.netrotec.com\/#\/schema\/logo\/image\/"}},{"@type":"Person","@id":"https:\/\/apymeco.netrotec.com\/#\/schema\/person\/58f3bb0f5e04e2b6067d17d05470d2dd","name":"Apymeco","url":"https:\/\/apymeco.netrotec.com\/es\/author\/apymeco\/"}]}},"_links":{"self":[{"href":"https:\/\/apymeco.netrotec.com\/es\/wp-json\/wp\/v2\/posts\/7234","targetHints":{"allow":["GET"]}}],"collection":[{"href":"https:\/\/apymeco.netrotec.com\/es\/wp-json\/wp\/v2\/posts"}],"about":[{"href":"https:\/\/apymeco.netrotec.com\/es\/wp-json\/wp\/v2\/types\/post"}],"author":[{"embeddable":true,"href":"https:\/\/apymeco.netrotec.com\/es\/wp-json\/wp\/v2\/users\/2"}],"replies":[{"embeddable":true,"href":"https:\/\/apymeco.netrotec.com\/es\/wp-json\/wp\/v2\/comments?post=7234"}],"version-history":[{"count":0,"href":"https:\/\/apymeco.netrotec.com\/es\/wp-json\/wp\/v2\/posts\/7234\/revisions"}],"wp:attachment":[{"href":"https:\/\/apymeco.netrotec.com\/es\/wp-json\/wp\/v2\/media?parent=7234"}],"wp:term":[{"taxonomy":"category","embeddable":true,"href":"https:\/\/apymeco.netrotec.com\/es\/wp-json\/wp\/v2\/categories?post=7234"},{"taxonomy":"post_tag","embeddable":true,"href":"https:\/\/apymeco.netrotec.com\/es\/wp-json\/wp\/v2\/tags?post=7234"}],"curies":[{"name":"wp","href":"https:\/\/api.w.org\/{rel}","templated":true}]}}