{"id":7391,"date":"2021-11-26T19:12:26","date_gmt":"2021-11-26T17:12:26","guid":{"rendered":"https:\/\/www.apymeco.info\/?p=7391"},"modified":"2021-11-26T19:12:26","modified_gmt":"2021-11-26T17:12:26","slug":"presentada-la-tercera-edicion-del-bono-consumo","status":"publish","type":"post","link":"https:\/\/apymeco.netrotec.com\/es\/presentada-la-tercera-edicion-del-bono-consumo\/","title":{"rendered":"PRESENTADA LA TERCERA EDICI\u00d3N DEL \u201cBONO CONSUMO\u201d"},"content":{"rendered":"<p>El alcalde de Torrevieja, Eduardo Dol\u00f3n, junto a la concejal de Comercio y Hosteler\u00eda, Rosario Mart\u00ednez, el concejal de Hacienda, Domingo Paredes y el presidente de APYMECO, Jorge Almarcha, han presentado en la ma\u00f1ana de hoy la tercera edici\u00f3n del \u201cBono Consumo\u201d, que comenzar\u00e1 el 1 de diciembre de 2021 hasta el 31 de diciembre de 2021.<\/p>\n<p><img fetchpriority=\"high\" decoding=\"async\" class=\"wp-image-7395 alignleft\" src=\"https:\/\/apymeco.netrotec.com\/wp-content\/uploads\/bono-consumo-3-211x300.jpeg\" alt=\"\" width=\"272\" height=\"387\" \/><\/p>\n<p>Al igual que en las dos campa\u00f1as anteriores la inversi\u00f3n del Ayuntamiento de Torrevieja asciende a 500.000\u20ac, con una inyecci\u00f3n econ\u00f3mica de 1.000.000\u20ac. Esto supone una cuant\u00eda total de inversi\u00f3n de 1.500.000\u20ac por parte del Ayuntamiento de Torrevieja a los sectores productivos, que se transforma en una inyecci\u00f3n de 3.000.000\u20ac.<\/p>\n<p>&nbsp;<\/p>\n<p>Como novedad en esta tercera edici\u00f3n del \u201cBono Consumo\u201d se abrir\u00e1 un plazo de tres d\u00edas para adquirir los bonos de manera presencial a todas aquellas personas que, en la pasada edici\u00f3n, no pudieron adquirirlos. Tal y como ha comentando el presidente de APYMECO \u201cel bono consumo va evolucionando, para que se adapte cada vez m\u00e1s a las necesidades de los ciudadanos\u201d. Esta venta presencial dar\u00e1 comienzo el 1 de diciembre, hasta el 3 de diciembre a las 14:00 horas.<\/p>\n<p>&nbsp;<\/p>\n<p>Se han destinado 150.000\u20ac, de los cuales se emitir\u00e1n 7.500 bonos de 10\u20ac y 3.750 bonos de 20\u20ac, para la venta presencial que se llevar\u00e1 a cabo en la oficina de Comercio y Ocupaci\u00f3n de V\u00eda P\u00fablica ubicada en el mercado de abastos \u201cLa Plasa\u201d (c\/Joaqu\u00edn Chapaprieta esq. Plaza Isabel II). La venta estar\u00e1 abierta para todas aquellas personas que no pudieron adquirirlos en la pasada edici\u00f3n por lo que su adquisici\u00f3n ser\u00e1 personal e intransferible.<\/p>\n<p>&nbsp;<\/p>\n<p>En palabras de Eduardo Dol\u00f3n \u201cesta tercera campa\u00f1a de bono consumo, como ya anunciamos tras el \u00e9xito de venta de la segunda edici\u00f3n, estar\u00e1 disponible para todas las personas que no pudieron adquirir bonos 2.0, esto quiere decir que las personas que adquirieron los bonos en la segunda campa\u00f1a no podr\u00e1n hacerlo, ya que esos DNIs estar\u00e1n restringidos\u201d.<\/p>\n<p>&nbsp;<\/p>\n<p>Ser\u00e1 necesaria la solicitud de cita previa para acudir a la oficina, a partir del lunes 29 de noviembre se podr\u00e1 adquirir en la oficina de Comercio y Ocupaci\u00f3n de V\u00eda P\u00fablica la cita, lugar donde se adquirir\u00e1n los bonos de manera presencial. Para llevar a cabo este servicio la oficina contar\u00e1 con dos personas de la asociaci\u00f3n APYMECO. Tambi\u00e9n se ha habilitado un tel\u00e9fono de informaci\u00f3n 965 07 43 10, as\u00ed como un servicio de soporte t\u00e9cnico mediante tel\u00e9fono (617 294 443) y correo electr\u00f3nico (soporteapymeco@gmail.com).<\/p>\n<p>&nbsp;<\/p>\n<p>El horario de venta presencial ser\u00e1 mi\u00e9rcoles 1 y jueves 2 de 09:00-14:00 horas y de 16:00-20:00 horas, el viernes 3 de diciembre ser\u00e1 desde las 09:00-14:00 horas. Este mismo viernes 3 de diciembre se abrir\u00e1 la venta online a todas las personas que no pudieron adquirir el bono en la segunda edici\u00f3n a partir de las 16:00 horas. Los bonos se podr\u00e1n canjear hasta el 31 de diciembre. A diferencia de los bonos de la segunda campa\u00f1a que tienen validez hasta el 15 de diciembre. Para ello se indicar\u00e1 la fecha en un mayor tama\u00f1o en los bonos.<\/p>\n<p>&nbsp;<\/p>\n<p>La adquisici\u00f3n online de bonos para aquellas personas que no pudieron adquirirlos en la pasada edici\u00f3n comenzar\u00e1 el viernes 3 de diciembre a las 16:00 horas y finalizar\u00e1 el jueves 9 de diciembre. A partir de las 16:00 horas del jueves 9 de diciembre se abrir\u00e1 el sistema para todas las personas, sin restricci\u00f3n de DNI.<\/p>\n","protected":false},"excerpt":{"rendered":"<p>El alcalde de Torrevieja, Eduardo Dol\u00f3n, junto a la concejal de Comercio y Hosteler\u00eda, Rosario Mart\u00ednez, el concejal de Hacienda, [&hellip;]<\/p>\n","protected":false},"author":2,"featured_media":7393,"comment_status":"open","ping_status":"open","sticky":false,"template":"","format":"standard","meta":{"site-sidebar-layout":"default","site-content-layout":"","ast-site-content-layout":"default","site-content-style":"default","site-sidebar-style":"default","ast-global-header-display":"","ast-banner-title-visibility":"","ast-main-header-display":"","ast-hfb-above-header-display":"","ast-hfb-below-header-display":"","ast-hfb-mobile-header-display":"","site-post-title":"","ast-breadcrumbs-content":"","ast-featured-img":"","footer-sml-layout":"","ast-disable-related-posts":"","theme-transparent-header-meta":"","adv-header-id-meta":"","stick-header-meta":"","header-above-stick-meta":"","header-main-stick-meta":"","header-below-stick-meta":"","astra-migrate-meta-layouts":"default","ast-page-background-enabled":"default","ast-page-background-meta":{"desktop":{"background-color":"var(--ast-global-color-5)","background-image":"","background-repeat":"repeat","background-position":"center center","background-size":"auto","background-attachment":"scroll","background-type":"","background-media":"","overlay-type":"","overlay-color":"","overlay-opacity":"","overlay-gradient":""},"tablet":{"background-color":"","background-image":"","background-repeat":"repeat","background-position":"center center","background-size":"auto","background-attachment":"scroll","background-type":"","background-media":"","overlay-type":"","overlay-color":"","overlay-opacity":"","overlay-gradient":""},"mobile":{"background-color":"","background-image":"","background-repeat":"repeat","background-position":"center center","background-size":"auto","background-attachment":"scroll","background-type":"","background-media":"","overlay-type":"","overlay-color":"","overlay-opacity":"","overlay-gradient":""}},"ast-content-background-meta":{"desktop":{"background-color":"var(--ast-global-color-4)","background-image":"","background-repeat":"repeat","background-position":"center center","background-size":"auto","background-attachment":"scroll","background-type":"","background-media":"","overlay-type":"","overlay-color":"","overlay-opacity":"","overlay-gradient":""},"tablet":{"background-color":"var(--ast-global-color-4)","background-image":"","background-repeat":"repeat","background-position":"center center","background-size":"auto","background-attachment":"scroll","background-type":"","background-media":"","overlay-type":"","overlay-color":"","overlay-opacity":"","overlay-gradient":""},"mobile":{"background-color":"var(--ast-global-color-4)","background-image":"","background-repeat":"repeat","background-position":"center center","background-size":"auto","background-attachment":"scroll","background-type":"","background-media":"","overlay-type":"","overlay-color":"","overlay-opacity":"","overlay-gradient":""}},"footnotes":""},"categories":[524,585],"tags":[640,641,642],"class_list":["post-7391","post","type-post","status-publish","format-standard","has-post-thumbnail","hentry","category-campanas","category-notas-de-prensa","tag-bono-3-torrevieja","tag-bono-consumo-3-0","tag-bono-consumo-torrevieja"],"yoast_head":"<!-- This site is optimized with the Yoast SEO Premium plugin v27.7 (Yoast SEO v27.8) - https:\/\/yoast.com\/product\/yoast-seo-premium-wordpress\/ -->\n<title>PRESENTADA LA TERCERA EDICI\u00d3N DEL \u201cBONO CONSUMO\u201d - APYMECO Torrevieja<\/title>\n<meta name=\"robots\" content=\"index, follow, max-snippet:-1, max-image-preview:large, max-video-preview:-1\" \/>\n<link rel=\"canonical\" href=\"https:\/\/apymeco.netrotec.com\/es\/presentada-la-tercera-edicion-del-bono-consumo\/\" \/>\n<meta property=\"og:locale\" content=\"es_ES\" \/>\n<meta property=\"og:type\" content=\"article\" \/>\n<meta property=\"og:title\" content=\"PRESENTADA LA TERCERA EDICI\u00d3N DEL \u201cBONO CONSUMO\u201d\" \/>\n<meta property=\"og:description\" content=\"El alcalde de Torrevieja, Eduardo Dol\u00f3n, junto a la concejal de Comercio y Hosteler\u00eda, Rosario Mart\u00ednez, el concejal de Hacienda, [&hellip;]\" \/>\n<meta property=\"og:url\" content=\"https:\/\/apymeco.netrotec.com\/es\/presentada-la-tercera-edicion-del-bono-consumo\/\" \/>\n<meta property=\"og:site_name\" content=\"APYMECO Torrevieja\" \/>\n<meta property=\"article:published_time\" content=\"2021-11-26T17:12:26+00:00\" \/>\n<meta property=\"og:image\" content=\"https:\/\/apymeco.netrotec.com\/wp-content\/uploads\/2021\/11\/rueda-prensa-bono-3.jpeg\" \/>\n\t<meta property=\"og:image:width\" content=\"1702\" \/>\n\t<meta property=\"og:image:height\" content=\"1112\" \/>\n\t<meta property=\"og:image:type\" content=\"image\/jpeg\" \/>\n<meta name=\"author\" content=\"Apymeco\" \/>\n<meta name=\"twitter:card\" content=\"summary_large_image\" \/>\n<meta name=\"twitter:label1\" content=\"Escrito por\" \/>\n\t<meta name=\"twitter:data1\" content=\"Apymeco\" \/>\n\t<meta name=\"twitter:label2\" content=\"Tiempo de lectura\" \/>\n\t<meta name=\"twitter:data2\" content=\"3 minutos\" \/>\n<script type=\"application\/ld+json\" class=\"yoast-schema-graph\">{\"@context\":\"https:\\\/\\\/schema.org\",\"@graph\":[{\"@type\":\"Article\",\"@id\":\"https:\\\/\\\/apymeco.netrotec.com\\\/presentada-la-tercera-edicion-del-bono-consumo\\\/#article\",\"isPartOf\":{\"@id\":\"https:\\\/\\\/apymeco.netrotec.com\\\/presentada-la-tercera-edicion-del-bono-consumo\\\/\"},\"author\":{\"name\":\"Apymeco\",\"@id\":\"https:\\\/\\\/apymeco.netrotec.com\\\/#\\\/schema\\\/person\\\/58f3bb0f5e04e2b6067d17d05470d2dd\"},\"headline\":\"PRESENTADA LA TERCERA EDICI\u00d3N DEL \u201cBONO CONSUMO\u201d\",\"datePublished\":\"2021-11-26T17:12:26+00:00\",\"mainEntityOfPage\":{\"@id\":\"https:\\\/\\\/apymeco.netrotec.com\\\/presentada-la-tercera-edicion-del-bono-consumo\\\/\"},\"wordCount\":591,\"commentCount\":0,\"publisher\":{\"@id\":\"https:\\\/\\\/apymeco.netrotec.com\\\/#organization\"},\"image\":{\"@id\":\"https:\\\/\\\/apymeco.netrotec.com\\\/presentada-la-tercera-edicion-del-bono-consumo\\\/#primaryimage\"},\"thumbnailUrl\":\"https:\\\/\\\/apymeco.netrotec.com\\\/wp-content\\\/uploads\\\/2021\\\/11\\\/rueda-prensa-bono-3.jpeg\",\"keywords\":[\"Bono 3 torrevieja\",\"bono consumo 3.0\",\"bono consumo torrevieja\"],\"articleSection\":[\"Campa\u00f1as\",\"Notas de Prensa\"],\"inLanguage\":\"es\",\"potentialAction\":[{\"@type\":\"CommentAction\",\"name\":\"Comment\",\"target\":[\"https:\\\/\\\/apymeco.netrotec.com\\\/presentada-la-tercera-edicion-del-bono-consumo\\\/#respond\"]}]},{\"@type\":\"WebPage\",\"@id\":\"https:\\\/\\\/apymeco.netrotec.com\\\/presentada-la-tercera-edicion-del-bono-consumo\\\/\",\"url\":\"https:\\\/\\\/apymeco.netrotec.com\\\/presentada-la-tercera-edicion-del-bono-consumo\\\/\",\"name\":\"PRESENTADA LA TERCERA EDICI\u00d3N DEL \u201cBONO CONSUMO\u201d - APYMECO Torrevieja\",\"isPartOf\":{\"@id\":\"https:\\\/\\\/apymeco.netrotec.com\\\/#website\"},\"primaryImageOfPage\":{\"@id\":\"https:\\\/\\\/apymeco.netrotec.com\\\/presentada-la-tercera-edicion-del-bono-consumo\\\/#primaryimage\"},\"image\":{\"@id\":\"https:\\\/\\\/apymeco.netrotec.com\\\/presentada-la-tercera-edicion-del-bono-consumo\\\/#primaryimage\"},\"thumbnailUrl\":\"https:\\\/\\\/apymeco.netrotec.com\\\/wp-content\\\/uploads\\\/2021\\\/11\\\/rueda-prensa-bono-3.jpeg\",\"datePublished\":\"2021-11-26T17:12:26+00:00\",\"breadcrumb\":{\"@id\":\"https:\\\/\\\/apymeco.netrotec.com\\\/presentada-la-tercera-edicion-del-bono-consumo\\\/#breadcrumb\"},\"inLanguage\":\"es\",\"potentialAction\":[{\"@type\":\"ReadAction\",\"target\":[\"https:\\\/\\\/apymeco.netrotec.com\\\/presentada-la-tercera-edicion-del-bono-consumo\\\/\"]}]},{\"@type\":\"ImageObject\",\"inLanguage\":\"es\",\"@id\":\"https:\\\/\\\/apymeco.netrotec.com\\\/presentada-la-tercera-edicion-del-bono-consumo\\\/#primaryimage\",\"url\":\"https:\\\/\\\/apymeco.netrotec.com\\\/wp-content\\\/uploads\\\/2021\\\/11\\\/rueda-prensa-bono-3.jpeg\",\"contentUrl\":\"https:\\\/\\\/apymeco.netrotec.com\\\/wp-content\\\/uploads\\\/2021\\\/11\\\/rueda-prensa-bono-3.jpeg\",\"width\":1702,\"height\":1112},{\"@type\":\"BreadcrumbList\",\"@id\":\"https:\\\/\\\/apymeco.netrotec.com\\\/presentada-la-tercera-edicion-del-bono-consumo\\\/#breadcrumb\",\"itemListElement\":[{\"@type\":\"ListItem\",\"position\":1,\"name\":\"Portada\",\"item\":\"https:\\\/\\\/apymeco.netrotec.com\\\/\"},{\"@type\":\"ListItem\",\"position\":2,\"name\":\"PRESENTADA LA TERCERA EDICI\u00d3N DEL \u201cBONO CONSUMO\u201d\"}]},{\"@type\":\"WebSite\",\"@id\":\"https:\\\/\\\/apymeco.netrotec.com\\\/#website\",\"url\":\"https:\\\/\\\/apymeco.netrotec.com\\\/\",\"name\":\"APYMECO Torrevieja\",\"description\":\"\",\"publisher\":{\"@id\":\"https:\\\/\\\/apymeco.netrotec.com\\\/#organization\"},\"potentialAction\":[{\"@type\":\"SearchAction\",\"target\":{\"@type\":\"EntryPoint\",\"urlTemplate\":\"https:\\\/\\\/apymeco.netrotec.com\\\/?s={search_term_string}\"},\"query-input\":{\"@type\":\"PropertyValueSpecification\",\"valueRequired\":true,\"valueName\":\"search_term_string\"}}],\"inLanguage\":\"es\"},{\"@type\":\"Organization\",\"@id\":\"https:\\\/\\\/apymeco.netrotec.com\\\/#organization\",\"name\":\"APYMECO Torrevieja\",\"url\":\"https:\\\/\\\/apymeco.netrotec.com\\\/\",\"logo\":{\"@type\":\"ImageObject\",\"inLanguage\":\"es\",\"@id\":\"https:\\\/\\\/apymeco.netrotec.com\\\/#\\\/schema\\\/logo\\\/image\\\/\",\"url\":\"https:\\\/\\\/apymeco.netrotec.com\\\/wp-content\\\/uploads\\\/2026\\\/06\\\/logo-blanco.png\",\"contentUrl\":\"https:\\\/\\\/apymeco.netrotec.com\\\/wp-content\\\/uploads\\\/2026\\\/06\\\/logo-blanco.png\",\"width\":1107,\"height\":444,\"caption\":\"APYMECO Torrevieja\"},\"image\":{\"@id\":\"https:\\\/\\\/apymeco.netrotec.com\\\/#\\\/schema\\\/logo\\\/image\\\/\"}},{\"@type\":\"Person\",\"@id\":\"https:\\\/\\\/apymeco.netrotec.com\\\/#\\\/schema\\\/person\\\/58f3bb0f5e04e2b6067d17d05470d2dd\",\"name\":\"Apymeco\",\"url\":\"https:\\\/\\\/apymeco.netrotec.com\\\/es\\\/author\\\/apymeco\\\/\"}]}<\/script>\n<!-- \/ Yoast SEO Premium plugin. -->","yoast_head_json":{"title":"PRESENTADA LA TERCERA EDICI\u00d3N DEL \u201cBONO CONSUMO\u201d - APYMECO Torrevieja","robots":{"index":"index","follow":"follow","max-snippet":"max-snippet:-1","max-image-preview":"max-image-preview:large","max-video-preview":"max-video-preview:-1"},"canonical":"https:\/\/apymeco.netrotec.com\/es\/presentada-la-tercera-edicion-del-bono-consumo\/","og_locale":"es_ES","og_type":"article","og_title":"PRESENTADA LA TERCERA EDICI\u00d3N DEL \u201cBONO CONSUMO\u201d","og_description":"El alcalde de Torrevieja, Eduardo Dol\u00f3n, junto a la concejal de Comercio y Hosteler\u00eda, Rosario Mart\u00ednez, el concejal de Hacienda, [&hellip;]","og_url":"https:\/\/apymeco.netrotec.com\/es\/presentada-la-tercera-edicion-del-bono-consumo\/","og_site_name":"APYMECO Torrevieja","article_published_time":"2021-11-26T17:12:26+00:00","og_image":[{"width":1702,"height":1112,"url":"https:\/\/apymeco.netrotec.com\/wp-content\/uploads\/2021\/11\/rueda-prensa-bono-3.jpeg","type":"image\/jpeg"}],"author":"Apymeco","twitter_card":"summary_large_image","twitter_misc":{"Escrito por":"Apymeco","Tiempo de lectura":"3 minutos"},"schema":{"@context":"https:\/\/schema.org","@graph":[{"@type":"Article","@id":"https:\/\/apymeco.netrotec.com\/presentada-la-tercera-edicion-del-bono-consumo\/#article","isPartOf":{"@id":"https:\/\/apymeco.netrotec.com\/presentada-la-tercera-edicion-del-bono-consumo\/"},"author":{"name":"Apymeco","@id":"https:\/\/apymeco.netrotec.com\/#\/schema\/person\/58f3bb0f5e04e2b6067d17d05470d2dd"},"headline":"PRESENTADA LA TERCERA EDICI\u00d3N DEL \u201cBONO CONSUMO\u201d","datePublished":"2021-11-26T17:12:26+00:00","mainEntityOfPage":{"@id":"https:\/\/apymeco.netrotec.com\/presentada-la-tercera-edicion-del-bono-consumo\/"},"wordCount":591,"commentCount":0,"publisher":{"@id":"https:\/\/apymeco.netrotec.com\/#organization"},"image":{"@id":"https:\/\/apymeco.netrotec.com\/presentada-la-tercera-edicion-del-bono-consumo\/#primaryimage"},"thumbnailUrl":"https:\/\/apymeco.netrotec.com\/wp-content\/uploads\/2021\/11\/rueda-prensa-bono-3.jpeg","keywords":["Bono 3 torrevieja","bono consumo 3.0","bono consumo torrevieja"],"articleSection":["Campa\u00f1as","Notas de Prensa"],"inLanguage":"es","potentialAction":[{"@type":"CommentAction","name":"Comment","target":["https:\/\/apymeco.netrotec.com\/presentada-la-tercera-edicion-del-bono-consumo\/#respond"]}]},{"@type":"WebPage","@id":"https:\/\/apymeco.netrotec.com\/presentada-la-tercera-edicion-del-bono-consumo\/","url":"https:\/\/apymeco.netrotec.com\/presentada-la-tercera-edicion-del-bono-consumo\/","name":"PRESENTADA LA TERCERA EDICI\u00d3N DEL \u201cBONO CONSUMO\u201d - APYMECO Torrevieja","isPartOf":{"@id":"https:\/\/apymeco.netrotec.com\/#website"},"primaryImageOfPage":{"@id":"https:\/\/apymeco.netrotec.com\/presentada-la-tercera-edicion-del-bono-consumo\/#primaryimage"},"image":{"@id":"https:\/\/apymeco.netrotec.com\/presentada-la-tercera-edicion-del-bono-consumo\/#primaryimage"},"thumbnailUrl":"https:\/\/apymeco.netrotec.com\/wp-content\/uploads\/2021\/11\/rueda-prensa-bono-3.jpeg","datePublished":"2021-11-26T17:12:26+00:00","breadcrumb":{"@id":"https:\/\/apymeco.netrotec.com\/presentada-la-tercera-edicion-del-bono-consumo\/#breadcrumb"},"inLanguage":"es","potentialAction":[{"@type":"ReadAction","target":["https:\/\/apymeco.netrotec.com\/presentada-la-tercera-edicion-del-bono-consumo\/"]}]},{"@type":"ImageObject","inLanguage":"es","@id":"https:\/\/apymeco.netrotec.com\/presentada-la-tercera-edicion-del-bono-consumo\/#primaryimage","url":"https:\/\/apymeco.netrotec.com\/wp-content\/uploads\/2021\/11\/rueda-prensa-bono-3.jpeg","contentUrl":"https:\/\/apymeco.netrotec.com\/wp-content\/uploads\/2021\/11\/rueda-prensa-bono-3.jpeg","width":1702,"height":1112},{"@type":"BreadcrumbList","@id":"https:\/\/apymeco.netrotec.com\/presentada-la-tercera-edicion-del-bono-consumo\/#breadcrumb","itemListElement":[{"@type":"ListItem","position":1,"name":"Portada","item":"https:\/\/apymeco.netrotec.com\/"},{"@type":"ListItem","position":2,"name":"PRESENTADA LA TERCERA EDICI\u00d3N DEL \u201cBONO CONSUMO\u201d"}]},{"@type":"WebSite","@id":"https:\/\/apymeco.netrotec.com\/#website","url":"https:\/\/apymeco.netrotec.com\/","name":"APYMECO Torrevieja","description":"","publisher":{"@id":"https:\/\/apymeco.netrotec.com\/#organization"},"potentialAction":[{"@type":"SearchAction","target":{"@type":"EntryPoint","urlTemplate":"https:\/\/apymeco.netrotec.com\/?s={search_term_string}"},"query-input":{"@type":"PropertyValueSpecification","valueRequired":true,"valueName":"search_term_string"}}],"inLanguage":"es"},{"@type":"Organization","@id":"https:\/\/apymeco.netrotec.com\/#organization","name":"APYMECO Torrevieja","url":"https:\/\/apymeco.netrotec.com\/","logo":{"@type":"ImageObject","inLanguage":"es","@id":"https:\/\/apymeco.netrotec.com\/#\/schema\/logo\/image\/","url":"https:\/\/apymeco.netrotec.com\/wp-content\/uploads\/2026\/06\/logo-blanco.png","contentUrl":"https:\/\/apymeco.netrotec.com\/wp-content\/uploads\/2026\/06\/logo-blanco.png","width":1107,"height":444,"caption":"APYMECO Torrevieja"},"image":{"@id":"https:\/\/apymeco.netrotec.com\/#\/schema\/logo\/image\/"}},{"@type":"Person","@id":"https:\/\/apymeco.netrotec.com\/#\/schema\/person\/58f3bb0f5e04e2b6067d17d05470d2dd","name":"Apymeco","url":"https:\/\/apymeco.netrotec.com\/es\/author\/apymeco\/"}]}},"_links":{"self":[{"href":"https:\/\/apymeco.netrotec.com\/es\/wp-json\/wp\/v2\/posts\/7391","targetHints":{"allow":["GET"]}}],"collection":[{"href":"https:\/\/apymeco.netrotec.com\/es\/wp-json\/wp\/v2\/posts"}],"about":[{"href":"https:\/\/apymeco.netrotec.com\/es\/wp-json\/wp\/v2\/types\/post"}],"author":[{"embeddable":true,"href":"https:\/\/apymeco.netrotec.com\/es\/wp-json\/wp\/v2\/users\/2"}],"replies":[{"embeddable":true,"href":"https:\/\/apymeco.netrotec.com\/es\/wp-json\/wp\/v2\/comments?post=7391"}],"version-history":[{"count":0,"href":"https:\/\/apymeco.netrotec.com\/es\/wp-json\/wp\/v2\/posts\/7391\/revisions"}],"wp:featuredmedia":[{"embeddable":true,"href":"https:\/\/apymeco.netrotec.com\/es\/wp-json\/wp\/v2\/media\/7393"}],"wp:attachment":[{"href":"https:\/\/apymeco.netrotec.com\/es\/wp-json\/wp\/v2\/media?parent=7391"}],"wp:term":[{"taxonomy":"category","embeddable":true,"href":"https:\/\/apymeco.netrotec.com\/es\/wp-json\/wp\/v2\/categories?post=7391"},{"taxonomy":"post_tag","embeddable":true,"href":"https:\/\/apymeco.netrotec.com\/es\/wp-json\/wp\/v2\/tags?post=7391"}],"curies":[{"name":"wp","href":"https:\/\/api.w.org\/{rel}","templated":true}]}}