{"id":7440,"date":"2022-01-21T15:40:38","date_gmt":"2022-01-21T13:40:38","guid":{"rendered":"https:\/\/www.apymeco.info\/?p=7440"},"modified":"2022-01-21T15:40:38","modified_gmt":"2022-01-21T13:40:38","slug":"apymeco-presente-en-fitur-2022","status":"publish","type":"post","link":"https:\/\/apymeco.netrotec.com\/es\/apymeco-presente-en-fitur-2022\/","title":{"rendered":"APYMECO PRESENTE EN FITUR 2022"},"content":{"rendered":"<p><strong><img fetchpriority=\"high\" decoding=\"async\" class=\" wp-image-7442 alignleft\" src=\"https:\/\/apymeco.netrotec.com\/wp-content\/uploads\/WhatsApp-Image-2022-01-20-at-14.36.11-300x225.jpeg\" alt=\"\" width=\"399\" height=\"299\" \/><\/strong><\/p>\n<p style=\"text-align: center;\"><strong>El\u00a0 presidente de Apymeco, Jorge Almarcha y su vicepresidente, Pedro Andr\u00e9s Garc\u00eda, visitaron el recinto de IFEMA en Madrid, donde de<\/strong><strong>sde el pasado mi\u00e9rcoles se est\u00e1 celebrando la Feria Internacional de Turismo (FITUR).<\/strong><\/p>\n<p>&nbsp;<\/p>\n<p>&nbsp;<\/p>\n<p><strong><img decoding=\"async\" class=\"size-medium wp-image-7443 alignright\" src=\"https:\/\/apymeco.netrotec.com\/wp-content\/uploads\/WhatsApp-Image-2022-01-20-at-14.35.14-3OK-225x300.jpeg\" alt=\"\" width=\"225\" height=\"300\" \/><\/strong><\/p>\n<p>&nbsp;<\/p>\n<p>&nbsp;<\/p>\n<p>&nbsp;<\/p>\n<p>&nbsp;<\/p>\n<p>Con su presencia se quiso poner en valor en un acontecimiento de esta proyecci\u00f3n, el comercio de nuestra ciudad, sobre todo en esta \u00faltima etapa, en que la pandemia ha hecho reinventar un nuevo modelo de acercamiento a los clientes, con la puesta en marcha de proyectos adecuados a la situaci\u00f3n econ\u00f3mica que estamos viviendo, como lo es la puesta en marcha del Bono Consumo y que el Ayuntamiento confi\u00f3 en Apymeco para su organizaci\u00f3n.<\/p>\n<p>Durante su estancia en la feria, fueron recibidos por el alcalde de Torrevieja Eduardo Dol\u00f3n y la concejal de Comercio, Hosteler\u00eda y Turismo, Rosario Mart\u00ednez Chazarra, con la que mantuvieron una reuni\u00f3n de trabajo. Teniendo la oportunidad de asistir a la presentaci\u00f3n de varios eventos que tendr\u00e1n lugar en nuestra ciudad este verano y que favorecer\u00e1n, sin duda alguna, con su difusi\u00f3n a la expansi\u00f3n del comercio de Torrevieja.<\/p>\n<p><strong><img decoding=\"async\" class=\" wp-image-7444 aligncenter\" src=\"https:\/\/apymeco.netrotec.com\/wp-content\/uploads\/WhatsApp-Image-2022-01-20-at-14.11.14-pagina-web-300x225.jpeg\" alt=\"\" width=\"432\" height=\"324\" \/><\/strong><\/p>\n","protected":false},"excerpt":{"rendered":"<p>El\u00a0 presidente de Apymeco, Jorge Almarcha y su vicepresidente, Pedro Andr\u00e9s Garc\u00eda, visitaron el recinto de IFEMA en Madrid, donde [&hellip;]<\/p>\n","protected":false},"author":2,"featured_media":0,"comment_status":"open","ping_status":"open","sticky":false,"template":"","format":"standard","meta":{"site-sidebar-layout":"default","site-content-layout":"","ast-site-content-layout":"default","site-content-style":"default","site-sidebar-style":"default","ast-global-header-display":"","ast-banner-title-visibility":"","ast-main-header-display":"","ast-hfb-above-header-display":"","ast-hfb-below-header-display":"","ast-hfb-mobile-header-display":"","site-post-title":"","ast-breadcrumbs-content":"","ast-featured-img":"","footer-sml-layout":"","ast-disable-related-posts":"","theme-transparent-header-meta":"","adv-header-id-meta":"","stick-header-meta":"","header-above-stick-meta":"","header-main-stick-meta":"","header-below-stick-meta":"","astra-migrate-meta-layouts":"default","ast-page-background-enabled":"default","ast-page-background-meta":{"desktop":{"background-color":"var(--ast-global-color-5)","background-image":"","background-repeat":"repeat","background-position":"center center","background-size":"auto","background-attachment":"scroll","background-type":"","background-media":"","overlay-type":"","overlay-color":"","overlay-opacity":"","overlay-gradient":""},"tablet":{"background-color":"","background-image":"","background-repeat":"repeat","background-position":"center center","background-size":"auto","background-attachment":"scroll","background-type":"","background-media":"","overlay-type":"","overlay-color":"","overlay-opacity":"","overlay-gradient":""},"mobile":{"background-color":"","background-image":"","background-repeat":"repeat","background-position":"center center","background-size":"auto","background-attachment":"scroll","background-type":"","background-media":"","overlay-type":"","overlay-color":"","overlay-opacity":"","overlay-gradient":""}},"ast-content-background-meta":{"desktop":{"background-color":"var(--ast-global-color-4)","background-image":"","background-repeat":"repeat","background-position":"center center","background-size":"auto","background-attachment":"scroll","background-type":"","background-media":"","overlay-type":"","overlay-color":"","overlay-opacity":"","overlay-gradient":""},"tablet":{"background-color":"var(--ast-global-color-4)","background-image":"","background-repeat":"repeat","background-position":"center center","background-size":"auto","background-attachment":"scroll","background-type":"","background-media":"","overlay-type":"","overlay-color":"","overlay-opacity":"","overlay-gradient":""},"mobile":{"background-color":"var(--ast-global-color-4)","background-image":"","background-repeat":"repeat","background-position":"center center","background-size":"auto","background-attachment":"scroll","background-type":"","background-media":"","overlay-type":"","overlay-color":"","overlay-opacity":"","overlay-gradient":""}},"footnotes":""},"categories":[526,541,585],"tags":[643],"class_list":["post-7440","post","type-post","status-publish","format-standard","hentry","category-eventos","category-informacion","category-notas-de-prensa","tag-apymeco-en-fitur-2022"],"yoast_head":"<!-- This site is optimized with the Yoast SEO Premium plugin v27.7 (Yoast SEO v27.8) - https:\/\/yoast.com\/product\/yoast-seo-premium-wordpress\/ -->\n<title>APYMECO PRESENTE EN FITUR 2022 - APYMECO Torrevieja<\/title>\n<meta name=\"robots\" content=\"index, follow, max-snippet:-1, max-image-preview:large, max-video-preview:-1\" \/>\n<link rel=\"canonical\" href=\"https:\/\/apymeco.netrotec.com\/es\/apymeco-presente-en-fitur-2022\/\" \/>\n<meta property=\"og:locale\" content=\"es_ES\" \/>\n<meta property=\"og:type\" content=\"article\" \/>\n<meta property=\"og:title\" content=\"APYMECO PRESENTE EN FITUR 2022\" \/>\n<meta property=\"og:description\" content=\"El\u00a0 presidente de Apymeco, Jorge Almarcha y su vicepresidente, Pedro Andr\u00e9s Garc\u00eda, visitaron el recinto de IFEMA en Madrid, donde [&hellip;]\" \/>\n<meta property=\"og:url\" content=\"https:\/\/apymeco.netrotec.com\/es\/apymeco-presente-en-fitur-2022\/\" \/>\n<meta property=\"og:site_name\" content=\"APYMECO Torrevieja\" \/>\n<meta property=\"article:published_time\" content=\"2022-01-21T13:40:38+00:00\" \/>\n<meta property=\"og:image\" content=\"https:\/\/apymeco.netrotec.com\/wp-content\/uploads\/2022\/01\/WhatsApp-Image-2022-01-20-at-14.36.11.jpeg\" \/>\n\t<meta property=\"og:image:width\" content=\"1024\" \/>\n\t<meta property=\"og:image:height\" content=\"768\" \/>\n\t<meta property=\"og:image:type\" content=\"image\/jpeg\" \/>\n<meta name=\"author\" content=\"Apymeco\" \/>\n<meta name=\"twitter:card\" content=\"summary_large_image\" \/>\n<meta name=\"twitter:label1\" content=\"Escrito por\" \/>\n\t<meta name=\"twitter:data1\" content=\"Apymeco\" \/>\n\t<meta name=\"twitter:label2\" content=\"Tiempo de lectura\" \/>\n\t<meta name=\"twitter:data2\" content=\"2 minutos\" \/>\n<script type=\"application\/ld+json\" class=\"yoast-schema-graph\">{\"@context\":\"https:\\\/\\\/schema.org\",\"@graph\":[{\"@type\":\"Article\",\"@id\":\"https:\\\/\\\/apymeco.netrotec.com\\\/apymeco-presente-en-fitur-2022\\\/#article\",\"isPartOf\":{\"@id\":\"https:\\\/\\\/apymeco.netrotec.com\\\/apymeco-presente-en-fitur-2022\\\/\"},\"author\":{\"name\":\"Apymeco\",\"@id\":\"https:\\\/\\\/apymeco.netrotec.com\\\/#\\\/schema\\\/person\\\/58f3bb0f5e04e2b6067d17d05470d2dd\"},\"headline\":\"APYMECO PRESENTE EN FITUR 2022\",\"datePublished\":\"2022-01-21T13:40:38+00:00\",\"mainEntityOfPage\":{\"@id\":\"https:\\\/\\\/apymeco.netrotec.com\\\/apymeco-presente-en-fitur-2022\\\/\"},\"wordCount\":204,\"commentCount\":0,\"publisher\":{\"@id\":\"https:\\\/\\\/apymeco.netrotec.com\\\/#organization\"},\"image\":{\"@id\":\"https:\\\/\\\/apymeco.netrotec.com\\\/apymeco-presente-en-fitur-2022\\\/#primaryimage\"},\"thumbnailUrl\":\"https:\\\/\\\/apymeco.netrotec.com\\\/wp-content\\\/uploads\\\/WhatsApp-Image-2022-01-20-at-14.36.11-300x225.jpeg\",\"keywords\":[\"apymeco en fitur 2022\"],\"articleSection\":[\"Eventos\",\"Informaci\u00f3n\",\"Notas de Prensa\"],\"inLanguage\":\"es\",\"potentialAction\":[{\"@type\":\"CommentAction\",\"name\":\"Comment\",\"target\":[\"https:\\\/\\\/apymeco.netrotec.com\\\/apymeco-presente-en-fitur-2022\\\/#respond\"]}]},{\"@type\":\"WebPage\",\"@id\":\"https:\\\/\\\/apymeco.netrotec.com\\\/apymeco-presente-en-fitur-2022\\\/\",\"url\":\"https:\\\/\\\/apymeco.netrotec.com\\\/apymeco-presente-en-fitur-2022\\\/\",\"name\":\"APYMECO PRESENTE EN FITUR 2022 - APYMECO Torrevieja\",\"isPartOf\":{\"@id\":\"https:\\\/\\\/apymeco.netrotec.com\\\/#website\"},\"primaryImageOfPage\":{\"@id\":\"https:\\\/\\\/apymeco.netrotec.com\\\/apymeco-presente-en-fitur-2022\\\/#primaryimage\"},\"image\":{\"@id\":\"https:\\\/\\\/apymeco.netrotec.com\\\/apymeco-presente-en-fitur-2022\\\/#primaryimage\"},\"thumbnailUrl\":\"https:\\\/\\\/apymeco.netrotec.com\\\/wp-content\\\/uploads\\\/WhatsApp-Image-2022-01-20-at-14.36.11-300x225.jpeg\",\"datePublished\":\"2022-01-21T13:40:38+00:00\",\"breadcrumb\":{\"@id\":\"https:\\\/\\\/apymeco.netrotec.com\\\/apymeco-presente-en-fitur-2022\\\/#breadcrumb\"},\"inLanguage\":\"es\",\"potentialAction\":[{\"@type\":\"ReadAction\",\"target\":[\"https:\\\/\\\/apymeco.netrotec.com\\\/apymeco-presente-en-fitur-2022\\\/\"]}]},{\"@type\":\"ImageObject\",\"inLanguage\":\"es\",\"@id\":\"https:\\\/\\\/apymeco.netrotec.com\\\/apymeco-presente-en-fitur-2022\\\/#primaryimage\",\"url\":\"https:\\\/\\\/apymeco.netrotec.com\\\/wp-content\\\/uploads\\\/WhatsApp-Image-2022-01-20-at-14.36.11-300x225.jpeg\",\"contentUrl\":\"https:\\\/\\\/apymeco.netrotec.com\\\/wp-content\\\/uploads\\\/WhatsApp-Image-2022-01-20-at-14.36.11-300x225.jpeg\"},{\"@type\":\"BreadcrumbList\",\"@id\":\"https:\\\/\\\/apymeco.netrotec.com\\\/apymeco-presente-en-fitur-2022\\\/#breadcrumb\",\"itemListElement\":[{\"@type\":\"ListItem\",\"position\":1,\"name\":\"Portada\",\"item\":\"https:\\\/\\\/apymeco.netrotec.com\\\/\"},{\"@type\":\"ListItem\",\"position\":2,\"name\":\"APYMECO PRESENTE EN FITUR 2022\"}]},{\"@type\":\"WebSite\",\"@id\":\"https:\\\/\\\/apymeco.netrotec.com\\\/#website\",\"url\":\"https:\\\/\\\/apymeco.netrotec.com\\\/\",\"name\":\"APYMECO Torrevieja\",\"description\":\"\",\"publisher\":{\"@id\":\"https:\\\/\\\/apymeco.netrotec.com\\\/#organization\"},\"potentialAction\":[{\"@type\":\"SearchAction\",\"target\":{\"@type\":\"EntryPoint\",\"urlTemplate\":\"https:\\\/\\\/apymeco.netrotec.com\\\/?s={search_term_string}\"},\"query-input\":{\"@type\":\"PropertyValueSpecification\",\"valueRequired\":true,\"valueName\":\"search_term_string\"}}],\"inLanguage\":\"es\"},{\"@type\":\"Organization\",\"@id\":\"https:\\\/\\\/apymeco.netrotec.com\\\/#organization\",\"name\":\"APYMECO Torrevieja\",\"url\":\"https:\\\/\\\/apymeco.netrotec.com\\\/\",\"logo\":{\"@type\":\"ImageObject\",\"inLanguage\":\"es\",\"@id\":\"https:\\\/\\\/apymeco.netrotec.com\\\/#\\\/schema\\\/logo\\\/image\\\/\",\"url\":\"https:\\\/\\\/apymeco.netrotec.com\\\/wp-content\\\/uploads\\\/2026\\\/06\\\/logo-blanco.png\",\"contentUrl\":\"https:\\\/\\\/apymeco.netrotec.com\\\/wp-content\\\/uploads\\\/2026\\\/06\\\/logo-blanco.png\",\"width\":1107,\"height\":444,\"caption\":\"APYMECO Torrevieja\"},\"image\":{\"@id\":\"https:\\\/\\\/apymeco.netrotec.com\\\/#\\\/schema\\\/logo\\\/image\\\/\"}},{\"@type\":\"Person\",\"@id\":\"https:\\\/\\\/apymeco.netrotec.com\\\/#\\\/schema\\\/person\\\/58f3bb0f5e04e2b6067d17d05470d2dd\",\"name\":\"Apymeco\",\"url\":\"https:\\\/\\\/apymeco.netrotec.com\\\/es\\\/author\\\/apymeco\\\/\"}]}<\/script>\n<!-- \/ Yoast SEO Premium plugin. -->","yoast_head_json":{"title":"APYMECO PRESENTE EN FITUR 2022 - APYMECO Torrevieja","robots":{"index":"index","follow":"follow","max-snippet":"max-snippet:-1","max-image-preview":"max-image-preview:large","max-video-preview":"max-video-preview:-1"},"canonical":"https:\/\/apymeco.netrotec.com\/es\/apymeco-presente-en-fitur-2022\/","og_locale":"es_ES","og_type":"article","og_title":"APYMECO PRESENTE EN FITUR 2022","og_description":"El\u00a0 presidente de Apymeco, Jorge Almarcha y su vicepresidente, Pedro Andr\u00e9s Garc\u00eda, visitaron el recinto de IFEMA en Madrid, donde [&hellip;]","og_url":"https:\/\/apymeco.netrotec.com\/es\/apymeco-presente-en-fitur-2022\/","og_site_name":"APYMECO Torrevieja","article_published_time":"2022-01-21T13:40:38+00:00","og_image":[{"width":1024,"height":768,"url":"https:\/\/apymeco.netrotec.com\/wp-content\/uploads\/2022\/01\/WhatsApp-Image-2022-01-20-at-14.36.11.jpeg","type":"image\/jpeg"}],"author":"Apymeco","twitter_card":"summary_large_image","twitter_misc":{"Escrito por":"Apymeco","Tiempo de lectura":"2 minutos"},"schema":{"@context":"https:\/\/schema.org","@graph":[{"@type":"Article","@id":"https:\/\/apymeco.netrotec.com\/apymeco-presente-en-fitur-2022\/#article","isPartOf":{"@id":"https:\/\/apymeco.netrotec.com\/apymeco-presente-en-fitur-2022\/"},"author":{"name":"Apymeco","@id":"https:\/\/apymeco.netrotec.com\/#\/schema\/person\/58f3bb0f5e04e2b6067d17d05470d2dd"},"headline":"APYMECO PRESENTE EN FITUR 2022","datePublished":"2022-01-21T13:40:38+00:00","mainEntityOfPage":{"@id":"https:\/\/apymeco.netrotec.com\/apymeco-presente-en-fitur-2022\/"},"wordCount":204,"commentCount":0,"publisher":{"@id":"https:\/\/apymeco.netrotec.com\/#organization"},"image":{"@id":"https:\/\/apymeco.netrotec.com\/apymeco-presente-en-fitur-2022\/#primaryimage"},"thumbnailUrl":"https:\/\/apymeco.netrotec.com\/wp-content\/uploads\/WhatsApp-Image-2022-01-20-at-14.36.11-300x225.jpeg","keywords":["apymeco en fitur 2022"],"articleSection":["Eventos","Informaci\u00f3n","Notas de Prensa"],"inLanguage":"es","potentialAction":[{"@type":"CommentAction","name":"Comment","target":["https:\/\/apymeco.netrotec.com\/apymeco-presente-en-fitur-2022\/#respond"]}]},{"@type":"WebPage","@id":"https:\/\/apymeco.netrotec.com\/apymeco-presente-en-fitur-2022\/","url":"https:\/\/apymeco.netrotec.com\/apymeco-presente-en-fitur-2022\/","name":"APYMECO PRESENTE EN FITUR 2022 - APYMECO Torrevieja","isPartOf":{"@id":"https:\/\/apymeco.netrotec.com\/#website"},"primaryImageOfPage":{"@id":"https:\/\/apymeco.netrotec.com\/apymeco-presente-en-fitur-2022\/#primaryimage"},"image":{"@id":"https:\/\/apymeco.netrotec.com\/apymeco-presente-en-fitur-2022\/#primaryimage"},"thumbnailUrl":"https:\/\/apymeco.netrotec.com\/wp-content\/uploads\/WhatsApp-Image-2022-01-20-at-14.36.11-300x225.jpeg","datePublished":"2022-01-21T13:40:38+00:00","breadcrumb":{"@id":"https:\/\/apymeco.netrotec.com\/apymeco-presente-en-fitur-2022\/#breadcrumb"},"inLanguage":"es","potentialAction":[{"@type":"ReadAction","target":["https:\/\/apymeco.netrotec.com\/apymeco-presente-en-fitur-2022\/"]}]},{"@type":"ImageObject","inLanguage":"es","@id":"https:\/\/apymeco.netrotec.com\/apymeco-presente-en-fitur-2022\/#primaryimage","url":"https:\/\/apymeco.netrotec.com\/wp-content\/uploads\/WhatsApp-Image-2022-01-20-at-14.36.11-300x225.jpeg","contentUrl":"https:\/\/apymeco.netrotec.com\/wp-content\/uploads\/WhatsApp-Image-2022-01-20-at-14.36.11-300x225.jpeg"},{"@type":"BreadcrumbList","@id":"https:\/\/apymeco.netrotec.com\/apymeco-presente-en-fitur-2022\/#breadcrumb","itemListElement":[{"@type":"ListItem","position":1,"name":"Portada","item":"https:\/\/apymeco.netrotec.com\/"},{"@type":"ListItem","position":2,"name":"APYMECO PRESENTE EN FITUR 2022"}]},{"@type":"WebSite","@id":"https:\/\/apymeco.netrotec.com\/#website","url":"https:\/\/apymeco.netrotec.com\/","name":"APYMECO Torrevieja","description":"","publisher":{"@id":"https:\/\/apymeco.netrotec.com\/#organization"},"potentialAction":[{"@type":"SearchAction","target":{"@type":"EntryPoint","urlTemplate":"https:\/\/apymeco.netrotec.com\/?s={search_term_string}"},"query-input":{"@type":"PropertyValueSpecification","valueRequired":true,"valueName":"search_term_string"}}],"inLanguage":"es"},{"@type":"Organization","@id":"https:\/\/apymeco.netrotec.com\/#organization","name":"APYMECO Torrevieja","url":"https:\/\/apymeco.netrotec.com\/","logo":{"@type":"ImageObject","inLanguage":"es","@id":"https:\/\/apymeco.netrotec.com\/#\/schema\/logo\/image\/","url":"https:\/\/apymeco.netrotec.com\/wp-content\/uploads\/2026\/06\/logo-blanco.png","contentUrl":"https:\/\/apymeco.netrotec.com\/wp-content\/uploads\/2026\/06\/logo-blanco.png","width":1107,"height":444,"caption":"APYMECO Torrevieja"},"image":{"@id":"https:\/\/apymeco.netrotec.com\/#\/schema\/logo\/image\/"}},{"@type":"Person","@id":"https:\/\/apymeco.netrotec.com\/#\/schema\/person\/58f3bb0f5e04e2b6067d17d05470d2dd","name":"Apymeco","url":"https:\/\/apymeco.netrotec.com\/es\/author\/apymeco\/"}]}},"_links":{"self":[{"href":"https:\/\/apymeco.netrotec.com\/es\/wp-json\/wp\/v2\/posts\/7440","targetHints":{"allow":["GET"]}}],"collection":[{"href":"https:\/\/apymeco.netrotec.com\/es\/wp-json\/wp\/v2\/posts"}],"about":[{"href":"https:\/\/apymeco.netrotec.com\/es\/wp-json\/wp\/v2\/types\/post"}],"author":[{"embeddable":true,"href":"https:\/\/apymeco.netrotec.com\/es\/wp-json\/wp\/v2\/users\/2"}],"replies":[{"embeddable":true,"href":"https:\/\/apymeco.netrotec.com\/es\/wp-json\/wp\/v2\/comments?post=7440"}],"version-history":[{"count":0,"href":"https:\/\/apymeco.netrotec.com\/es\/wp-json\/wp\/v2\/posts\/7440\/revisions"}],"wp:attachment":[{"href":"https:\/\/apymeco.netrotec.com\/es\/wp-json\/wp\/v2\/media?parent=7440"}],"wp:term":[{"taxonomy":"category","embeddable":true,"href":"https:\/\/apymeco.netrotec.com\/es\/wp-json\/wp\/v2\/categories?post=7440"},{"taxonomy":"post_tag","embeddable":true,"href":"https:\/\/apymeco.netrotec.com\/es\/wp-json\/wp\/v2\/tags?post=7440"}],"curies":[{"name":"wp","href":"https:\/\/api.w.org\/{rel}","templated":true}]}}