{"id":7762,"date":"2023-02-14T22:43:22","date_gmt":"2023-02-14T20:43:22","guid":{"rendered":"https:\/\/www.apymeco.info\/?p=7762"},"modified":"2023-02-14T22:43:22","modified_gmt":"2023-02-14T20:43:22","slug":"la-junta-directiva-de-apymeco-renueva-su-mandato-ante-la-ausencia-de-otras-candidaturas","status":"publish","type":"post","link":"https:\/\/apymeco.netrotec.com\/es\/la-junta-directiva-de-apymeco-renueva-su-mandato-ante-la-ausencia-de-otras-candidaturas\/","title":{"rendered":"LA JUNTA DIRECTIVA DE APYMECO, RENUEVA SU MANDATO ANTE LA AUSENCIA DE OTRAS CANDIDATURAS"},"content":{"rendered":"<p>Los Salones del Real Club N\u00e1utico de Torrevieja, acogieron en la noche de ayer la Asamblea General Extraordinaria de la Asociaci\u00f3n de Peque\u00f1os y Medianos Comerciantes de Torrevieja (APYMECO), para llevar a cabo el acto de elecci\u00f3n de la nueva Junta Directiva. Extinguidos los plazos y la pr\u00f3rroga para la presentaci\u00f3n de candidaturas y no habiendo sido presentada ninguna, se procedi\u00f3 a proclamar a la misma, que durante los tres \u00faltimos a\u00f1os ha venido representando a la Asociaci\u00f3n. Entre los asistentes al acto se encontraba la Vicealcaldesa de Torrevieja y Concejal de Comercio, Rosario Mart\u00ednez Chazarra.<\/p>\n<p>El presidente de la entidad, Jorge Almarcha, hizo un somero recorrido por estos\u00a0 tres a\u00f1os de mandato, marcados en sus inicios pro la tr\u00e1gica pandemia que asol\u00f3 el pa\u00eds y enumer\u00f3 los logros conseguidos y proyectos efectuados estos a\u00f1os, haciendo especial hincapi\u00e9 en la ejemplar gesti\u00f3n del Bono Consumo de que celebramos ya la 7\u00aa Edici\u00f3n.<\/p>\n<p>As\u00ed mismo quiso adelantar algunos de los m\u00faltiples proyectos de activaci\u00f3n comercial que se realizar\u00e1n el pr\u00f3ximo ciclo. Por su parte la Vicealcaldesa agradeci\u00f3 el esfuerzo totalmente desinteresado de Apymeco en cuantas actividades se le ha requerido y muy especialmente en la impecable gesti\u00f3n del Bono Consumo.<\/p>\n<p>En breves fechas se convocar\u00e1 una Asamblea General Ordinaria para dar a conocer a todos los socios de Apymeco, el balance econ\u00f3mico de los \u00faltimos tres a\u00f1os y atender sus sugerencias para las actividades del pr\u00f3ximo trienio.<\/p>\n<p><strong>LA NUEVA JUNTA DIRECTIVA DE APYMECO, QUED\u00d3 CONSTITUIDA COMO SIGUE: <\/strong><\/p>\n<p><strong>Presidente:<\/strong> Jorge Almarcha Vicente<\/p>\n<p><strong>Vicepresidente:<\/strong> Pedro Andr\u00e9s Garc\u00eda Mart\u00ednez.<\/p>\n<p><strong>Secretario y portavoz:<\/strong> Fernando Guardiola Molina<\/p>\n<p><strong>Tesorero:<\/strong> Luis Ismael Canto Mula<\/p>\n<p><strong>Vocal:<\/strong> Encarnaci\u00f3n Obdulia Mart\u00ednez Garc\u00eda,<\/p>\n<p><strong>Vocal:<\/strong> Marta Hern\u00e1ndez Mercader.<\/p>\n<p>El Secretario anim\u00f3 a todos los presentes a mantener el esp\u00edritu de trabajo y entusiasmo que la nueva Junta Directiva quiere imprimir al comercio de la ciudad.<\/p>\n<p>&nbsp;<\/p>\n","protected":false},"excerpt":{"rendered":"<p>Los Salones del Real Club N\u00e1utico de Torrevieja, acogieron en la noche de ayer la Asamblea General Extraordinaria de la [&hellip;]<\/p>\n","protected":false},"author":2,"featured_media":7763,"comment_status":"open","ping_status":"open","sticky":false,"template":"","format":"standard","meta":{"site-sidebar-layout":"default","site-content-layout":"","ast-site-content-layout":"default","site-content-style":"default","site-sidebar-style":"default","ast-global-header-display":"","ast-banner-title-visibility":"","ast-main-header-display":"","ast-hfb-above-header-display":"","ast-hfb-below-header-display":"","ast-hfb-mobile-header-display":"","site-post-title":"","ast-breadcrumbs-content":"","ast-featured-img":"","footer-sml-layout":"","ast-disable-related-posts":"","theme-transparent-header-meta":"","adv-header-id-meta":"","stick-header-meta":"","header-above-stick-meta":"","header-main-stick-meta":"","header-below-stick-meta":"","astra-migrate-meta-layouts":"default","ast-page-background-enabled":"default","ast-page-background-meta":{"desktop":{"background-color":"var(--ast-global-color-5)","background-image":"","background-repeat":"repeat","background-position":"center center","background-size":"auto","background-attachment":"scroll","background-type":"","background-media":"","overlay-type":"","overlay-color":"","overlay-opacity":"","overlay-gradient":""},"tablet":{"background-color":"","background-image":"","background-repeat":"repeat","background-position":"center center","background-size":"auto","background-attachment":"scroll","background-type":"","background-media":"","overlay-type":"","overlay-color":"","overlay-opacity":"","overlay-gradient":""},"mobile":{"background-color":"","background-image":"","background-repeat":"repeat","background-position":"center center","background-size":"auto","background-attachment":"scroll","background-type":"","background-media":"","overlay-type":"","overlay-color":"","overlay-opacity":"","overlay-gradient":""}},"ast-content-background-meta":{"desktop":{"background-color":"var(--ast-global-color-4)","background-image":"","background-repeat":"repeat","background-position":"center center","background-size":"auto","background-attachment":"scroll","background-type":"","background-media":"","overlay-type":"","overlay-color":"","overlay-opacity":"","overlay-gradient":""},"tablet":{"background-color":"var(--ast-global-color-4)","background-image":"","background-repeat":"repeat","background-position":"center center","background-size":"auto","background-attachment":"scroll","background-type":"","background-media":"","overlay-type":"","overlay-color":"","overlay-opacity":"","overlay-gradient":""},"mobile":{"background-color":"var(--ast-global-color-4)","background-image":"","background-repeat":"repeat","background-position":"center center","background-size":"auto","background-attachment":"scroll","background-type":"","background-media":"","overlay-type":"","overlay-color":"","overlay-opacity":"","overlay-gradient":""}},"footnotes":""},"categories":[541,521,585],"tags":[672],"class_list":["post-7762","post","type-post","status-publish","format-standard","has-post-thumbnail","hentry","category-informacion","category-junta-directiva","category-notas-de-prensa","tag-junta-directiva-apymeco-2023"],"yoast_head":"<!-- This site is optimized with the Yoast SEO Premium plugin v27.7 (Yoast SEO v27.8) - https:\/\/yoast.com\/product\/yoast-seo-premium-wordpress\/ -->\n<title>LA JUNTA DIRECTIVA DE APYMECO, RENUEVA SU MANDATO ANTE LA AUSENCIA DE OTRAS CANDIDATURAS - APYMECO Torrevieja<\/title>\n<meta name=\"robots\" content=\"index, follow, max-snippet:-1, max-image-preview:large, max-video-preview:-1\" \/>\n<link rel=\"canonical\" href=\"https:\/\/apymeco.netrotec.com\/es\/la-junta-directiva-de-apymeco-renueva-su-mandato-ante-la-ausencia-de-otras-candidaturas\/\" \/>\n<meta property=\"og:locale\" content=\"es_ES\" \/>\n<meta property=\"og:type\" content=\"article\" \/>\n<meta property=\"og:title\" content=\"LA JUNTA DIRECTIVA DE APYMECO, RENUEVA SU MANDATO ANTE LA AUSENCIA DE OTRAS CANDIDATURAS\" \/>\n<meta property=\"og:description\" content=\"Los Salones del Real Club N\u00e1utico de Torrevieja, acogieron en la noche de ayer la Asamblea General Extraordinaria de la [&hellip;]\" \/>\n<meta property=\"og:url\" content=\"https:\/\/apymeco.netrotec.com\/es\/la-junta-directiva-de-apymeco-renueva-su-mandato-ante-la-ausencia-de-otras-candidaturas\/\" \/>\n<meta property=\"og:site_name\" content=\"APYMECO Torrevieja\" \/>\n<meta property=\"article:published_time\" content=\"2023-02-14T20:43:22+00:00\" \/>\n<meta property=\"og:image\" content=\"https:\/\/apymeco.netrotec.com\/wp-content\/uploads\/2023\/02\/nueva-junta-directiva-2023.jpeg\" \/>\n\t<meta property=\"og:image:width\" content=\"1024\" \/>\n\t<meta property=\"og:image:height\" content=\"768\" \/>\n\t<meta property=\"og:image:type\" content=\"image\/jpeg\" \/>\n<meta name=\"author\" content=\"Apymeco\" \/>\n<meta name=\"twitter:card\" content=\"summary_large_image\" \/>\n<meta name=\"twitter:label1\" content=\"Escrito por\" \/>\n\t<meta name=\"twitter:data1\" content=\"Apymeco\" \/>\n\t<meta name=\"twitter:label2\" content=\"Tiempo de lectura\" \/>\n\t<meta name=\"twitter:data2\" content=\"2 minutos\" \/>\n<script type=\"application\/ld+json\" class=\"yoast-schema-graph\">{\"@context\":\"https:\\\/\\\/schema.org\",\"@graph\":[{\"@type\":\"Article\",\"@id\":\"https:\\\/\\\/apymeco.netrotec.com\\\/la-junta-directiva-de-apymeco-renueva-su-mandato-ante-la-ausencia-de-otras-candidaturas\\\/#article\",\"isPartOf\":{\"@id\":\"https:\\\/\\\/apymeco.netrotec.com\\\/la-junta-directiva-de-apymeco-renueva-su-mandato-ante-la-ausencia-de-otras-candidaturas\\\/\"},\"author\":{\"name\":\"Apymeco\",\"@id\":\"https:\\\/\\\/apymeco.netrotec.com\\\/#\\\/schema\\\/person\\\/58f3bb0f5e04e2b6067d17d05470d2dd\"},\"headline\":\"LA JUNTA DIRECTIVA DE APYMECO, RENUEVA SU MANDATO ANTE LA AUSENCIA DE OTRAS CANDIDATURAS\",\"datePublished\":\"2023-02-14T20:43:22+00:00\",\"mainEntityOfPage\":{\"@id\":\"https:\\\/\\\/apymeco.netrotec.com\\\/la-junta-directiva-de-apymeco-renueva-su-mandato-ante-la-ausencia-de-otras-candidaturas\\\/\"},\"wordCount\":347,\"commentCount\":0,\"publisher\":{\"@id\":\"https:\\\/\\\/apymeco.netrotec.com\\\/#organization\"},\"image\":{\"@id\":\"https:\\\/\\\/apymeco.netrotec.com\\\/la-junta-directiva-de-apymeco-renueva-su-mandato-ante-la-ausencia-de-otras-candidaturas\\\/#primaryimage\"},\"thumbnailUrl\":\"https:\\\/\\\/apymeco.netrotec.com\\\/wp-content\\\/uploads\\\/2023\\\/02\\\/nueva-junta-directiva-2023.jpeg\",\"keywords\":[\"JUNTA DIRECTIVA APYMECO 2023\"],\"articleSection\":[\"Informaci\u00f3n\",\"Junta directiva\",\"Notas de Prensa\"],\"inLanguage\":\"es\",\"potentialAction\":[{\"@type\":\"CommentAction\",\"name\":\"Comment\",\"target\":[\"https:\\\/\\\/apymeco.netrotec.com\\\/la-junta-directiva-de-apymeco-renueva-su-mandato-ante-la-ausencia-de-otras-candidaturas\\\/#respond\"]}]},{\"@type\":\"WebPage\",\"@id\":\"https:\\\/\\\/apymeco.netrotec.com\\\/la-junta-directiva-de-apymeco-renueva-su-mandato-ante-la-ausencia-de-otras-candidaturas\\\/\",\"url\":\"https:\\\/\\\/apymeco.netrotec.com\\\/la-junta-directiva-de-apymeco-renueva-su-mandato-ante-la-ausencia-de-otras-candidaturas\\\/\",\"name\":\"LA JUNTA DIRECTIVA DE APYMECO, RENUEVA SU MANDATO ANTE LA AUSENCIA DE OTRAS CANDIDATURAS - APYMECO Torrevieja\",\"isPartOf\":{\"@id\":\"https:\\\/\\\/apymeco.netrotec.com\\\/#website\"},\"primaryImageOfPage\":{\"@id\":\"https:\\\/\\\/apymeco.netrotec.com\\\/la-junta-directiva-de-apymeco-renueva-su-mandato-ante-la-ausencia-de-otras-candidaturas\\\/#primaryimage\"},\"image\":{\"@id\":\"https:\\\/\\\/apymeco.netrotec.com\\\/la-junta-directiva-de-apymeco-renueva-su-mandato-ante-la-ausencia-de-otras-candidaturas\\\/#primaryimage\"},\"thumbnailUrl\":\"https:\\\/\\\/apymeco.netrotec.com\\\/wp-content\\\/uploads\\\/2023\\\/02\\\/nueva-junta-directiva-2023.jpeg\",\"datePublished\":\"2023-02-14T20:43:22+00:00\",\"breadcrumb\":{\"@id\":\"https:\\\/\\\/apymeco.netrotec.com\\\/la-junta-directiva-de-apymeco-renueva-su-mandato-ante-la-ausencia-de-otras-candidaturas\\\/#breadcrumb\"},\"inLanguage\":\"es\",\"potentialAction\":[{\"@type\":\"ReadAction\",\"target\":[\"https:\\\/\\\/apymeco.netrotec.com\\\/la-junta-directiva-de-apymeco-renueva-su-mandato-ante-la-ausencia-de-otras-candidaturas\\\/\"]}]},{\"@type\":\"ImageObject\",\"inLanguage\":\"es\",\"@id\":\"https:\\\/\\\/apymeco.netrotec.com\\\/la-junta-directiva-de-apymeco-renueva-su-mandato-ante-la-ausencia-de-otras-candidaturas\\\/#primaryimage\",\"url\":\"https:\\\/\\\/apymeco.netrotec.com\\\/wp-content\\\/uploads\\\/2023\\\/02\\\/nueva-junta-directiva-2023.jpeg\",\"contentUrl\":\"https:\\\/\\\/apymeco.netrotec.com\\\/wp-content\\\/uploads\\\/2023\\\/02\\\/nueva-junta-directiva-2023.jpeg\",\"width\":1024,\"height\":768,\"caption\":\"junta2023\"},{\"@type\":\"BreadcrumbList\",\"@id\":\"https:\\\/\\\/apymeco.netrotec.com\\\/la-junta-directiva-de-apymeco-renueva-su-mandato-ante-la-ausencia-de-otras-candidaturas\\\/#breadcrumb\",\"itemListElement\":[{\"@type\":\"ListItem\",\"position\":1,\"name\":\"Portada\",\"item\":\"https:\\\/\\\/apymeco.netrotec.com\\\/\"},{\"@type\":\"ListItem\",\"position\":2,\"name\":\"LA JUNTA DIRECTIVA DE APYMECO, RENUEVA SU MANDATO ANTE LA AUSENCIA DE OTRAS CANDIDATURAS\"}]},{\"@type\":\"WebSite\",\"@id\":\"https:\\\/\\\/apymeco.netrotec.com\\\/#website\",\"url\":\"https:\\\/\\\/apymeco.netrotec.com\\\/\",\"name\":\"APYMECO Torrevieja\",\"description\":\"\",\"publisher\":{\"@id\":\"https:\\\/\\\/apymeco.netrotec.com\\\/#organization\"},\"potentialAction\":[{\"@type\":\"SearchAction\",\"target\":{\"@type\":\"EntryPoint\",\"urlTemplate\":\"https:\\\/\\\/apymeco.netrotec.com\\\/?s={search_term_string}\"},\"query-input\":{\"@type\":\"PropertyValueSpecification\",\"valueRequired\":true,\"valueName\":\"search_term_string\"}}],\"inLanguage\":\"es\"},{\"@type\":\"Organization\",\"@id\":\"https:\\\/\\\/apymeco.netrotec.com\\\/#organization\",\"name\":\"APYMECO Torrevieja\",\"url\":\"https:\\\/\\\/apymeco.netrotec.com\\\/\",\"logo\":{\"@type\":\"ImageObject\",\"inLanguage\":\"es\",\"@id\":\"https:\\\/\\\/apymeco.netrotec.com\\\/#\\\/schema\\\/logo\\\/image\\\/\",\"url\":\"https:\\\/\\\/apymeco.netrotec.com\\\/wp-content\\\/uploads\\\/2026\\\/06\\\/logo-blanco.png\",\"contentUrl\":\"https:\\\/\\\/apymeco.netrotec.com\\\/wp-content\\\/uploads\\\/2026\\\/06\\\/logo-blanco.png\",\"width\":1107,\"height\":444,\"caption\":\"APYMECO Torrevieja\"},\"image\":{\"@id\":\"https:\\\/\\\/apymeco.netrotec.com\\\/#\\\/schema\\\/logo\\\/image\\\/\"}},{\"@type\":\"Person\",\"@id\":\"https:\\\/\\\/apymeco.netrotec.com\\\/#\\\/schema\\\/person\\\/58f3bb0f5e04e2b6067d17d05470d2dd\",\"name\":\"Apymeco\",\"url\":\"https:\\\/\\\/apymeco.netrotec.com\\\/es\\\/author\\\/apymeco\\\/\"}]}<\/script>\n<!-- \/ Yoast SEO Premium plugin. -->","yoast_head_json":{"title":"LA JUNTA DIRECTIVA DE APYMECO, RENUEVA SU MANDATO ANTE LA AUSENCIA DE OTRAS CANDIDATURAS - APYMECO Torrevieja","robots":{"index":"index","follow":"follow","max-snippet":"max-snippet:-1","max-image-preview":"max-image-preview:large","max-video-preview":"max-video-preview:-1"},"canonical":"https:\/\/apymeco.netrotec.com\/es\/la-junta-directiva-de-apymeco-renueva-su-mandato-ante-la-ausencia-de-otras-candidaturas\/","og_locale":"es_ES","og_type":"article","og_title":"LA JUNTA DIRECTIVA DE APYMECO, RENUEVA SU MANDATO ANTE LA AUSENCIA DE OTRAS CANDIDATURAS","og_description":"Los Salones del Real Club N\u00e1utico de Torrevieja, acogieron en la noche de ayer la Asamblea General Extraordinaria de la [&hellip;]","og_url":"https:\/\/apymeco.netrotec.com\/es\/la-junta-directiva-de-apymeco-renueva-su-mandato-ante-la-ausencia-de-otras-candidaturas\/","og_site_name":"APYMECO Torrevieja","article_published_time":"2023-02-14T20:43:22+00:00","og_image":[{"width":1024,"height":768,"url":"https:\/\/apymeco.netrotec.com\/wp-content\/uploads\/2023\/02\/nueva-junta-directiva-2023.jpeg","type":"image\/jpeg"}],"author":"Apymeco","twitter_card":"summary_large_image","twitter_misc":{"Escrito por":"Apymeco","Tiempo de lectura":"2 minutos"},"schema":{"@context":"https:\/\/schema.org","@graph":[{"@type":"Article","@id":"https:\/\/apymeco.netrotec.com\/la-junta-directiva-de-apymeco-renueva-su-mandato-ante-la-ausencia-de-otras-candidaturas\/#article","isPartOf":{"@id":"https:\/\/apymeco.netrotec.com\/la-junta-directiva-de-apymeco-renueva-su-mandato-ante-la-ausencia-de-otras-candidaturas\/"},"author":{"name":"Apymeco","@id":"https:\/\/apymeco.netrotec.com\/#\/schema\/person\/58f3bb0f5e04e2b6067d17d05470d2dd"},"headline":"LA JUNTA DIRECTIVA DE APYMECO, RENUEVA SU MANDATO ANTE LA AUSENCIA DE OTRAS CANDIDATURAS","datePublished":"2023-02-14T20:43:22+00:00","mainEntityOfPage":{"@id":"https:\/\/apymeco.netrotec.com\/la-junta-directiva-de-apymeco-renueva-su-mandato-ante-la-ausencia-de-otras-candidaturas\/"},"wordCount":347,"commentCount":0,"publisher":{"@id":"https:\/\/apymeco.netrotec.com\/#organization"},"image":{"@id":"https:\/\/apymeco.netrotec.com\/la-junta-directiva-de-apymeco-renueva-su-mandato-ante-la-ausencia-de-otras-candidaturas\/#primaryimage"},"thumbnailUrl":"https:\/\/apymeco.netrotec.com\/wp-content\/uploads\/2023\/02\/nueva-junta-directiva-2023.jpeg","keywords":["JUNTA DIRECTIVA APYMECO 2023"],"articleSection":["Informaci\u00f3n","Junta directiva","Notas de Prensa"],"inLanguage":"es","potentialAction":[{"@type":"CommentAction","name":"Comment","target":["https:\/\/apymeco.netrotec.com\/la-junta-directiva-de-apymeco-renueva-su-mandato-ante-la-ausencia-de-otras-candidaturas\/#respond"]}]},{"@type":"WebPage","@id":"https:\/\/apymeco.netrotec.com\/la-junta-directiva-de-apymeco-renueva-su-mandato-ante-la-ausencia-de-otras-candidaturas\/","url":"https:\/\/apymeco.netrotec.com\/la-junta-directiva-de-apymeco-renueva-su-mandato-ante-la-ausencia-de-otras-candidaturas\/","name":"LA JUNTA DIRECTIVA DE APYMECO, RENUEVA SU MANDATO ANTE LA AUSENCIA DE OTRAS CANDIDATURAS - APYMECO Torrevieja","isPartOf":{"@id":"https:\/\/apymeco.netrotec.com\/#website"},"primaryImageOfPage":{"@id":"https:\/\/apymeco.netrotec.com\/la-junta-directiva-de-apymeco-renueva-su-mandato-ante-la-ausencia-de-otras-candidaturas\/#primaryimage"},"image":{"@id":"https:\/\/apymeco.netrotec.com\/la-junta-directiva-de-apymeco-renueva-su-mandato-ante-la-ausencia-de-otras-candidaturas\/#primaryimage"},"thumbnailUrl":"https:\/\/apymeco.netrotec.com\/wp-content\/uploads\/2023\/02\/nueva-junta-directiva-2023.jpeg","datePublished":"2023-02-14T20:43:22+00:00","breadcrumb":{"@id":"https:\/\/apymeco.netrotec.com\/la-junta-directiva-de-apymeco-renueva-su-mandato-ante-la-ausencia-de-otras-candidaturas\/#breadcrumb"},"inLanguage":"es","potentialAction":[{"@type":"ReadAction","target":["https:\/\/apymeco.netrotec.com\/la-junta-directiva-de-apymeco-renueva-su-mandato-ante-la-ausencia-de-otras-candidaturas\/"]}]},{"@type":"ImageObject","inLanguage":"es","@id":"https:\/\/apymeco.netrotec.com\/la-junta-directiva-de-apymeco-renueva-su-mandato-ante-la-ausencia-de-otras-candidaturas\/#primaryimage","url":"https:\/\/apymeco.netrotec.com\/wp-content\/uploads\/2023\/02\/nueva-junta-directiva-2023.jpeg","contentUrl":"https:\/\/apymeco.netrotec.com\/wp-content\/uploads\/2023\/02\/nueva-junta-directiva-2023.jpeg","width":1024,"height":768,"caption":"junta2023"},{"@type":"BreadcrumbList","@id":"https:\/\/apymeco.netrotec.com\/la-junta-directiva-de-apymeco-renueva-su-mandato-ante-la-ausencia-de-otras-candidaturas\/#breadcrumb","itemListElement":[{"@type":"ListItem","position":1,"name":"Portada","item":"https:\/\/apymeco.netrotec.com\/"},{"@type":"ListItem","position":2,"name":"LA JUNTA DIRECTIVA DE APYMECO, RENUEVA SU MANDATO ANTE LA AUSENCIA DE OTRAS CANDIDATURAS"}]},{"@type":"WebSite","@id":"https:\/\/apymeco.netrotec.com\/#website","url":"https:\/\/apymeco.netrotec.com\/","name":"APYMECO Torrevieja","description":"","publisher":{"@id":"https:\/\/apymeco.netrotec.com\/#organization"},"potentialAction":[{"@type":"SearchAction","target":{"@type":"EntryPoint","urlTemplate":"https:\/\/apymeco.netrotec.com\/?s={search_term_string}"},"query-input":{"@type":"PropertyValueSpecification","valueRequired":true,"valueName":"search_term_string"}}],"inLanguage":"es"},{"@type":"Organization","@id":"https:\/\/apymeco.netrotec.com\/#organization","name":"APYMECO Torrevieja","url":"https:\/\/apymeco.netrotec.com\/","logo":{"@type":"ImageObject","inLanguage":"es","@id":"https:\/\/apymeco.netrotec.com\/#\/schema\/logo\/image\/","url":"https:\/\/apymeco.netrotec.com\/wp-content\/uploads\/2026\/06\/logo-blanco.png","contentUrl":"https:\/\/apymeco.netrotec.com\/wp-content\/uploads\/2026\/06\/logo-blanco.png","width":1107,"height":444,"caption":"APYMECO Torrevieja"},"image":{"@id":"https:\/\/apymeco.netrotec.com\/#\/schema\/logo\/image\/"}},{"@type":"Person","@id":"https:\/\/apymeco.netrotec.com\/#\/schema\/person\/58f3bb0f5e04e2b6067d17d05470d2dd","name":"Apymeco","url":"https:\/\/apymeco.netrotec.com\/es\/author\/apymeco\/"}]}},"_links":{"self":[{"href":"https:\/\/apymeco.netrotec.com\/es\/wp-json\/wp\/v2\/posts\/7762","targetHints":{"allow":["GET"]}}],"collection":[{"href":"https:\/\/apymeco.netrotec.com\/es\/wp-json\/wp\/v2\/posts"}],"about":[{"href":"https:\/\/apymeco.netrotec.com\/es\/wp-json\/wp\/v2\/types\/post"}],"author":[{"embeddable":true,"href":"https:\/\/apymeco.netrotec.com\/es\/wp-json\/wp\/v2\/users\/2"}],"replies":[{"embeddable":true,"href":"https:\/\/apymeco.netrotec.com\/es\/wp-json\/wp\/v2\/comments?post=7762"}],"version-history":[{"count":0,"href":"https:\/\/apymeco.netrotec.com\/es\/wp-json\/wp\/v2\/posts\/7762\/revisions"}],"wp:featuredmedia":[{"embeddable":true,"href":"https:\/\/apymeco.netrotec.com\/es\/wp-json\/wp\/v2\/media\/7763"}],"wp:attachment":[{"href":"https:\/\/apymeco.netrotec.com\/es\/wp-json\/wp\/v2\/media?parent=7762"}],"wp:term":[{"taxonomy":"category","embeddable":true,"href":"https:\/\/apymeco.netrotec.com\/es\/wp-json\/wp\/v2\/categories?post=7762"},{"taxonomy":"post_tag","embeddable":true,"href":"https:\/\/apymeco.netrotec.com\/es\/wp-json\/wp\/v2\/tags?post=7762"}],"curies":[{"name":"wp","href":"https:\/\/api.w.org\/{rel}","templated":true}]}}