{"id":8251,"date":"2025-12-15T14:23:35","date_gmt":"2025-12-15T13:23:35","guid":{"rendered":"https:\/\/www.apymeco.info\/?p=8251"},"modified":"2025-12-15T14:23:35","modified_gmt":"2025-12-15T13:23:35","slug":"convocatoria-de-elecciones-a-la-junta-directiva-de-apymeco","status":"publish","type":"post","link":"https:\/\/apymeco.netrotec.com\/es\/convocatoria-de-elecciones-a-la-junta-directiva-de-apymeco\/","title":{"rendered":"Convocatoria de Elecciones a la Junta Directiva de APYMECO"},"content":{"rendered":"<p><img fetchpriority=\"high\" decoding=\"async\" class=\" wp-image-8253 alignright\" src=\"https:\/\/apymeco.netrotec.com\/wp-content\/uploads\/Apymeco-logo-10-x10-TRAZADO-01-1-300x300.png\" alt=\"\" width=\"337\" height=\"337\" \/><\/p>\n<p>La Asociaci\u00f3n de Peque\u00f1os y Medianos Comerciantes de Torrevieja (APYMECO), en cumplimiento de lo establecido en sus Estatutos Sociales, y conforme a lo dispuesto en el Art\u00edculo 22, informa que el pr\u00f3ximo 15 de enero de 2026 finaliza el mandato de la actual Junta Directiva, tras haber cumplido el periodo estatutario de tres a\u00f1os.<\/p>\n<p>En consecuencia, y de acuerdo con lo previsto en el Art\u00edculo 23, se convocan Elecciones para la renovaci\u00f3n de la Junta Directiva.<\/p>\n<p>Podr\u00e1n presentar candidatura aquellos socios que cumplan los siguientes requisitos:<\/p>\n<ul>\n<li>Tener 18 a\u00f1os cumplidos.<\/li>\n<li>Estar dados de alta como socios de APYMECO.<\/li>\n<li>Encontrarse al corriente de pago de las cuotas.<\/li>\n<\/ul>\n<p>&nbsp;<\/p>\n<p><strong>Calendario Electoral<\/strong><\/p>\n<ul>\n<li><strong>Viernes, 13 de enero:<\/strong>\u00a0\u00a0 Inicio oficial del Proceso Electoral (Art. 24).<\/li>\n<li><strong>Hasta el jueves, 2 de febrero<\/strong>:\u00a0 Plazo de presentaci\u00f3n de candidaturas, que deber\u00e1n estar compuestas por un m\u00ednimo de cinco personas, ocupando los siguientes cargos:<br \/>\nPresidente\/a, Vicepresidente\/a, Tesorero\/a, Secretario\/a y de uno a diez vocales.\u00a0 Las candidaturas deber\u00e1n presentarse en sobre cerrado en las oficinas de APYMECO, sitas en calle Ram\u00f3n Gallud, n\u00ba 145.<\/li>\n<li><strong>Viernes, 3 de febrero:<\/strong> Exposici\u00f3n p\u00fablica de las candidaturas en el tabl\u00f3n de anuncios de la Asociaci\u00f3n.<\/li>\n<li><strong>Hasta el martes, 7 de febrero:<\/strong> Plazo de presentaci\u00f3n de impugnaciones, si las hubiera.<\/li>\n<li><strong>Viernes, 10 de febrero:<\/strong> Proclamaci\u00f3n oficial de candidaturas.<\/li>\n<li><strong>Lunes, 13 de febrero:<\/strong>\u00a0 Celebraci\u00f3n de la Asamblea General Extraordinaria, en la que se proceder\u00e1 a la elecci\u00f3n de la nueva Junta Directiva, mediante voto personal y secreto, realiz\u00e1ndose a continuaci\u00f3n el recuento de votos y proclamaci\u00f3n de la nueva Junta.<\/li>\n<\/ul>\n<p>&nbsp;<\/p>\n<p style=\"text-align: center;\"><strong>Desde APYMECO animamos a los asociados a participar activamente en este proceso democr\u00e1tico, clave para seguir impulsando un comercio local competitivo, unido y con visi\u00f3n de futuro.<\/strong><\/p>\n","protected":false},"excerpt":{"rendered":"<p>La Asociaci\u00f3n de Peque\u00f1os y Medianos Comerciantes de Torrevieja (APYMECO), en cumplimiento de lo establecido en sus Estatutos Sociales, y [&hellip;]<\/p>\n","protected":false},"author":2,"featured_media":0,"comment_status":"open","ping_status":"open","sticky":false,"template":"","format":"standard","meta":{"site-sidebar-layout":"default","site-content-layout":"","ast-site-content-layout":"default","site-content-style":"default","site-sidebar-style":"default","ast-global-header-display":"","ast-banner-title-visibility":"","ast-main-header-display":"","ast-hfb-above-header-display":"","ast-hfb-below-header-display":"","ast-hfb-mobile-header-display":"","site-post-title":"","ast-breadcrumbs-content":"","ast-featured-img":"","footer-sml-layout":"","ast-disable-related-posts":"","theme-transparent-header-meta":"","adv-header-id-meta":"","stick-header-meta":"","header-above-stick-meta":"","header-main-stick-meta":"","header-below-stick-meta":"","astra-migrate-meta-layouts":"default","ast-page-background-enabled":"default","ast-page-background-meta":{"desktop":{"background-color":"var(--ast-global-color-5)","background-image":"","background-repeat":"repeat","background-position":"center center","background-size":"auto","background-attachment":"scroll","background-type":"","background-media":"","overlay-type":"","overlay-color":"","overlay-opacity":"","overlay-gradient":""},"tablet":{"background-color":"","background-image":"","background-repeat":"repeat","background-position":"center center","background-size":"auto","background-attachment":"scroll","background-type":"","background-media":"","overlay-type":"","overlay-color":"","overlay-opacity":"","overlay-gradient":""},"mobile":{"background-color":"","background-image":"","background-repeat":"repeat","background-position":"center center","background-size":"auto","background-attachment":"scroll","background-type":"","background-media":"","overlay-type":"","overlay-color":"","overlay-opacity":"","overlay-gradient":""}},"ast-content-background-meta":{"desktop":{"background-color":"var(--ast-global-color-4)","background-image":"","background-repeat":"repeat","background-position":"center center","background-size":"auto","background-attachment":"scroll","background-type":"","background-media":"","overlay-type":"","overlay-color":"","overlay-opacity":"","overlay-gradient":""},"tablet":{"background-color":"var(--ast-global-color-4)","background-image":"","background-repeat":"repeat","background-position":"center center","background-size":"auto","background-attachment":"scroll","background-type":"","background-media":"","overlay-type":"","overlay-color":"","overlay-opacity":"","overlay-gradient":""},"mobile":{"background-color":"var(--ast-global-color-4)","background-image":"","background-repeat":"repeat","background-position":"center center","background-size":"auto","background-attachment":"scroll","background-type":"","background-media":"","overlay-type":"","overlay-color":"","overlay-opacity":"","overlay-gradient":""}},"footnotes":""},"categories":[526,541,521],"tags":[703,704,705,706],"class_list":["post-8251","post","type-post","status-publish","format-standard","hentry","category-eventos","category-informacion","category-junta-directiva","tag-apymeco2026","tag-candidaturas-apymeco-2026","tag-elecciones-apymeco-2026","tag-juntaapymeco2026"],"yoast_head":"<!-- This site is optimized with the Yoast SEO Premium plugin v27.7 (Yoast SEO v27.8) - https:\/\/yoast.com\/product\/yoast-seo-premium-wordpress\/ -->\n<title>Convocatoria de Elecciones a la Junta Directiva de APYMECO - APYMECO Torrevieja<\/title>\n<meta name=\"robots\" content=\"index, follow, max-snippet:-1, max-image-preview:large, max-video-preview:-1\" \/>\n<link rel=\"canonical\" href=\"https:\/\/apymeco.netrotec.com\/es\/convocatoria-de-elecciones-a-la-junta-directiva-de-apymeco\/\" \/>\n<meta property=\"og:locale\" content=\"es_ES\" \/>\n<meta property=\"og:type\" content=\"article\" \/>\n<meta property=\"og:title\" content=\"Convocatoria de Elecciones a la Junta Directiva de APYMECO\" \/>\n<meta property=\"og:description\" content=\"La Asociaci\u00f3n de Peque\u00f1os y Medianos Comerciantes de Torrevieja (APYMECO), en cumplimiento de lo establecido en sus Estatutos Sociales, y [&hellip;]\" \/>\n<meta property=\"og:url\" content=\"https:\/\/apymeco.netrotec.com\/es\/convocatoria-de-elecciones-a-la-junta-directiva-de-apymeco\/\" \/>\n<meta property=\"og:site_name\" content=\"APYMECO Torrevieja\" \/>\n<meta property=\"article:published_time\" content=\"2025-12-15T13:23:35+00:00\" \/>\n<meta property=\"og:image\" content=\"https:\/\/apymeco.netrotec.com\/wp-content\/uploads\/2025\/12\/Apymeco-logo-10-x10-TRAZADO-01-1.png\" \/>\n\t<meta property=\"og:image:width\" content=\"1182\" \/>\n\t<meta property=\"og:image:height\" content=\"1182\" \/>\n\t<meta property=\"og:image:type\" content=\"image\/png\" \/>\n<meta name=\"author\" content=\"Apymeco\" \/>\n<meta name=\"twitter:card\" content=\"summary_large_image\" \/>\n<meta name=\"twitter:label1\" content=\"Escrito por\" \/>\n\t<meta name=\"twitter:data1\" content=\"Apymeco\" \/>\n\t<meta name=\"twitter:label2\" content=\"Tiempo de lectura\" \/>\n\t<meta name=\"twitter:data2\" content=\"2 minutos\" \/>\n<script type=\"application\/ld+json\" class=\"yoast-schema-graph\">{\"@context\":\"https:\\\/\\\/schema.org\",\"@graph\":[{\"@type\":\"Article\",\"@id\":\"https:\\\/\\\/apymeco.netrotec.com\\\/convocatoria-de-elecciones-a-la-junta-directiva-de-apymeco\\\/#article\",\"isPartOf\":{\"@id\":\"https:\\\/\\\/apymeco.netrotec.com\\\/convocatoria-de-elecciones-a-la-junta-directiva-de-apymeco\\\/\"},\"author\":{\"name\":\"Apymeco\",\"@id\":\"https:\\\/\\\/apymeco.netrotec.com\\\/#\\\/schema\\\/person\\\/58f3bb0f5e04e2b6067d17d05470d2dd\"},\"headline\":\"Convocatoria de Elecciones a la Junta Directiva de APYMECO\",\"datePublished\":\"2025-12-15T13:23:35+00:00\",\"mainEntityOfPage\":{\"@id\":\"https:\\\/\\\/apymeco.netrotec.com\\\/convocatoria-de-elecciones-a-la-junta-directiva-de-apymeco\\\/\"},\"wordCount\":309,\"commentCount\":0,\"publisher\":{\"@id\":\"https:\\\/\\\/apymeco.netrotec.com\\\/#organization\"},\"image\":{\"@id\":\"https:\\\/\\\/apymeco.netrotec.com\\\/convocatoria-de-elecciones-a-la-junta-directiva-de-apymeco\\\/#primaryimage\"},\"thumbnailUrl\":\"https:\\\/\\\/apymeco.netrotec.com\\\/wp-content\\\/uploads\\\/Apymeco-logo-10-x10-TRAZADO-01-1-300x300.png\",\"keywords\":[\"apymeco2026\",\"candidaturas apymeco 2026\",\"elecciones apymeco 2026\",\"juntaapymeco2026\"],\"articleSection\":[\"Eventos\",\"Informaci\u00f3n\",\"Junta directiva\"],\"inLanguage\":\"es\",\"potentialAction\":[{\"@type\":\"CommentAction\",\"name\":\"Comment\",\"target\":[\"https:\\\/\\\/apymeco.netrotec.com\\\/convocatoria-de-elecciones-a-la-junta-directiva-de-apymeco\\\/#respond\"]}]},{\"@type\":\"WebPage\",\"@id\":\"https:\\\/\\\/apymeco.netrotec.com\\\/convocatoria-de-elecciones-a-la-junta-directiva-de-apymeco\\\/\",\"url\":\"https:\\\/\\\/apymeco.netrotec.com\\\/convocatoria-de-elecciones-a-la-junta-directiva-de-apymeco\\\/\",\"name\":\"Convocatoria de Elecciones a la Junta Directiva de APYMECO - APYMECO Torrevieja\",\"isPartOf\":{\"@id\":\"https:\\\/\\\/apymeco.netrotec.com\\\/#website\"},\"primaryImageOfPage\":{\"@id\":\"https:\\\/\\\/apymeco.netrotec.com\\\/convocatoria-de-elecciones-a-la-junta-directiva-de-apymeco\\\/#primaryimage\"},\"image\":{\"@id\":\"https:\\\/\\\/apymeco.netrotec.com\\\/convocatoria-de-elecciones-a-la-junta-directiva-de-apymeco\\\/#primaryimage\"},\"thumbnailUrl\":\"https:\\\/\\\/apymeco.netrotec.com\\\/wp-content\\\/uploads\\\/Apymeco-logo-10-x10-TRAZADO-01-1-300x300.png\",\"datePublished\":\"2025-12-15T13:23:35+00:00\",\"breadcrumb\":{\"@id\":\"https:\\\/\\\/apymeco.netrotec.com\\\/convocatoria-de-elecciones-a-la-junta-directiva-de-apymeco\\\/#breadcrumb\"},\"inLanguage\":\"es\",\"potentialAction\":[{\"@type\":\"ReadAction\",\"target\":[\"https:\\\/\\\/apymeco.netrotec.com\\\/convocatoria-de-elecciones-a-la-junta-directiva-de-apymeco\\\/\"]}]},{\"@type\":\"ImageObject\",\"inLanguage\":\"es\",\"@id\":\"https:\\\/\\\/apymeco.netrotec.com\\\/convocatoria-de-elecciones-a-la-junta-directiva-de-apymeco\\\/#primaryimage\",\"url\":\"https:\\\/\\\/apymeco.netrotec.com\\\/wp-content\\\/uploads\\\/Apymeco-logo-10-x10-TRAZADO-01-1-300x300.png\",\"contentUrl\":\"https:\\\/\\\/apymeco.netrotec.com\\\/wp-content\\\/uploads\\\/Apymeco-logo-10-x10-TRAZADO-01-1-300x300.png\"},{\"@type\":\"BreadcrumbList\",\"@id\":\"https:\\\/\\\/apymeco.netrotec.com\\\/convocatoria-de-elecciones-a-la-junta-directiva-de-apymeco\\\/#breadcrumb\",\"itemListElement\":[{\"@type\":\"ListItem\",\"position\":1,\"name\":\"Portada\",\"item\":\"https:\\\/\\\/apymeco.netrotec.com\\\/\"},{\"@type\":\"ListItem\",\"position\":2,\"name\":\"Convocatoria de Elecciones a la Junta Directiva de APYMECO\"}]},{\"@type\":\"WebSite\",\"@id\":\"https:\\\/\\\/apymeco.netrotec.com\\\/#website\",\"url\":\"https:\\\/\\\/apymeco.netrotec.com\\\/\",\"name\":\"APYMECO Torrevieja\",\"description\":\"\",\"publisher\":{\"@id\":\"https:\\\/\\\/apymeco.netrotec.com\\\/#organization\"},\"potentialAction\":[{\"@type\":\"SearchAction\",\"target\":{\"@type\":\"EntryPoint\",\"urlTemplate\":\"https:\\\/\\\/apymeco.netrotec.com\\\/?s={search_term_string}\"},\"query-input\":{\"@type\":\"PropertyValueSpecification\",\"valueRequired\":true,\"valueName\":\"search_term_string\"}}],\"inLanguage\":\"es\"},{\"@type\":\"Organization\",\"@id\":\"https:\\\/\\\/apymeco.netrotec.com\\\/#organization\",\"name\":\"APYMECO Torrevieja\",\"url\":\"https:\\\/\\\/apymeco.netrotec.com\\\/\",\"logo\":{\"@type\":\"ImageObject\",\"inLanguage\":\"es\",\"@id\":\"https:\\\/\\\/apymeco.netrotec.com\\\/#\\\/schema\\\/logo\\\/image\\\/\",\"url\":\"https:\\\/\\\/apymeco.netrotec.com\\\/wp-content\\\/uploads\\\/2026\\\/06\\\/logo-blanco.png\",\"contentUrl\":\"https:\\\/\\\/apymeco.netrotec.com\\\/wp-content\\\/uploads\\\/2026\\\/06\\\/logo-blanco.png\",\"width\":1107,\"height\":444,\"caption\":\"APYMECO Torrevieja\"},\"image\":{\"@id\":\"https:\\\/\\\/apymeco.netrotec.com\\\/#\\\/schema\\\/logo\\\/image\\\/\"}},{\"@type\":\"Person\",\"@id\":\"https:\\\/\\\/apymeco.netrotec.com\\\/#\\\/schema\\\/person\\\/58f3bb0f5e04e2b6067d17d05470d2dd\",\"name\":\"Apymeco\",\"url\":\"https:\\\/\\\/apymeco.netrotec.com\\\/es\\\/author\\\/apymeco\\\/\"}]}<\/script>\n<!-- \/ Yoast SEO Premium plugin. -->","yoast_head_json":{"title":"Convocatoria de Elecciones a la Junta Directiva de APYMECO - APYMECO Torrevieja","robots":{"index":"index","follow":"follow","max-snippet":"max-snippet:-1","max-image-preview":"max-image-preview:large","max-video-preview":"max-video-preview:-1"},"canonical":"https:\/\/apymeco.netrotec.com\/es\/convocatoria-de-elecciones-a-la-junta-directiva-de-apymeco\/","og_locale":"es_ES","og_type":"article","og_title":"Convocatoria de Elecciones a la Junta Directiva de APYMECO","og_description":"La Asociaci\u00f3n de Peque\u00f1os y Medianos Comerciantes de Torrevieja (APYMECO), en cumplimiento de lo establecido en sus Estatutos Sociales, y [&hellip;]","og_url":"https:\/\/apymeco.netrotec.com\/es\/convocatoria-de-elecciones-a-la-junta-directiva-de-apymeco\/","og_site_name":"APYMECO Torrevieja","article_published_time":"2025-12-15T13:23:35+00:00","og_image":[{"width":1182,"height":1182,"url":"https:\/\/apymeco.netrotec.com\/wp-content\/uploads\/2025\/12\/Apymeco-logo-10-x10-TRAZADO-01-1.png","type":"image\/png"}],"author":"Apymeco","twitter_card":"summary_large_image","twitter_misc":{"Escrito por":"Apymeco","Tiempo de lectura":"2 minutos"},"schema":{"@context":"https:\/\/schema.org","@graph":[{"@type":"Article","@id":"https:\/\/apymeco.netrotec.com\/convocatoria-de-elecciones-a-la-junta-directiva-de-apymeco\/#article","isPartOf":{"@id":"https:\/\/apymeco.netrotec.com\/convocatoria-de-elecciones-a-la-junta-directiva-de-apymeco\/"},"author":{"name":"Apymeco","@id":"https:\/\/apymeco.netrotec.com\/#\/schema\/person\/58f3bb0f5e04e2b6067d17d05470d2dd"},"headline":"Convocatoria de Elecciones a la Junta Directiva de APYMECO","datePublished":"2025-12-15T13:23:35+00:00","mainEntityOfPage":{"@id":"https:\/\/apymeco.netrotec.com\/convocatoria-de-elecciones-a-la-junta-directiva-de-apymeco\/"},"wordCount":309,"commentCount":0,"publisher":{"@id":"https:\/\/apymeco.netrotec.com\/#organization"},"image":{"@id":"https:\/\/apymeco.netrotec.com\/convocatoria-de-elecciones-a-la-junta-directiva-de-apymeco\/#primaryimage"},"thumbnailUrl":"https:\/\/apymeco.netrotec.com\/wp-content\/uploads\/Apymeco-logo-10-x10-TRAZADO-01-1-300x300.png","keywords":["apymeco2026","candidaturas apymeco 2026","elecciones apymeco 2026","juntaapymeco2026"],"articleSection":["Eventos","Informaci\u00f3n","Junta directiva"],"inLanguage":"es","potentialAction":[{"@type":"CommentAction","name":"Comment","target":["https:\/\/apymeco.netrotec.com\/convocatoria-de-elecciones-a-la-junta-directiva-de-apymeco\/#respond"]}]},{"@type":"WebPage","@id":"https:\/\/apymeco.netrotec.com\/convocatoria-de-elecciones-a-la-junta-directiva-de-apymeco\/","url":"https:\/\/apymeco.netrotec.com\/convocatoria-de-elecciones-a-la-junta-directiva-de-apymeco\/","name":"Convocatoria de Elecciones a la Junta Directiva de APYMECO - APYMECO Torrevieja","isPartOf":{"@id":"https:\/\/apymeco.netrotec.com\/#website"},"primaryImageOfPage":{"@id":"https:\/\/apymeco.netrotec.com\/convocatoria-de-elecciones-a-la-junta-directiva-de-apymeco\/#primaryimage"},"image":{"@id":"https:\/\/apymeco.netrotec.com\/convocatoria-de-elecciones-a-la-junta-directiva-de-apymeco\/#primaryimage"},"thumbnailUrl":"https:\/\/apymeco.netrotec.com\/wp-content\/uploads\/Apymeco-logo-10-x10-TRAZADO-01-1-300x300.png","datePublished":"2025-12-15T13:23:35+00:00","breadcrumb":{"@id":"https:\/\/apymeco.netrotec.com\/convocatoria-de-elecciones-a-la-junta-directiva-de-apymeco\/#breadcrumb"},"inLanguage":"es","potentialAction":[{"@type":"ReadAction","target":["https:\/\/apymeco.netrotec.com\/convocatoria-de-elecciones-a-la-junta-directiva-de-apymeco\/"]}]},{"@type":"ImageObject","inLanguage":"es","@id":"https:\/\/apymeco.netrotec.com\/convocatoria-de-elecciones-a-la-junta-directiva-de-apymeco\/#primaryimage","url":"https:\/\/apymeco.netrotec.com\/wp-content\/uploads\/Apymeco-logo-10-x10-TRAZADO-01-1-300x300.png","contentUrl":"https:\/\/apymeco.netrotec.com\/wp-content\/uploads\/Apymeco-logo-10-x10-TRAZADO-01-1-300x300.png"},{"@type":"BreadcrumbList","@id":"https:\/\/apymeco.netrotec.com\/convocatoria-de-elecciones-a-la-junta-directiva-de-apymeco\/#breadcrumb","itemListElement":[{"@type":"ListItem","position":1,"name":"Portada","item":"https:\/\/apymeco.netrotec.com\/"},{"@type":"ListItem","position":2,"name":"Convocatoria de Elecciones a la Junta Directiva de APYMECO"}]},{"@type":"WebSite","@id":"https:\/\/apymeco.netrotec.com\/#website","url":"https:\/\/apymeco.netrotec.com\/","name":"APYMECO Torrevieja","description":"","publisher":{"@id":"https:\/\/apymeco.netrotec.com\/#organization"},"potentialAction":[{"@type":"SearchAction","target":{"@type":"EntryPoint","urlTemplate":"https:\/\/apymeco.netrotec.com\/?s={search_term_string}"},"query-input":{"@type":"PropertyValueSpecification","valueRequired":true,"valueName":"search_term_string"}}],"inLanguage":"es"},{"@type":"Organization","@id":"https:\/\/apymeco.netrotec.com\/#organization","name":"APYMECO Torrevieja","url":"https:\/\/apymeco.netrotec.com\/","logo":{"@type":"ImageObject","inLanguage":"es","@id":"https:\/\/apymeco.netrotec.com\/#\/schema\/logo\/image\/","url":"https:\/\/apymeco.netrotec.com\/wp-content\/uploads\/2026\/06\/logo-blanco.png","contentUrl":"https:\/\/apymeco.netrotec.com\/wp-content\/uploads\/2026\/06\/logo-blanco.png","width":1107,"height":444,"caption":"APYMECO Torrevieja"},"image":{"@id":"https:\/\/apymeco.netrotec.com\/#\/schema\/logo\/image\/"}},{"@type":"Person","@id":"https:\/\/apymeco.netrotec.com\/#\/schema\/person\/58f3bb0f5e04e2b6067d17d05470d2dd","name":"Apymeco","url":"https:\/\/apymeco.netrotec.com\/es\/author\/apymeco\/"}]}},"_links":{"self":[{"href":"https:\/\/apymeco.netrotec.com\/es\/wp-json\/wp\/v2\/posts\/8251","targetHints":{"allow":["GET"]}}],"collection":[{"href":"https:\/\/apymeco.netrotec.com\/es\/wp-json\/wp\/v2\/posts"}],"about":[{"href":"https:\/\/apymeco.netrotec.com\/es\/wp-json\/wp\/v2\/types\/post"}],"author":[{"embeddable":true,"href":"https:\/\/apymeco.netrotec.com\/es\/wp-json\/wp\/v2\/users\/2"}],"replies":[{"embeddable":true,"href":"https:\/\/apymeco.netrotec.com\/es\/wp-json\/wp\/v2\/comments?post=8251"}],"version-history":[{"count":0,"href":"https:\/\/apymeco.netrotec.com\/es\/wp-json\/wp\/v2\/posts\/8251\/revisions"}],"wp:attachment":[{"href":"https:\/\/apymeco.netrotec.com\/es\/wp-json\/wp\/v2\/media?parent=8251"}],"wp:term":[{"taxonomy":"category","embeddable":true,"href":"https:\/\/apymeco.netrotec.com\/es\/wp-json\/wp\/v2\/categories?post=8251"},{"taxonomy":"post_tag","embeddable":true,"href":"https:\/\/apymeco.netrotec.com\/es\/wp-json\/wp\/v2\/tags?post=8251"}],"curies":[{"name":"wp","href":"https:\/\/api.w.org\/{rel}","templated":true}]}}