{"id":8261,"date":"2026-01-12T13:08:00","date_gmt":"2026-01-12T12:08:00","guid":{"rendered":"https:\/\/www.apymeco.info\/?p=8261"},"modified":"2026-01-12T13:08:00","modified_gmt":"2026-01-12T12:08:00","slug":"apymeco-y-telpark-renuevan-la-iniciativa-de-movilidad-comercial-sostenible","status":"publish","type":"post","link":"https:\/\/apymeco.netrotec.com\/es\/apymeco-y-telpark-renuevan-la-iniciativa-de-movilidad-comercial-sostenible\/","title":{"rendered":"Apymeco y Telpark renuevan la Iniciativa de Movilidad Comercial Sostenible"},"content":{"rendered":"<p><img fetchpriority=\"high\" decoding=\"async\" class=\"wp-image-8264 alignleft\" src=\"https:\/\/apymeco.netrotec.com\/wp-content\/uploads\/telpark01-214x300.png\" alt=\"\" width=\"436\" height=\"611\" \/><\/p>\n<p style=\"text-align: center;\">La <strong>Asociaci\u00f3n de Peque\u00f1os y Medianos Comerciantes de Torrevieja y Telpark<\/strong>, operador referente en ecosistemas de movilidad, han alcanzado un acuerdo para poner en marcha una campa\u00f1a de descuentos en los parkings gestionados por la compa\u00f1\u00eda en el municipio: Torrevieja<\/p>\n<p style=\"text-align: left;\">Entre el 7 y el 31 de enero, los ciudadanos podr\u00e1n aparcar durante 12 horas 0,99 \u20ac en el parking de Telpark puerto de Torrevieja a trav\u00e9s de los bonos Multipass, disponibles en modalidades de 5, 10 y 20 usos. <u><img decoding=\"async\" class=\"wp-image-8262 alignright\" src=\"https:\/\/apymeco.netrotec.com\/wp-content\/uploads\/telpark03-300x248.png\" alt=\"\" width=\"309\" height=\"255\" \/><\/u><\/p>\n<p>&nbsp;<\/p>\n<p>&nbsp;<\/p>\n<p>&nbsp;<\/p>\n<p>&nbsp;<\/p>\n<p>&nbsp;<\/p>\n<p style=\"text-align: left;\">Estos pases, v\u00e1lidos durante un a\u00f1o, pueden adquirirse a trav\u00e9s de la aplicaci\u00f3n Telpark y permiten entrar y salir del aparcamiento autom\u00e1ticamente mediante lectura digital de matr\u00edcula, evitando el uso de ticket y agilizando el proceso. Adem\u00e1s, el usuario puede modificar la matr\u00edcula asociada al bono de forma flexible desde la propia app.<\/p>\n<p style=\"text-align: center;\"><img decoding=\"async\" class=\"wp-image-8263 alignright\" src=\"https:\/\/apymeco.netrotec.com\/wp-content\/uploads\/telpark02-300x169.png\" alt=\"\" width=\"424\" height=\"239\" \/><\/p>\n<p>La campa\u00f1a incorpora adem\u00e1s un beneficio adicional orientado a promover una movilidad m\u00e1s sostenible: un 30% de descuento en la recarga de veh\u00edculos el\u00e9ctricos para quienes adquieran un bono Multipass, aplicable en todos los aparcamientos Telpark con recarga el\u00e9ctrica de toda Espa\u00f1a hasta el 30 de junio.<\/p>\n<p>La iniciativa tiene como objetivo fomentar la econom\u00eda local y facilitar el aparcamiento de residentes y visitantes en el centro de la ciudad, al tiempo que contribuye a reducir las emisiones derivadas de la b\u00fasqueda de estacionamiento y ofrece una soluci\u00f3n flexible para quienes acuden a diario al centro por motivos laborales.<\/p>\n<p>Telpark gestiona en la ciudad un total de 600 plazas. Su aplicaci\u00f3n, con m\u00e1s de 6 millones de usuarios, es la m\u00e1s utilizada y descargada en la Pen\u00ednsula Ib\u00e9rica. La compa\u00f1\u00eda cuenta tambi\u00e9n con m\u00e1s de 1.300 puntos de recarga el\u00e9ctrica en sus parkings, consolidando a la compa\u00f1\u00eda como un socio estrat\u00e9gico en la movilidad urbana, comprometido con la sostenibilidad y la mejora de la calidad de vida en las ciudades.<img loading=\"lazy\" decoding=\"async\" class=\" wp-image-8267 aligncenter\" src=\"https:\/\/apymeco.netrotec.com\/wp-content\/uploads\/multi-300x104.png\" alt=\"\" width=\"513\" height=\"178\" \/><\/p>\n<p>&nbsp;<\/p>\n<p>&nbsp;<\/p>\n<p>&nbsp;<\/p>\n<p>&nbsp;<\/p>\n<p>&nbsp;<\/p>\n<p>&nbsp;<\/p>\n<p>&nbsp;<\/p>\n<p>&nbsp;<\/p>\n<p>&nbsp;<\/p>\n<p>&nbsp;<\/p>\n<p>&nbsp;<\/p>\n<p>&nbsp;<\/p>\n<p>&nbsp;<\/p>\n<p>&nbsp;<\/p>\n<p>&nbsp;<\/p>\n","protected":false},"excerpt":{"rendered":"<p>La Asociaci\u00f3n de Peque\u00f1os y Medianos Comerciantes de Torrevieja y Telpark, operador referente en ecosistemas de movilidad, han alcanzado un [&hellip;]<\/p>\n","protected":false},"author":2,"featured_media":0,"comment_status":"open","ping_status":"open","sticky":false,"template":"","format":"standard","meta":{"site-sidebar-layout":"default","site-content-layout":"","ast-site-content-layout":"default","site-content-style":"default","site-sidebar-style":"default","ast-global-header-display":"","ast-banner-title-visibility":"","ast-main-header-display":"","ast-hfb-above-header-display":"","ast-hfb-below-header-display":"","ast-hfb-mobile-header-display":"","site-post-title":"","ast-breadcrumbs-content":"","ast-featured-img":"","footer-sml-layout":"","ast-disable-related-posts":"","theme-transparent-header-meta":"","adv-header-id-meta":"","stick-header-meta":"","header-above-stick-meta":"","header-main-stick-meta":"","header-below-stick-meta":"","astra-migrate-meta-layouts":"default","ast-page-background-enabled":"default","ast-page-background-meta":{"desktop":{"background-color":"var(--ast-global-color-5)","background-image":"","background-repeat":"repeat","background-position":"center center","background-size":"auto","background-attachment":"scroll","background-type":"","background-media":"","overlay-type":"","overlay-color":"","overlay-opacity":"","overlay-gradient":""},"tablet":{"background-color":"","background-image":"","background-repeat":"repeat","background-position":"center center","background-size":"auto","background-attachment":"scroll","background-type":"","background-media":"","overlay-type":"","overlay-color":"","overlay-opacity":"","overlay-gradient":""},"mobile":{"background-color":"","background-image":"","background-repeat":"repeat","background-position":"center center","background-size":"auto","background-attachment":"scroll","background-type":"","background-media":"","overlay-type":"","overlay-color":"","overlay-opacity":"","overlay-gradient":""}},"ast-content-background-meta":{"desktop":{"background-color":"var(--ast-global-color-4)","background-image":"","background-repeat":"repeat","background-position":"center center","background-size":"auto","background-attachment":"scroll","background-type":"","background-media":"","overlay-type":"","overlay-color":"","overlay-opacity":"","overlay-gradient":""},"tablet":{"background-color":"var(--ast-global-color-4)","background-image":"","background-repeat":"repeat","background-position":"center center","background-size":"auto","background-attachment":"scroll","background-type":"","background-media":"","overlay-type":"","overlay-color":"","overlay-opacity":"","overlay-gradient":""},"mobile":{"background-color":"var(--ast-global-color-4)","background-image":"","background-repeat":"repeat","background-position":"center center","background-size":"auto","background-attachment":"scroll","background-type":"","background-media":"","overlay-type":"","overlay-color":"","overlay-opacity":"","overlay-gradient":""}},"footnotes":""},"categories":[524,541,585],"tags":[707,708],"class_list":["post-8261","post","type-post","status-publish","format-standard","hentry","category-campanas","category-informacion","category-notas-de-prensa","tag-apymeco-y-telpark","tag-multipass-telpark-apymeco"],"yoast_head":"<!-- This site is optimized with the Yoast SEO Premium plugin v27.7 (Yoast SEO v27.8) - https:\/\/yoast.com\/product\/yoast-seo-premium-wordpress\/ -->\n<title>Apymeco y Telpark renuevan la Iniciativa de Movilidad Comercial Sostenible - APYMECO Torrevieja<\/title>\n<meta name=\"robots\" content=\"index, follow, max-snippet:-1, max-image-preview:large, max-video-preview:-1\" \/>\n<link rel=\"canonical\" href=\"https:\/\/apymeco.netrotec.com\/es\/apymeco-y-telpark-renuevan-la-iniciativa-de-movilidad-comercial-sostenible\/\" \/>\n<meta property=\"og:locale\" content=\"es_ES\" \/>\n<meta property=\"og:type\" content=\"article\" \/>\n<meta property=\"og:title\" content=\"Apymeco y Telpark renuevan la Iniciativa de Movilidad Comercial Sostenible\" \/>\n<meta property=\"og:description\" content=\"La Asociaci\u00f3n de Peque\u00f1os y Medianos Comerciantes de Torrevieja y Telpark, operador referente en ecosistemas de movilidad, han alcanzado un [&hellip;]\" \/>\n<meta property=\"og:url\" content=\"https:\/\/apymeco.netrotec.com\/es\/apymeco-y-telpark-renuevan-la-iniciativa-de-movilidad-comercial-sostenible\/\" \/>\n<meta property=\"og:site_name\" content=\"APYMECO Torrevieja\" \/>\n<meta property=\"article:published_time\" content=\"2026-01-12T12:08:00+00:00\" \/>\n<meta property=\"og:image\" content=\"https:\/\/apymeco.netrotec.com\/wp-content\/uploads\/2026\/01\/telpark01.png\" \/>\n\t<meta property=\"og:image:width\" content=\"609\" \/>\n\t<meta property=\"og:image:height\" content=\"854\" \/>\n\t<meta property=\"og:image:type\" content=\"image\/png\" \/>\n<meta name=\"author\" content=\"Apymeco\" \/>\n<meta name=\"twitter:card\" content=\"summary_large_image\" \/>\n<meta name=\"twitter:label1\" content=\"Escrito por\" \/>\n\t<meta name=\"twitter:data1\" content=\"Apymeco\" \/>\n\t<meta name=\"twitter:label2\" content=\"Tiempo de lectura\" \/>\n\t<meta name=\"twitter:data2\" content=\"3 minutos\" \/>\n<script type=\"application\/ld+json\" class=\"yoast-schema-graph\">{\"@context\":\"https:\\\/\\\/schema.org\",\"@graph\":[{\"@type\":\"Article\",\"@id\":\"https:\\\/\\\/apymeco.netrotec.com\\\/apymeco-y-telpark-renuevan-la-iniciativa-de-movilidad-comercial-sostenible\\\/#article\",\"isPartOf\":{\"@id\":\"https:\\\/\\\/apymeco.netrotec.com\\\/apymeco-y-telpark-renuevan-la-iniciativa-de-movilidad-comercial-sostenible\\\/\"},\"author\":{\"name\":\"Apymeco\",\"@id\":\"https:\\\/\\\/apymeco.netrotec.com\\\/#\\\/schema\\\/person\\\/58f3bb0f5e04e2b6067d17d05470d2dd\"},\"headline\":\"Apymeco y Telpark renuevan la Iniciativa de Movilidad Comercial Sostenible\",\"datePublished\":\"2026-01-12T12:08:00+00:00\",\"mainEntityOfPage\":{\"@id\":\"https:\\\/\\\/apymeco.netrotec.com\\\/apymeco-y-telpark-renuevan-la-iniciativa-de-movilidad-comercial-sostenible\\\/\"},\"wordCount\":355,\"commentCount\":0,\"publisher\":{\"@id\":\"https:\\\/\\\/apymeco.netrotec.com\\\/#organization\"},\"image\":{\"@id\":\"https:\\\/\\\/apymeco.netrotec.com\\\/apymeco-y-telpark-renuevan-la-iniciativa-de-movilidad-comercial-sostenible\\\/#primaryimage\"},\"thumbnailUrl\":\"https:\\\/\\\/apymeco.netrotec.com\\\/wp-content\\\/uploads\\\/telpark01-214x300.png\",\"keywords\":[\"apymeco y telpark\",\"multipass telpark apymeco\"],\"articleSection\":[\"Campa\u00f1as\",\"Informaci\u00f3n\",\"Notas de Prensa\"],\"inLanguage\":\"es\",\"potentialAction\":[{\"@type\":\"CommentAction\",\"name\":\"Comment\",\"target\":[\"https:\\\/\\\/apymeco.netrotec.com\\\/apymeco-y-telpark-renuevan-la-iniciativa-de-movilidad-comercial-sostenible\\\/#respond\"]}]},{\"@type\":\"WebPage\",\"@id\":\"https:\\\/\\\/apymeco.netrotec.com\\\/apymeco-y-telpark-renuevan-la-iniciativa-de-movilidad-comercial-sostenible\\\/\",\"url\":\"https:\\\/\\\/apymeco.netrotec.com\\\/apymeco-y-telpark-renuevan-la-iniciativa-de-movilidad-comercial-sostenible\\\/\",\"name\":\"Apymeco y Telpark renuevan la Iniciativa de Movilidad Comercial Sostenible - APYMECO Torrevieja\",\"isPartOf\":{\"@id\":\"https:\\\/\\\/apymeco.netrotec.com\\\/#website\"},\"primaryImageOfPage\":{\"@id\":\"https:\\\/\\\/apymeco.netrotec.com\\\/apymeco-y-telpark-renuevan-la-iniciativa-de-movilidad-comercial-sostenible\\\/#primaryimage\"},\"image\":{\"@id\":\"https:\\\/\\\/apymeco.netrotec.com\\\/apymeco-y-telpark-renuevan-la-iniciativa-de-movilidad-comercial-sostenible\\\/#primaryimage\"},\"thumbnailUrl\":\"https:\\\/\\\/apymeco.netrotec.com\\\/wp-content\\\/uploads\\\/telpark01-214x300.png\",\"datePublished\":\"2026-01-12T12:08:00+00:00\",\"breadcrumb\":{\"@id\":\"https:\\\/\\\/apymeco.netrotec.com\\\/apymeco-y-telpark-renuevan-la-iniciativa-de-movilidad-comercial-sostenible\\\/#breadcrumb\"},\"inLanguage\":\"es\",\"potentialAction\":[{\"@type\":\"ReadAction\",\"target\":[\"https:\\\/\\\/apymeco.netrotec.com\\\/apymeco-y-telpark-renuevan-la-iniciativa-de-movilidad-comercial-sostenible\\\/\"]}]},{\"@type\":\"ImageObject\",\"inLanguage\":\"es\",\"@id\":\"https:\\\/\\\/apymeco.netrotec.com\\\/apymeco-y-telpark-renuevan-la-iniciativa-de-movilidad-comercial-sostenible\\\/#primaryimage\",\"url\":\"https:\\\/\\\/apymeco.netrotec.com\\\/wp-content\\\/uploads\\\/telpark01-214x300.png\",\"contentUrl\":\"https:\\\/\\\/apymeco.netrotec.com\\\/wp-content\\\/uploads\\\/telpark01-214x300.png\"},{\"@type\":\"BreadcrumbList\",\"@id\":\"https:\\\/\\\/apymeco.netrotec.com\\\/apymeco-y-telpark-renuevan-la-iniciativa-de-movilidad-comercial-sostenible\\\/#breadcrumb\",\"itemListElement\":[{\"@type\":\"ListItem\",\"position\":1,\"name\":\"Portada\",\"item\":\"https:\\\/\\\/apymeco.netrotec.com\\\/\"},{\"@type\":\"ListItem\",\"position\":2,\"name\":\"Apymeco y Telpark renuevan la Iniciativa de Movilidad Comercial Sostenible\"}]},{\"@type\":\"WebSite\",\"@id\":\"https:\\\/\\\/apymeco.netrotec.com\\\/#website\",\"url\":\"https:\\\/\\\/apymeco.netrotec.com\\\/\",\"name\":\"APYMECO Torrevieja\",\"description\":\"\",\"publisher\":{\"@id\":\"https:\\\/\\\/apymeco.netrotec.com\\\/#organization\"},\"potentialAction\":[{\"@type\":\"SearchAction\",\"target\":{\"@type\":\"EntryPoint\",\"urlTemplate\":\"https:\\\/\\\/apymeco.netrotec.com\\\/?s={search_term_string}\"},\"query-input\":{\"@type\":\"PropertyValueSpecification\",\"valueRequired\":true,\"valueName\":\"search_term_string\"}}],\"inLanguage\":\"es\"},{\"@type\":\"Organization\",\"@id\":\"https:\\\/\\\/apymeco.netrotec.com\\\/#organization\",\"name\":\"APYMECO Torrevieja\",\"url\":\"https:\\\/\\\/apymeco.netrotec.com\\\/\",\"logo\":{\"@type\":\"ImageObject\",\"inLanguage\":\"es\",\"@id\":\"https:\\\/\\\/apymeco.netrotec.com\\\/#\\\/schema\\\/logo\\\/image\\\/\",\"url\":\"https:\\\/\\\/apymeco.netrotec.com\\\/wp-content\\\/uploads\\\/2026\\\/06\\\/logo-blanco.png\",\"contentUrl\":\"https:\\\/\\\/apymeco.netrotec.com\\\/wp-content\\\/uploads\\\/2026\\\/06\\\/logo-blanco.png\",\"width\":1107,\"height\":444,\"caption\":\"APYMECO Torrevieja\"},\"image\":{\"@id\":\"https:\\\/\\\/apymeco.netrotec.com\\\/#\\\/schema\\\/logo\\\/image\\\/\"}},{\"@type\":\"Person\",\"@id\":\"https:\\\/\\\/apymeco.netrotec.com\\\/#\\\/schema\\\/person\\\/58f3bb0f5e04e2b6067d17d05470d2dd\",\"name\":\"Apymeco\",\"url\":\"https:\\\/\\\/apymeco.netrotec.com\\\/es\\\/author\\\/apymeco\\\/\"}]}<\/script>\n<!-- \/ Yoast SEO Premium plugin. -->","yoast_head_json":{"title":"Apymeco y Telpark renuevan la Iniciativa de Movilidad Comercial Sostenible - APYMECO Torrevieja","robots":{"index":"index","follow":"follow","max-snippet":"max-snippet:-1","max-image-preview":"max-image-preview:large","max-video-preview":"max-video-preview:-1"},"canonical":"https:\/\/apymeco.netrotec.com\/es\/apymeco-y-telpark-renuevan-la-iniciativa-de-movilidad-comercial-sostenible\/","og_locale":"es_ES","og_type":"article","og_title":"Apymeco y Telpark renuevan la Iniciativa de Movilidad Comercial Sostenible","og_description":"La Asociaci\u00f3n de Peque\u00f1os y Medianos Comerciantes de Torrevieja y Telpark, operador referente en ecosistemas de movilidad, han alcanzado un [&hellip;]","og_url":"https:\/\/apymeco.netrotec.com\/es\/apymeco-y-telpark-renuevan-la-iniciativa-de-movilidad-comercial-sostenible\/","og_site_name":"APYMECO Torrevieja","article_published_time":"2026-01-12T12:08:00+00:00","og_image":[{"width":609,"height":854,"url":"https:\/\/apymeco.netrotec.com\/wp-content\/uploads\/2026\/01\/telpark01.png","type":"image\/png"}],"author":"Apymeco","twitter_card":"summary_large_image","twitter_misc":{"Escrito por":"Apymeco","Tiempo de lectura":"3 minutos"},"schema":{"@context":"https:\/\/schema.org","@graph":[{"@type":"Article","@id":"https:\/\/apymeco.netrotec.com\/apymeco-y-telpark-renuevan-la-iniciativa-de-movilidad-comercial-sostenible\/#article","isPartOf":{"@id":"https:\/\/apymeco.netrotec.com\/apymeco-y-telpark-renuevan-la-iniciativa-de-movilidad-comercial-sostenible\/"},"author":{"name":"Apymeco","@id":"https:\/\/apymeco.netrotec.com\/#\/schema\/person\/58f3bb0f5e04e2b6067d17d05470d2dd"},"headline":"Apymeco y Telpark renuevan la Iniciativa de Movilidad Comercial Sostenible","datePublished":"2026-01-12T12:08:00+00:00","mainEntityOfPage":{"@id":"https:\/\/apymeco.netrotec.com\/apymeco-y-telpark-renuevan-la-iniciativa-de-movilidad-comercial-sostenible\/"},"wordCount":355,"commentCount":0,"publisher":{"@id":"https:\/\/apymeco.netrotec.com\/#organization"},"image":{"@id":"https:\/\/apymeco.netrotec.com\/apymeco-y-telpark-renuevan-la-iniciativa-de-movilidad-comercial-sostenible\/#primaryimage"},"thumbnailUrl":"https:\/\/apymeco.netrotec.com\/wp-content\/uploads\/telpark01-214x300.png","keywords":["apymeco y telpark","multipass telpark apymeco"],"articleSection":["Campa\u00f1as","Informaci\u00f3n","Notas de Prensa"],"inLanguage":"es","potentialAction":[{"@type":"CommentAction","name":"Comment","target":["https:\/\/apymeco.netrotec.com\/apymeco-y-telpark-renuevan-la-iniciativa-de-movilidad-comercial-sostenible\/#respond"]}]},{"@type":"WebPage","@id":"https:\/\/apymeco.netrotec.com\/apymeco-y-telpark-renuevan-la-iniciativa-de-movilidad-comercial-sostenible\/","url":"https:\/\/apymeco.netrotec.com\/apymeco-y-telpark-renuevan-la-iniciativa-de-movilidad-comercial-sostenible\/","name":"Apymeco y Telpark renuevan la Iniciativa de Movilidad Comercial Sostenible - APYMECO Torrevieja","isPartOf":{"@id":"https:\/\/apymeco.netrotec.com\/#website"},"primaryImageOfPage":{"@id":"https:\/\/apymeco.netrotec.com\/apymeco-y-telpark-renuevan-la-iniciativa-de-movilidad-comercial-sostenible\/#primaryimage"},"image":{"@id":"https:\/\/apymeco.netrotec.com\/apymeco-y-telpark-renuevan-la-iniciativa-de-movilidad-comercial-sostenible\/#primaryimage"},"thumbnailUrl":"https:\/\/apymeco.netrotec.com\/wp-content\/uploads\/telpark01-214x300.png","datePublished":"2026-01-12T12:08:00+00:00","breadcrumb":{"@id":"https:\/\/apymeco.netrotec.com\/apymeco-y-telpark-renuevan-la-iniciativa-de-movilidad-comercial-sostenible\/#breadcrumb"},"inLanguage":"es","potentialAction":[{"@type":"ReadAction","target":["https:\/\/apymeco.netrotec.com\/apymeco-y-telpark-renuevan-la-iniciativa-de-movilidad-comercial-sostenible\/"]}]},{"@type":"ImageObject","inLanguage":"es","@id":"https:\/\/apymeco.netrotec.com\/apymeco-y-telpark-renuevan-la-iniciativa-de-movilidad-comercial-sostenible\/#primaryimage","url":"https:\/\/apymeco.netrotec.com\/wp-content\/uploads\/telpark01-214x300.png","contentUrl":"https:\/\/apymeco.netrotec.com\/wp-content\/uploads\/telpark01-214x300.png"},{"@type":"BreadcrumbList","@id":"https:\/\/apymeco.netrotec.com\/apymeco-y-telpark-renuevan-la-iniciativa-de-movilidad-comercial-sostenible\/#breadcrumb","itemListElement":[{"@type":"ListItem","position":1,"name":"Portada","item":"https:\/\/apymeco.netrotec.com\/"},{"@type":"ListItem","position":2,"name":"Apymeco y Telpark renuevan la Iniciativa de Movilidad Comercial Sostenible"}]},{"@type":"WebSite","@id":"https:\/\/apymeco.netrotec.com\/#website","url":"https:\/\/apymeco.netrotec.com\/","name":"APYMECO Torrevieja","description":"","publisher":{"@id":"https:\/\/apymeco.netrotec.com\/#organization"},"potentialAction":[{"@type":"SearchAction","target":{"@type":"EntryPoint","urlTemplate":"https:\/\/apymeco.netrotec.com\/?s={search_term_string}"},"query-input":{"@type":"PropertyValueSpecification","valueRequired":true,"valueName":"search_term_string"}}],"inLanguage":"es"},{"@type":"Organization","@id":"https:\/\/apymeco.netrotec.com\/#organization","name":"APYMECO Torrevieja","url":"https:\/\/apymeco.netrotec.com\/","logo":{"@type":"ImageObject","inLanguage":"es","@id":"https:\/\/apymeco.netrotec.com\/#\/schema\/logo\/image\/","url":"https:\/\/apymeco.netrotec.com\/wp-content\/uploads\/2026\/06\/logo-blanco.png","contentUrl":"https:\/\/apymeco.netrotec.com\/wp-content\/uploads\/2026\/06\/logo-blanco.png","width":1107,"height":444,"caption":"APYMECO Torrevieja"},"image":{"@id":"https:\/\/apymeco.netrotec.com\/#\/schema\/logo\/image\/"}},{"@type":"Person","@id":"https:\/\/apymeco.netrotec.com\/#\/schema\/person\/58f3bb0f5e04e2b6067d17d05470d2dd","name":"Apymeco","url":"https:\/\/apymeco.netrotec.com\/es\/author\/apymeco\/"}]}},"_links":{"self":[{"href":"https:\/\/apymeco.netrotec.com\/es\/wp-json\/wp\/v2\/posts\/8261","targetHints":{"allow":["GET"]}}],"collection":[{"href":"https:\/\/apymeco.netrotec.com\/es\/wp-json\/wp\/v2\/posts"}],"about":[{"href":"https:\/\/apymeco.netrotec.com\/es\/wp-json\/wp\/v2\/types\/post"}],"author":[{"embeddable":true,"href":"https:\/\/apymeco.netrotec.com\/es\/wp-json\/wp\/v2\/users\/2"}],"replies":[{"embeddable":true,"href":"https:\/\/apymeco.netrotec.com\/es\/wp-json\/wp\/v2\/comments?post=8261"}],"version-history":[{"count":0,"href":"https:\/\/apymeco.netrotec.com\/es\/wp-json\/wp\/v2\/posts\/8261\/revisions"}],"wp:attachment":[{"href":"https:\/\/apymeco.netrotec.com\/es\/wp-json\/wp\/v2\/media?parent=8261"}],"wp:term":[{"taxonomy":"category","embeddable":true,"href":"https:\/\/apymeco.netrotec.com\/es\/wp-json\/wp\/v2\/categories?post=8261"},{"taxonomy":"post_tag","embeddable":true,"href":"https:\/\/apymeco.netrotec.com\/es\/wp-json\/wp\/v2\/tags?post=8261"}],"curies":[{"name":"wp","href":"https:\/\/api.w.org\/{rel}","templated":true}]}}