{"id":8320,"date":"2026-02-14T22:59:06","date_gmt":"2026-02-14T21:59:06","guid":{"rendered":"https:\/\/www.apymeco.info\/?p=8320"},"modified":"2026-02-14T22:59:06","modified_gmt":"2026-02-14T21:59:06","slug":"celebrada-la-asamblea-general-reeleccion-jorge-almarcha-presidente-de-apymeco","status":"publish","type":"post","link":"https:\/\/apymeco.netrotec.com\/es\/celebrada-la-asamblea-general-reeleccion-jorge-almarcha-presidente-de-apymeco\/","title":{"rendered":"CELEBRADA LA ASAMBLEA GENERAL  &#8211; REELECCION JORGE ALMARCHA PRESIDENTE DE APYMECO"},"content":{"rendered":"<p>El pasado viernes tuvo lugar la Asamblea General de Socios en la sede de la Asociaci\u00f3n de Peque\u00f1os y Medianos Empresarios de Torrevieja -Apymeco- en la que se dio a conocer la nueva Junta Directiva y se hizo una exposici\u00f3n de los proyectos que marcaran esta nueva ciclo para la asociaci\u00f3n.<\/p>\n<p><img decoding=\"async\" class=\"wp-image-8253 alignright\" src=\"https:\/\/apymeco.netrotec.com\/wp-content\/uploads\/Apymeco-logo-10-x10-TRAZADO-01-1-300x300.png\" alt=\"\" width=\"142\" height=\"142\" \/><\/p>\n<p>La Asamblea la abri\u00f3 en presidente Jorge Almarcha que destac\u00f3 que \u201cen este mandato \u00a0se abre una etapa nueva. Tres a\u00f1os m\u00e1s por delante que afrontamos con ilusi\u00f3n, con responsabilidad y, sobre todo, con muchas ganas de hacer cosas diferentes\u201d. Continu\u00f3 diciendo: \u201cQueremos que el comercio de Torrevieja tenga m\u00e1s identidad que nunca. Nuestro comercio est\u00e1 pasando una fase complicada pero necesitamos defenderlo y hacerlo de manera asociativa es indispensable. Vamos a dar m\u00e1s presencia al \u201csector sanitario\u201d dentro de nuestra asociaci\u00f3n, porque creemos que su peso y su aportaci\u00f3n al tejido comercial deben verse reflejados.<\/p>\n<p>Entre las nuevos proyectos esta en realizar en breve presentaremos un nuevo \u201cBono Consumo, que ha sido una de las actividades\u00a0 \u201cestrella\u201d de esta junta, y que se mantiene desde hace 6 a\u00f1os. Tambi\u00e9n se quiere romper con esa sensaci\u00f3n de que nuestros comercios son puntos aislados, peque\u00f1os, frente a una costa que parece lejana por la falta de aparcamiento. Por ello se va \u00a0a concienciar a la masa social de que tenemos parking, de que es accesible y de que forma parte de la experiencia de venir a comprar a nuestra ciudad.<\/p>\n<p>Uno de los proyectos que m\u00e1s ilusionantes nos hace es la creaci\u00f3n de un \u201cmapa de color\u201d por sectores: identificar, posicionar y situar cada \u00a0comercio dentro de un abanico visual que nazca desde el Parking y conecte con toda la ciudad. Ser\u00e1 una herramienta para vecinos y visitantes, y una forma moderna de entender nuestro comercio.<\/p>\n<p>Entramos adem\u00e1s en una din\u00e1mica nueva con el concepto de redes sociales y con un proyecto original, en el que un avatar virtual nos presentar\u00e1 y marcar\u00e1 una forma distinta de comunicar y de llegar a la gente en el comercio haciendo \u201cvocero\u201d de una forma moderna y actual.<\/p>\n<p>Otro de los proyectos que est\u00e1n avanzados es la puesta en marcha junto a la direcci\u00f3n el Centro Comercial Habaneras de lo que se ha dado en llamar \u201csemillero de empresas\u201d, en la que aquellas personas que quieran poner en marcha un negocio o un proyecto puedan adquirir conocimientos, sobre todo t\u00e9cnicos y de ejecuci\u00f3n en distintos puntos que se ubicaran en el Centro Comercial.<\/p>\n<p>Esta es el tercer mandato que Jorge Almarcha y su directiva afrontan, pese a que reci\u00e9n proclamado\u00a0 presidente confes\u00f3: \u201cHasta hace poco pensaba que era momento de dejarlo. Muchos me lo hab\u00e9is o\u00eddo. Pero con vuestro apoyo me apetece volver con garra, con energ\u00eda y, \u00bfpor qu\u00e9 no?, empezar de cero. No continuar solo algo que creo que hemos hecho muy bien, sino abrir una partida nueva.\u00a0 Torrevieja est\u00e1 viviendo un momento de proyectos que se est\u00e1n ultimando \u00a0y hay posibilidad de encarar el futuro de nuestro comercio con esperanza y yo como presidente, creo que \u00a0no debemos dejarlas pasar. Gracias por la confianza. Vamos a por esta nueva etapa juntos\u201d.<\/p>\n<p>Para terminar se dio a conocer la nueva Junta Directiva de la que solo el presidente, el vicepresidente y el Secretario permanecen de la primitiva creada en 2020<\/p>\n<p><strong>JUNTA DIRECTIVA APYMECO 2026.2029<\/strong><\/p>\n<ul>\n<li><strong>Presidente:<\/strong> Jorge Almarcha.\u00a0 <strong>\u00d3PTICA MAR<\/strong><\/li>\n<li><strong>Vicepresidente:<\/strong> Pedro Andr\u00e9s Garc\u00eda Mart\u00ednez. <strong>DOCTOR COMPUTERS<\/strong><\/li>\n<li><strong>Secretario:<\/strong> Fernando Guardiola Molina. <strong>OBJETIVO TORREVIEJA<\/strong><\/li>\n<li><strong>Tesorero:<\/strong>\u00a0 Jos\u00e9 Pineda. <strong>ASERPRO<\/strong><\/li>\n<\/ul>\n<p><strong>Vocales \u00a0\u00a0\u00a0\u00a0\u00a0\u00a0\u00a0\u00a0\u00a0\u00a0\u00a0\u00a0 <\/strong><\/p>\n<ul>\n<li style=\"text-align: left;\">Francisco Corrochano Verd\u00fa. <strong>MR. COVER LAB<\/strong>.<\/li>\n<li>Noem\u00ed H\u00e9rcules de Sol\u00e1s Herv\u00e1s. <strong>MACHADO 103, CLINICA DENTAL Y ESTETICA<\/strong><\/li>\n<li>Noelia Arenas. <strong>NOELIA ARENAS REAL ESTATE<\/strong><\/li>\n<li>Jos\u00e9 Blanco Mountajy. <strong>AGENCIA.MTY<\/strong><\/li>\n<\/ul>\n","protected":false},"excerpt":{"rendered":"<p>El pasado viernes tuvo lugar la Asamblea General de Socios en la sede de la Asociaci\u00f3n de Peque\u00f1os y Medianos [&hellip;]<\/p>\n","protected":false},"author":2,"featured_media":8321,"comment_status":"open","ping_status":"open","sticky":false,"template":"","format":"standard","meta":{"site-sidebar-layout":"default","site-content-layout":"","ast-site-content-layout":"default","site-content-style":"default","site-sidebar-style":"default","ast-global-header-display":"","ast-banner-title-visibility":"","ast-main-header-display":"","ast-hfb-above-header-display":"","ast-hfb-below-header-display":"","ast-hfb-mobile-header-display":"","site-post-title":"","ast-breadcrumbs-content":"","ast-featured-img":"","footer-sml-layout":"","ast-disable-related-posts":"","theme-transparent-header-meta":"","adv-header-id-meta":"","stick-header-meta":"","header-above-stick-meta":"","header-main-stick-meta":"","header-below-stick-meta":"","astra-migrate-meta-layouts":"default","ast-page-background-enabled":"default","ast-page-background-meta":{"desktop":{"background-color":"var(--ast-global-color-5)","background-image":"","background-repeat":"repeat","background-position":"center center","background-size":"auto","background-attachment":"scroll","background-type":"","background-media":"","overlay-type":"","overlay-color":"","overlay-opacity":"","overlay-gradient":""},"tablet":{"background-color":"","background-image":"","background-repeat":"repeat","background-position":"center center","background-size":"auto","background-attachment":"scroll","background-type":"","background-media":"","overlay-type":"","overlay-color":"","overlay-opacity":"","overlay-gradient":""},"mobile":{"background-color":"","background-image":"","background-repeat":"repeat","background-position":"center center","background-size":"auto","background-attachment":"scroll","background-type":"","background-media":"","overlay-type":"","overlay-color":"","overlay-opacity":"","overlay-gradient":""}},"ast-content-background-meta":{"desktop":{"background-color":"var(--ast-global-color-4)","background-image":"","background-repeat":"repeat","background-position":"center center","background-size":"auto","background-attachment":"scroll","background-type":"","background-media":"","overlay-type":"","overlay-color":"","overlay-opacity":"","overlay-gradient":""},"tablet":{"background-color":"var(--ast-global-color-4)","background-image":"","background-repeat":"repeat","background-position":"center center","background-size":"auto","background-attachment":"scroll","background-type":"","background-media":"","overlay-type":"","overlay-color":"","overlay-opacity":"","overlay-gradient":""},"mobile":{"background-color":"var(--ast-global-color-4)","background-image":"","background-repeat":"repeat","background-position":"center center","background-size":"auto","background-attachment":"scroll","background-type":"","background-media":"","overlay-type":"","overlay-color":"","overlay-opacity":"","overlay-gradient":""}},"footnotes":""},"categories":[541,521,585],"tags":[711,705,712],"class_list":["post-8320","post","type-post","status-publish","format-standard","has-post-thumbnail","hentry","category-informacion","category-junta-directiva","category-notas-de-prensa","tag-asamblea-general-febrero-2026","tag-elecciones-apymeco-2026","tag-juna-directiva-2026"],"yoast_head":"<!-- This site is optimized with the Yoast SEO Premium plugin v27.7 (Yoast SEO v27.8) - https:\/\/yoast.com\/product\/yoast-seo-premium-wordpress\/ -->\n<title>CELEBRADA LA ASAMBLEA GENERAL - REELECCION JORGE ALMARCHA PRESIDENTE DE APYMECO - APYMECO Torrevieja<\/title>\n<meta name=\"robots\" content=\"index, follow, max-snippet:-1, max-image-preview:large, max-video-preview:-1\" \/>\n<link rel=\"canonical\" href=\"https:\/\/apymeco.netrotec.com\/es\/celebrada-la-asamblea-general-reeleccion-jorge-almarcha-presidente-de-apymeco\/\" \/>\n<meta property=\"og:locale\" content=\"es_ES\" \/>\n<meta property=\"og:type\" content=\"article\" \/>\n<meta property=\"og:title\" content=\"CELEBRADA LA ASAMBLEA GENERAL - REELECCION JORGE ALMARCHA PRESIDENTE DE APYMECO\" \/>\n<meta property=\"og:description\" content=\"El pasado viernes tuvo lugar la Asamblea General de Socios en la sede de la Asociaci\u00f3n de Peque\u00f1os y Medianos [&hellip;]\" \/>\n<meta property=\"og:url\" content=\"https:\/\/apymeco.netrotec.com\/es\/celebrada-la-asamblea-general-reeleccion-jorge-almarcha-presidente-de-apymeco\/\" \/>\n<meta property=\"og:site_name\" content=\"APYMECO Torrevieja\" \/>\n<meta property=\"article:published_time\" content=\"2026-02-14T21:59:06+00:00\" \/>\n<meta property=\"og:image\" content=\"https:\/\/apymeco.netrotec.com\/wp-content\/uploads\/2026\/02\/JUNTA-DIRECTIVA-2026.jpeg\" \/>\n\t<meta property=\"og:image:width\" content=\"1426\" \/>\n\t<meta property=\"og:image:height\" content=\"792\" \/>\n\t<meta property=\"og:image:type\" content=\"image\/jpeg\" \/>\n<meta name=\"author\" content=\"Apymeco\" \/>\n<meta name=\"twitter:card\" content=\"summary_large_image\" \/>\n<meta name=\"twitter:label1\" content=\"Escrito por\" \/>\n\t<meta name=\"twitter:data1\" content=\"Apymeco\" \/>\n\t<meta name=\"twitter:label2\" content=\"Tiempo de lectura\" \/>\n\t<meta name=\"twitter:data2\" content=\"4 minutos\" \/>\n<script type=\"application\/ld+json\" class=\"yoast-schema-graph\">{\"@context\":\"https:\\\/\\\/schema.org\",\"@graph\":[{\"@type\":\"Article\",\"@id\":\"https:\\\/\\\/apymeco.netrotec.com\\\/celebrada-la-asamblea-general-reeleccion-jorge-almarcha-presidente-de-apymeco\\\/#article\",\"isPartOf\":{\"@id\":\"https:\\\/\\\/apymeco.netrotec.com\\\/celebrada-la-asamblea-general-reeleccion-jorge-almarcha-presidente-de-apymeco\\\/\"},\"author\":{\"name\":\"Apymeco\",\"@id\":\"https:\\\/\\\/apymeco.netrotec.com\\\/#\\\/schema\\\/person\\\/58f3bb0f5e04e2b6067d17d05470d2dd\"},\"headline\":\"CELEBRADA LA ASAMBLEA GENERAL &#8211; REELECCION JORGE ALMARCHA PRESIDENTE DE APYMECO\",\"datePublished\":\"2026-02-14T21:59:06+00:00\",\"mainEntityOfPage\":{\"@id\":\"https:\\\/\\\/apymeco.netrotec.com\\\/celebrada-la-asamblea-general-reeleccion-jorge-almarcha-presidente-de-apymeco\\\/\"},\"wordCount\":645,\"commentCount\":0,\"publisher\":{\"@id\":\"https:\\\/\\\/apymeco.netrotec.com\\\/#organization\"},\"image\":{\"@id\":\"https:\\\/\\\/apymeco.netrotec.com\\\/celebrada-la-asamblea-general-reeleccion-jorge-almarcha-presidente-de-apymeco\\\/#primaryimage\"},\"thumbnailUrl\":\"https:\\\/\\\/apymeco.netrotec.com\\\/wp-content\\\/uploads\\\/2026\\\/02\\\/JUNTA-DIRECTIVA-2026.jpeg\",\"keywords\":[\"ASAMBLEA GENERAL FEBRERO 2026\",\"elecciones apymeco 2026\",\"JUNA DIRECTIVA 2026\"],\"articleSection\":[\"Informaci\u00f3n\",\"Junta directiva\",\"Notas de Prensa\"],\"inLanguage\":\"es\",\"potentialAction\":[{\"@type\":\"CommentAction\",\"name\":\"Comment\",\"target\":[\"https:\\\/\\\/apymeco.netrotec.com\\\/celebrada-la-asamblea-general-reeleccion-jorge-almarcha-presidente-de-apymeco\\\/#respond\"]}]},{\"@type\":\"WebPage\",\"@id\":\"https:\\\/\\\/apymeco.netrotec.com\\\/celebrada-la-asamblea-general-reeleccion-jorge-almarcha-presidente-de-apymeco\\\/\",\"url\":\"https:\\\/\\\/apymeco.netrotec.com\\\/celebrada-la-asamblea-general-reeleccion-jorge-almarcha-presidente-de-apymeco\\\/\",\"name\":\"CELEBRADA LA ASAMBLEA GENERAL - REELECCION JORGE ALMARCHA PRESIDENTE DE APYMECO - APYMECO Torrevieja\",\"isPartOf\":{\"@id\":\"https:\\\/\\\/apymeco.netrotec.com\\\/#website\"},\"primaryImageOfPage\":{\"@id\":\"https:\\\/\\\/apymeco.netrotec.com\\\/celebrada-la-asamblea-general-reeleccion-jorge-almarcha-presidente-de-apymeco\\\/#primaryimage\"},\"image\":{\"@id\":\"https:\\\/\\\/apymeco.netrotec.com\\\/celebrada-la-asamblea-general-reeleccion-jorge-almarcha-presidente-de-apymeco\\\/#primaryimage\"},\"thumbnailUrl\":\"https:\\\/\\\/apymeco.netrotec.com\\\/wp-content\\\/uploads\\\/2026\\\/02\\\/JUNTA-DIRECTIVA-2026.jpeg\",\"datePublished\":\"2026-02-14T21:59:06+00:00\",\"breadcrumb\":{\"@id\":\"https:\\\/\\\/apymeco.netrotec.com\\\/celebrada-la-asamblea-general-reeleccion-jorge-almarcha-presidente-de-apymeco\\\/#breadcrumb\"},\"inLanguage\":\"es\",\"potentialAction\":[{\"@type\":\"ReadAction\",\"target\":[\"https:\\\/\\\/apymeco.netrotec.com\\\/celebrada-la-asamblea-general-reeleccion-jorge-almarcha-presidente-de-apymeco\\\/\"]}]},{\"@type\":\"ImageObject\",\"inLanguage\":\"es\",\"@id\":\"https:\\\/\\\/apymeco.netrotec.com\\\/celebrada-la-asamblea-general-reeleccion-jorge-almarcha-presidente-de-apymeco\\\/#primaryimage\",\"url\":\"https:\\\/\\\/apymeco.netrotec.com\\\/wp-content\\\/uploads\\\/2026\\\/02\\\/JUNTA-DIRECTIVA-2026.jpeg\",\"contentUrl\":\"https:\\\/\\\/apymeco.netrotec.com\\\/wp-content\\\/uploads\\\/2026\\\/02\\\/JUNTA-DIRECTIVA-2026.jpeg\",\"width\":1426,\"height\":792},{\"@type\":\"BreadcrumbList\",\"@id\":\"https:\\\/\\\/apymeco.netrotec.com\\\/celebrada-la-asamblea-general-reeleccion-jorge-almarcha-presidente-de-apymeco\\\/#breadcrumb\",\"itemListElement\":[{\"@type\":\"ListItem\",\"position\":1,\"name\":\"Portada\",\"item\":\"https:\\\/\\\/apymeco.netrotec.com\\\/\"},{\"@type\":\"ListItem\",\"position\":2,\"name\":\"CELEBRADA LA ASAMBLEA GENERAL &#8211; REELECCION JORGE ALMARCHA PRESIDENTE DE APYMECO\"}]},{\"@type\":\"WebSite\",\"@id\":\"https:\\\/\\\/apymeco.netrotec.com\\\/#website\",\"url\":\"https:\\\/\\\/apymeco.netrotec.com\\\/\",\"name\":\"APYMECO Torrevieja\",\"description\":\"\",\"publisher\":{\"@id\":\"https:\\\/\\\/apymeco.netrotec.com\\\/#organization\"},\"potentialAction\":[{\"@type\":\"SearchAction\",\"target\":{\"@type\":\"EntryPoint\",\"urlTemplate\":\"https:\\\/\\\/apymeco.netrotec.com\\\/?s={search_term_string}\"},\"query-input\":{\"@type\":\"PropertyValueSpecification\",\"valueRequired\":true,\"valueName\":\"search_term_string\"}}],\"inLanguage\":\"es\"},{\"@type\":\"Organization\",\"@id\":\"https:\\\/\\\/apymeco.netrotec.com\\\/#organization\",\"name\":\"APYMECO Torrevieja\",\"url\":\"https:\\\/\\\/apymeco.netrotec.com\\\/\",\"logo\":{\"@type\":\"ImageObject\",\"inLanguage\":\"es\",\"@id\":\"https:\\\/\\\/apymeco.netrotec.com\\\/#\\\/schema\\\/logo\\\/image\\\/\",\"url\":\"https:\\\/\\\/apymeco.netrotec.com\\\/wp-content\\\/uploads\\\/2026\\\/06\\\/logo-blanco.png\",\"contentUrl\":\"https:\\\/\\\/apymeco.netrotec.com\\\/wp-content\\\/uploads\\\/2026\\\/06\\\/logo-blanco.png\",\"width\":1107,\"height\":444,\"caption\":\"APYMECO Torrevieja\"},\"image\":{\"@id\":\"https:\\\/\\\/apymeco.netrotec.com\\\/#\\\/schema\\\/logo\\\/image\\\/\"}},{\"@type\":\"Person\",\"@id\":\"https:\\\/\\\/apymeco.netrotec.com\\\/#\\\/schema\\\/person\\\/58f3bb0f5e04e2b6067d17d05470d2dd\",\"name\":\"Apymeco\",\"url\":\"https:\\\/\\\/apymeco.netrotec.com\\\/es\\\/author\\\/apymeco\\\/\"}]}<\/script>\n<!-- \/ Yoast SEO Premium plugin. -->","yoast_head_json":{"title":"CELEBRADA LA ASAMBLEA GENERAL - REELECCION JORGE ALMARCHA PRESIDENTE DE APYMECO - APYMECO Torrevieja","robots":{"index":"index","follow":"follow","max-snippet":"max-snippet:-1","max-image-preview":"max-image-preview:large","max-video-preview":"max-video-preview:-1"},"canonical":"https:\/\/apymeco.netrotec.com\/es\/celebrada-la-asamblea-general-reeleccion-jorge-almarcha-presidente-de-apymeco\/","og_locale":"es_ES","og_type":"article","og_title":"CELEBRADA LA ASAMBLEA GENERAL - REELECCION JORGE ALMARCHA PRESIDENTE DE APYMECO","og_description":"El pasado viernes tuvo lugar la Asamblea General de Socios en la sede de la Asociaci\u00f3n de Peque\u00f1os y Medianos [&hellip;]","og_url":"https:\/\/apymeco.netrotec.com\/es\/celebrada-la-asamblea-general-reeleccion-jorge-almarcha-presidente-de-apymeco\/","og_site_name":"APYMECO Torrevieja","article_published_time":"2026-02-14T21:59:06+00:00","og_image":[{"width":1426,"height":792,"url":"https:\/\/apymeco.netrotec.com\/wp-content\/uploads\/2026\/02\/JUNTA-DIRECTIVA-2026.jpeg","type":"image\/jpeg"}],"author":"Apymeco","twitter_card":"summary_large_image","twitter_misc":{"Escrito por":"Apymeco","Tiempo de lectura":"4 minutos"},"schema":{"@context":"https:\/\/schema.org","@graph":[{"@type":"Article","@id":"https:\/\/apymeco.netrotec.com\/celebrada-la-asamblea-general-reeleccion-jorge-almarcha-presidente-de-apymeco\/#article","isPartOf":{"@id":"https:\/\/apymeco.netrotec.com\/celebrada-la-asamblea-general-reeleccion-jorge-almarcha-presidente-de-apymeco\/"},"author":{"name":"Apymeco","@id":"https:\/\/apymeco.netrotec.com\/#\/schema\/person\/58f3bb0f5e04e2b6067d17d05470d2dd"},"headline":"CELEBRADA LA ASAMBLEA GENERAL &#8211; REELECCION JORGE ALMARCHA PRESIDENTE DE APYMECO","datePublished":"2026-02-14T21:59:06+00:00","mainEntityOfPage":{"@id":"https:\/\/apymeco.netrotec.com\/celebrada-la-asamblea-general-reeleccion-jorge-almarcha-presidente-de-apymeco\/"},"wordCount":645,"commentCount":0,"publisher":{"@id":"https:\/\/apymeco.netrotec.com\/#organization"},"image":{"@id":"https:\/\/apymeco.netrotec.com\/celebrada-la-asamblea-general-reeleccion-jorge-almarcha-presidente-de-apymeco\/#primaryimage"},"thumbnailUrl":"https:\/\/apymeco.netrotec.com\/wp-content\/uploads\/2026\/02\/JUNTA-DIRECTIVA-2026.jpeg","keywords":["ASAMBLEA GENERAL FEBRERO 2026","elecciones apymeco 2026","JUNA DIRECTIVA 2026"],"articleSection":["Informaci\u00f3n","Junta directiva","Notas de Prensa"],"inLanguage":"es","potentialAction":[{"@type":"CommentAction","name":"Comment","target":["https:\/\/apymeco.netrotec.com\/celebrada-la-asamblea-general-reeleccion-jorge-almarcha-presidente-de-apymeco\/#respond"]}]},{"@type":"WebPage","@id":"https:\/\/apymeco.netrotec.com\/celebrada-la-asamblea-general-reeleccion-jorge-almarcha-presidente-de-apymeco\/","url":"https:\/\/apymeco.netrotec.com\/celebrada-la-asamblea-general-reeleccion-jorge-almarcha-presidente-de-apymeco\/","name":"CELEBRADA LA ASAMBLEA GENERAL - REELECCION JORGE ALMARCHA PRESIDENTE DE APYMECO - APYMECO Torrevieja","isPartOf":{"@id":"https:\/\/apymeco.netrotec.com\/#website"},"primaryImageOfPage":{"@id":"https:\/\/apymeco.netrotec.com\/celebrada-la-asamblea-general-reeleccion-jorge-almarcha-presidente-de-apymeco\/#primaryimage"},"image":{"@id":"https:\/\/apymeco.netrotec.com\/celebrada-la-asamblea-general-reeleccion-jorge-almarcha-presidente-de-apymeco\/#primaryimage"},"thumbnailUrl":"https:\/\/apymeco.netrotec.com\/wp-content\/uploads\/2026\/02\/JUNTA-DIRECTIVA-2026.jpeg","datePublished":"2026-02-14T21:59:06+00:00","breadcrumb":{"@id":"https:\/\/apymeco.netrotec.com\/celebrada-la-asamblea-general-reeleccion-jorge-almarcha-presidente-de-apymeco\/#breadcrumb"},"inLanguage":"es","potentialAction":[{"@type":"ReadAction","target":["https:\/\/apymeco.netrotec.com\/celebrada-la-asamblea-general-reeleccion-jorge-almarcha-presidente-de-apymeco\/"]}]},{"@type":"ImageObject","inLanguage":"es","@id":"https:\/\/apymeco.netrotec.com\/celebrada-la-asamblea-general-reeleccion-jorge-almarcha-presidente-de-apymeco\/#primaryimage","url":"https:\/\/apymeco.netrotec.com\/wp-content\/uploads\/2026\/02\/JUNTA-DIRECTIVA-2026.jpeg","contentUrl":"https:\/\/apymeco.netrotec.com\/wp-content\/uploads\/2026\/02\/JUNTA-DIRECTIVA-2026.jpeg","width":1426,"height":792},{"@type":"BreadcrumbList","@id":"https:\/\/apymeco.netrotec.com\/celebrada-la-asamblea-general-reeleccion-jorge-almarcha-presidente-de-apymeco\/#breadcrumb","itemListElement":[{"@type":"ListItem","position":1,"name":"Portada","item":"https:\/\/apymeco.netrotec.com\/"},{"@type":"ListItem","position":2,"name":"CELEBRADA LA ASAMBLEA GENERAL &#8211; REELECCION JORGE ALMARCHA PRESIDENTE DE APYMECO"}]},{"@type":"WebSite","@id":"https:\/\/apymeco.netrotec.com\/#website","url":"https:\/\/apymeco.netrotec.com\/","name":"APYMECO Torrevieja","description":"","publisher":{"@id":"https:\/\/apymeco.netrotec.com\/#organization"},"potentialAction":[{"@type":"SearchAction","target":{"@type":"EntryPoint","urlTemplate":"https:\/\/apymeco.netrotec.com\/?s={search_term_string}"},"query-input":{"@type":"PropertyValueSpecification","valueRequired":true,"valueName":"search_term_string"}}],"inLanguage":"es"},{"@type":"Organization","@id":"https:\/\/apymeco.netrotec.com\/#organization","name":"APYMECO Torrevieja","url":"https:\/\/apymeco.netrotec.com\/","logo":{"@type":"ImageObject","inLanguage":"es","@id":"https:\/\/apymeco.netrotec.com\/#\/schema\/logo\/image\/","url":"https:\/\/apymeco.netrotec.com\/wp-content\/uploads\/2026\/06\/logo-blanco.png","contentUrl":"https:\/\/apymeco.netrotec.com\/wp-content\/uploads\/2026\/06\/logo-blanco.png","width":1107,"height":444,"caption":"APYMECO Torrevieja"},"image":{"@id":"https:\/\/apymeco.netrotec.com\/#\/schema\/logo\/image\/"}},{"@type":"Person","@id":"https:\/\/apymeco.netrotec.com\/#\/schema\/person\/58f3bb0f5e04e2b6067d17d05470d2dd","name":"Apymeco","url":"https:\/\/apymeco.netrotec.com\/es\/author\/apymeco\/"}]}},"_links":{"self":[{"href":"https:\/\/apymeco.netrotec.com\/es\/wp-json\/wp\/v2\/posts\/8320","targetHints":{"allow":["GET"]}}],"collection":[{"href":"https:\/\/apymeco.netrotec.com\/es\/wp-json\/wp\/v2\/posts"}],"about":[{"href":"https:\/\/apymeco.netrotec.com\/es\/wp-json\/wp\/v2\/types\/post"}],"author":[{"embeddable":true,"href":"https:\/\/apymeco.netrotec.com\/es\/wp-json\/wp\/v2\/users\/2"}],"replies":[{"embeddable":true,"href":"https:\/\/apymeco.netrotec.com\/es\/wp-json\/wp\/v2\/comments?post=8320"}],"version-history":[{"count":0,"href":"https:\/\/apymeco.netrotec.com\/es\/wp-json\/wp\/v2\/posts\/8320\/revisions"}],"wp:featuredmedia":[{"embeddable":true,"href":"https:\/\/apymeco.netrotec.com\/es\/wp-json\/wp\/v2\/media\/8321"}],"wp:attachment":[{"href":"https:\/\/apymeco.netrotec.com\/es\/wp-json\/wp\/v2\/media?parent=8320"}],"wp:term":[{"taxonomy":"category","embeddable":true,"href":"https:\/\/apymeco.netrotec.com\/es\/wp-json\/wp\/v2\/categories?post=8320"},{"taxonomy":"post_tag","embeddable":true,"href":"https:\/\/apymeco.netrotec.com\/es\/wp-json\/wp\/v2\/tags?post=8320"}],"curies":[{"name":"wp","href":"https:\/\/api.w.org\/{rel}","templated":true}]}}